{"id":3413,"date":"2024-04-04T13:50:56","date_gmt":"2024-04-04T12:50:56","guid":{"rendered":"https:\/\/www.smedemokrati.sk\/?p=3413"},"modified":"2024-04-16T13:15:28","modified_gmt":"2024-04-16T12:15:28","slug":"juraj-seliga-odmietam-hrube-zastrasovanie-sudcov-pan-fico-prestante","status":"publish","type":"post","link":"https:\/\/www.smedemokrati.sk\/cs\/juraj-seliga-odmietam-hrube-zastrasovanie-sudcov-pan-fico-prestante\/","title":{"rendered":"Juraj \u0160eliga: Odmietam hrub\u00e9 zastra\u0161ovanie sudcov, p\u00e1n Fico presta\u0148te!"},"content":{"rendered":"<div id=\"fb-root\"><\/div>\n\n<p><strong>Robert Fico a&nbsp;ob\u017ealovan\u00fd Tibor Ga\u0161par hrubo za\u00fato\u010dili na nez\u00e1visl\u00fdch sudcov Najvy\u0161\u0161ieho s\u00fadu Slovenskej republiky. Pod\u013ea experta na spravodlivos\u0165 Juraja \u0160eligu je nepr\u00edpustn\u00e9, aby vl\u00e1dna moc a&nbsp;predseda vl\u00e1dy v&nbsp;spolo\u010dnosti ob\u017ealovan\u00fdch a&nbsp;obvinen\u00fdch os\u00f4b na Ministerstve spravodlivosti zastra\u0161ovali a&nbsp;vyhr\u00e1\u017eali sa sudcom, ktor\u00ed s\u00fadia pr\u00edpady z\u00e1v\u00e1\u017enej trestnej \u010dinnosti.&nbsp;<\/strong><\/p>\n\n\n\n<p>Pod\u013ea podpredsedu Demokratov Juraja \u0160eligu je evidentn\u00e9, \u017ee Robert Fico si vybral najm\u00e4 sudcu Klimenta, aby vyslal odkaz v\u0161etk\u00fdm sudcom a\u00a0zastra\u0161il ich.\u00a0<em><em><em>\u201e<\/em><\/em>Fico im chce uk\u00e1za\u0165, \u017ee ak bud\u00fa s\u00fadi\u0165 jeho ob\u017ealovan\u00fdch priate\u013eov a\u00a0chr\u00e1nencov, tak bud\u00fa ter\u010dom \u00fatoku. Je to podobn\u00fd scen\u00e1r ako pri \u00darade \u0161peci\u00e1lnej prokurat\u00fary \u2013 zastra\u0161i\u0165, zni\u010di\u0165 a\u00a0na konci d\u0148a doslova rozpr\u00e1\u0161i\u0165 nez\u00e1visl\u00fdch sudcov,&#8220;<\/em>\u00a0hovor\u00ed \u0160eliga.<\/p>\n\n\n\n<p>Dod\u00e1va, \u017ee je pr\u00edzna\u010dn\u00e9, \u017ee Fica zauj\u00edmaj\u00fa iba pr\u00edpady, ktor\u00e9 sa t\u00fdkaj\u00fa jeho zn\u00e1mych a\u00a0bl\u00edzkych:\u00a0<em><em><em>\u201e<\/em><\/em>Ni\u010d in\u00e9 ho nezauj\u00edma, len beztrestnos\u0165 jeho priate\u013eov, nominantov a oligarchov. \u017dia\u013e je ochotn\u00fd prekro\u010di\u0165 v\u0161etky \u010diary, len aby zlikvidoval nez\u00e1visl\u00fdch sudcov.<\/em> <em>Chcem v\u0161ak poveda\u0165 ve\u013emi jasne \u2013 P\u00e1n Fico presta\u0148te! \u0160tvete, doslova \u0161tvete \u013eud\u00ed proti sudcom a\u00a0prokur\u00e1torom. \u010co urob\u00edte, ak sa nie\u010do niekomu nedajbo\u017ee stane. Vtedy v\u00e1m zostan\u00fa len o\u010di pre pla\u010d. Zasahujete do nez\u00e1vislej s\u00fadnej moci, je to nepr\u00edpustn\u00e9!&#8220;<\/em>\u00a0\u0160eliga dod\u00e1va, \u017ee sudcovia maj\u00fa \u00fastavne garantovan\u00fa nez\u00e1vislos\u0165 a\u00a0s\u00fa chr\u00e1nen\u00ed pred z\u00e1sahom zo strany vl\u00e1dy alebo parlamentu. Kroky Roberta Fica s\u00fa teda v\u00a0rozpore s\u00a0\u00fastavou, v\u00a0rozpore s\u00a0pr\u00e1vom E\u00da a\u00a0rovnako v\u00a0rozpore s\u00a0medzin\u00e1rodn\u00fdmi dohovormi, ktor\u00fdmi je Slovensk\u00e1 republika viazan\u00e1.<\/p>\n\n\n\n<p><em><em><em>\u201e<\/em><\/em>Ver\u00edm, \u017ee teraz sudcovia, predseda Najvy\u0161\u0161ieho s\u00fadu a\u00a0najm\u00e4 S\u00fadna rada Slovenskej republiky nebud\u00fa ml\u010da\u0165. O\u010dak\u00e1vam jasn\u00e9 odmietnutie \u00fatokov na sudcov, ktor\u00ed si vykon\u00e1vaj\u00fa svoju pr\u00e1cu. Ak teraz bud\u00fa ml\u010da\u0165 k\u013e\u00fa\u010dov\u00e9 in\u0161tit\u00facie v\u00a0just\u00edcii, bud\u00fa spoluzodpovedn\u00e9 za jej rozvrat a\u00a0ohrozenie jej nez\u00e1vislosti. Ak m\u00e1 p\u00e1n Fico podozrenia, nech pod\u00e1 trestn\u00e9 ozn\u00e1menie, ale nie zastra\u0161ova\u0165 a\u00a0zasahova\u0165 do nez\u00e1vislej s\u00fadnej moci. Doteraz v\u0161ak zlo\u010dineck\u00e1 skupina, ktor\u00e1 stoj\u00ed pred s\u00fadom nie je t\u00e1, o\u00a0ktorej hovor\u00ed Robert Fico ale t\u00e1 okolo Tibora Ga\u0161para, Norberta B\u00f6dora, zhodou okolnost\u00ed priate\u013eov a\u00a0nominantov Roberta Fica.&#8220;\u00a0<\/em>\u0160eliga uzatv\u00e1ra, \u017ee je zauj\u00edmav\u00e9, \u017ee Robert Fico nekritizuje sudcu Klimenta, ke\u010f z\u00a0v\u00e4zby prepustil Kali\u0148\u00e1ka. Je pod\u013ea neho smutn\u00e9, \u017ee sa zrejme nikdy nedo\u010dk\u00e1me rozsudku v\u00a0kauz\u00e1ch Fica, Kali\u0148\u00e1ka a\u00a0spol. ke\u010f\u017ee im na pomoc v\u017edy &#8222;pribehne&#8220; paragraf 363 a\u00a0\u017dilinka a\u00a0tieto pr\u00edpady sa nikdy nedostali pred nez\u00e1visl\u00fd s\u00fad.<\/p>\n","protected":false},"excerpt":{"rendered":"<p>Robert Fico a&nbsp;ob\u017ealovan\u00fd Tibor Ga\u0161par hrubo za\u00fato\u010dili na nez\u00e1visl\u00fdch sudcov Najvy\u0161\u0161ieho s\u00fadu Slovenskej republiky. Pod\u013ea experta na spravodlivos\u0165 Juraja \u0160eligu je nepr\u00edpustn\u00e9, aby vl\u00e1dna moc a&nbsp;predseda vl\u00e1dy v&nbsp;spolo\u010dnosti ob\u017ealovan\u00fdch a&nbsp;obvinen\u00fdch os\u00f4b na Ministerstve spravodlivosti zastra\u0161ovali a&nbsp;vyhr\u00e1\u017eali sa sudcom, ktor\u00ed s\u00fadia pr\u00edpady z\u00e1v\u00e1\u017enej trestnej \u010dinnosti.&nbsp; Pod\u013ea podpredsedu Demokratov Juraja \u0160eligu je evidentn\u00e9, \u017ee Robert Fico si [&hellip;]<\/p>\n","protected":false},"author":13,"featured_media":3414,"comment_status":"closed","ping_status":"closed","sticky":false,"template":"","format":"standard","meta":{"_acf_changed":false,"ngg_post_thumbnail":0,"footnotes":""},"categories":[4],"tags":[],"class_list":["post-3413","post","type-post","status-publish","format-standard","has-post-thumbnail","hentry","category-tlacove-spravy"],"acf":[],"yoast_head":"<!-- This site is optimized with the Yoast SEO plugin v27.2 - https:\/\/yoast.com\/product\/yoast-seo-wordpress\/ -->\n<title>Juraj \u0160eliga: Odmietam hrub\u00e9 zastra\u0161ovanie sudcov, p\u00e1n Fico presta\u0148te! - Smedemokrati.sk<\/title>\n<meta name=\"robots\" content=\"index, follow, max-snippet:-1, max-image-preview:large, max-video-preview:-1\" \/>\n<link rel=\"canonical\" href=\"https:\/\/www.smedemokrati.sk\/cs\/juraj-seliga-odmietam-hrube-zastrasovanie-sudcov-pan-fico-prestante\/\" \/>\n<meta property=\"og:locale\" content=\"cs_CZ\" \/>\n<meta property=\"og:locale:alternate\" content=\"en_US\" \/>\n<meta property=\"og:locale:alternate\" content=\"hu_HU\" \/>\n<meta property=\"og:locale:alternate\" content=\"sk_SK\" \/>\n<meta property=\"og:locale:alternate\" content=\"sv_SE\" \/>\n<meta property=\"og:type\" content=\"article\" \/>\n<meta property=\"og:title\" content=\"Juraj \u0160eliga: Odmietam hrub\u00e9 zastra\u0161ovanie sudcov, p\u00e1n Fico presta\u0148te! - Smedemokrati.sk\" \/>\n<meta property=\"og:description\" content=\"Robert Fico a&nbsp;ob\u017ealovan\u00fd Tibor Ga\u0161par hrubo za\u00fato\u010dili na nez\u00e1visl\u00fdch sudcov Najvy\u0161\u0161ieho s\u00fadu Slovenskej republiky. Pod\u013ea experta na spravodlivos\u0165 Juraja \u0160eligu je nepr\u00edpustn\u00e9, aby vl\u00e1dna moc a&nbsp;predseda vl\u00e1dy v&nbsp;spolo\u010dnosti ob\u017ealovan\u00fdch a&nbsp;obvinen\u00fdch os\u00f4b na Ministerstve spravodlivosti zastra\u0161ovali a&nbsp;vyhr\u00e1\u017eali sa sudcom, ktor\u00ed s\u00fadia pr\u00edpady z\u00e1v\u00e1\u017enej trestnej \u010dinnosti.&nbsp; Pod\u013ea podpredsedu Demokratov Juraja \u0160eligu je evidentn\u00e9, \u017ee Robert Fico si [&hellip;]\" \/>\n<meta property=\"og:url\" content=\"https:\/\/www.smedemokrati.sk\/cs\/juraj-seliga-odmietam-hrube-zastrasovanie-sudcov-pan-fico-prestante\/\" \/>\n<meta property=\"og:site_name\" content=\"Smedemokrati.sk\" \/>\n<meta property=\"article:publisher\" content=\"https:\/\/www.facebook.com\/smedemokrati2023\" \/>\n<meta property=\"article:published_time\" content=\"2024-04-04T12:50:56+00:00\" \/>\n<meta property=\"article:modified_time\" content=\"2024-04-16T12:15:28+00:00\" \/>\n<meta property=\"og:image\" content=\"https:\/\/www.smedemokrati.sk\/wp-content\/uploads\/2024\/04\/Seliga-vyzva.jpg\" \/>\n\t<meta property=\"og:image:width\" content=\"1104\" \/>\n\t<meta property=\"og:image:height\" content=\"737\" \/>\n\t<meta property=\"og:image:type\" content=\"image\/jpeg\" \/>\n<meta name=\"author\" content=\"miro.sopko\" \/>\n<meta name=\"twitter:card\" content=\"summary_large_image\" \/>\n<meta name=\"twitter:label1\" content=\"Napsal(a)\" \/>\n\t<meta name=\"twitter:data1\" content=\"miro.sopko\" \/>\n\t<meta name=\"twitter:label2\" content=\"Odhadovan\u00e1 doba \u010dten\u00ed\" \/>\n\t<meta name=\"twitter:data2\" content=\"3 minuty\" \/>\n<script type=\"application\/ld+json\" class=\"yoast-schema-graph\">{\"@context\":\"https:\/\/schema.org\",\"@graph\":[{\"@type\":\"Article\",\"@id\":\"https:\/\/www.smedemokrati.sk\/juraj-seliga-odmietam-hrube-zastrasovanie-sudcov-pan-fico-prestante\/#article\",\"isPartOf\":{\"@id\":\"https:\/\/www.smedemokrati.sk\/juraj-seliga-odmietam-hrube-zastrasovanie-sudcov-pan-fico-prestante\/\"},\"author\":{\"name\":\"miro.sopko\",\"@id\":\"https:\/\/www.smedemokrati.sk\/#\/schema\/person\/21f147c88d605aa7ded900e1e7c344ba\"},\"headline\":\"Juraj \u0160eliga: Odmietam hrub\u00e9 zastra\u0161ovanie sudcov, p\u00e1n Fico presta\u0148te!\",\"datePublished\":\"2024-04-04T12:50:56+00:00\",\"dateModified\":\"2024-04-16T12:15:28+00:00\",\"mainEntityOfPage\":{\"@id\":\"https:\/\/www.smedemokrati.sk\/juraj-seliga-odmietam-hrube-zastrasovanie-sudcov-pan-fico-prestante\/\"},\"wordCount\":509,\"publisher\":{\"@id\":\"https:\/\/www.smedemokrati.sk\/#organization\"},\"image\":{\"@id\":\"https:\/\/www.smedemokrati.sk\/juraj-seliga-odmietam-hrube-zastrasovanie-sudcov-pan-fico-prestante\/#primaryimage\"},\"thumbnailUrl\":\"https:\/\/www.smedemokrati.sk\/wp-content\/uploads\/2024\/04\/Seliga-vyzva.jpg\",\"articleSection\":[\"Tla\u010dov\u00e9 spr\u00e1vy\"],\"inLanguage\":\"cs-CZ\"},{\"@type\":\"WebPage\",\"@id\":\"https:\/\/www.smedemokrati.sk\/juraj-seliga-odmietam-hrube-zastrasovanie-sudcov-pan-fico-prestante\/\",\"url\":\"https:\/\/www.smedemokrati.sk\/juraj-seliga-odmietam-hrube-zastrasovanie-sudcov-pan-fico-prestante\/\",\"name\":\"Juraj \u0160eliga: Odmietam hrub\u00e9 zastra\u0161ovanie sudcov, p\u00e1n Fico presta\u0148te! - Smedemokrati.sk\",\"isPartOf\":{\"@id\":\"https:\/\/www.smedemokrati.sk\/#website\"},\"primaryImageOfPage\":{\"@id\":\"https:\/\/www.smedemokrati.sk\/juraj-seliga-odmietam-hrube-zastrasovanie-sudcov-pan-fico-prestante\/#primaryimage\"},\"image\":{\"@id\":\"https:\/\/www.smedemokrati.sk\/juraj-seliga-odmietam-hrube-zastrasovanie-sudcov-pan-fico-prestante\/#primaryimage\"},\"thumbnailUrl\":\"https:\/\/www.smedemokrati.sk\/wp-content\/uploads\/2024\/04\/Seliga-vyzva.jpg\",\"datePublished\":\"2024-04-04T12:50:56+00:00\",\"dateModified\":\"2024-04-16T12:15:28+00:00\",\"breadcrumb\":{\"@id\":\"https:\/\/www.smedemokrati.sk\/juraj-seliga-odmietam-hrube-zastrasovanie-sudcov-pan-fico-prestante\/#breadcrumb\"},\"inLanguage\":\"cs-CZ\",\"potentialAction\":[{\"@type\":\"ReadAction\",\"target\":[\"https:\/\/www.smedemokrati.sk\/juraj-seliga-odmietam-hrube-zastrasovanie-sudcov-pan-fico-prestante\/\"]}]},{\"@type\":\"ImageObject\",\"inLanguage\":\"cs-CZ\",\"@id\":\"https:\/\/www.smedemokrati.sk\/juraj-seliga-odmietam-hrube-zastrasovanie-sudcov-pan-fico-prestante\/#primaryimage\",\"url\":\"https:\/\/www.smedemokrati.sk\/wp-content\/uploads\/2024\/04\/Seliga-vyzva.jpg\",\"contentUrl\":\"https:\/\/www.smedemokrati.sk\/wp-content\/uploads\/2024\/04\/Seliga-vyzva.jpg\",\"width\":1104,\"height\":737},{\"@type\":\"BreadcrumbList\",\"@id\":\"https:\/\/www.smedemokrati.sk\/juraj-seliga-odmietam-hrube-zastrasovanie-sudcov-pan-fico-prestante\/#breadcrumb\",\"itemListElement\":[{\"@type\":\"ListItem\",\"position\":1,\"name\":\"Domovsk\u00e1 str\u00e1nka\",\"item\":\"https:\/\/www.smedemokrati.sk\/\"},{\"@type\":\"ListItem\",\"position\":2,\"name\":\"Juraj \u0160eliga: Odmietam hrub\u00e9 zastra\u0161ovanie sudcov, p\u00e1n Fico presta\u0148te!\"}]},{\"@type\":\"WebSite\",\"@id\":\"https:\/\/www.smedemokrati.sk\/#website\",\"url\":\"https:\/\/www.smedemokrati.sk\/\",\"name\":\"Smedemokrati.sk\",\"description\":\"Demokracia a slu\u0161nos\u0165 zv\u00ed\u0165az\u00ed\",\"publisher\":{\"@id\":\"https:\/\/www.smedemokrati.sk\/#organization\"},\"potentialAction\":[{\"@type\":\"SearchAction\",\"target\":{\"@type\":\"EntryPoint\",\"urlTemplate\":\"https:\/\/www.smedemokrati.sk\/?s={search_term_string}\"},\"query-input\":{\"@type\":\"PropertyValueSpecification\",\"valueRequired\":true,\"valueName\":\"search_term_string\"}}],\"inLanguage\":\"cs-CZ\"},{\"@type\":\"Organization\",\"@id\":\"https:\/\/www.smedemokrati.sk\/#organization\",\"name\":\"Smedemokrati.sk\",\"url\":\"https:\/\/www.smedemokrati.sk\/\",\"logo\":{\"@type\":\"ImageObject\",\"inLanguage\":\"cs-CZ\",\"@id\":\"https:\/\/www.smedemokrati.sk\/#\/schema\/logo\/image\/\",\"url\":\"https:\/\/www.smedemokrati.sk\/wp-content\/uploads\/2023\/04\/ff.002.jpeg\",\"contentUrl\":\"https:\/\/www.smedemokrati.sk\/wp-content\/uploads\/2023\/04\/ff.002.jpeg\",\"width\":640,\"height\":480,\"caption\":\"Smedemokrati.sk\"},\"image\":{\"@id\":\"https:\/\/www.smedemokrati.sk\/#\/schema\/logo\/image\/\"},\"sameAs\":[\"https:\/\/www.facebook.com\/smedemokrati2023\"]},{\"@type\":\"Person\",\"@id\":\"https:\/\/www.smedemokrati.sk\/#\/schema\/person\/21f147c88d605aa7ded900e1e7c344ba\",\"name\":\"miro.sopko\",\"image\":{\"@type\":\"ImageObject\",\"inLanguage\":\"cs-CZ\",\"@id\":\"https:\/\/secure.gravatar.com\/avatar\/267e4a36f704376c109afe3a78740c1f5dd8675a2180a908699e7863c9247606?s=96&d=mm&r=g\",\"url\":\"https:\/\/secure.gravatar.com\/avatar\/267e4a36f704376c109afe3a78740c1f5dd8675a2180a908699e7863c9247606?s=96&d=mm&r=g\",\"contentUrl\":\"https:\/\/secure.gravatar.com\/avatar\/267e4a36f704376c109afe3a78740c1f5dd8675a2180a908699e7863c9247606?s=96&d=mm&r=g\",\"caption\":\"miro.sopko\"},\"url\":\"https:\/\/www.smedemokrati.sk\/cs\/author\/miro-sopko\/\"}]}<\/script>\n<!-- \/ Yoast SEO plugin. -->","yoast_head_json":{"title":"Juraj \u0160eliga: Odmietam hrub\u00e9 zastra\u0161ovanie sudcov, p\u00e1n Fico presta\u0148te! - Smedemokrati.sk","robots":{"index":"index","follow":"follow","max-snippet":"max-snippet:-1","max-image-preview":"max-image-preview:large","max-video-preview":"max-video-preview:-1"},"canonical":"https:\/\/www.smedemokrati.sk\/cs\/juraj-seliga-odmietam-hrube-zastrasovanie-sudcov-pan-fico-prestante\/","og_locale":"cs_CZ","og_type":"article","og_title":"Juraj \u0160eliga: Odmietam hrub\u00e9 zastra\u0161ovanie sudcov, p\u00e1n Fico presta\u0148te! - Smedemokrati.sk","og_description":"Robert Fico a&nbsp;ob\u017ealovan\u00fd Tibor Ga\u0161par hrubo za\u00fato\u010dili na nez\u00e1visl\u00fdch sudcov Najvy\u0161\u0161ieho s\u00fadu Slovenskej republiky. Pod\u013ea experta na spravodlivos\u0165 Juraja \u0160eligu je nepr\u00edpustn\u00e9, aby vl\u00e1dna moc a&nbsp;predseda vl\u00e1dy v&nbsp;spolo\u010dnosti ob\u017ealovan\u00fdch a&nbsp;obvinen\u00fdch os\u00f4b na Ministerstve spravodlivosti zastra\u0161ovali a&nbsp;vyhr\u00e1\u017eali sa sudcom, ktor\u00ed s\u00fadia pr\u00edpady z\u00e1v\u00e1\u017enej trestnej \u010dinnosti.&nbsp; Pod\u013ea podpredsedu Demokratov Juraja \u0160eligu je evidentn\u00e9, \u017ee Robert Fico si [&hellip;]","og_url":"https:\/\/www.smedemokrati.sk\/cs\/juraj-seliga-odmietam-hrube-zastrasovanie-sudcov-pan-fico-prestante\/","og_site_name":"Smedemokrati.sk","article_publisher":"https:\/\/www.facebook.com\/smedemokrati2023","article_published_time":"2024-04-04T12:50:56+00:00","article_modified_time":"2024-04-16T12:15:28+00:00","og_image":[{"width":1104,"height":737,"url":"https:\/\/www.smedemokrati.sk\/wp-content\/uploads\/2024\/04\/Seliga-vyzva.jpg","type":"image\/jpeg"}],"author":"miro.sopko","twitter_card":"summary_large_image","twitter_misc":{"Napsal(a)":"miro.sopko","Odhadovan\u00e1 doba \u010dten\u00ed":"3 minuty"},"schema":{"@context":"https:\/\/schema.org","@graph":[{"@type":"Article","@id":"https:\/\/www.smedemokrati.sk\/juraj-seliga-odmietam-hrube-zastrasovanie-sudcov-pan-fico-prestante\/#article","isPartOf":{"@id":"https:\/\/www.smedemokrati.sk\/juraj-seliga-odmietam-hrube-zastrasovanie-sudcov-pan-fico-prestante\/"},"author":{"name":"miro.sopko","@id":"https:\/\/www.smedemokrati.sk\/#\/schema\/person\/21f147c88d605aa7ded900e1e7c344ba"},"headline":"Juraj \u0160eliga: Odmietam hrub\u00e9 zastra\u0161ovanie sudcov, p\u00e1n Fico presta\u0148te!","datePublished":"2024-04-04T12:50:56+00:00","dateModified":"2024-04-16T12:15:28+00:00","mainEntityOfPage":{"@id":"https:\/\/www.smedemokrati.sk\/juraj-seliga-odmietam-hrube-zastrasovanie-sudcov-pan-fico-prestante\/"},"wordCount":509,"publisher":{"@id":"https:\/\/www.smedemokrati.sk\/#organization"},"image":{"@id":"https:\/\/www.smedemokrati.sk\/juraj-seliga-odmietam-hrube-zastrasovanie-sudcov-pan-fico-prestante\/#primaryimage"},"thumbnailUrl":"https:\/\/www.smedemokrati.sk\/wp-content\/uploads\/2024\/04\/Seliga-vyzva.jpg","articleSection":["Tla\u010dov\u00e9 spr\u00e1vy"],"inLanguage":"cs-CZ"},{"@type":"WebPage","@id":"https:\/\/www.smedemokrati.sk\/juraj-seliga-odmietam-hrube-zastrasovanie-sudcov-pan-fico-prestante\/","url":"https:\/\/www.smedemokrati.sk\/juraj-seliga-odmietam-hrube-zastrasovanie-sudcov-pan-fico-prestante\/","name":"Juraj \u0160eliga: Odmietam hrub\u00e9 zastra\u0161ovanie sudcov, p\u00e1n Fico presta\u0148te! - Smedemokrati.sk","isPartOf":{"@id":"https:\/\/www.smedemokrati.sk\/#website"},"primaryImageOfPage":{"@id":"https:\/\/www.smedemokrati.sk\/juraj-seliga-odmietam-hrube-zastrasovanie-sudcov-pan-fico-prestante\/#primaryimage"},"image":{"@id":"https:\/\/www.smedemokrati.sk\/juraj-seliga-odmietam-hrube-zastrasovanie-sudcov-pan-fico-prestante\/#primaryimage"},"thumbnailUrl":"https:\/\/www.smedemokrati.sk\/wp-content\/uploads\/2024\/04\/Seliga-vyzva.jpg","datePublished":"2024-04-04T12:50:56+00:00","dateModified":"2024-04-16T12:15:28+00:00","breadcrumb":{"@id":"https:\/\/www.smedemokrati.sk\/juraj-seliga-odmietam-hrube-zastrasovanie-sudcov-pan-fico-prestante\/#breadcrumb"},"inLanguage":"cs-CZ","potentialAction":[{"@type":"ReadAction","target":["https:\/\/www.smedemokrati.sk\/juraj-seliga-odmietam-hrube-zastrasovanie-sudcov-pan-fico-prestante\/"]}]},{"@type":"ImageObject","inLanguage":"cs-CZ","@id":"https:\/\/www.smedemokrati.sk\/juraj-seliga-odmietam-hrube-zastrasovanie-sudcov-pan-fico-prestante\/#primaryimage","url":"https:\/\/www.smedemokrati.sk\/wp-content\/uploads\/2024\/04\/Seliga-vyzva.jpg","contentUrl":"https:\/\/www.smedemokrati.sk\/wp-content\/uploads\/2024\/04\/Seliga-vyzva.jpg","width":1104,"height":737},{"@type":"BreadcrumbList","@id":"https:\/\/www.smedemokrati.sk\/juraj-seliga-odmietam-hrube-zastrasovanie-sudcov-pan-fico-prestante\/#breadcrumb","itemListElement":[{"@type":"ListItem","position":1,"name":"Domovsk\u00e1 str\u00e1nka","item":"https:\/\/www.smedemokrati.sk\/"},{"@type":"ListItem","position":2,"name":"Juraj \u0160eliga: Odmietam hrub\u00e9 zastra\u0161ovanie sudcov, p\u00e1n Fico presta\u0148te!"}]},{"@type":"WebSite","@id":"https:\/\/www.smedemokrati.sk\/#website","url":"https:\/\/www.smedemokrati.sk\/","name":"Smedemokrati.sk","description":"Demokracia a slu\u0161nos\u0165 zv\u00ed\u0165az\u00ed","publisher":{"@id":"https:\/\/www.smedemokrati.sk\/#organization"},"potentialAction":[{"@type":"SearchAction","target":{"@type":"EntryPoint","urlTemplate":"https:\/\/www.smedemokrati.sk\/?s={search_term_string}"},"query-input":{"@type":"PropertyValueSpecification","valueRequired":true,"valueName":"search_term_string"}}],"inLanguage":"cs-CZ"},{"@type":"Organization","@id":"https:\/\/www.smedemokrati.sk\/#organization","name":"Smedemokrati.sk","url":"https:\/\/www.smedemokrati.sk\/","logo":{"@type":"ImageObject","inLanguage":"cs-CZ","@id":"https:\/\/www.smedemokrati.sk\/#\/schema\/logo\/image\/","url":"https:\/\/www.smedemokrati.sk\/wp-content\/uploads\/2023\/04\/ff.002.jpeg","contentUrl":"https:\/\/www.smedemokrati.sk\/wp-content\/uploads\/2023\/04\/ff.002.jpeg","width":640,"height":480,"caption":"Smedemokrati.sk"},"image":{"@id":"https:\/\/www.smedemokrati.sk\/#\/schema\/logo\/image\/"},"sameAs":["https:\/\/www.facebook.com\/smedemokrati2023"]},{"@type":"Person","@id":"https:\/\/www.smedemokrati.sk\/#\/schema\/person\/21f147c88d605aa7ded900e1e7c344ba","name":"miro.sopko","image":{"@type":"ImageObject","inLanguage":"cs-CZ","@id":"https:\/\/secure.gravatar.com\/avatar\/267e4a36f704376c109afe3a78740c1f5dd8675a2180a908699e7863c9247606?s=96&d=mm&r=g","url":"https:\/\/secure.gravatar.com\/avatar\/267e4a36f704376c109afe3a78740c1f5dd8675a2180a908699e7863c9247606?s=96&d=mm&r=g","contentUrl":"https:\/\/secure.gravatar.com\/avatar\/267e4a36f704376c109afe3a78740c1f5dd8675a2180a908699e7863c9247606?s=96&d=mm&r=g","caption":"miro.sopko"},"url":"https:\/\/www.smedemokrati.sk\/cs\/author\/miro-sopko\/"}]}},"_links":{"self":[{"href":"https:\/\/www.smedemokrati.sk\/cs\/wp-json\/wp\/v2\/posts\/3413","targetHints":{"allow":["GET"]}}],"collection":[{"href":"https:\/\/www.smedemokrati.sk\/cs\/wp-json\/wp\/v2\/posts"}],"about":[{"href":"https:\/\/www.smedemokrati.sk\/cs\/wp-json\/wp\/v2\/types\/post"}],"author":[{"embeddable":true,"href":"https:\/\/www.smedemokrati.sk\/cs\/wp-json\/wp\/v2\/users\/13"}],"replies":[{"embeddable":true,"href":"https:\/\/www.smedemokrati.sk\/cs\/wp-json\/wp\/v2\/comments?post=3413"}],"version-history":[{"count":1,"href":"https:\/\/www.smedemokrati.sk\/cs\/wp-json\/wp\/v2\/posts\/3413\/revisions"}],"predecessor-version":[{"id":3415,"href":"https:\/\/www.smedemokrati.sk\/cs\/wp-json\/wp\/v2\/posts\/3413\/revisions\/3415"}],"wp:featuredmedia":[{"embeddable":true,"href":"https:\/\/www.smedemokrati.sk\/cs\/wp-json\/wp\/v2\/media\/3414"}],"wp:attachment":[{"href":"https:\/\/www.smedemokrati.sk\/cs\/wp-json\/wp\/v2\/media?parent=3413"}],"wp:term":[{"taxonomy":"category","embeddable":true,"href":"https:\/\/www.smedemokrati.sk\/cs\/wp-json\/wp\/v2\/categories?post=3413"},{"taxonomy":"post_tag","embeddable":true,"href":"https:\/\/www.smedemokrati.sk\/cs\/wp-json\/wp\/v2\/tags?post=3413"}],"curies":[{"name":"wp","href":"https:\/\/api.w.org\/{rel}","templated":true}]}}