{"id":3381,"date":"2024-04-03T12:29:50","date_gmt":"2024-04-03T11:29:50","guid":{"rendered":"https:\/\/www.smedemokrati.sk\/?p=3381"},"modified":"2024-04-15T12:47:47","modified_gmt":"2024-04-15T11:47:47","slug":"podporujeme-korcoka-aby-spojenci-a-partneri-pred-nami-definitivne-nezatvorili-dvere","status":"publish","type":"post","link":"https:\/\/www.smedemokrati.sk\/cs\/podporujeme-korcoka-aby-spojenci-a-partneri-pred-nami-definitivne-nezatvorili-dvere\/","title":{"rendered":"Podporujeme Kor\u010doka, aby spojenci a partneri pred nami definit\u00edvne nezatvorili dvere"},"content":{"rendered":"<div id=\"fb-root\"><\/div>\n\n<p><strong>Demokrati aj v druhom kole prezidentsk\u00fdch volieb podporuj\u00fa demokratick\u00e9ho a jasne zahrani\u010dno-politicky vyhranen\u00e9ho kandid\u00e1ta Ivana Kor\u010doka. Pod\u013ea Jaroslava Na\u010fa si u\u017e v sobotu vyberieme, \u010di Slovensko ostane v medzin\u00e1rodnom kontexte izolovan\u00e9, alebo bude vedie\u0165 spolupracova\u0165 na najvy\u0161\u0161ej \u0161t\u00e1tnej \u00farovni &#8211; na \u00farovni prezidentov jednotliv\u00fdch kraj\u00edn.&nbsp;<\/strong><\/p>\n\n\n\n<p>Predseda strany a b\u00fdval\u00fd minister obrany Jaroslav Na\u010f hovor\u00ed, \u017ee v sobotu si Slovensko vyberie, \u010di sa na\u0161a krajina definit\u00edvne odtrhne od v\u00e4\u010d\u0161inov\u00e9ho demokratick\u00e9ho spolo\u010denstva, alebo uk\u00e1\u017ee, \u017ee jej z\u00e1le\u017e\u00ed na jednote a ochrane hodn\u00f4t a princ\u00edpov, na ktor\u00fdch stoja sebavedom\u00e9, slu\u0161n\u00e9 a bezpe\u010dn\u00e9 krajiny:\u00a0<em><em><em>\u201e<\/em><\/em>Pros\u00edm verejnos\u0165, aby si d\u00f4sledne uvedomila, \u017ee vo\u013eba prezidenta priamo ovplyvn\u00ed na\u0161e fungovanie v medzin\u00e1rodn\u00fdch organiz\u00e1ci\u00e1ch a spolo\u010denstv\u00e1ch, ktor\u00e9 garantuj\u00fa na\u0161u bezpe\u010dnos\u0165. U\u017e dnes d\u00e1vaj\u00fa preuk\u00e1zate\u013ene na\u0161i partneri a spojenci ruky pre\u010d od Slovenska, a to pre katastrof\u00e1lnu politiku Roberta Fica, ktor\u00fd n\u00e1s svojimi rozhodnutiami pribli\u017euje bli\u017e\u0161ie k rusk\u00e9mu re\u017eimu. Ak si za prezidenta vyberieme jeho priameho podriaden\u00e9ho a vykon\u00e1va\u010da t\u00fdch naj\u0161pinav\u0161\u00edch pr\u00edkazov Petra Pellegriniho, svet pred nami definit\u00edvne zatvor\u00ed dvere a ostaneme v absol\u00fatnej izol\u00e1cii,&#8220;<\/em>\u00a0hovor\u00ed Na\u010f a dod\u00e1va, \u017ee jedine Ivan Kor\u010dok garantuje kontinuitu vz\u0165ahov na prezidentskej \u00farovni.<\/p>\n\n\n\n<p><em><em><em>\u201e<\/em><\/em>Ak si zvol\u00edme Ivana Kor\u010doka, jedine ten n\u00e1m garantuje pevn\u00e9 zahrani\u010dno-politick\u00e9 ukotvenie a spolupr\u00e1cu s \u010fal\u0161\u00edmi krajinami. Slovensko potrebuje d\u00f4stojn\u00fa reprezent\u00e1ciu, sk\u00fasenosti a najm\u00e4 \u010destn\u00e9ho \u010dloveka, ktor\u00e9mu m\u00f4\u017eu na\u0161i susedia, partneri a spojenci d\u00f4verova\u0165. Dnes, ani na\u0161i najbli\u017e\u0161\u00ed bratia \u010cesi, \u017eia\u013e opr\u00e1vnene, neveria vl\u00e1de Roberta Fica. Posla\u0165 do Prezidentsk\u00e9ho pal\u00e1ca Petra Pellegriniho by znamenalo ukon\u010denie d\u00f4very na\u0161ich \u010fal\u0161\u00edch priate\u013eov, a to si vy mil\u00ed ob\u010dania nezasl\u00fa\u017eite, Slovensko si to nezasl\u00fa\u017ei. Nedajte sa pros\u00edm oklama\u0165 a vo\u013ete Ivana Kor\u010doka,&#8220;\u00a0<\/em>uzatv\u00e1ra Na\u010f.<\/p>\n\n\n\n<figure class=\"wp-block-video\"><video height=\"1068\" style=\"aspect-ratio: 1354 \/ 1068;\" width=\"1354\" controls src=\"https:\/\/www.smedemokrati.sk\/wp-content\/uploads\/2024\/04\/IMG_3085.mov\"><\/video><\/figure>\n","protected":false},"excerpt":{"rendered":"<p>Demokrati aj v druhom kole prezidentsk\u00fdch volieb podporuj\u00fa demokratick\u00e9ho a jasne zahrani\u010dno-politicky vyhranen\u00e9ho kandid\u00e1ta Ivana Kor\u010doka. Pod\u013ea Jaroslava Na\u010fa si u\u017e v sobotu vyberieme, \u010di Slovensko ostane v medzin\u00e1rodnom kontexte izolovan\u00e9, alebo bude vedie\u0165 spolupracova\u0165 na najvy\u0161\u0161ej \u0161t\u00e1tnej \u00farovni &#8211; na \u00farovni prezidentov jednotliv\u00fdch kraj\u00edn.&nbsp; Predseda strany a b\u00fdval\u00fd minister obrany Jaroslav Na\u010f hovor\u00ed, \u017ee [&hellip;]<\/p>\n","protected":false},"author":13,"featured_media":3384,"comment_status":"closed","ping_status":"closed","sticky":false,"template":"","format":"standard","meta":{"_acf_changed":false,"ngg_post_thumbnail":0,"footnotes":""},"categories":[4],"tags":[],"class_list":["post-3381","post","type-post","status-publish","format-standard","has-post-thumbnail","hentry","category-tlacove-spravy"],"acf":[],"yoast_head":"<!-- This site is optimized with the Yoast SEO plugin v27.2 - https:\/\/yoast.com\/product\/yoast-seo-wordpress\/ -->\n<title>Podporujeme Kor\u010doka, aby spojenci a partneri pred nami definit\u00edvne nezatvorili dvere - Smedemokrati.sk<\/title>\n<meta name=\"robots\" content=\"index, follow, max-snippet:-1, max-image-preview:large, max-video-preview:-1\" \/>\n<link rel=\"canonical\" href=\"https:\/\/www.smedemokrati.sk\/cs\/podporujeme-korcoka-aby-spojenci-a-partneri-pred-nami-definitivne-nezatvorili-dvere\/\" \/>\n<meta property=\"og:locale\" content=\"cs_CZ\" \/>\n<meta property=\"og:locale:alternate\" content=\"en_US\" \/>\n<meta property=\"og:locale:alternate\" content=\"hu_HU\" \/>\n<meta property=\"og:locale:alternate\" content=\"sk_SK\" \/>\n<meta property=\"og:locale:alternate\" content=\"sv_SE\" \/>\n<meta property=\"og:type\" content=\"article\" \/>\n<meta property=\"og:title\" content=\"Podporujeme Kor\u010doka, aby spojenci a partneri pred nami definit\u00edvne nezatvorili dvere - Smedemokrati.sk\" \/>\n<meta property=\"og:description\" content=\"Demokrati aj v druhom kole prezidentsk\u00fdch volieb podporuj\u00fa demokratick\u00e9ho a jasne zahrani\u010dno-politicky vyhranen\u00e9ho kandid\u00e1ta Ivana Kor\u010doka. Pod\u013ea Jaroslava Na\u010fa si u\u017e v sobotu vyberieme, \u010di Slovensko ostane v medzin\u00e1rodnom kontexte izolovan\u00e9, alebo bude vedie\u0165 spolupracova\u0165 na najvy\u0161\u0161ej \u0161t\u00e1tnej \u00farovni &#8211; na \u00farovni prezidentov jednotliv\u00fdch kraj\u00edn.&nbsp; Predseda strany a b\u00fdval\u00fd minister obrany Jaroslav Na\u010f hovor\u00ed, \u017ee [&hellip;]\" \/>\n<meta property=\"og:url\" content=\"https:\/\/www.smedemokrati.sk\/cs\/podporujeme-korcoka-aby-spojenci-a-partneri-pred-nami-definitivne-nezatvorili-dvere\/\" \/>\n<meta property=\"og:site_name\" content=\"Smedemokrati.sk\" \/>\n<meta property=\"article:publisher\" content=\"https:\/\/www.facebook.com\/smedemokrati2023\" \/>\n<meta property=\"article:published_time\" content=\"2024-04-03T11:29:50+00:00\" \/>\n<meta property=\"article:modified_time\" content=\"2024-04-15T11:47:47+00:00\" \/>\n<meta property=\"og:image\" content=\"https:\/\/www.smedemokrati.sk\/wp-content\/uploads\/2024\/04\/podpora-korcokovi.jpg\" \/>\n\t<meta property=\"og:image:width\" content=\"1324\" \/>\n\t<meta property=\"og:image:height\" content=\"895\" \/>\n\t<meta property=\"og:image:type\" content=\"image\/jpeg\" \/>\n<meta name=\"author\" content=\"miro.sopko\" \/>\n<meta name=\"twitter:card\" content=\"summary_large_image\" \/>\n<meta name=\"twitter:label1\" content=\"Napsal(a)\" \/>\n\t<meta name=\"twitter:data1\" content=\"miro.sopko\" \/>\n\t<meta name=\"twitter:label2\" content=\"Odhadovan\u00e1 doba \u010dten\u00ed\" \/>\n\t<meta name=\"twitter:data2\" content=\"2 minuty\" \/>\n<script type=\"application\/ld+json\" class=\"yoast-schema-graph\">{\"@context\":\"https:\/\/schema.org\",\"@graph\":[{\"@type\":\"Article\",\"@id\":\"https:\/\/www.smedemokrati.sk\/podporujeme-korcoka-aby-spojenci-a-partneri-pred-nami-definitivne-nezatvorili-dvere\/#article\",\"isPartOf\":{\"@id\":\"https:\/\/www.smedemokrati.sk\/podporujeme-korcoka-aby-spojenci-a-partneri-pred-nami-definitivne-nezatvorili-dvere\/\"},\"author\":{\"name\":\"miro.sopko\",\"@id\":\"https:\/\/www.smedemokrati.sk\/#\/schema\/person\/21f147c88d605aa7ded900e1e7c344ba\"},\"headline\":\"Podporujeme Kor\u010doka, aby spojenci a partneri pred nami definit\u00edvne nezatvorili dvere\",\"datePublished\":\"2024-04-03T11:29:50+00:00\",\"dateModified\":\"2024-04-15T11:47:47+00:00\",\"mainEntityOfPage\":{\"@id\":\"https:\/\/www.smedemokrati.sk\/podporujeme-korcoka-aby-spojenci-a-partneri-pred-nami-definitivne-nezatvorili-dvere\/\"},\"wordCount\":367,\"publisher\":{\"@id\":\"https:\/\/www.smedemokrati.sk\/#organization\"},\"image\":{\"@id\":\"https:\/\/www.smedemokrati.sk\/podporujeme-korcoka-aby-spojenci-a-partneri-pred-nami-definitivne-nezatvorili-dvere\/#primaryimage\"},\"thumbnailUrl\":\"https:\/\/www.smedemokrati.sk\/wp-content\/uploads\/2024\/04\/podpora-korcokovi.jpg\",\"articleSection\":[\"Tla\u010dov\u00e9 spr\u00e1vy\"],\"inLanguage\":\"cs-CZ\"},{\"@type\":\"WebPage\",\"@id\":\"https:\/\/www.smedemokrati.sk\/podporujeme-korcoka-aby-spojenci-a-partneri-pred-nami-definitivne-nezatvorili-dvere\/\",\"url\":\"https:\/\/www.smedemokrati.sk\/podporujeme-korcoka-aby-spojenci-a-partneri-pred-nami-definitivne-nezatvorili-dvere\/\",\"name\":\"Podporujeme Kor\u010doka, aby spojenci a partneri pred nami definit\u00edvne nezatvorili dvere - Smedemokrati.sk\",\"isPartOf\":{\"@id\":\"https:\/\/www.smedemokrati.sk\/#website\"},\"primaryImageOfPage\":{\"@id\":\"https:\/\/www.smedemokrati.sk\/podporujeme-korcoka-aby-spojenci-a-partneri-pred-nami-definitivne-nezatvorili-dvere\/#primaryimage\"},\"image\":{\"@id\":\"https:\/\/www.smedemokrati.sk\/podporujeme-korcoka-aby-spojenci-a-partneri-pred-nami-definitivne-nezatvorili-dvere\/#primaryimage\"},\"thumbnailUrl\":\"https:\/\/www.smedemokrati.sk\/wp-content\/uploads\/2024\/04\/podpora-korcokovi.jpg\",\"datePublished\":\"2024-04-03T11:29:50+00:00\",\"dateModified\":\"2024-04-15T11:47:47+00:00\",\"breadcrumb\":{\"@id\":\"https:\/\/www.smedemokrati.sk\/podporujeme-korcoka-aby-spojenci-a-partneri-pred-nami-definitivne-nezatvorili-dvere\/#breadcrumb\"},\"inLanguage\":\"cs-CZ\",\"potentialAction\":[{\"@type\":\"ReadAction\",\"target\":[\"https:\/\/www.smedemokrati.sk\/podporujeme-korcoka-aby-spojenci-a-partneri-pred-nami-definitivne-nezatvorili-dvere\/\"]}]},{\"@type\":\"ImageObject\",\"inLanguage\":\"cs-CZ\",\"@id\":\"https:\/\/www.smedemokrati.sk\/podporujeme-korcoka-aby-spojenci-a-partneri-pred-nami-definitivne-nezatvorili-dvere\/#primaryimage\",\"url\":\"https:\/\/www.smedemokrati.sk\/wp-content\/uploads\/2024\/04\/podpora-korcokovi.jpg\",\"contentUrl\":\"https:\/\/www.smedemokrati.sk\/wp-content\/uploads\/2024\/04\/podpora-korcokovi.jpg\",\"width\":1324,\"height\":895},{\"@type\":\"BreadcrumbList\",\"@id\":\"https:\/\/www.smedemokrati.sk\/podporujeme-korcoka-aby-spojenci-a-partneri-pred-nami-definitivne-nezatvorili-dvere\/#breadcrumb\",\"itemListElement\":[{\"@type\":\"ListItem\",\"position\":1,\"name\":\"Domovsk\u00e1 str\u00e1nka\",\"item\":\"https:\/\/www.smedemokrati.sk\/\"},{\"@type\":\"ListItem\",\"position\":2,\"name\":\"Podporujeme Kor\u010doka, aby spojenci a partneri pred nami definit\u00edvne nezatvorili dvere\"}]},{\"@type\":\"WebSite\",\"@id\":\"https:\/\/www.smedemokrati.sk\/#website\",\"url\":\"https:\/\/www.smedemokrati.sk\/\",\"name\":\"Smedemokrati.sk\",\"description\":\"Demokracia a slu\u0161nos\u0165 zv\u00ed\u0165az\u00ed\",\"publisher\":{\"@id\":\"https:\/\/www.smedemokrati.sk\/#organization\"},\"potentialAction\":[{\"@type\":\"SearchAction\",\"target\":{\"@type\":\"EntryPoint\",\"urlTemplate\":\"https:\/\/www.smedemokrati.sk\/?s={search_term_string}\"},\"query-input\":{\"@type\":\"PropertyValueSpecification\",\"valueRequired\":true,\"valueName\":\"search_term_string\"}}],\"inLanguage\":\"cs-CZ\"},{\"@type\":\"Organization\",\"@id\":\"https:\/\/www.smedemokrati.sk\/#organization\",\"name\":\"Smedemokrati.sk\",\"url\":\"https:\/\/www.smedemokrati.sk\/\",\"logo\":{\"@type\":\"ImageObject\",\"inLanguage\":\"cs-CZ\",\"@id\":\"https:\/\/www.smedemokrati.sk\/#\/schema\/logo\/image\/\",\"url\":\"https:\/\/www.smedemokrati.sk\/wp-content\/uploads\/2023\/04\/ff.002.jpeg\",\"contentUrl\":\"https:\/\/www.smedemokrati.sk\/wp-content\/uploads\/2023\/04\/ff.002.jpeg\",\"width\":640,\"height\":480,\"caption\":\"Smedemokrati.sk\"},\"image\":{\"@id\":\"https:\/\/www.smedemokrati.sk\/#\/schema\/logo\/image\/\"},\"sameAs\":[\"https:\/\/www.facebook.com\/smedemokrati2023\"]},{\"@type\":\"Person\",\"@id\":\"https:\/\/www.smedemokrati.sk\/#\/schema\/person\/21f147c88d605aa7ded900e1e7c344ba\",\"name\":\"miro.sopko\",\"image\":{\"@type\":\"ImageObject\",\"inLanguage\":\"cs-CZ\",\"@id\":\"https:\/\/secure.gravatar.com\/avatar\/267e4a36f704376c109afe3a78740c1f5dd8675a2180a908699e7863c9247606?s=96&d=mm&r=g\",\"url\":\"https:\/\/secure.gravatar.com\/avatar\/267e4a36f704376c109afe3a78740c1f5dd8675a2180a908699e7863c9247606?s=96&d=mm&r=g\",\"contentUrl\":\"https:\/\/secure.gravatar.com\/avatar\/267e4a36f704376c109afe3a78740c1f5dd8675a2180a908699e7863c9247606?s=96&d=mm&r=g\",\"caption\":\"miro.sopko\"},\"url\":\"https:\/\/www.smedemokrati.sk\/cs\/author\/miro-sopko\/\"}]}<\/script>\n<!-- \/ Yoast SEO plugin. -->","yoast_head_json":{"title":"Podporujeme Kor\u010doka, aby spojenci a partneri pred nami definit\u00edvne nezatvorili dvere - Smedemokrati.sk","robots":{"index":"index","follow":"follow","max-snippet":"max-snippet:-1","max-image-preview":"max-image-preview:large","max-video-preview":"max-video-preview:-1"},"canonical":"https:\/\/www.smedemokrati.sk\/cs\/podporujeme-korcoka-aby-spojenci-a-partneri-pred-nami-definitivne-nezatvorili-dvere\/","og_locale":"cs_CZ","og_type":"article","og_title":"Podporujeme Kor\u010doka, aby spojenci a partneri pred nami definit\u00edvne nezatvorili dvere - Smedemokrati.sk","og_description":"Demokrati aj v druhom kole prezidentsk\u00fdch volieb podporuj\u00fa demokratick\u00e9ho a jasne zahrani\u010dno-politicky vyhranen\u00e9ho kandid\u00e1ta Ivana Kor\u010doka. Pod\u013ea Jaroslava Na\u010fa si u\u017e v sobotu vyberieme, \u010di Slovensko ostane v medzin\u00e1rodnom kontexte izolovan\u00e9, alebo bude vedie\u0165 spolupracova\u0165 na najvy\u0161\u0161ej \u0161t\u00e1tnej \u00farovni &#8211; na \u00farovni prezidentov jednotliv\u00fdch kraj\u00edn.&nbsp; Predseda strany a b\u00fdval\u00fd minister obrany Jaroslav Na\u010f hovor\u00ed, \u017ee [&hellip;]","og_url":"https:\/\/www.smedemokrati.sk\/cs\/podporujeme-korcoka-aby-spojenci-a-partneri-pred-nami-definitivne-nezatvorili-dvere\/","og_site_name":"Smedemokrati.sk","article_publisher":"https:\/\/www.facebook.com\/smedemokrati2023","article_published_time":"2024-04-03T11:29:50+00:00","article_modified_time":"2024-04-15T11:47:47+00:00","og_image":[{"width":1324,"height":895,"url":"https:\/\/www.smedemokrati.sk\/wp-content\/uploads\/2024\/04\/podpora-korcokovi.jpg","type":"image\/jpeg"}],"author":"miro.sopko","twitter_card":"summary_large_image","twitter_misc":{"Napsal(a)":"miro.sopko","Odhadovan\u00e1 doba \u010dten\u00ed":"2 minuty"},"schema":{"@context":"https:\/\/schema.org","@graph":[{"@type":"Article","@id":"https:\/\/www.smedemokrati.sk\/podporujeme-korcoka-aby-spojenci-a-partneri-pred-nami-definitivne-nezatvorili-dvere\/#article","isPartOf":{"@id":"https:\/\/www.smedemokrati.sk\/podporujeme-korcoka-aby-spojenci-a-partneri-pred-nami-definitivne-nezatvorili-dvere\/"},"author":{"name":"miro.sopko","@id":"https:\/\/www.smedemokrati.sk\/#\/schema\/person\/21f147c88d605aa7ded900e1e7c344ba"},"headline":"Podporujeme Kor\u010doka, aby spojenci a partneri pred nami definit\u00edvne nezatvorili dvere","datePublished":"2024-04-03T11:29:50+00:00","dateModified":"2024-04-15T11:47:47+00:00","mainEntityOfPage":{"@id":"https:\/\/www.smedemokrati.sk\/podporujeme-korcoka-aby-spojenci-a-partneri-pred-nami-definitivne-nezatvorili-dvere\/"},"wordCount":367,"publisher":{"@id":"https:\/\/www.smedemokrati.sk\/#organization"},"image":{"@id":"https:\/\/www.smedemokrati.sk\/podporujeme-korcoka-aby-spojenci-a-partneri-pred-nami-definitivne-nezatvorili-dvere\/#primaryimage"},"thumbnailUrl":"https:\/\/www.smedemokrati.sk\/wp-content\/uploads\/2024\/04\/podpora-korcokovi.jpg","articleSection":["Tla\u010dov\u00e9 spr\u00e1vy"],"inLanguage":"cs-CZ"},{"@type":"WebPage","@id":"https:\/\/www.smedemokrati.sk\/podporujeme-korcoka-aby-spojenci-a-partneri-pred-nami-definitivne-nezatvorili-dvere\/","url":"https:\/\/www.smedemokrati.sk\/podporujeme-korcoka-aby-spojenci-a-partneri-pred-nami-definitivne-nezatvorili-dvere\/","name":"Podporujeme Kor\u010doka, aby spojenci a partneri pred nami definit\u00edvne nezatvorili dvere - Smedemokrati.sk","isPartOf":{"@id":"https:\/\/www.smedemokrati.sk\/#website"},"primaryImageOfPage":{"@id":"https:\/\/www.smedemokrati.sk\/podporujeme-korcoka-aby-spojenci-a-partneri-pred-nami-definitivne-nezatvorili-dvere\/#primaryimage"},"image":{"@id":"https:\/\/www.smedemokrati.sk\/podporujeme-korcoka-aby-spojenci-a-partneri-pred-nami-definitivne-nezatvorili-dvere\/#primaryimage"},"thumbnailUrl":"https:\/\/www.smedemokrati.sk\/wp-content\/uploads\/2024\/04\/podpora-korcokovi.jpg","datePublished":"2024-04-03T11:29:50+00:00","dateModified":"2024-04-15T11:47:47+00:00","breadcrumb":{"@id":"https:\/\/www.smedemokrati.sk\/podporujeme-korcoka-aby-spojenci-a-partneri-pred-nami-definitivne-nezatvorili-dvere\/#breadcrumb"},"inLanguage":"cs-CZ","potentialAction":[{"@type":"ReadAction","target":["https:\/\/www.smedemokrati.sk\/podporujeme-korcoka-aby-spojenci-a-partneri-pred-nami-definitivne-nezatvorili-dvere\/"]}]},{"@type":"ImageObject","inLanguage":"cs-CZ","@id":"https:\/\/www.smedemokrati.sk\/podporujeme-korcoka-aby-spojenci-a-partneri-pred-nami-definitivne-nezatvorili-dvere\/#primaryimage","url":"https:\/\/www.smedemokrati.sk\/wp-content\/uploads\/2024\/04\/podpora-korcokovi.jpg","contentUrl":"https:\/\/www.smedemokrati.sk\/wp-content\/uploads\/2024\/04\/podpora-korcokovi.jpg","width":1324,"height":895},{"@type":"BreadcrumbList","@id":"https:\/\/www.smedemokrati.sk\/podporujeme-korcoka-aby-spojenci-a-partneri-pred-nami-definitivne-nezatvorili-dvere\/#breadcrumb","itemListElement":[{"@type":"ListItem","position":1,"name":"Domovsk\u00e1 str\u00e1nka","item":"https:\/\/www.smedemokrati.sk\/"},{"@type":"ListItem","position":2,"name":"Podporujeme Kor\u010doka, aby spojenci a partneri pred nami definit\u00edvne nezatvorili dvere"}]},{"@type":"WebSite","@id":"https:\/\/www.smedemokrati.sk\/#website","url":"https:\/\/www.smedemokrati.sk\/","name":"Smedemokrati.sk","description":"Demokracia a slu\u0161nos\u0165 zv\u00ed\u0165az\u00ed","publisher":{"@id":"https:\/\/www.smedemokrati.sk\/#organization"},"potentialAction":[{"@type":"SearchAction","target":{"@type":"EntryPoint","urlTemplate":"https:\/\/www.smedemokrati.sk\/?s={search_term_string}"},"query-input":{"@type":"PropertyValueSpecification","valueRequired":true,"valueName":"search_term_string"}}],"inLanguage":"cs-CZ"},{"@type":"Organization","@id":"https:\/\/www.smedemokrati.sk\/#organization","name":"Smedemokrati.sk","url":"https:\/\/www.smedemokrati.sk\/","logo":{"@type":"ImageObject","inLanguage":"cs-CZ","@id":"https:\/\/www.smedemokrati.sk\/#\/schema\/logo\/image\/","url":"https:\/\/www.smedemokrati.sk\/wp-content\/uploads\/2023\/04\/ff.002.jpeg","contentUrl":"https:\/\/www.smedemokrati.sk\/wp-content\/uploads\/2023\/04\/ff.002.jpeg","width":640,"height":480,"caption":"Smedemokrati.sk"},"image":{"@id":"https:\/\/www.smedemokrati.sk\/#\/schema\/logo\/image\/"},"sameAs":["https:\/\/www.facebook.com\/smedemokrati2023"]},{"@type":"Person","@id":"https:\/\/www.smedemokrati.sk\/#\/schema\/person\/21f147c88d605aa7ded900e1e7c344ba","name":"miro.sopko","image":{"@type":"ImageObject","inLanguage":"cs-CZ","@id":"https:\/\/secure.gravatar.com\/avatar\/267e4a36f704376c109afe3a78740c1f5dd8675a2180a908699e7863c9247606?s=96&d=mm&r=g","url":"https:\/\/secure.gravatar.com\/avatar\/267e4a36f704376c109afe3a78740c1f5dd8675a2180a908699e7863c9247606?s=96&d=mm&r=g","contentUrl":"https:\/\/secure.gravatar.com\/avatar\/267e4a36f704376c109afe3a78740c1f5dd8675a2180a908699e7863c9247606?s=96&d=mm&r=g","caption":"miro.sopko"},"url":"https:\/\/www.smedemokrati.sk\/cs\/author\/miro-sopko\/"}]}},"_links":{"self":[{"href":"https:\/\/www.smedemokrati.sk\/cs\/wp-json\/wp\/v2\/posts\/3381","targetHints":{"allow":["GET"]}}],"collection":[{"href":"https:\/\/www.smedemokrati.sk\/cs\/wp-json\/wp\/v2\/posts"}],"about":[{"href":"https:\/\/www.smedemokrati.sk\/cs\/wp-json\/wp\/v2\/types\/post"}],"author":[{"embeddable":true,"href":"https:\/\/www.smedemokrati.sk\/cs\/wp-json\/wp\/v2\/users\/13"}],"replies":[{"embeddable":true,"href":"https:\/\/www.smedemokrati.sk\/cs\/wp-json\/wp\/v2\/comments?post=3381"}],"version-history":[{"count":1,"href":"https:\/\/www.smedemokrati.sk\/cs\/wp-json\/wp\/v2\/posts\/3381\/revisions"}],"predecessor-version":[{"id":3385,"href":"https:\/\/www.smedemokrati.sk\/cs\/wp-json\/wp\/v2\/posts\/3381\/revisions\/3385"}],"wp:featuredmedia":[{"embeddable":true,"href":"https:\/\/www.smedemokrati.sk\/cs\/wp-json\/wp\/v2\/media\/3384"}],"wp:attachment":[{"href":"https:\/\/www.smedemokrati.sk\/cs\/wp-json\/wp\/v2\/media?parent=3381"}],"wp:term":[{"taxonomy":"category","embeddable":true,"href":"https:\/\/www.smedemokrati.sk\/cs\/wp-json\/wp\/v2\/categories?post=3381"},{"taxonomy":"post_tag","embeddable":true,"href":"https:\/\/www.smedemokrati.sk\/cs\/wp-json\/wp\/v2\/tags?post=3381"}],"curies":[{"name":"wp","href":"https:\/\/api.w.org\/{rel}","templated":true}]}}