{"id":3301,"date":"2024-03-27T16:45:22","date_gmt":"2024-03-27T15:45:22","guid":{"rendered":"https:\/\/www.smedemokrati.sk\/?p=3301"},"modified":"2024-04-02T19:13:43","modified_gmt":"2024-04-02T18:13:43","slug":"sutaj-estok-strasi-teroristom-ktory-je-v-skutocnosti-politicky-aktivista","status":"publish","type":"post","link":"https:\/\/www.smedemokrati.sk\/cs\/sutaj-estok-strasi-teroristom-ktory-je-v-skutocnosti-politicky-aktivista\/","title":{"rendered":"\u0160utaj E\u0161tok stra\u0161\u00ed teroristom, ktor\u00fd je v skuto\u010dnosti politick\u00fd aktivista"},"content":{"rendered":"<div id=\"fb-root\"><\/div>\n\n<p><strong>Pod\u013ea \u0160tefana Hamrana v \u010dase, ke\u010f bol policajn\u00fd prezident, zodpovedn\u00e9 zlo\u017eky u\u017e mali vedomos\u0165 o ob\u010danovi z Tad\u017eikistanu, kv\u00f4li ktor\u00e9mu zvolal \u0160utaj E\u0161tok bezpe\u010dnostn\u00fa radu \u0161t\u00e1tu. Minister vn\u00fatra osobu ozna\u010dil za teroristu, Hamran hovor\u00ed, \u017ee je to Amriddin Kholmurodov, aktivista, ktor\u00fd nem\u00f4\u017ee by\u0165 vydan\u00fd pod\u013ea medzin\u00e1rodn\u00fdch z\u00e1konov do svojej vlasti, preto\u017ee mu za vyjadrenie nespokojnosti s tamoj\u0161\u00edm totalitn\u00fdm re\u017eimom hroz\u00ed mu\u010denie.<\/strong><\/p>\n\n\n\n<p><em><em><em>\u201e<\/em><\/em>Je to \u010dlovek, ktor\u00fd bol opozi\u010dne politicky akt\u00edvny v Tad\u017eikistane a ktor\u00e9ho sa zast\u00e1va opoz\u00edcia a tie\u017e mimovl\u00e1dny sektor a predseda miestneho v\u00fdboru na ochranu politick\u00fdch v\u00e4z\u0148ov. Ak by p\u00e1n E\u0161tok t\u00e9me rozumel, vedel by, \u017ee Slovensk\u00e1 republika je signat\u00e1rom \u017denevsk\u00e9ho dohovoru, ktor\u00fd poskytuje ochranu tak\u00fdmto ute\u010dencom. Nech p\u00e1n E\u0161tok potvrd\u00ed alebo vyvr\u00e1ti, \u017ee ide o t\u00fato osobu.\u201d<\/em>\u00a0hovor\u00ed \u0160tefan Hamran a vyz\u00fdva \u0160utaja E\u0161toka aby potvrdil meno osoby, ktor\u00fa ozna\u010dil za teroristu.<\/p>\n\n\n\n<p>Hamran tie\u017e hovor\u00ed, \u017ee ned\u00e1va zmysel ako\u017ee bojova\u0165 proti terorizmu a z\u00e1rove\u0148 ru\u0161i\u0165 in\u0161tit\u00facie, ktor\u00e9 maj\u00fa n\u00e1stroje a mechanizmy na rie\u0161enie probl\u00e9mu: <em><em>\u201e<\/em>Robert Fico u\u017e zlikvidoval \u00darad \u0161peci\u00e1lnej prokurat\u00fary a pod\u013ea verejn\u00fdch inform\u00e1ci\u00ed, je na rade N\u00e1rodn\u00e1 krimin\u00e1lna agent\u00fara. Naproti tomu minister \u0160utaj E\u0161tok bojuje s extr\u00e9mizmom tak, \u017ee nav\u0161tevuje rel\u00e1cie najzn\u00e1mej\u0161ieho slovensk\u00e9ho extr\u00e9mistu. Dve in\u0161tit\u00facie, ktor\u00e9 maj\u00fa, resp. mali v n\u00e1plni pr\u00e1ce rie\u0161i\u0165 problematiku terorizmu, tieto in\u0161tit\u00facie vl\u00e1da Roberta Fica a Petra Pellegriniho zru\u0161ila. Hovor\u00edm o \u00darade \u0161peci\u00e1lnej prokurat\u00fary a NAKA.<\/em>&#8220; dod\u00e1va \u0160tefan Hamran.\u00a0 \u00a0<\/p>\n\n\n\n<p>Expert na spravodlivos\u0165, podpredseda strany Juraj \u0160eliga hovor\u00ed, \u017ee je zrejm\u00e9, \u017ee osoba, pre ktor\u00fa bol na Slovensku \u201epoplach\u201d nie je\u00a0 teroristickou hrozbou:\u00a0<em><em><em>\u201e<\/em><\/em>Pellegrini prehral prv\u00e9 kolo prezidentsk\u00fdch volieb, preto potrebovali okam\u017eite zareagova\u0165 a vystra\u0161i\u0165 slovensk\u00fd n\u00e1rod a z aktivistu urobi\u0165 teroristu. Citujem z rozhodnutia najvy\u0161\u0161ieho s\u00fadu SR, kde ministerstvo vn\u00fatra kon\u0161tatuje, \u017ee nie je mo\u017en\u00e9 vyvodi\u0165 tak\u00fd z\u00e1ver, \u017ee t\u00e1to osoba je v nejakej teroristickej organiz\u00e1cii. Minister vn\u00fatra vie, \u017ee takto rozhodol s\u00fad a napriek tomu klame a zav\u00e1dza. Oni si proste nedaj\u00fa pokoj s t\u00fdmi bezpe\u010dnostn\u00fdmi radami \u0161t\u00e1tu.\u201d<\/em>\u00a0povedal \u0160eliga a potvrdil slov\u00e1 b\u00fdval\u00e9ho policajn\u00e9ho prezidenta, \u017ee osoba nem\u00f4\u017ee by\u0165 vydan\u00e1 do krajiny, kde jej hroz\u00ed smr\u0165. Za absurdn\u00e9 pova\u017euje \u0160eliga aj to, \u017ee pr\u00e1ve dnes schva\u013euje vl\u00e1da Roberta Fica opatrenie, na z\u00e1klade ktor\u00e9ho Slovensk\u00e1 republika u\u013eah\u010duje prij\u00edmanie os\u00f4b z Tad\u017eikistanu na na\u0161e \u00fazemie.\u00a0<\/p>\n\n\n\n<figure class=\"wp-block-embed is-type-video is-provider-youtube wp-block-embed-youtube wp-embed-aspect-16-9 wp-has-aspect-ratio\"><div class=\"wp-block-embed__wrapper\">\n<iframe title=\"\ud83d\udd34Live, Pellegriniho istoty: tis\u00edce okradnut\u00fdch d\u00f4chodcov a \u00fa\u010delov\u00e9 stra\u0161enie \u013eud\u00ed\" width=\"500\" height=\"281\" src=\"https:\/\/www.youtube.com\/embed\/rPe8H0qwyjs?feature=oembed\" frameborder=\"0\" allow=\"accelerometer; autoplay; clipboard-write; encrypted-media; gyroscope; picture-in-picture; web-share\" referrerpolicy=\"strict-origin-when-cross-origin\" allowfullscreen><\/iframe>\n<\/div><\/figure>\n","protected":false},"excerpt":{"rendered":"<p>Pod\u013ea \u0160tefana Hamrana v \u010dase, ke\u010f bol policajn\u00fd prezident, zodpovedn\u00e9 zlo\u017eky u\u017e mali vedomos\u0165 o ob\u010danovi z Tad\u017eikistanu, kv\u00f4li ktor\u00e9mu zvolal \u0160utaj E\u0161tok bezpe\u010dnostn\u00fa radu \u0161t\u00e1tu. Minister vn\u00fatra osobu ozna\u010dil za teroristu, Hamran hovor\u00ed, \u017ee je to Amriddin Kholmurodov, aktivista, ktor\u00fd nem\u00f4\u017ee by\u0165 vydan\u00fd pod\u013ea medzin\u00e1rodn\u00fdch z\u00e1konov do svojej vlasti, preto\u017ee mu za vyjadrenie nespokojnosti [&hellip;]<\/p>\n","protected":false},"author":13,"featured_media":3302,"comment_status":"closed","ping_status":"closed","sticky":false,"template":"","format":"standard","meta":{"_acf_changed":false,"ngg_post_thumbnail":0,"footnotes":""},"categories":[4],"tags":[],"class_list":["post-3301","post","type-post","status-publish","format-standard","has-post-thumbnail","hentry","category-tlacove-spravy"],"acf":[],"yoast_head":"<!-- This site is optimized with the Yoast SEO plugin v27.2 - https:\/\/yoast.com\/product\/yoast-seo-wordpress\/ -->\n<title>\u0160utaj E\u0161tok stra\u0161\u00ed teroristom, ktor\u00fd je v skuto\u010dnosti politick\u00fd aktivista - Smedemokrati.sk<\/title>\n<meta name=\"robots\" content=\"index, follow, max-snippet:-1, max-image-preview:large, max-video-preview:-1\" \/>\n<link rel=\"canonical\" href=\"https:\/\/www.smedemokrati.sk\/cs\/sutaj-estok-strasi-teroristom-ktory-je-v-skutocnosti-politicky-aktivista\/\" \/>\n<meta property=\"og:locale\" content=\"cs_CZ\" \/>\n<meta property=\"og:locale:alternate\" content=\"en_US\" \/>\n<meta property=\"og:locale:alternate\" content=\"hu_HU\" \/>\n<meta property=\"og:locale:alternate\" content=\"sk_SK\" \/>\n<meta property=\"og:locale:alternate\" content=\"sv_SE\" \/>\n<meta property=\"og:type\" content=\"article\" \/>\n<meta property=\"og:title\" content=\"\u0160utaj E\u0161tok stra\u0161\u00ed teroristom, ktor\u00fd je v skuto\u010dnosti politick\u00fd aktivista - Smedemokrati.sk\" \/>\n<meta property=\"og:description\" content=\"Pod\u013ea \u0160tefana Hamrana v \u010dase, ke\u010f bol policajn\u00fd prezident, zodpovedn\u00e9 zlo\u017eky u\u017e mali vedomos\u0165 o ob\u010danovi z Tad\u017eikistanu, kv\u00f4li ktor\u00e9mu zvolal \u0160utaj E\u0161tok bezpe\u010dnostn\u00fa radu \u0161t\u00e1tu. Minister vn\u00fatra osobu ozna\u010dil za teroristu, Hamran hovor\u00ed, \u017ee je to Amriddin Kholmurodov, aktivista, ktor\u00fd nem\u00f4\u017ee by\u0165 vydan\u00fd pod\u013ea medzin\u00e1rodn\u00fdch z\u00e1konov do svojej vlasti, preto\u017ee mu za vyjadrenie nespokojnosti [&hellip;]\" \/>\n<meta property=\"og:url\" content=\"https:\/\/www.smedemokrati.sk\/cs\/sutaj-estok-strasi-teroristom-ktory-je-v-skutocnosti-politicky-aktivista\/\" \/>\n<meta property=\"og:site_name\" content=\"Smedemokrati.sk\" \/>\n<meta property=\"article:publisher\" content=\"https:\/\/www.facebook.com\/smedemokrati2023\" \/>\n<meta property=\"article:published_time\" content=\"2024-03-27T15:45:22+00:00\" \/>\n<meta property=\"article:modified_time\" content=\"2024-04-02T18:13:43+00:00\" \/>\n<meta property=\"og:image\" content=\"https:\/\/www.smedemokrati.sk\/wp-content\/uploads\/2024\/03\/sutaj-estok.jpg\" \/>\n\t<meta property=\"og:image:width\" content=\"900\" \/>\n\t<meta property=\"og:image:height\" content=\"600\" \/>\n\t<meta property=\"og:image:type\" content=\"image\/jpeg\" \/>\n<meta name=\"author\" content=\"miro.sopko\" \/>\n<meta name=\"twitter:card\" content=\"summary_large_image\" \/>\n<meta name=\"twitter:label1\" content=\"Napsal(a)\" \/>\n\t<meta name=\"twitter:data1\" content=\"miro.sopko\" \/>\n\t<meta name=\"twitter:label2\" content=\"Odhadovan\u00e1 doba \u010dten\u00ed\" \/>\n\t<meta name=\"twitter:data2\" content=\"2 minuty\" \/>\n<script type=\"application\/ld+json\" class=\"yoast-schema-graph\">{\"@context\":\"https:\/\/schema.org\",\"@graph\":[{\"@type\":\"Article\",\"@id\":\"https:\/\/www.smedemokrati.sk\/sutaj-estok-strasi-teroristom-ktory-je-v-skutocnosti-politicky-aktivista\/#article\",\"isPartOf\":{\"@id\":\"https:\/\/www.smedemokrati.sk\/sutaj-estok-strasi-teroristom-ktory-je-v-skutocnosti-politicky-aktivista\/\"},\"author\":{\"name\":\"miro.sopko\",\"@id\":\"https:\/\/www.smedemokrati.sk\/#\/schema\/person\/21f147c88d605aa7ded900e1e7c344ba\"},\"headline\":\"\u0160utaj E\u0161tok stra\u0161\u00ed teroristom, ktor\u00fd je v skuto\u010dnosti politick\u00fd aktivista\",\"datePublished\":\"2024-03-27T15:45:22+00:00\",\"dateModified\":\"2024-04-02T18:13:43+00:00\",\"mainEntityOfPage\":{\"@id\":\"https:\/\/www.smedemokrati.sk\/sutaj-estok-strasi-teroristom-ktory-je-v-skutocnosti-politicky-aktivista\/\"},\"wordCount\":499,\"publisher\":{\"@id\":\"https:\/\/www.smedemokrati.sk\/#organization\"},\"image\":{\"@id\":\"https:\/\/www.smedemokrati.sk\/sutaj-estok-strasi-teroristom-ktory-je-v-skutocnosti-politicky-aktivista\/#primaryimage\"},\"thumbnailUrl\":\"https:\/\/www.smedemokrati.sk\/wp-content\/uploads\/2024\/03\/sutaj-estok.jpg\",\"articleSection\":[\"Tla\u010dov\u00e9 spr\u00e1vy\"],\"inLanguage\":\"cs-CZ\"},{\"@type\":\"WebPage\",\"@id\":\"https:\/\/www.smedemokrati.sk\/sutaj-estok-strasi-teroristom-ktory-je-v-skutocnosti-politicky-aktivista\/\",\"url\":\"https:\/\/www.smedemokrati.sk\/sutaj-estok-strasi-teroristom-ktory-je-v-skutocnosti-politicky-aktivista\/\",\"name\":\"\u0160utaj E\u0161tok stra\u0161\u00ed teroristom, ktor\u00fd je v skuto\u010dnosti politick\u00fd aktivista - Smedemokrati.sk\",\"isPartOf\":{\"@id\":\"https:\/\/www.smedemokrati.sk\/#website\"},\"primaryImageOfPage\":{\"@id\":\"https:\/\/www.smedemokrati.sk\/sutaj-estok-strasi-teroristom-ktory-je-v-skutocnosti-politicky-aktivista\/#primaryimage\"},\"image\":{\"@id\":\"https:\/\/www.smedemokrati.sk\/sutaj-estok-strasi-teroristom-ktory-je-v-skutocnosti-politicky-aktivista\/#primaryimage\"},\"thumbnailUrl\":\"https:\/\/www.smedemokrati.sk\/wp-content\/uploads\/2024\/03\/sutaj-estok.jpg\",\"datePublished\":\"2024-03-27T15:45:22+00:00\",\"dateModified\":\"2024-04-02T18:13:43+00:00\",\"breadcrumb\":{\"@id\":\"https:\/\/www.smedemokrati.sk\/sutaj-estok-strasi-teroristom-ktory-je-v-skutocnosti-politicky-aktivista\/#breadcrumb\"},\"inLanguage\":\"cs-CZ\",\"potentialAction\":[{\"@type\":\"ReadAction\",\"target\":[\"https:\/\/www.smedemokrati.sk\/sutaj-estok-strasi-teroristom-ktory-je-v-skutocnosti-politicky-aktivista\/\"]}]},{\"@type\":\"ImageObject\",\"inLanguage\":\"cs-CZ\",\"@id\":\"https:\/\/www.smedemokrati.sk\/sutaj-estok-strasi-teroristom-ktory-je-v-skutocnosti-politicky-aktivista\/#primaryimage\",\"url\":\"https:\/\/www.smedemokrati.sk\/wp-content\/uploads\/2024\/03\/sutaj-estok.jpg\",\"contentUrl\":\"https:\/\/www.smedemokrati.sk\/wp-content\/uploads\/2024\/03\/sutaj-estok.jpg\",\"width\":900,\"height\":600},{\"@type\":\"BreadcrumbList\",\"@id\":\"https:\/\/www.smedemokrati.sk\/sutaj-estok-strasi-teroristom-ktory-je-v-skutocnosti-politicky-aktivista\/#breadcrumb\",\"itemListElement\":[{\"@type\":\"ListItem\",\"position\":1,\"name\":\"Domovsk\u00e1 str\u00e1nka\",\"item\":\"https:\/\/www.smedemokrati.sk\/\"},{\"@type\":\"ListItem\",\"position\":2,\"name\":\"\u0160utaj E\u0161tok stra\u0161\u00ed teroristom, ktor\u00fd je v skuto\u010dnosti politick\u00fd aktivista\"}]},{\"@type\":\"WebSite\",\"@id\":\"https:\/\/www.smedemokrati.sk\/#website\",\"url\":\"https:\/\/www.smedemokrati.sk\/\",\"name\":\"Smedemokrati.sk\",\"description\":\"Demokracia a slu\u0161nos\u0165 zv\u00ed\u0165az\u00ed\",\"publisher\":{\"@id\":\"https:\/\/www.smedemokrati.sk\/#organization\"},\"potentialAction\":[{\"@type\":\"SearchAction\",\"target\":{\"@type\":\"EntryPoint\",\"urlTemplate\":\"https:\/\/www.smedemokrati.sk\/?s={search_term_string}\"},\"query-input\":{\"@type\":\"PropertyValueSpecification\",\"valueRequired\":true,\"valueName\":\"search_term_string\"}}],\"inLanguage\":\"cs-CZ\"},{\"@type\":\"Organization\",\"@id\":\"https:\/\/www.smedemokrati.sk\/#organization\",\"name\":\"Smedemokrati.sk\",\"url\":\"https:\/\/www.smedemokrati.sk\/\",\"logo\":{\"@type\":\"ImageObject\",\"inLanguage\":\"cs-CZ\",\"@id\":\"https:\/\/www.smedemokrati.sk\/#\/schema\/logo\/image\/\",\"url\":\"https:\/\/www.smedemokrati.sk\/wp-content\/uploads\/2023\/04\/ff.002.jpeg\",\"contentUrl\":\"https:\/\/www.smedemokrati.sk\/wp-content\/uploads\/2023\/04\/ff.002.jpeg\",\"width\":640,\"height\":480,\"caption\":\"Smedemokrati.sk\"},\"image\":{\"@id\":\"https:\/\/www.smedemokrati.sk\/#\/schema\/logo\/image\/\"},\"sameAs\":[\"https:\/\/www.facebook.com\/smedemokrati2023\"]},{\"@type\":\"Person\",\"@id\":\"https:\/\/www.smedemokrati.sk\/#\/schema\/person\/21f147c88d605aa7ded900e1e7c344ba\",\"name\":\"miro.sopko\",\"image\":{\"@type\":\"ImageObject\",\"inLanguage\":\"cs-CZ\",\"@id\":\"https:\/\/secure.gravatar.com\/avatar\/267e4a36f704376c109afe3a78740c1f5dd8675a2180a908699e7863c9247606?s=96&d=mm&r=g\",\"url\":\"https:\/\/secure.gravatar.com\/avatar\/267e4a36f704376c109afe3a78740c1f5dd8675a2180a908699e7863c9247606?s=96&d=mm&r=g\",\"contentUrl\":\"https:\/\/secure.gravatar.com\/avatar\/267e4a36f704376c109afe3a78740c1f5dd8675a2180a908699e7863c9247606?s=96&d=mm&r=g\",\"caption\":\"miro.sopko\"},\"url\":\"https:\/\/www.smedemokrati.sk\/cs\/author\/miro-sopko\/\"}]}<\/script>\n<!-- \/ Yoast SEO plugin. -->","yoast_head_json":{"title":"\u0160utaj E\u0161tok stra\u0161\u00ed teroristom, ktor\u00fd je v skuto\u010dnosti politick\u00fd aktivista - Smedemokrati.sk","robots":{"index":"index","follow":"follow","max-snippet":"max-snippet:-1","max-image-preview":"max-image-preview:large","max-video-preview":"max-video-preview:-1"},"canonical":"https:\/\/www.smedemokrati.sk\/cs\/sutaj-estok-strasi-teroristom-ktory-je-v-skutocnosti-politicky-aktivista\/","og_locale":"cs_CZ","og_type":"article","og_title":"\u0160utaj E\u0161tok stra\u0161\u00ed teroristom, ktor\u00fd je v skuto\u010dnosti politick\u00fd aktivista - Smedemokrati.sk","og_description":"Pod\u013ea \u0160tefana Hamrana v \u010dase, ke\u010f bol policajn\u00fd prezident, zodpovedn\u00e9 zlo\u017eky u\u017e mali vedomos\u0165 o ob\u010danovi z Tad\u017eikistanu, kv\u00f4li ktor\u00e9mu zvolal \u0160utaj E\u0161tok bezpe\u010dnostn\u00fa radu \u0161t\u00e1tu. Minister vn\u00fatra osobu ozna\u010dil za teroristu, Hamran hovor\u00ed, \u017ee je to Amriddin Kholmurodov, aktivista, ktor\u00fd nem\u00f4\u017ee by\u0165 vydan\u00fd pod\u013ea medzin\u00e1rodn\u00fdch z\u00e1konov do svojej vlasti, preto\u017ee mu za vyjadrenie nespokojnosti [&hellip;]","og_url":"https:\/\/www.smedemokrati.sk\/cs\/sutaj-estok-strasi-teroristom-ktory-je-v-skutocnosti-politicky-aktivista\/","og_site_name":"Smedemokrati.sk","article_publisher":"https:\/\/www.facebook.com\/smedemokrati2023","article_published_time":"2024-03-27T15:45:22+00:00","article_modified_time":"2024-04-02T18:13:43+00:00","og_image":[{"width":900,"height":600,"url":"https:\/\/www.smedemokrati.sk\/wp-content\/uploads\/2024\/03\/sutaj-estok.jpg","type":"image\/jpeg"}],"author":"miro.sopko","twitter_card":"summary_large_image","twitter_misc":{"Napsal(a)":"miro.sopko","Odhadovan\u00e1 doba \u010dten\u00ed":"2 minuty"},"schema":{"@context":"https:\/\/schema.org","@graph":[{"@type":"Article","@id":"https:\/\/www.smedemokrati.sk\/sutaj-estok-strasi-teroristom-ktory-je-v-skutocnosti-politicky-aktivista\/#article","isPartOf":{"@id":"https:\/\/www.smedemokrati.sk\/sutaj-estok-strasi-teroristom-ktory-je-v-skutocnosti-politicky-aktivista\/"},"author":{"name":"miro.sopko","@id":"https:\/\/www.smedemokrati.sk\/#\/schema\/person\/21f147c88d605aa7ded900e1e7c344ba"},"headline":"\u0160utaj E\u0161tok stra\u0161\u00ed teroristom, ktor\u00fd je v skuto\u010dnosti politick\u00fd aktivista","datePublished":"2024-03-27T15:45:22+00:00","dateModified":"2024-04-02T18:13:43+00:00","mainEntityOfPage":{"@id":"https:\/\/www.smedemokrati.sk\/sutaj-estok-strasi-teroristom-ktory-je-v-skutocnosti-politicky-aktivista\/"},"wordCount":499,"publisher":{"@id":"https:\/\/www.smedemokrati.sk\/#organization"},"image":{"@id":"https:\/\/www.smedemokrati.sk\/sutaj-estok-strasi-teroristom-ktory-je-v-skutocnosti-politicky-aktivista\/#primaryimage"},"thumbnailUrl":"https:\/\/www.smedemokrati.sk\/wp-content\/uploads\/2024\/03\/sutaj-estok.jpg","articleSection":["Tla\u010dov\u00e9 spr\u00e1vy"],"inLanguage":"cs-CZ"},{"@type":"WebPage","@id":"https:\/\/www.smedemokrati.sk\/sutaj-estok-strasi-teroristom-ktory-je-v-skutocnosti-politicky-aktivista\/","url":"https:\/\/www.smedemokrati.sk\/sutaj-estok-strasi-teroristom-ktory-je-v-skutocnosti-politicky-aktivista\/","name":"\u0160utaj E\u0161tok stra\u0161\u00ed teroristom, ktor\u00fd je v skuto\u010dnosti politick\u00fd aktivista - Smedemokrati.sk","isPartOf":{"@id":"https:\/\/www.smedemokrati.sk\/#website"},"primaryImageOfPage":{"@id":"https:\/\/www.smedemokrati.sk\/sutaj-estok-strasi-teroristom-ktory-je-v-skutocnosti-politicky-aktivista\/#primaryimage"},"image":{"@id":"https:\/\/www.smedemokrati.sk\/sutaj-estok-strasi-teroristom-ktory-je-v-skutocnosti-politicky-aktivista\/#primaryimage"},"thumbnailUrl":"https:\/\/www.smedemokrati.sk\/wp-content\/uploads\/2024\/03\/sutaj-estok.jpg","datePublished":"2024-03-27T15:45:22+00:00","dateModified":"2024-04-02T18:13:43+00:00","breadcrumb":{"@id":"https:\/\/www.smedemokrati.sk\/sutaj-estok-strasi-teroristom-ktory-je-v-skutocnosti-politicky-aktivista\/#breadcrumb"},"inLanguage":"cs-CZ","potentialAction":[{"@type":"ReadAction","target":["https:\/\/www.smedemokrati.sk\/sutaj-estok-strasi-teroristom-ktory-je-v-skutocnosti-politicky-aktivista\/"]}]},{"@type":"ImageObject","inLanguage":"cs-CZ","@id":"https:\/\/www.smedemokrati.sk\/sutaj-estok-strasi-teroristom-ktory-je-v-skutocnosti-politicky-aktivista\/#primaryimage","url":"https:\/\/www.smedemokrati.sk\/wp-content\/uploads\/2024\/03\/sutaj-estok.jpg","contentUrl":"https:\/\/www.smedemokrati.sk\/wp-content\/uploads\/2024\/03\/sutaj-estok.jpg","width":900,"height":600},{"@type":"BreadcrumbList","@id":"https:\/\/www.smedemokrati.sk\/sutaj-estok-strasi-teroristom-ktory-je-v-skutocnosti-politicky-aktivista\/#breadcrumb","itemListElement":[{"@type":"ListItem","position":1,"name":"Domovsk\u00e1 str\u00e1nka","item":"https:\/\/www.smedemokrati.sk\/"},{"@type":"ListItem","position":2,"name":"\u0160utaj E\u0161tok stra\u0161\u00ed teroristom, ktor\u00fd je v skuto\u010dnosti politick\u00fd aktivista"}]},{"@type":"WebSite","@id":"https:\/\/www.smedemokrati.sk\/#website","url":"https:\/\/www.smedemokrati.sk\/","name":"Smedemokrati.sk","description":"Demokracia a slu\u0161nos\u0165 zv\u00ed\u0165az\u00ed","publisher":{"@id":"https:\/\/www.smedemokrati.sk\/#organization"},"potentialAction":[{"@type":"SearchAction","target":{"@type":"EntryPoint","urlTemplate":"https:\/\/www.smedemokrati.sk\/?s={search_term_string}"},"query-input":{"@type":"PropertyValueSpecification","valueRequired":true,"valueName":"search_term_string"}}],"inLanguage":"cs-CZ"},{"@type":"Organization","@id":"https:\/\/www.smedemokrati.sk\/#organization","name":"Smedemokrati.sk","url":"https:\/\/www.smedemokrati.sk\/","logo":{"@type":"ImageObject","inLanguage":"cs-CZ","@id":"https:\/\/www.smedemokrati.sk\/#\/schema\/logo\/image\/","url":"https:\/\/www.smedemokrati.sk\/wp-content\/uploads\/2023\/04\/ff.002.jpeg","contentUrl":"https:\/\/www.smedemokrati.sk\/wp-content\/uploads\/2023\/04\/ff.002.jpeg","width":640,"height":480,"caption":"Smedemokrati.sk"},"image":{"@id":"https:\/\/www.smedemokrati.sk\/#\/schema\/logo\/image\/"},"sameAs":["https:\/\/www.facebook.com\/smedemokrati2023"]},{"@type":"Person","@id":"https:\/\/www.smedemokrati.sk\/#\/schema\/person\/21f147c88d605aa7ded900e1e7c344ba","name":"miro.sopko","image":{"@type":"ImageObject","inLanguage":"cs-CZ","@id":"https:\/\/secure.gravatar.com\/avatar\/267e4a36f704376c109afe3a78740c1f5dd8675a2180a908699e7863c9247606?s=96&d=mm&r=g","url":"https:\/\/secure.gravatar.com\/avatar\/267e4a36f704376c109afe3a78740c1f5dd8675a2180a908699e7863c9247606?s=96&d=mm&r=g","contentUrl":"https:\/\/secure.gravatar.com\/avatar\/267e4a36f704376c109afe3a78740c1f5dd8675a2180a908699e7863c9247606?s=96&d=mm&r=g","caption":"miro.sopko"},"url":"https:\/\/www.smedemokrati.sk\/cs\/author\/miro-sopko\/"}]}},"_links":{"self":[{"href":"https:\/\/www.smedemokrati.sk\/cs\/wp-json\/wp\/v2\/posts\/3301","targetHints":{"allow":["GET"]}}],"collection":[{"href":"https:\/\/www.smedemokrati.sk\/cs\/wp-json\/wp\/v2\/posts"}],"about":[{"href":"https:\/\/www.smedemokrati.sk\/cs\/wp-json\/wp\/v2\/types\/post"}],"author":[{"embeddable":true,"href":"https:\/\/www.smedemokrati.sk\/cs\/wp-json\/wp\/v2\/users\/13"}],"replies":[{"embeddable":true,"href":"https:\/\/www.smedemokrati.sk\/cs\/wp-json\/wp\/v2\/comments?post=3301"}],"version-history":[{"count":1,"href":"https:\/\/www.smedemokrati.sk\/cs\/wp-json\/wp\/v2\/posts\/3301\/revisions"}],"predecessor-version":[{"id":3303,"href":"https:\/\/www.smedemokrati.sk\/cs\/wp-json\/wp\/v2\/posts\/3301\/revisions\/3303"}],"wp:featuredmedia":[{"embeddable":true,"href":"https:\/\/www.smedemokrati.sk\/cs\/wp-json\/wp\/v2\/media\/3302"}],"wp:attachment":[{"href":"https:\/\/www.smedemokrati.sk\/cs\/wp-json\/wp\/v2\/media?parent=3301"}],"wp:term":[{"taxonomy":"category","embeddable":true,"href":"https:\/\/www.smedemokrati.sk\/cs\/wp-json\/wp\/v2\/categories?post=3301"},{"taxonomy":"post_tag","embeddable":true,"href":"https:\/\/www.smedemokrati.sk\/cs\/wp-json\/wp\/v2\/tags?post=3301"}],"curies":[{"name":"wp","href":"https:\/\/api.w.org\/{rel}","templated":true}]}}