{"id":3250,"date":"2024-03-25T13:44:29","date_gmt":"2024-03-25T12:44:29","guid":{"rendered":"https:\/\/www.smedemokrati.sk\/?p=3250"},"modified":"2024-03-27T15:11:57","modified_gmt":"2024-03-27T14:11:57","slug":"harabin-nevie-uniest-tarchu-nasho-trestneho-oznamenia-preto-nechutne-zautocil","status":"publish","type":"post","link":"https:\/\/www.smedemokrati.sk\/cs\/harabin-nevie-uniest-tarchu-nasho-trestneho-oznamenia-preto-nechutne-zautocil\/","title":{"rendered":"Harabin nevie unies\u0165 \u0165archu n\u00e1\u0161ho trestn\u00e9ho ozn\u00e1menia, preto nechutne za\u00fato\u010dil"},"content":{"rendered":"<div id=\"fb-root\"><\/div>\n\n<p><strong>Ne\u00faspe\u0161n\u00fd kandid\u00e1t na prezidenta verb\u00e1lne napadol \u010dlena Demokratov Kristi\u00e1na \u010cekovsk\u00e9ho kr\u00e1tko po skon\u010den\u00ed pojedn\u00e1vania, v ktorom je Harabin ob\u017ealovan\u00fd z trestn\u00fdch \u010dinov hanobenia rasy, n\u00e1roda, presved\u010denia a schva\u013eovania trestn\u00e9ho \u010dinu.<\/strong><\/p>\n\n\n\n<p><em>\u201eOd \u010dloveka, ktor\u00fd obhajuje vra\u017edenie tis\u00edcov nevinn\u00fdch \u013eud\u00ed, budeme \u0165a\u017eko o\u010dak\u00e1va\u0165 nie\u010do in\u00e9, ako bezbreh\u00e9 ur\u00e1\u017eky vo\u010di v\u0161etk\u00fdm, ktor\u00ed sa mu postavia,<\/em>\u201c doplnil \u010cekovsk\u00fd s t\u00fdm, \u017ee sa z\u00e1rove\u0148 di\u0161tancuje od v\u0161etk\u00fdch nezmyslov, ktor\u00fdmi ho \u0160tefan Harabin pred budovou \u0160pecializovan\u00e9ho trestn\u00e9ho s\u00fadu v Pezinku ozna\u010dil.&nbsp;<\/p>\n\n\n\n<p>Aj priebeh hlavn\u00e9ho pojedn\u00e1vania bol pod\u013ea \u010cekovsk\u00e9ho ned\u00f4stojn\u00fd.&nbsp;<em>\u201eOb\u017ealovan\u00fd neust\u00e1le vykrikoval, sk\u00e1kal sudcovi do re\u010di a prokur\u00e1torov ozna\u010doval za p\u00e1chate\u013eov trestnej \u010dinnosti a \u010dastoval ich r\u00f4znymi ur\u00e1\u017ekami. Nerozumiem, ako sa m\u00f4\u017ee niekto takto ne\u00factivo spr\u00e1va\u0165 pred s\u00fadom,&#8220;<\/em>&nbsp;op\u00edsal \u010cekovsk\u00fd.<\/p>\n\n\n\n<p><em>\u201eAk niekto obhajuje vra\u017edenie \u013eud\u00ed alebo schva\u013euje vojensk\u00fa agresiu, mus\u00edme sa tomu postavi\u0165. Plat\u00ed to nielen v re\u00e1lnom \u017eivote, ale aj na soci\u00e1lnych sie\u0165ach. My sme tak urobili v\u00fdlu\u010dne prostriedkami, ktor\u00e9 n\u00e1m poskytuje trestn\u00fd z\u00e1kon. To, \u010di do\u0161lo k naplneniu trestn\u00fdch \u010dinov, rozhodn\u00fa nez\u00e1visl\u00e9 s\u00fady,\u201c<\/em>&nbsp;uzavrel \u010cekovsk\u00fd a dodal, \u017ee toto konanie vypoved\u00e1 o tom, \u017ee \u0160. Harabin nevie unies\u0165 \u0165archu trestn\u00e9ho ozn\u00e1menia, ktor\u00e9 Demokrati podali.<\/p>\n\n\n\n<p>&#8222;<em>\u0160tefan Harabin sa roky spr\u00e1va akoby on mohol v\u0161etko. Nem\u00f4\u017ee a nesmie aj preto sme podali trestn\u00e9 ozn\u00e1menie. P\u00e1n Harabin u\u017e zrazu nebol tak\u00fd hrdina ako pred dvoma rokmi. Predpoklad\u00e1m, \u017ee po tom, ako vyu\u017eije v\u0161etky mo\u017en\u00e9 ob\u0161trukcie vyhl\u00e1si, \u017ee on vlastne ani nevie robi\u0165 s po\u010d\u00edta\u010dom alebo predmetn\u00fd status nap\u00edsal niekto in\u00fd. Jednoducho, ke\u010f m\u00e1 Harabin nies\u0165 zodpovednos\u0165, h\u013ead\u00e1 v\u0161etky cesty, ako by mohol utiec\u0165. Harabin bude nov\u00fd Miz\u00edk.<\/em>&#8220; hovor\u00ed Juraj \u0160eliga, expert strany pre pr\u00e1vo a spravodlivos\u0165.&nbsp;<\/p>\n\n\n\n<p>Harabin sa mal skutkov dopusti\u0165 e\u0161te v roku 2022, kr\u00e1tko po vp\u00e1de rusk\u00fdch vojsk na Ukrajinu. Na soci\u00e1lnu sie\u0165 vtedy nap\u00edsal napr\u00edklad aj to, \u017ee by urobil presne to ist\u00e9, \u010do Putin. Kristi\u00e1n \u010cekovsk\u00fd, Andrej Stan\u010d\u00edk aj Juraj \u0160eliga podali pre tieto vyjadrenia trestn\u00e9 ozn\u00e1menia.&nbsp;Vzh\u013eadom na to, \u017ee ob\u017ealovan\u00fd podal s\u0165a\u017enos\u0165, hlavn\u00e9 pojedn\u00e1vanie nebude pokra\u010dova\u0165, k\u00fdm o nej&nbsp;nerozhodne&nbsp;Najvy\u0161\u0161\u00ed s\u00fad SR.<\/p>\n","protected":false},"excerpt":{"rendered":"<p>Ne\u00faspe\u0161n\u00fd kandid\u00e1t na prezidenta verb\u00e1lne napadol \u010dlena Demokratov Kristi\u00e1na \u010cekovsk\u00e9ho kr\u00e1tko po skon\u010den\u00ed pojedn\u00e1vania, v ktorom je Harabin ob\u017ealovan\u00fd z trestn\u00fdch \u010dinov hanobenia rasy, n\u00e1roda, presved\u010denia a schva\u013eovania trestn\u00e9ho \u010dinu. \u201eOd \u010dloveka, ktor\u00fd obhajuje vra\u017edenie tis\u00edcov nevinn\u00fdch \u013eud\u00ed, budeme \u0165a\u017eko o\u010dak\u00e1va\u0165 nie\u010do in\u00e9, ako bezbreh\u00e9 ur\u00e1\u017eky vo\u010di v\u0161etk\u00fdm, ktor\u00ed sa mu postavia,\u201c doplnil \u010cekovsk\u00fd s [&hellip;]<\/p>\n","protected":false},"author":13,"featured_media":3251,"comment_status":"closed","ping_status":"closed","sticky":false,"template":"","format":"standard","meta":{"_acf_changed":false,"ngg_post_thumbnail":0,"footnotes":""},"categories":[4],"tags":[],"class_list":["post-3250","post","type-post","status-publish","format-standard","has-post-thumbnail","hentry","category-tlacove-spravy"],"acf":[],"yoast_head":"<!-- This site is optimized with the Yoast SEO plugin v27.2 - https:\/\/yoast.com\/product\/yoast-seo-wordpress\/ -->\n<title>Harabin nevie unies\u0165 \u0165archu n\u00e1\u0161ho trestn\u00e9ho ozn\u00e1menia, preto nechutne za\u00fato\u010dil - Smedemokrati.sk<\/title>\n<meta name=\"robots\" content=\"index, follow, max-snippet:-1, max-image-preview:large, max-video-preview:-1\" \/>\n<link rel=\"canonical\" href=\"https:\/\/www.smedemokrati.sk\/cs\/harabin-nevie-uniest-tarchu-nasho-trestneho-oznamenia-preto-nechutne-zautocil\/\" \/>\n<meta property=\"og:locale\" content=\"cs_CZ\" \/>\n<meta property=\"og:locale:alternate\" content=\"en_US\" \/>\n<meta property=\"og:locale:alternate\" content=\"hu_HU\" \/>\n<meta property=\"og:locale:alternate\" content=\"sk_SK\" \/>\n<meta property=\"og:locale:alternate\" content=\"sv_SE\" \/>\n<meta property=\"og:type\" content=\"article\" \/>\n<meta property=\"og:title\" content=\"Harabin nevie unies\u0165 \u0165archu n\u00e1\u0161ho trestn\u00e9ho ozn\u00e1menia, preto nechutne za\u00fato\u010dil - Smedemokrati.sk\" \/>\n<meta property=\"og:description\" content=\"Ne\u00faspe\u0161n\u00fd kandid\u00e1t na prezidenta verb\u00e1lne napadol \u010dlena Demokratov Kristi\u00e1na \u010cekovsk\u00e9ho kr\u00e1tko po skon\u010den\u00ed pojedn\u00e1vania, v ktorom je Harabin ob\u017ealovan\u00fd z trestn\u00fdch \u010dinov hanobenia rasy, n\u00e1roda, presved\u010denia a schva\u013eovania trestn\u00e9ho \u010dinu. \u201eOd \u010dloveka, ktor\u00fd obhajuje vra\u017edenie tis\u00edcov nevinn\u00fdch \u013eud\u00ed, budeme \u0165a\u017eko o\u010dak\u00e1va\u0165 nie\u010do in\u00e9, ako bezbreh\u00e9 ur\u00e1\u017eky vo\u010di v\u0161etk\u00fdm, ktor\u00ed sa mu postavia,\u201c doplnil \u010cekovsk\u00fd s [&hellip;]\" \/>\n<meta property=\"og:url\" content=\"https:\/\/www.smedemokrati.sk\/cs\/harabin-nevie-uniest-tarchu-nasho-trestneho-oznamenia-preto-nechutne-zautocil\/\" \/>\n<meta property=\"og:site_name\" content=\"Smedemokrati.sk\" \/>\n<meta property=\"article:publisher\" content=\"https:\/\/www.facebook.com\/smedemokrati2023\" \/>\n<meta property=\"article:published_time\" content=\"2024-03-25T12:44:29+00:00\" \/>\n<meta property=\"article:modified_time\" content=\"2024-03-27T14:11:57+00:00\" \/>\n<meta property=\"og:image\" content=\"https:\/\/www.smedemokrati.sk\/wp-content\/uploads\/2024\/03\/harabin.jpg\" \/>\n\t<meta property=\"og:image:width\" content=\"960\" \/>\n\t<meta property=\"og:image:height\" content=\"540\" \/>\n\t<meta property=\"og:image:type\" content=\"image\/jpeg\" \/>\n<meta name=\"author\" content=\"miro.sopko\" \/>\n<meta name=\"twitter:card\" content=\"summary_large_image\" \/>\n<meta name=\"twitter:label1\" content=\"Napsal(a)\" \/>\n\t<meta name=\"twitter:data1\" content=\"miro.sopko\" \/>\n\t<meta name=\"twitter:label2\" content=\"Odhadovan\u00e1 doba \u010dten\u00ed\" \/>\n\t<meta name=\"twitter:data2\" content=\"2 minuty\" \/>\n<script type=\"application\/ld+json\" class=\"yoast-schema-graph\">{\"@context\":\"https:\/\/schema.org\",\"@graph\":[{\"@type\":\"Article\",\"@id\":\"https:\/\/www.smedemokrati.sk\/harabin-nevie-uniest-tarchu-nasho-trestneho-oznamenia-preto-nechutne-zautocil\/#article\",\"isPartOf\":{\"@id\":\"https:\/\/www.smedemokrati.sk\/harabin-nevie-uniest-tarchu-nasho-trestneho-oznamenia-preto-nechutne-zautocil\/\"},\"author\":{\"name\":\"miro.sopko\",\"@id\":\"https:\/\/www.smedemokrati.sk\/#\/schema\/person\/21f147c88d605aa7ded900e1e7c344ba\"},\"headline\":\"Harabin nevie unies\u0165 \u0165archu n\u00e1\u0161ho trestn\u00e9ho ozn\u00e1menia, preto nechutne za\u00fato\u010dil\",\"datePublished\":\"2024-03-25T12:44:29+00:00\",\"dateModified\":\"2024-03-27T14:11:57+00:00\",\"mainEntityOfPage\":{\"@id\":\"https:\/\/www.smedemokrati.sk\/harabin-nevie-uniest-tarchu-nasho-trestneho-oznamenia-preto-nechutne-zautocil\/\"},\"wordCount\":451,\"publisher\":{\"@id\":\"https:\/\/www.smedemokrati.sk\/#organization\"},\"image\":{\"@id\":\"https:\/\/www.smedemokrati.sk\/harabin-nevie-uniest-tarchu-nasho-trestneho-oznamenia-preto-nechutne-zautocil\/#primaryimage\"},\"thumbnailUrl\":\"https:\/\/www.smedemokrati.sk\/wp-content\/uploads\/2024\/03\/harabin.jpg\",\"articleSection\":[\"Tla\u010dov\u00e9 spr\u00e1vy\"],\"inLanguage\":\"cs-CZ\"},{\"@type\":\"WebPage\",\"@id\":\"https:\/\/www.smedemokrati.sk\/harabin-nevie-uniest-tarchu-nasho-trestneho-oznamenia-preto-nechutne-zautocil\/\",\"url\":\"https:\/\/www.smedemokrati.sk\/harabin-nevie-uniest-tarchu-nasho-trestneho-oznamenia-preto-nechutne-zautocil\/\",\"name\":\"Harabin nevie unies\u0165 \u0165archu n\u00e1\u0161ho trestn\u00e9ho ozn\u00e1menia, preto nechutne za\u00fato\u010dil - Smedemokrati.sk\",\"isPartOf\":{\"@id\":\"https:\/\/www.smedemokrati.sk\/#website\"},\"primaryImageOfPage\":{\"@id\":\"https:\/\/www.smedemokrati.sk\/harabin-nevie-uniest-tarchu-nasho-trestneho-oznamenia-preto-nechutne-zautocil\/#primaryimage\"},\"image\":{\"@id\":\"https:\/\/www.smedemokrati.sk\/harabin-nevie-uniest-tarchu-nasho-trestneho-oznamenia-preto-nechutne-zautocil\/#primaryimage\"},\"thumbnailUrl\":\"https:\/\/www.smedemokrati.sk\/wp-content\/uploads\/2024\/03\/harabin.jpg\",\"datePublished\":\"2024-03-25T12:44:29+00:00\",\"dateModified\":\"2024-03-27T14:11:57+00:00\",\"breadcrumb\":{\"@id\":\"https:\/\/www.smedemokrati.sk\/harabin-nevie-uniest-tarchu-nasho-trestneho-oznamenia-preto-nechutne-zautocil\/#breadcrumb\"},\"inLanguage\":\"cs-CZ\",\"potentialAction\":[{\"@type\":\"ReadAction\",\"target\":[\"https:\/\/www.smedemokrati.sk\/harabin-nevie-uniest-tarchu-nasho-trestneho-oznamenia-preto-nechutne-zautocil\/\"]}]},{\"@type\":\"ImageObject\",\"inLanguage\":\"cs-CZ\",\"@id\":\"https:\/\/www.smedemokrati.sk\/harabin-nevie-uniest-tarchu-nasho-trestneho-oznamenia-preto-nechutne-zautocil\/#primaryimage\",\"url\":\"https:\/\/www.smedemokrati.sk\/wp-content\/uploads\/2024\/03\/harabin.jpg\",\"contentUrl\":\"https:\/\/www.smedemokrati.sk\/wp-content\/uploads\/2024\/03\/harabin.jpg\",\"width\":960,\"height\":540},{\"@type\":\"BreadcrumbList\",\"@id\":\"https:\/\/www.smedemokrati.sk\/harabin-nevie-uniest-tarchu-nasho-trestneho-oznamenia-preto-nechutne-zautocil\/#breadcrumb\",\"itemListElement\":[{\"@type\":\"ListItem\",\"position\":1,\"name\":\"Domovsk\u00e1 str\u00e1nka\",\"item\":\"https:\/\/www.smedemokrati.sk\/\"},{\"@type\":\"ListItem\",\"position\":2,\"name\":\"Harabin nevie unies\u0165 \u0165archu n\u00e1\u0161ho trestn\u00e9ho ozn\u00e1menia, preto nechutne za\u00fato\u010dil\"}]},{\"@type\":\"WebSite\",\"@id\":\"https:\/\/www.smedemokrati.sk\/#website\",\"url\":\"https:\/\/www.smedemokrati.sk\/\",\"name\":\"Smedemokrati.sk\",\"description\":\"Demokracia a slu\u0161nos\u0165 zv\u00ed\u0165az\u00ed\",\"publisher\":{\"@id\":\"https:\/\/www.smedemokrati.sk\/#organization\"},\"potentialAction\":[{\"@type\":\"SearchAction\",\"target\":{\"@type\":\"EntryPoint\",\"urlTemplate\":\"https:\/\/www.smedemokrati.sk\/?s={search_term_string}\"},\"query-input\":{\"@type\":\"PropertyValueSpecification\",\"valueRequired\":true,\"valueName\":\"search_term_string\"}}],\"inLanguage\":\"cs-CZ\"},{\"@type\":\"Organization\",\"@id\":\"https:\/\/www.smedemokrati.sk\/#organization\",\"name\":\"Smedemokrati.sk\",\"url\":\"https:\/\/www.smedemokrati.sk\/\",\"logo\":{\"@type\":\"ImageObject\",\"inLanguage\":\"cs-CZ\",\"@id\":\"https:\/\/www.smedemokrati.sk\/#\/schema\/logo\/image\/\",\"url\":\"https:\/\/www.smedemokrati.sk\/wp-content\/uploads\/2023\/04\/ff.002.jpeg\",\"contentUrl\":\"https:\/\/www.smedemokrati.sk\/wp-content\/uploads\/2023\/04\/ff.002.jpeg\",\"width\":640,\"height\":480,\"caption\":\"Smedemokrati.sk\"},\"image\":{\"@id\":\"https:\/\/www.smedemokrati.sk\/#\/schema\/logo\/image\/\"},\"sameAs\":[\"https:\/\/www.facebook.com\/smedemokrati2023\"]},{\"@type\":\"Person\",\"@id\":\"https:\/\/www.smedemokrati.sk\/#\/schema\/person\/21f147c88d605aa7ded900e1e7c344ba\",\"name\":\"miro.sopko\",\"image\":{\"@type\":\"ImageObject\",\"inLanguage\":\"cs-CZ\",\"@id\":\"https:\/\/secure.gravatar.com\/avatar\/267e4a36f704376c109afe3a78740c1f5dd8675a2180a908699e7863c9247606?s=96&d=mm&r=g\",\"url\":\"https:\/\/secure.gravatar.com\/avatar\/267e4a36f704376c109afe3a78740c1f5dd8675a2180a908699e7863c9247606?s=96&d=mm&r=g\",\"contentUrl\":\"https:\/\/secure.gravatar.com\/avatar\/267e4a36f704376c109afe3a78740c1f5dd8675a2180a908699e7863c9247606?s=96&d=mm&r=g\",\"caption\":\"miro.sopko\"},\"url\":\"https:\/\/www.smedemokrati.sk\/cs\/author\/miro-sopko\/\"}]}<\/script>\n<!-- \/ Yoast SEO plugin. -->","yoast_head_json":{"title":"Harabin nevie unies\u0165 \u0165archu n\u00e1\u0161ho trestn\u00e9ho ozn\u00e1menia, preto nechutne za\u00fato\u010dil - Smedemokrati.sk","robots":{"index":"index","follow":"follow","max-snippet":"max-snippet:-1","max-image-preview":"max-image-preview:large","max-video-preview":"max-video-preview:-1"},"canonical":"https:\/\/www.smedemokrati.sk\/cs\/harabin-nevie-uniest-tarchu-nasho-trestneho-oznamenia-preto-nechutne-zautocil\/","og_locale":"cs_CZ","og_type":"article","og_title":"Harabin nevie unies\u0165 \u0165archu n\u00e1\u0161ho trestn\u00e9ho ozn\u00e1menia, preto nechutne za\u00fato\u010dil - Smedemokrati.sk","og_description":"Ne\u00faspe\u0161n\u00fd kandid\u00e1t na prezidenta verb\u00e1lne napadol \u010dlena Demokratov Kristi\u00e1na \u010cekovsk\u00e9ho kr\u00e1tko po skon\u010den\u00ed pojedn\u00e1vania, v ktorom je Harabin ob\u017ealovan\u00fd z trestn\u00fdch \u010dinov hanobenia rasy, n\u00e1roda, presved\u010denia a schva\u013eovania trestn\u00e9ho \u010dinu. \u201eOd \u010dloveka, ktor\u00fd obhajuje vra\u017edenie tis\u00edcov nevinn\u00fdch \u013eud\u00ed, budeme \u0165a\u017eko o\u010dak\u00e1va\u0165 nie\u010do in\u00e9, ako bezbreh\u00e9 ur\u00e1\u017eky vo\u010di v\u0161etk\u00fdm, ktor\u00ed sa mu postavia,\u201c doplnil \u010cekovsk\u00fd s [&hellip;]","og_url":"https:\/\/www.smedemokrati.sk\/cs\/harabin-nevie-uniest-tarchu-nasho-trestneho-oznamenia-preto-nechutne-zautocil\/","og_site_name":"Smedemokrati.sk","article_publisher":"https:\/\/www.facebook.com\/smedemokrati2023","article_published_time":"2024-03-25T12:44:29+00:00","article_modified_time":"2024-03-27T14:11:57+00:00","og_image":[{"width":960,"height":540,"url":"https:\/\/www.smedemokrati.sk\/wp-content\/uploads\/2024\/03\/harabin.jpg","type":"image\/jpeg"}],"author":"miro.sopko","twitter_card":"summary_large_image","twitter_misc":{"Napsal(a)":"miro.sopko","Odhadovan\u00e1 doba \u010dten\u00ed":"2 minuty"},"schema":{"@context":"https:\/\/schema.org","@graph":[{"@type":"Article","@id":"https:\/\/www.smedemokrati.sk\/harabin-nevie-uniest-tarchu-nasho-trestneho-oznamenia-preto-nechutne-zautocil\/#article","isPartOf":{"@id":"https:\/\/www.smedemokrati.sk\/harabin-nevie-uniest-tarchu-nasho-trestneho-oznamenia-preto-nechutne-zautocil\/"},"author":{"name":"miro.sopko","@id":"https:\/\/www.smedemokrati.sk\/#\/schema\/person\/21f147c88d605aa7ded900e1e7c344ba"},"headline":"Harabin nevie unies\u0165 \u0165archu n\u00e1\u0161ho trestn\u00e9ho ozn\u00e1menia, preto nechutne za\u00fato\u010dil","datePublished":"2024-03-25T12:44:29+00:00","dateModified":"2024-03-27T14:11:57+00:00","mainEntityOfPage":{"@id":"https:\/\/www.smedemokrati.sk\/harabin-nevie-uniest-tarchu-nasho-trestneho-oznamenia-preto-nechutne-zautocil\/"},"wordCount":451,"publisher":{"@id":"https:\/\/www.smedemokrati.sk\/#organization"},"image":{"@id":"https:\/\/www.smedemokrati.sk\/harabin-nevie-uniest-tarchu-nasho-trestneho-oznamenia-preto-nechutne-zautocil\/#primaryimage"},"thumbnailUrl":"https:\/\/www.smedemokrati.sk\/wp-content\/uploads\/2024\/03\/harabin.jpg","articleSection":["Tla\u010dov\u00e9 spr\u00e1vy"],"inLanguage":"cs-CZ"},{"@type":"WebPage","@id":"https:\/\/www.smedemokrati.sk\/harabin-nevie-uniest-tarchu-nasho-trestneho-oznamenia-preto-nechutne-zautocil\/","url":"https:\/\/www.smedemokrati.sk\/harabin-nevie-uniest-tarchu-nasho-trestneho-oznamenia-preto-nechutne-zautocil\/","name":"Harabin nevie unies\u0165 \u0165archu n\u00e1\u0161ho trestn\u00e9ho ozn\u00e1menia, preto nechutne za\u00fato\u010dil - Smedemokrati.sk","isPartOf":{"@id":"https:\/\/www.smedemokrati.sk\/#website"},"primaryImageOfPage":{"@id":"https:\/\/www.smedemokrati.sk\/harabin-nevie-uniest-tarchu-nasho-trestneho-oznamenia-preto-nechutne-zautocil\/#primaryimage"},"image":{"@id":"https:\/\/www.smedemokrati.sk\/harabin-nevie-uniest-tarchu-nasho-trestneho-oznamenia-preto-nechutne-zautocil\/#primaryimage"},"thumbnailUrl":"https:\/\/www.smedemokrati.sk\/wp-content\/uploads\/2024\/03\/harabin.jpg","datePublished":"2024-03-25T12:44:29+00:00","dateModified":"2024-03-27T14:11:57+00:00","breadcrumb":{"@id":"https:\/\/www.smedemokrati.sk\/harabin-nevie-uniest-tarchu-nasho-trestneho-oznamenia-preto-nechutne-zautocil\/#breadcrumb"},"inLanguage":"cs-CZ","potentialAction":[{"@type":"ReadAction","target":["https:\/\/www.smedemokrati.sk\/harabin-nevie-uniest-tarchu-nasho-trestneho-oznamenia-preto-nechutne-zautocil\/"]}]},{"@type":"ImageObject","inLanguage":"cs-CZ","@id":"https:\/\/www.smedemokrati.sk\/harabin-nevie-uniest-tarchu-nasho-trestneho-oznamenia-preto-nechutne-zautocil\/#primaryimage","url":"https:\/\/www.smedemokrati.sk\/wp-content\/uploads\/2024\/03\/harabin.jpg","contentUrl":"https:\/\/www.smedemokrati.sk\/wp-content\/uploads\/2024\/03\/harabin.jpg","width":960,"height":540},{"@type":"BreadcrumbList","@id":"https:\/\/www.smedemokrati.sk\/harabin-nevie-uniest-tarchu-nasho-trestneho-oznamenia-preto-nechutne-zautocil\/#breadcrumb","itemListElement":[{"@type":"ListItem","position":1,"name":"Domovsk\u00e1 str\u00e1nka","item":"https:\/\/www.smedemokrati.sk\/"},{"@type":"ListItem","position":2,"name":"Harabin nevie unies\u0165 \u0165archu n\u00e1\u0161ho trestn\u00e9ho ozn\u00e1menia, preto nechutne za\u00fato\u010dil"}]},{"@type":"WebSite","@id":"https:\/\/www.smedemokrati.sk\/#website","url":"https:\/\/www.smedemokrati.sk\/","name":"Smedemokrati.sk","description":"Demokracia a slu\u0161nos\u0165 zv\u00ed\u0165az\u00ed","publisher":{"@id":"https:\/\/www.smedemokrati.sk\/#organization"},"potentialAction":[{"@type":"SearchAction","target":{"@type":"EntryPoint","urlTemplate":"https:\/\/www.smedemokrati.sk\/?s={search_term_string}"},"query-input":{"@type":"PropertyValueSpecification","valueRequired":true,"valueName":"search_term_string"}}],"inLanguage":"cs-CZ"},{"@type":"Organization","@id":"https:\/\/www.smedemokrati.sk\/#organization","name":"Smedemokrati.sk","url":"https:\/\/www.smedemokrati.sk\/","logo":{"@type":"ImageObject","inLanguage":"cs-CZ","@id":"https:\/\/www.smedemokrati.sk\/#\/schema\/logo\/image\/","url":"https:\/\/www.smedemokrati.sk\/wp-content\/uploads\/2023\/04\/ff.002.jpeg","contentUrl":"https:\/\/www.smedemokrati.sk\/wp-content\/uploads\/2023\/04\/ff.002.jpeg","width":640,"height":480,"caption":"Smedemokrati.sk"},"image":{"@id":"https:\/\/www.smedemokrati.sk\/#\/schema\/logo\/image\/"},"sameAs":["https:\/\/www.facebook.com\/smedemokrati2023"]},{"@type":"Person","@id":"https:\/\/www.smedemokrati.sk\/#\/schema\/person\/21f147c88d605aa7ded900e1e7c344ba","name":"miro.sopko","image":{"@type":"ImageObject","inLanguage":"cs-CZ","@id":"https:\/\/secure.gravatar.com\/avatar\/267e4a36f704376c109afe3a78740c1f5dd8675a2180a908699e7863c9247606?s=96&d=mm&r=g","url":"https:\/\/secure.gravatar.com\/avatar\/267e4a36f704376c109afe3a78740c1f5dd8675a2180a908699e7863c9247606?s=96&d=mm&r=g","contentUrl":"https:\/\/secure.gravatar.com\/avatar\/267e4a36f704376c109afe3a78740c1f5dd8675a2180a908699e7863c9247606?s=96&d=mm&r=g","caption":"miro.sopko"},"url":"https:\/\/www.smedemokrati.sk\/cs\/author\/miro-sopko\/"}]}},"_links":{"self":[{"href":"https:\/\/www.smedemokrati.sk\/cs\/wp-json\/wp\/v2\/posts\/3250","targetHints":{"allow":["GET"]}}],"collection":[{"href":"https:\/\/www.smedemokrati.sk\/cs\/wp-json\/wp\/v2\/posts"}],"about":[{"href":"https:\/\/www.smedemokrati.sk\/cs\/wp-json\/wp\/v2\/types\/post"}],"author":[{"embeddable":true,"href":"https:\/\/www.smedemokrati.sk\/cs\/wp-json\/wp\/v2\/users\/13"}],"replies":[{"embeddable":true,"href":"https:\/\/www.smedemokrati.sk\/cs\/wp-json\/wp\/v2\/comments?post=3250"}],"version-history":[{"count":1,"href":"https:\/\/www.smedemokrati.sk\/cs\/wp-json\/wp\/v2\/posts\/3250\/revisions"}],"predecessor-version":[{"id":3252,"href":"https:\/\/www.smedemokrati.sk\/cs\/wp-json\/wp\/v2\/posts\/3250\/revisions\/3252"}],"wp:featuredmedia":[{"embeddable":true,"href":"https:\/\/www.smedemokrati.sk\/cs\/wp-json\/wp\/v2\/media\/3251"}],"wp:attachment":[{"href":"https:\/\/www.smedemokrati.sk\/cs\/wp-json\/wp\/v2\/media?parent=3250"}],"wp:term":[{"taxonomy":"category","embeddable":true,"href":"https:\/\/www.smedemokrati.sk\/cs\/wp-json\/wp\/v2\/categories?post=3250"},{"taxonomy":"post_tag","embeddable":true,"href":"https:\/\/www.smedemokrati.sk\/cs\/wp-json\/wp\/v2\/tags?post=3250"}],"curies":[{"name":"wp","href":"https:\/\/api.w.org\/{rel}","templated":true}]}}