{"id":3222,"date":"2024-03-22T17:44:29","date_gmt":"2024-03-22T16:44:29","guid":{"rendered":"https:\/\/www.smedemokrati.sk\/?p=3222"},"modified":"2024-03-27T15:11:50","modified_gmt":"2024-03-27T14:11:50","slug":"fraska-s-nazvom-rozporove-konanie-na-ministerstve-kultury","status":"publish","type":"post","link":"https:\/\/www.smedemokrati.sk\/cs\/fraska-s-nazvom-rozporove-konanie-na-ministerstve-kultury\/","title":{"rendered":"Fra\u0161ka s n\u00e1zvom rozporov\u00e9 konanie na ministerstve kult\u00fary"},"content":{"rendered":"<div id=\"fb-root\"><\/div>\n\n<p><strong>Demokrati sa z\u00fa\u010dastnili rozporov\u00e9ho konania k z\u00e1konu o RTVS, ktor\u00fdm chce vl\u00e1da spolitizova\u0165 verejnopr\u00e1vne m\u00e9dium a vyu\u017e\u00edva\u0165 ho na vlastn\u00fa propagandu. Pod\u013ea z\u00e1stupcov strany bolo konanie, ktor\u00e9 m\u00e1 by\u0165 za \u0161tandardn\u00fdch okolnost\u00ed n\u00e1strojom rokovania a h\u013eadania \u00fastupkov na oboch stran\u00e1ch, form\u00e1lnou fra\u0161kou a prejavom absol\u00fatnej arogancie moci.<\/strong><\/p>\n\n\n\n<p><em>\u201eVl\u00e1dnym predstavite\u013eom absol\u00fatne nez\u00e1le\u017e\u00ed na n\u00e1zore \u013eud\u00ed, odborn\u00edkov a zamestnancov RTVS, ktor\u00ed sa hromadne vyslovili, \u017ee nov\u00fd z\u00e1kon o Slovenskej telev\u00edzii a rozhlase je neprijate\u013en\u00fd,\u201c<\/em> zhodnotil rokovanie b\u00fdval\u00fd predseda V\u00fdboru NR SR pre kult\u00faru a m\u00e9di\u00e1 Kristi\u00e1n \u010cekovsk\u00fd.<\/p>\n\n\n\n<p>Demokrati sa z\u00fa\u010dastnili rozporov\u00e9ho konania na z\u00e1klade hromadnej pripomienky, pod ktor\u00fa sa stihlo podp\u00edsa\u0165 pribli\u017ene osem tis\u00edc \u013eud\u00ed.<em> \u201eDostali sme mand\u00e1t zastupova\u0165 v\u0161etk\u00fdch \u013eud\u00ed, ktor\u00ed si nepraj\u00fa likvid\u00e1ciu verejnopr\u00e1vnej RTVS a slobody m\u00e9di\u00ed. Rozporov\u00e9 konanie v\u0161ak ozna\u010dujem za fra\u0161ku, ktor\u00e1 nemala ni\u010d spolo\u010dn\u00e9 s h\u013eadan\u00edm schodn\u00e9ho rie\u0161enia. Vedenie ministerstva kult\u00fary urobilo form\u00e1lne \u010do malo. Dne\u0161ok bol v\u0161ak potvrden\u00edm arogancie moci a poh\u0155dan\u00edm verejnosti,\u201c<\/em> povedal \u010cekovsk\u00fd a zd\u00f4raznil, \u017ee vl\u00e1da chce n\u00e1vrh schv\u00e1li\u0165 u\u017e v stredu na v\u00fdjazdovom rokovan\u00ed a expresne ho posla\u0165 do parlamentu.<\/p>\n\n\n\n<p>Na rokovan\u00ed bol aj advok\u00e1t Michal Ki\u010da, ktor\u00fd pozorne sleduje legislat\u00edvny proces: <em>\u201ePostup ministerstva kult\u00fary z\u00e1va\u017ene&nbsp;poru\u0161uje legislat\u00edvny proces a z\u00e1kon o tvorbe pr\u00e1vnych predpisov. Z\u00e1stupcovia rezortu ani dnes nevedeli uvies\u0165 d\u00f4vody pre skr\u00e1ten\u00e9 legislat\u00edvne konanie a nevedeli tie\u017e&nbsp;vysvetli\u0165 potrebu prijatia z\u00e1kona. Z\u00e1rove\u0148 je \u0161okuj\u00face, \u017ee nikto z rezortu nepoprel, \u017ee v tejto veci ide o politick\u00fd mot\u00edv. Ministerstvo to obhajuje anal\u00fdzou, ktor\u00fa&nbsp;v\u0161ak doposia\u013e nezverejnilo. Verejnos\u0165 ju mus\u00ed okam\u017eite vidie\u0165. O\u010dak\u00e1vame vyhodnotenie pripomienok, ktor\u00e9 n\u00e1m dnes z\u00e1stupcovia rezortu neposkytli. T\u00fdmto nie s\u00fa splnen\u00e9 podmienky legislat\u00edvneho procesu a ak v \u0148om aj napriek tomu bud\u00fa pokra\u010dova\u0165, rezort poru\u0161\u00ed z\u00e1kon.\u201c <\/em><\/p>\n\n\n\n<p>Demokrati upozornili \u0161t\u00e1tneho tajomn\u00edka Berna\u0165\u00e1ka a gener\u00e1lneho tajomn\u00edka slu\u017eobn\u00e9ho \u00faradu Machalu na proti\u00fastavnos\u0165 n\u00e1vrhu z\u00e1kona a jeho rozpor s eur\u00f3pskymi predpismi o slobode&nbsp;m\u00e9di\u00ed.<\/p>\n\n\n\n<p>Strana vyz\u00fdva na stiahnutie n\u00e1vrhu, preto\u017ee rozporov\u00e9 konanie uk\u00e1zalo, \u017ee materi\u00e1l je nepripraven\u00fd, neodborn\u00fd a politizuje RTVS. \u010clenku predsedn\u00edctva a umelky\u0148u Dorotu Nvotov\u00fa mrz\u00ed, \u017ee sa pr\u00e1ve v\u010faka tak\u00e9muto pr\u00edstupu vytr\u00e1ca v spolo\u010dnosti dial\u00f3g a oh\u013eaduplnos\u0165 vo\u010di in\u00e9mu n\u00e1zoru: <em>\u201eViete, dva a pol roka som \u017eila v Rusku kde je vl\u00e1da nad z\u00e1kon a ak\u00e9ko\u013evek n\u00e1m zn\u00e1me pravidl\u00e1. Dovol\u00edm si poveda\u0165, \u017ee dnes som sa na ministerstve kult\u00fary preniesla v \u010dase sp\u00e4\u0165 do krajiny, kde neexistuje dial\u00f3g. Neprajem si, aby bola RTVS novou Russia-1, ktor\u00e1 bude hlasnou tr\u00fabou klamstiev a v\u00fdmyslov. Nepraj\u00fa si to \u013eudia na Slovensku a nepraje si to ani zbytok demokratickej Eur\u00f3py, ktor\u00fd u\u017e d\u00e1va jasne najavo, \u017ee na\u0161a krajina sa pomaly ale isto vrh\u00e1 do n\u00e1ru\u010dia rusk\u00e9mu agresorovi. Tak\u00e9muto zlu nem\u00f4\u017eeme ust\u00fapi\u0165,\u201d<\/em> okomentovala Nvotov\u00e1.<\/p>\n\n\n\n<iframe src=\"https:\/\/www.facebook.com\/plugins\/video.php?href=https%3A%2F%2Fwww.facebook.com%2Fsmedemokrati2023%2Fvideos%2F385451821079695%2F&#038;width=600&#038;show_text=false&#038;appId=361313990972954&#038;height=1067\" width=\"600\" height=\"1067\" style=\"border:none;overflow:hidden\" scrolling=\"no\" frameborder=\"0\" allowfullscreen=\"true\" allow=\"autoplay; clipboard-write; encrypted-media; picture-in-picture; web-share\" allowFullScreen=\"true\"><\/iframe>\n","protected":false},"excerpt":{"rendered":"<p>Demokrati sa z\u00fa\u010dastnili rozporov\u00e9ho konania k z\u00e1konu o RTVS, ktor\u00fdm chce vl\u00e1da spolitizova\u0165 verejnopr\u00e1vne m\u00e9dium a vyu\u017e\u00edva\u0165 ho na vlastn\u00fa propagandu. Pod\u013ea z\u00e1stupcov strany bolo konanie, ktor\u00e9 m\u00e1 by\u0165 za \u0161tandardn\u00fdch okolnost\u00ed n\u00e1strojom rokovania a h\u013eadania \u00fastupkov na oboch stran\u00e1ch, form\u00e1lnou fra\u0161kou a prejavom absol\u00fatnej arogancie moci. \u201eVl\u00e1dnym predstavite\u013eom absol\u00fatne nez\u00e1le\u017e\u00ed na n\u00e1zore \u013eud\u00ed, odborn\u00edkov [&hellip;]<\/p>\n","protected":false},"author":13,"featured_media":3223,"comment_status":"closed","ping_status":"closed","sticky":false,"template":"","format":"standard","meta":{"_acf_changed":false,"ngg_post_thumbnail":0,"footnotes":""},"categories":[4],"tags":[],"class_list":["post-3222","post","type-post","status-publish","format-standard","has-post-thumbnail","hentry","category-tlacove-spravy"],"acf":[],"yoast_head":"<!-- This site is optimized with the Yoast SEO plugin v27.2 - https:\/\/yoast.com\/product\/yoast-seo-wordpress\/ -->\n<title>Fra\u0161ka s n\u00e1zvom rozporov\u00e9 konanie na ministerstve kult\u00fary - Smedemokrati.sk<\/title>\n<meta name=\"robots\" content=\"index, follow, max-snippet:-1, max-image-preview:large, max-video-preview:-1\" \/>\n<link rel=\"canonical\" href=\"https:\/\/www.smedemokrati.sk\/cs\/fraska-s-nazvom-rozporove-konanie-na-ministerstve-kultury\/\" \/>\n<meta property=\"og:locale\" content=\"cs_CZ\" \/>\n<meta property=\"og:locale:alternate\" content=\"en_US\" \/>\n<meta property=\"og:locale:alternate\" content=\"hu_HU\" \/>\n<meta property=\"og:locale:alternate\" content=\"sk_SK\" \/>\n<meta property=\"og:locale:alternate\" content=\"sv_SE\" \/>\n<meta property=\"og:type\" content=\"article\" \/>\n<meta property=\"og:title\" content=\"Fra\u0161ka s n\u00e1zvom rozporov\u00e9 konanie na ministerstve kult\u00fary - Smedemokrati.sk\" \/>\n<meta property=\"og:description\" content=\"Demokrati sa z\u00fa\u010dastnili rozporov\u00e9ho konania k z\u00e1konu o RTVS, ktor\u00fdm chce vl\u00e1da spolitizova\u0165 verejnopr\u00e1vne m\u00e9dium a vyu\u017e\u00edva\u0165 ho na vlastn\u00fa propagandu. Pod\u013ea z\u00e1stupcov strany bolo konanie, ktor\u00e9 m\u00e1 by\u0165 za \u0161tandardn\u00fdch okolnost\u00ed n\u00e1strojom rokovania a h\u013eadania \u00fastupkov na oboch stran\u00e1ch, form\u00e1lnou fra\u0161kou a prejavom absol\u00fatnej arogancie moci. \u201eVl\u00e1dnym predstavite\u013eom absol\u00fatne nez\u00e1le\u017e\u00ed na n\u00e1zore \u013eud\u00ed, odborn\u00edkov [&hellip;]\" \/>\n<meta property=\"og:url\" content=\"https:\/\/www.smedemokrati.sk\/cs\/fraska-s-nazvom-rozporove-konanie-na-ministerstve-kultury\/\" \/>\n<meta property=\"og:site_name\" content=\"Smedemokrati.sk\" \/>\n<meta property=\"article:publisher\" content=\"https:\/\/www.facebook.com\/smedemokrati2023\" \/>\n<meta property=\"article:published_time\" content=\"2024-03-22T16:44:29+00:00\" \/>\n<meta property=\"article:modified_time\" content=\"2024-03-27T14:11:50+00:00\" \/>\n<meta property=\"og:image\" content=\"https:\/\/www.smedemokrati.sk\/wp-content\/uploads\/2024\/03\/mksr.jpg\" \/>\n\t<meta property=\"og:image:width\" content=\"2048\" \/>\n\t<meta property=\"og:image:height\" content=\"1365\" \/>\n\t<meta property=\"og:image:type\" content=\"image\/jpeg\" \/>\n<meta name=\"author\" content=\"miro.sopko\" \/>\n<meta name=\"twitter:card\" content=\"summary_large_image\" \/>\n<meta name=\"twitter:label1\" content=\"Napsal(a)\" \/>\n\t<meta name=\"twitter:data1\" content=\"miro.sopko\" \/>\n\t<meta name=\"twitter:label2\" content=\"Odhadovan\u00e1 doba \u010dten\u00ed\" \/>\n\t<meta name=\"twitter:data2\" content=\"3 minuty\" \/>\n<script type=\"application\/ld+json\" class=\"yoast-schema-graph\">{\"@context\":\"https:\/\/schema.org\",\"@graph\":[{\"@type\":\"Article\",\"@id\":\"https:\/\/www.smedemokrati.sk\/fraska-s-nazvom-rozporove-konanie-na-ministerstve-kultury\/#article\",\"isPartOf\":{\"@id\":\"https:\/\/www.smedemokrati.sk\/fraska-s-nazvom-rozporove-konanie-na-ministerstve-kultury\/\"},\"author\":{\"name\":\"miro.sopko\",\"@id\":\"https:\/\/www.smedemokrati.sk\/#\/schema\/person\/21f147c88d605aa7ded900e1e7c344ba\"},\"headline\":\"Fra\u0161ka s n\u00e1zvom rozporov\u00e9 konanie na ministerstve kult\u00fary\",\"datePublished\":\"2024-03-22T16:44:29+00:00\",\"dateModified\":\"2024-03-27T14:11:50+00:00\",\"mainEntityOfPage\":{\"@id\":\"https:\/\/www.smedemokrati.sk\/fraska-s-nazvom-rozporove-konanie-na-ministerstve-kultury\/\"},\"wordCount\":578,\"publisher\":{\"@id\":\"https:\/\/www.smedemokrati.sk\/#organization\"},\"image\":{\"@id\":\"https:\/\/www.smedemokrati.sk\/fraska-s-nazvom-rozporove-konanie-na-ministerstve-kultury\/#primaryimage\"},\"thumbnailUrl\":\"https:\/\/www.smedemokrati.sk\/wp-content\/uploads\/2024\/03\/mksr.jpg\",\"articleSection\":[\"Tla\u010dov\u00e9 spr\u00e1vy\"],\"inLanguage\":\"cs-CZ\"},{\"@type\":\"WebPage\",\"@id\":\"https:\/\/www.smedemokrati.sk\/fraska-s-nazvom-rozporove-konanie-na-ministerstve-kultury\/\",\"url\":\"https:\/\/www.smedemokrati.sk\/fraska-s-nazvom-rozporove-konanie-na-ministerstve-kultury\/\",\"name\":\"Fra\u0161ka s n\u00e1zvom rozporov\u00e9 konanie na ministerstve kult\u00fary - Smedemokrati.sk\",\"isPartOf\":{\"@id\":\"https:\/\/www.smedemokrati.sk\/#website\"},\"primaryImageOfPage\":{\"@id\":\"https:\/\/www.smedemokrati.sk\/fraska-s-nazvom-rozporove-konanie-na-ministerstve-kultury\/#primaryimage\"},\"image\":{\"@id\":\"https:\/\/www.smedemokrati.sk\/fraska-s-nazvom-rozporove-konanie-na-ministerstve-kultury\/#primaryimage\"},\"thumbnailUrl\":\"https:\/\/www.smedemokrati.sk\/wp-content\/uploads\/2024\/03\/mksr.jpg\",\"datePublished\":\"2024-03-22T16:44:29+00:00\",\"dateModified\":\"2024-03-27T14:11:50+00:00\",\"breadcrumb\":{\"@id\":\"https:\/\/www.smedemokrati.sk\/fraska-s-nazvom-rozporove-konanie-na-ministerstve-kultury\/#breadcrumb\"},\"inLanguage\":\"cs-CZ\",\"potentialAction\":[{\"@type\":\"ReadAction\",\"target\":[\"https:\/\/www.smedemokrati.sk\/fraska-s-nazvom-rozporove-konanie-na-ministerstve-kultury\/\"]}]},{\"@type\":\"ImageObject\",\"inLanguage\":\"cs-CZ\",\"@id\":\"https:\/\/www.smedemokrati.sk\/fraska-s-nazvom-rozporove-konanie-na-ministerstve-kultury\/#primaryimage\",\"url\":\"https:\/\/www.smedemokrati.sk\/wp-content\/uploads\/2024\/03\/mksr.jpg\",\"contentUrl\":\"https:\/\/www.smedemokrati.sk\/wp-content\/uploads\/2024\/03\/mksr.jpg\",\"width\":2048,\"height\":1365},{\"@type\":\"BreadcrumbList\",\"@id\":\"https:\/\/www.smedemokrati.sk\/fraska-s-nazvom-rozporove-konanie-na-ministerstve-kultury\/#breadcrumb\",\"itemListElement\":[{\"@type\":\"ListItem\",\"position\":1,\"name\":\"Domovsk\u00e1 str\u00e1nka\",\"item\":\"https:\/\/www.smedemokrati.sk\/\"},{\"@type\":\"ListItem\",\"position\":2,\"name\":\"Fra\u0161ka s n\u00e1zvom rozporov\u00e9 konanie na ministerstve kult\u00fary\"}]},{\"@type\":\"WebSite\",\"@id\":\"https:\/\/www.smedemokrati.sk\/#website\",\"url\":\"https:\/\/www.smedemokrati.sk\/\",\"name\":\"Smedemokrati.sk\",\"description\":\"Demokracia a slu\u0161nos\u0165 zv\u00ed\u0165az\u00ed\",\"publisher\":{\"@id\":\"https:\/\/www.smedemokrati.sk\/#organization\"},\"potentialAction\":[{\"@type\":\"SearchAction\",\"target\":{\"@type\":\"EntryPoint\",\"urlTemplate\":\"https:\/\/www.smedemokrati.sk\/?s={search_term_string}\"},\"query-input\":{\"@type\":\"PropertyValueSpecification\",\"valueRequired\":true,\"valueName\":\"search_term_string\"}}],\"inLanguage\":\"cs-CZ\"},{\"@type\":\"Organization\",\"@id\":\"https:\/\/www.smedemokrati.sk\/#organization\",\"name\":\"Smedemokrati.sk\",\"url\":\"https:\/\/www.smedemokrati.sk\/\",\"logo\":{\"@type\":\"ImageObject\",\"inLanguage\":\"cs-CZ\",\"@id\":\"https:\/\/www.smedemokrati.sk\/#\/schema\/logo\/image\/\",\"url\":\"https:\/\/www.smedemokrati.sk\/wp-content\/uploads\/2023\/04\/ff.002.jpeg\",\"contentUrl\":\"https:\/\/www.smedemokrati.sk\/wp-content\/uploads\/2023\/04\/ff.002.jpeg\",\"width\":640,\"height\":480,\"caption\":\"Smedemokrati.sk\"},\"image\":{\"@id\":\"https:\/\/www.smedemokrati.sk\/#\/schema\/logo\/image\/\"},\"sameAs\":[\"https:\/\/www.facebook.com\/smedemokrati2023\"]},{\"@type\":\"Person\",\"@id\":\"https:\/\/www.smedemokrati.sk\/#\/schema\/person\/21f147c88d605aa7ded900e1e7c344ba\",\"name\":\"miro.sopko\",\"image\":{\"@type\":\"ImageObject\",\"inLanguage\":\"cs-CZ\",\"@id\":\"https:\/\/secure.gravatar.com\/avatar\/267e4a36f704376c109afe3a78740c1f5dd8675a2180a908699e7863c9247606?s=96&d=mm&r=g\",\"url\":\"https:\/\/secure.gravatar.com\/avatar\/267e4a36f704376c109afe3a78740c1f5dd8675a2180a908699e7863c9247606?s=96&d=mm&r=g\",\"contentUrl\":\"https:\/\/secure.gravatar.com\/avatar\/267e4a36f704376c109afe3a78740c1f5dd8675a2180a908699e7863c9247606?s=96&d=mm&r=g\",\"caption\":\"miro.sopko\"},\"url\":\"https:\/\/www.smedemokrati.sk\/cs\/author\/miro-sopko\/\"}]}<\/script>\n<!-- \/ Yoast SEO plugin. -->","yoast_head_json":{"title":"Fra\u0161ka s n\u00e1zvom rozporov\u00e9 konanie na ministerstve kult\u00fary - Smedemokrati.sk","robots":{"index":"index","follow":"follow","max-snippet":"max-snippet:-1","max-image-preview":"max-image-preview:large","max-video-preview":"max-video-preview:-1"},"canonical":"https:\/\/www.smedemokrati.sk\/cs\/fraska-s-nazvom-rozporove-konanie-na-ministerstve-kultury\/","og_locale":"cs_CZ","og_type":"article","og_title":"Fra\u0161ka s n\u00e1zvom rozporov\u00e9 konanie na ministerstve kult\u00fary - Smedemokrati.sk","og_description":"Demokrati sa z\u00fa\u010dastnili rozporov\u00e9ho konania k z\u00e1konu o RTVS, ktor\u00fdm chce vl\u00e1da spolitizova\u0165 verejnopr\u00e1vne m\u00e9dium a vyu\u017e\u00edva\u0165 ho na vlastn\u00fa propagandu. Pod\u013ea z\u00e1stupcov strany bolo konanie, ktor\u00e9 m\u00e1 by\u0165 za \u0161tandardn\u00fdch okolnost\u00ed n\u00e1strojom rokovania a h\u013eadania \u00fastupkov na oboch stran\u00e1ch, form\u00e1lnou fra\u0161kou a prejavom absol\u00fatnej arogancie moci. \u201eVl\u00e1dnym predstavite\u013eom absol\u00fatne nez\u00e1le\u017e\u00ed na n\u00e1zore \u013eud\u00ed, odborn\u00edkov [&hellip;]","og_url":"https:\/\/www.smedemokrati.sk\/cs\/fraska-s-nazvom-rozporove-konanie-na-ministerstve-kultury\/","og_site_name":"Smedemokrati.sk","article_publisher":"https:\/\/www.facebook.com\/smedemokrati2023","article_published_time":"2024-03-22T16:44:29+00:00","article_modified_time":"2024-03-27T14:11:50+00:00","og_image":[{"width":2048,"height":1365,"url":"https:\/\/www.smedemokrati.sk\/wp-content\/uploads\/2024\/03\/mksr.jpg","type":"image\/jpeg"}],"author":"miro.sopko","twitter_card":"summary_large_image","twitter_misc":{"Napsal(a)":"miro.sopko","Odhadovan\u00e1 doba \u010dten\u00ed":"3 minuty"},"schema":{"@context":"https:\/\/schema.org","@graph":[{"@type":"Article","@id":"https:\/\/www.smedemokrati.sk\/fraska-s-nazvom-rozporove-konanie-na-ministerstve-kultury\/#article","isPartOf":{"@id":"https:\/\/www.smedemokrati.sk\/fraska-s-nazvom-rozporove-konanie-na-ministerstve-kultury\/"},"author":{"name":"miro.sopko","@id":"https:\/\/www.smedemokrati.sk\/#\/schema\/person\/21f147c88d605aa7ded900e1e7c344ba"},"headline":"Fra\u0161ka s n\u00e1zvom rozporov\u00e9 konanie na ministerstve kult\u00fary","datePublished":"2024-03-22T16:44:29+00:00","dateModified":"2024-03-27T14:11:50+00:00","mainEntityOfPage":{"@id":"https:\/\/www.smedemokrati.sk\/fraska-s-nazvom-rozporove-konanie-na-ministerstve-kultury\/"},"wordCount":578,"publisher":{"@id":"https:\/\/www.smedemokrati.sk\/#organization"},"image":{"@id":"https:\/\/www.smedemokrati.sk\/fraska-s-nazvom-rozporove-konanie-na-ministerstve-kultury\/#primaryimage"},"thumbnailUrl":"https:\/\/www.smedemokrati.sk\/wp-content\/uploads\/2024\/03\/mksr.jpg","articleSection":["Tla\u010dov\u00e9 spr\u00e1vy"],"inLanguage":"cs-CZ"},{"@type":"WebPage","@id":"https:\/\/www.smedemokrati.sk\/fraska-s-nazvom-rozporove-konanie-na-ministerstve-kultury\/","url":"https:\/\/www.smedemokrati.sk\/fraska-s-nazvom-rozporove-konanie-na-ministerstve-kultury\/","name":"Fra\u0161ka s n\u00e1zvom rozporov\u00e9 konanie na ministerstve kult\u00fary - Smedemokrati.sk","isPartOf":{"@id":"https:\/\/www.smedemokrati.sk\/#website"},"primaryImageOfPage":{"@id":"https:\/\/www.smedemokrati.sk\/fraska-s-nazvom-rozporove-konanie-na-ministerstve-kultury\/#primaryimage"},"image":{"@id":"https:\/\/www.smedemokrati.sk\/fraska-s-nazvom-rozporove-konanie-na-ministerstve-kultury\/#primaryimage"},"thumbnailUrl":"https:\/\/www.smedemokrati.sk\/wp-content\/uploads\/2024\/03\/mksr.jpg","datePublished":"2024-03-22T16:44:29+00:00","dateModified":"2024-03-27T14:11:50+00:00","breadcrumb":{"@id":"https:\/\/www.smedemokrati.sk\/fraska-s-nazvom-rozporove-konanie-na-ministerstve-kultury\/#breadcrumb"},"inLanguage":"cs-CZ","potentialAction":[{"@type":"ReadAction","target":["https:\/\/www.smedemokrati.sk\/fraska-s-nazvom-rozporove-konanie-na-ministerstve-kultury\/"]}]},{"@type":"ImageObject","inLanguage":"cs-CZ","@id":"https:\/\/www.smedemokrati.sk\/fraska-s-nazvom-rozporove-konanie-na-ministerstve-kultury\/#primaryimage","url":"https:\/\/www.smedemokrati.sk\/wp-content\/uploads\/2024\/03\/mksr.jpg","contentUrl":"https:\/\/www.smedemokrati.sk\/wp-content\/uploads\/2024\/03\/mksr.jpg","width":2048,"height":1365},{"@type":"BreadcrumbList","@id":"https:\/\/www.smedemokrati.sk\/fraska-s-nazvom-rozporove-konanie-na-ministerstve-kultury\/#breadcrumb","itemListElement":[{"@type":"ListItem","position":1,"name":"Domovsk\u00e1 str\u00e1nka","item":"https:\/\/www.smedemokrati.sk\/"},{"@type":"ListItem","position":2,"name":"Fra\u0161ka s n\u00e1zvom rozporov\u00e9 konanie na ministerstve kult\u00fary"}]},{"@type":"WebSite","@id":"https:\/\/www.smedemokrati.sk\/#website","url":"https:\/\/www.smedemokrati.sk\/","name":"Smedemokrati.sk","description":"Demokracia a slu\u0161nos\u0165 zv\u00ed\u0165az\u00ed","publisher":{"@id":"https:\/\/www.smedemokrati.sk\/#organization"},"potentialAction":[{"@type":"SearchAction","target":{"@type":"EntryPoint","urlTemplate":"https:\/\/www.smedemokrati.sk\/?s={search_term_string}"},"query-input":{"@type":"PropertyValueSpecification","valueRequired":true,"valueName":"search_term_string"}}],"inLanguage":"cs-CZ"},{"@type":"Organization","@id":"https:\/\/www.smedemokrati.sk\/#organization","name":"Smedemokrati.sk","url":"https:\/\/www.smedemokrati.sk\/","logo":{"@type":"ImageObject","inLanguage":"cs-CZ","@id":"https:\/\/www.smedemokrati.sk\/#\/schema\/logo\/image\/","url":"https:\/\/www.smedemokrati.sk\/wp-content\/uploads\/2023\/04\/ff.002.jpeg","contentUrl":"https:\/\/www.smedemokrati.sk\/wp-content\/uploads\/2023\/04\/ff.002.jpeg","width":640,"height":480,"caption":"Smedemokrati.sk"},"image":{"@id":"https:\/\/www.smedemokrati.sk\/#\/schema\/logo\/image\/"},"sameAs":["https:\/\/www.facebook.com\/smedemokrati2023"]},{"@type":"Person","@id":"https:\/\/www.smedemokrati.sk\/#\/schema\/person\/21f147c88d605aa7ded900e1e7c344ba","name":"miro.sopko","image":{"@type":"ImageObject","inLanguage":"cs-CZ","@id":"https:\/\/secure.gravatar.com\/avatar\/267e4a36f704376c109afe3a78740c1f5dd8675a2180a908699e7863c9247606?s=96&d=mm&r=g","url":"https:\/\/secure.gravatar.com\/avatar\/267e4a36f704376c109afe3a78740c1f5dd8675a2180a908699e7863c9247606?s=96&d=mm&r=g","contentUrl":"https:\/\/secure.gravatar.com\/avatar\/267e4a36f704376c109afe3a78740c1f5dd8675a2180a908699e7863c9247606?s=96&d=mm&r=g","caption":"miro.sopko"},"url":"https:\/\/www.smedemokrati.sk\/cs\/author\/miro-sopko\/"}]}},"_links":{"self":[{"href":"https:\/\/www.smedemokrati.sk\/cs\/wp-json\/wp\/v2\/posts\/3222","targetHints":{"allow":["GET"]}}],"collection":[{"href":"https:\/\/www.smedemokrati.sk\/cs\/wp-json\/wp\/v2\/posts"}],"about":[{"href":"https:\/\/www.smedemokrati.sk\/cs\/wp-json\/wp\/v2\/types\/post"}],"author":[{"embeddable":true,"href":"https:\/\/www.smedemokrati.sk\/cs\/wp-json\/wp\/v2\/users\/13"}],"replies":[{"embeddable":true,"href":"https:\/\/www.smedemokrati.sk\/cs\/wp-json\/wp\/v2\/comments?post=3222"}],"version-history":[{"count":2,"href":"https:\/\/www.smedemokrati.sk\/cs\/wp-json\/wp\/v2\/posts\/3222\/revisions"}],"predecessor-version":[{"id":3234,"href":"https:\/\/www.smedemokrati.sk\/cs\/wp-json\/wp\/v2\/posts\/3222\/revisions\/3234"}],"wp:featuredmedia":[{"embeddable":true,"href":"https:\/\/www.smedemokrati.sk\/cs\/wp-json\/wp\/v2\/media\/3223"}],"wp:attachment":[{"href":"https:\/\/www.smedemokrati.sk\/cs\/wp-json\/wp\/v2\/media?parent=3222"}],"wp:term":[{"taxonomy":"category","embeddable":true,"href":"https:\/\/www.smedemokrati.sk\/cs\/wp-json\/wp\/v2\/categories?post=3222"},{"taxonomy":"post_tag","embeddable":true,"href":"https:\/\/www.smedemokrati.sk\/cs\/wp-json\/wp\/v2\/tags?post=3222"}],"curies":[{"name":"wp","href":"https:\/\/api.w.org\/{rel}","templated":true}]}}