{"id":3189,"date":"2024-03-19T15:36:20","date_gmt":"2024-03-19T14:36:20","guid":{"rendered":"https:\/\/www.smedemokrati.sk\/?p=3189"},"modified":"2024-03-25T13:46:08","modified_gmt":"2024-03-25T12:46:08","slug":"slovensko-je-zial-krok-od-toho-aby-prislo-o-eurofondy","status":"publish","type":"post","link":"https:\/\/www.smedemokrati.sk\/cs\/slovensko-je-zial-krok-od-toho-aby-prislo-o-eurofondy\/","title":{"rendered":"Slovensko je \u017eia\u013e, krok od toho, aby pri\u0161lo o eurofondy"},"content":{"rendered":"<div id=\"fb-root\"><\/div>\n\n<p><strong>Pod\u013ea Demokratov re\u00e1lne hroz\u00ed, \u017ee Slovensko m\u00f4\u017ee pr\u00eds\u0165 o \u010das\u0165 eurofondov, z ktor\u00fdch s\u00fa financovan\u00e9 mnoh\u00e9 v\u00fdznamn\u00e9 projekty samospr\u00e1v, obc\u00ed, kult\u00farnych in\u0161tit\u00faci\u00ed, \u010di \u0161kolsk\u00fdch a zdravotn\u00edckych zariaden\u00ed po celej krajine. Jedinou z\u00e1chranou bude, ak Fico okam\u017eite sadne do lietadla a p\u00f4jde rokova\u0165.&nbsp;<\/strong><\/p>\n\n\n\n<p>Pod\u013ea inform\u00e1ci\u00ed strany Demokrati, je Eur\u00f3pska komisia doslova krok od toho, aby Slovensku zastavila eurofondy.&nbsp;Podpredseda strany Juraj \u0160eliga hovor\u00ed, \u017ee pln\u00fa zodpovednos\u0165 za stav krajiny je na pleciach premi\u00e9ra Roberta Fica:&nbsp;<em><em><em>\u201e<\/em><\/em>Ak Slovensku zastavia eurofondy, tak to nen\u00e1vratne po\u0161kod\u00ed na\u0161u krajinu. Ste premi\u00e9r, p\u00e1n Fico, tak to rie\u0161te, preto\u017ee to je va\u0161e rozliate mlieko. Vy ste pretl\u00e1\u010dali trestn\u00fd z\u00e1kon, ktor\u00fd nikto nechcel, vy chcete cenzurova\u0165 RTVS, vy ste dopleten\u00fd v zahrani\u010dnej politike, kv\u00f4li ktorej sme nielen vo finan\u010dnom ohrozen\u00ed. Napriek tomu, \u017ee bytostne nes\u00fahlas\u00edm s va\u0161ou politikou nebudem sa riadi\u0165 heslo, \u010d\u00edm hor\u0161ie t\u00fdm lep\u0161ie. Preto p\u00e1n Fico, zoberte si handru a odchod do Bruselu rokova\u0165, aby sme nepri\u0161li o eurofondy.&#8220;&nbsp;<\/em>hovor\u00ed \u0160eliga.<\/p>\n\n\n\n<p>Demokrati komunikuj\u00fa s popredn\u00fdmi predstavite\u013emi Eur\u00f3pskej komisie, ktor\u00ed u\u017e aj verejne vyjadrili obavy zo smerovania a zahrani\u010dno-politickej naklonenosti Slovenska:&nbsp;<em><em><em>\u201e<\/em><\/em>Boli by sme naivn\u00ed, ak by sme si mysleli, \u017ee Eur\u00f3pska \u00fania bude d\u00e1va\u0165 miliardy eur krajine, ktor\u00e1 obhajuje re\u017eim Vladim\u00edra Putina. Ten re\u017eim, ktor\u00fd zabil stovky tis\u00edc \u013eud\u00ed, zmrza\u010dil nevinn\u00fdch, rozdelil rodiny a predstavuje najv\u00e4\u010d\u0161ie bezpe\u010dnostn\u00e9 ohrozenie od pre Eur\u00f3pu od \u010dias Studenej vojny. Na to r\u00fdchlo zabudnime, \u017ee sa cel\u00e1 E\u00da bude sklada\u0165 pr\u00edvr\u017eencom tohto re\u017eimu. \u017dia\u013e, takto sme kv\u00f4li politike Roberta Fica v zahrani\u010d\u00ed vn\u00edman\u00ed&#8220;,<\/em>&nbsp;povedal predseda strany Na\u010f a zopakoval, \u017ee politika Roberta Fica m\u00e1 u\u017e re\u00e1lne dopady na doposia\u013e vynikaj\u00face vz\u0165ahy a spolupr\u00e1cu s na\u0161imi susedn\u00fdmi krajinami a ak sa tento protieur\u00f3psky, ale zato prorusk\u00fd valec nezastav\u00ed, d\u00f4sledky poc\u00edti ka\u017ed\u00fd jeden ob\u010dan.<\/p>\n\n\n\n<iframe src=\"https:\/\/www.facebook.com\/plugins\/video.php?height=476&#038;href=https%3A%2F%2Fwww.facebook.com%2FJurajSeligaPravnik%2Fvideos%2F772654671134450%2F&#038;show_text=false&#038;width=267&#038;t=0\" width=\"467\" height=\"876\" style=\"border:none;overflow:hidden\" scrolling=\"no\" frameborder=\"0\" allowfullscreen=\"true\" allow=\"autoplay; clipboard-write; encrypted-media; picture-in-picture; web-share\" allowFullScreen=\"true\"><\/iframe>\n","protected":false},"excerpt":{"rendered":"<p>Pod\u013ea Demokratov re\u00e1lne hroz\u00ed, \u017ee Slovensko m\u00f4\u017ee pr\u00eds\u0165 o \u010das\u0165 eurofondov, z ktor\u00fdch s\u00fa financovan\u00e9 mnoh\u00e9 v\u00fdznamn\u00e9 projekty samospr\u00e1v, obc\u00ed, kult\u00farnych in\u0161tit\u00faci\u00ed, \u010di \u0161kolsk\u00fdch a zdravotn\u00edckych zariaden\u00ed po celej krajine. Jedinou z\u00e1chranou bude, ak Fico okam\u017eite sadne do lietadla a p\u00f4jde rokova\u0165.&nbsp; Pod\u013ea inform\u00e1ci\u00ed strany Demokrati, je Eur\u00f3pska komisia doslova krok od toho, aby Slovensku [&hellip;]<\/p>\n","protected":false},"author":13,"featured_media":3190,"comment_status":"closed","ping_status":"closed","sticky":false,"template":"","format":"standard","meta":{"_acf_changed":false,"ngg_post_thumbnail":0,"footnotes":""},"categories":[4],"tags":[],"class_list":["post-3189","post","type-post","status-publish","format-standard","has-post-thumbnail","hentry","category-tlacove-spravy"],"acf":[],"yoast_head":"<!-- This site is optimized with the Yoast SEO plugin v27.2 - https:\/\/yoast.com\/product\/yoast-seo-wordpress\/ -->\n<title>Slovensko je \u017eia\u013e, krok od toho, aby pri\u0161lo o eurofondy - Smedemokrati.sk<\/title>\n<meta name=\"robots\" content=\"index, follow, max-snippet:-1, max-image-preview:large, max-video-preview:-1\" \/>\n<link rel=\"canonical\" href=\"https:\/\/www.smedemokrati.sk\/cs\/slovensko-je-zial-krok-od-toho-aby-prislo-o-eurofondy\/\" \/>\n<meta property=\"og:locale\" content=\"cs_CZ\" \/>\n<meta property=\"og:locale:alternate\" content=\"en_US\" \/>\n<meta property=\"og:locale:alternate\" content=\"hu_HU\" \/>\n<meta property=\"og:locale:alternate\" content=\"sk_SK\" \/>\n<meta property=\"og:locale:alternate\" content=\"sv_SE\" \/>\n<meta property=\"og:type\" content=\"article\" \/>\n<meta property=\"og:title\" content=\"Slovensko je \u017eia\u013e, krok od toho, aby pri\u0161lo o eurofondy - Smedemokrati.sk\" \/>\n<meta property=\"og:description\" content=\"Pod\u013ea Demokratov re\u00e1lne hroz\u00ed, \u017ee Slovensko m\u00f4\u017ee pr\u00eds\u0165 o \u010das\u0165 eurofondov, z ktor\u00fdch s\u00fa financovan\u00e9 mnoh\u00e9 v\u00fdznamn\u00e9 projekty samospr\u00e1v, obc\u00ed, kult\u00farnych in\u0161tit\u00faci\u00ed, \u010di \u0161kolsk\u00fdch a zdravotn\u00edckych zariaden\u00ed po celej krajine. Jedinou z\u00e1chranou bude, ak Fico okam\u017eite sadne do lietadla a p\u00f4jde rokova\u0165.&nbsp; Pod\u013ea inform\u00e1ci\u00ed strany Demokrati, je Eur\u00f3pska komisia doslova krok od toho, aby Slovensku [&hellip;]\" \/>\n<meta property=\"og:url\" content=\"https:\/\/www.smedemokrati.sk\/cs\/slovensko-je-zial-krok-od-toho-aby-prislo-o-eurofondy\/\" \/>\n<meta property=\"og:site_name\" content=\"Smedemokrati.sk\" \/>\n<meta property=\"article:publisher\" content=\"https:\/\/www.facebook.com\/smedemokrati2023\" \/>\n<meta property=\"article:published_time\" content=\"2024-03-19T14:36:20+00:00\" \/>\n<meta property=\"article:modified_time\" content=\"2024-03-25T12:46:08+00:00\" \/>\n<meta property=\"og:image\" content=\"https:\/\/www.smedemokrati.sk\/wp-content\/uploads\/2024\/03\/Seliga_eurofondy.jpg\" \/>\n\t<meta property=\"og:image:width\" content=\"1104\" \/>\n\t<meta property=\"og:image:height\" content=\"737\" \/>\n\t<meta property=\"og:image:type\" content=\"image\/jpeg\" \/>\n<meta name=\"author\" content=\"miro.sopko\" \/>\n<meta name=\"twitter:card\" content=\"summary_large_image\" \/>\n<meta name=\"twitter:label1\" content=\"Napsal(a)\" \/>\n\t<meta name=\"twitter:data1\" content=\"miro.sopko\" \/>\n\t<meta name=\"twitter:label2\" content=\"Odhadovan\u00e1 doba \u010dten\u00ed\" \/>\n\t<meta name=\"twitter:data2\" content=\"2 minuty\" \/>\n<script type=\"application\/ld+json\" class=\"yoast-schema-graph\">{\"@context\":\"https:\/\/schema.org\",\"@graph\":[{\"@type\":\"Article\",\"@id\":\"https:\/\/www.smedemokrati.sk\/slovensko-je-zial-krok-od-toho-aby-prislo-o-eurofondy\/#article\",\"isPartOf\":{\"@id\":\"https:\/\/www.smedemokrati.sk\/slovensko-je-zial-krok-od-toho-aby-prislo-o-eurofondy\/\"},\"author\":{\"name\":\"miro.sopko\",\"@id\":\"https:\/\/www.smedemokrati.sk\/#\/schema\/person\/21f147c88d605aa7ded900e1e7c344ba\"},\"headline\":\"Slovensko je \u017eia\u013e, krok od toho, aby pri\u0161lo o eurofondy\",\"datePublished\":\"2024-03-19T14:36:20+00:00\",\"dateModified\":\"2024-03-25T12:46:08+00:00\",\"mainEntityOfPage\":{\"@id\":\"https:\/\/www.smedemokrati.sk\/slovensko-je-zial-krok-od-toho-aby-prislo-o-eurofondy\/\"},\"wordCount\":371,\"publisher\":{\"@id\":\"https:\/\/www.smedemokrati.sk\/#organization\"},\"image\":{\"@id\":\"https:\/\/www.smedemokrati.sk\/slovensko-je-zial-krok-od-toho-aby-prislo-o-eurofondy\/#primaryimage\"},\"thumbnailUrl\":\"https:\/\/www.smedemokrati.sk\/wp-content\/uploads\/2024\/03\/Seliga_eurofondy.jpg\",\"articleSection\":[\"Tla\u010dov\u00e9 spr\u00e1vy\"],\"inLanguage\":\"cs-CZ\"},{\"@type\":\"WebPage\",\"@id\":\"https:\/\/www.smedemokrati.sk\/slovensko-je-zial-krok-od-toho-aby-prislo-o-eurofondy\/\",\"url\":\"https:\/\/www.smedemokrati.sk\/slovensko-je-zial-krok-od-toho-aby-prislo-o-eurofondy\/\",\"name\":\"Slovensko je \u017eia\u013e, krok od toho, aby pri\u0161lo o eurofondy - Smedemokrati.sk\",\"isPartOf\":{\"@id\":\"https:\/\/www.smedemokrati.sk\/#website\"},\"primaryImageOfPage\":{\"@id\":\"https:\/\/www.smedemokrati.sk\/slovensko-je-zial-krok-od-toho-aby-prislo-o-eurofondy\/#primaryimage\"},\"image\":{\"@id\":\"https:\/\/www.smedemokrati.sk\/slovensko-je-zial-krok-od-toho-aby-prislo-o-eurofondy\/#primaryimage\"},\"thumbnailUrl\":\"https:\/\/www.smedemokrati.sk\/wp-content\/uploads\/2024\/03\/Seliga_eurofondy.jpg\",\"datePublished\":\"2024-03-19T14:36:20+00:00\",\"dateModified\":\"2024-03-25T12:46:08+00:00\",\"breadcrumb\":{\"@id\":\"https:\/\/www.smedemokrati.sk\/slovensko-je-zial-krok-od-toho-aby-prislo-o-eurofondy\/#breadcrumb\"},\"inLanguage\":\"cs-CZ\",\"potentialAction\":[{\"@type\":\"ReadAction\",\"target\":[\"https:\/\/www.smedemokrati.sk\/slovensko-je-zial-krok-od-toho-aby-prislo-o-eurofondy\/\"]}]},{\"@type\":\"ImageObject\",\"inLanguage\":\"cs-CZ\",\"@id\":\"https:\/\/www.smedemokrati.sk\/slovensko-je-zial-krok-od-toho-aby-prislo-o-eurofondy\/#primaryimage\",\"url\":\"https:\/\/www.smedemokrati.sk\/wp-content\/uploads\/2024\/03\/Seliga_eurofondy.jpg\",\"contentUrl\":\"https:\/\/www.smedemokrati.sk\/wp-content\/uploads\/2024\/03\/Seliga_eurofondy.jpg\",\"width\":1104,\"height\":737},{\"@type\":\"BreadcrumbList\",\"@id\":\"https:\/\/www.smedemokrati.sk\/slovensko-je-zial-krok-od-toho-aby-prislo-o-eurofondy\/#breadcrumb\",\"itemListElement\":[{\"@type\":\"ListItem\",\"position\":1,\"name\":\"Domovsk\u00e1 str\u00e1nka\",\"item\":\"https:\/\/www.smedemokrati.sk\/\"},{\"@type\":\"ListItem\",\"position\":2,\"name\":\"Slovensko je \u017eia\u013e, krok od toho, aby pri\u0161lo o eurofondy\"}]},{\"@type\":\"WebSite\",\"@id\":\"https:\/\/www.smedemokrati.sk\/#website\",\"url\":\"https:\/\/www.smedemokrati.sk\/\",\"name\":\"Smedemokrati.sk\",\"description\":\"Demokracia a slu\u0161nos\u0165 zv\u00ed\u0165az\u00ed\",\"publisher\":{\"@id\":\"https:\/\/www.smedemokrati.sk\/#organization\"},\"potentialAction\":[{\"@type\":\"SearchAction\",\"target\":{\"@type\":\"EntryPoint\",\"urlTemplate\":\"https:\/\/www.smedemokrati.sk\/?s={search_term_string}\"},\"query-input\":{\"@type\":\"PropertyValueSpecification\",\"valueRequired\":true,\"valueName\":\"search_term_string\"}}],\"inLanguage\":\"cs-CZ\"},{\"@type\":\"Organization\",\"@id\":\"https:\/\/www.smedemokrati.sk\/#organization\",\"name\":\"Smedemokrati.sk\",\"url\":\"https:\/\/www.smedemokrati.sk\/\",\"logo\":{\"@type\":\"ImageObject\",\"inLanguage\":\"cs-CZ\",\"@id\":\"https:\/\/www.smedemokrati.sk\/#\/schema\/logo\/image\/\",\"url\":\"https:\/\/www.smedemokrati.sk\/wp-content\/uploads\/2023\/04\/ff.002.jpeg\",\"contentUrl\":\"https:\/\/www.smedemokrati.sk\/wp-content\/uploads\/2023\/04\/ff.002.jpeg\",\"width\":640,\"height\":480,\"caption\":\"Smedemokrati.sk\"},\"image\":{\"@id\":\"https:\/\/www.smedemokrati.sk\/#\/schema\/logo\/image\/\"},\"sameAs\":[\"https:\/\/www.facebook.com\/smedemokrati2023\"]},{\"@type\":\"Person\",\"@id\":\"https:\/\/www.smedemokrati.sk\/#\/schema\/person\/21f147c88d605aa7ded900e1e7c344ba\",\"name\":\"miro.sopko\",\"image\":{\"@type\":\"ImageObject\",\"inLanguage\":\"cs-CZ\",\"@id\":\"https:\/\/secure.gravatar.com\/avatar\/267e4a36f704376c109afe3a78740c1f5dd8675a2180a908699e7863c9247606?s=96&d=mm&r=g\",\"url\":\"https:\/\/secure.gravatar.com\/avatar\/267e4a36f704376c109afe3a78740c1f5dd8675a2180a908699e7863c9247606?s=96&d=mm&r=g\",\"contentUrl\":\"https:\/\/secure.gravatar.com\/avatar\/267e4a36f704376c109afe3a78740c1f5dd8675a2180a908699e7863c9247606?s=96&d=mm&r=g\",\"caption\":\"miro.sopko\"},\"url\":\"https:\/\/www.smedemokrati.sk\/cs\/author\/miro-sopko\/\"}]}<\/script>\n<!-- \/ Yoast SEO plugin. -->","yoast_head_json":{"title":"Slovensko je \u017eia\u013e, krok od toho, aby pri\u0161lo o eurofondy - Smedemokrati.sk","robots":{"index":"index","follow":"follow","max-snippet":"max-snippet:-1","max-image-preview":"max-image-preview:large","max-video-preview":"max-video-preview:-1"},"canonical":"https:\/\/www.smedemokrati.sk\/cs\/slovensko-je-zial-krok-od-toho-aby-prislo-o-eurofondy\/","og_locale":"cs_CZ","og_type":"article","og_title":"Slovensko je \u017eia\u013e, krok od toho, aby pri\u0161lo o eurofondy - Smedemokrati.sk","og_description":"Pod\u013ea Demokratov re\u00e1lne hroz\u00ed, \u017ee Slovensko m\u00f4\u017ee pr\u00eds\u0165 o \u010das\u0165 eurofondov, z ktor\u00fdch s\u00fa financovan\u00e9 mnoh\u00e9 v\u00fdznamn\u00e9 projekty samospr\u00e1v, obc\u00ed, kult\u00farnych in\u0161tit\u00faci\u00ed, \u010di \u0161kolsk\u00fdch a zdravotn\u00edckych zariaden\u00ed po celej krajine. Jedinou z\u00e1chranou bude, ak Fico okam\u017eite sadne do lietadla a p\u00f4jde rokova\u0165.&nbsp; Pod\u013ea inform\u00e1ci\u00ed strany Demokrati, je Eur\u00f3pska komisia doslova krok od toho, aby Slovensku [&hellip;]","og_url":"https:\/\/www.smedemokrati.sk\/cs\/slovensko-je-zial-krok-od-toho-aby-prislo-o-eurofondy\/","og_site_name":"Smedemokrati.sk","article_publisher":"https:\/\/www.facebook.com\/smedemokrati2023","article_published_time":"2024-03-19T14:36:20+00:00","article_modified_time":"2024-03-25T12:46:08+00:00","og_image":[{"width":1104,"height":737,"url":"https:\/\/www.smedemokrati.sk\/wp-content\/uploads\/2024\/03\/Seliga_eurofondy.jpg","type":"image\/jpeg"}],"author":"miro.sopko","twitter_card":"summary_large_image","twitter_misc":{"Napsal(a)":"miro.sopko","Odhadovan\u00e1 doba \u010dten\u00ed":"2 minuty"},"schema":{"@context":"https:\/\/schema.org","@graph":[{"@type":"Article","@id":"https:\/\/www.smedemokrati.sk\/slovensko-je-zial-krok-od-toho-aby-prislo-o-eurofondy\/#article","isPartOf":{"@id":"https:\/\/www.smedemokrati.sk\/slovensko-je-zial-krok-od-toho-aby-prislo-o-eurofondy\/"},"author":{"name":"miro.sopko","@id":"https:\/\/www.smedemokrati.sk\/#\/schema\/person\/21f147c88d605aa7ded900e1e7c344ba"},"headline":"Slovensko je \u017eia\u013e, krok od toho, aby pri\u0161lo o eurofondy","datePublished":"2024-03-19T14:36:20+00:00","dateModified":"2024-03-25T12:46:08+00:00","mainEntityOfPage":{"@id":"https:\/\/www.smedemokrati.sk\/slovensko-je-zial-krok-od-toho-aby-prislo-o-eurofondy\/"},"wordCount":371,"publisher":{"@id":"https:\/\/www.smedemokrati.sk\/#organization"},"image":{"@id":"https:\/\/www.smedemokrati.sk\/slovensko-je-zial-krok-od-toho-aby-prislo-o-eurofondy\/#primaryimage"},"thumbnailUrl":"https:\/\/www.smedemokrati.sk\/wp-content\/uploads\/2024\/03\/Seliga_eurofondy.jpg","articleSection":["Tla\u010dov\u00e9 spr\u00e1vy"],"inLanguage":"cs-CZ"},{"@type":"WebPage","@id":"https:\/\/www.smedemokrati.sk\/slovensko-je-zial-krok-od-toho-aby-prislo-o-eurofondy\/","url":"https:\/\/www.smedemokrati.sk\/slovensko-je-zial-krok-od-toho-aby-prislo-o-eurofondy\/","name":"Slovensko je \u017eia\u013e, krok od toho, aby pri\u0161lo o eurofondy - Smedemokrati.sk","isPartOf":{"@id":"https:\/\/www.smedemokrati.sk\/#website"},"primaryImageOfPage":{"@id":"https:\/\/www.smedemokrati.sk\/slovensko-je-zial-krok-od-toho-aby-prislo-o-eurofondy\/#primaryimage"},"image":{"@id":"https:\/\/www.smedemokrati.sk\/slovensko-je-zial-krok-od-toho-aby-prislo-o-eurofondy\/#primaryimage"},"thumbnailUrl":"https:\/\/www.smedemokrati.sk\/wp-content\/uploads\/2024\/03\/Seliga_eurofondy.jpg","datePublished":"2024-03-19T14:36:20+00:00","dateModified":"2024-03-25T12:46:08+00:00","breadcrumb":{"@id":"https:\/\/www.smedemokrati.sk\/slovensko-je-zial-krok-od-toho-aby-prislo-o-eurofondy\/#breadcrumb"},"inLanguage":"cs-CZ","potentialAction":[{"@type":"ReadAction","target":["https:\/\/www.smedemokrati.sk\/slovensko-je-zial-krok-od-toho-aby-prislo-o-eurofondy\/"]}]},{"@type":"ImageObject","inLanguage":"cs-CZ","@id":"https:\/\/www.smedemokrati.sk\/slovensko-je-zial-krok-od-toho-aby-prislo-o-eurofondy\/#primaryimage","url":"https:\/\/www.smedemokrati.sk\/wp-content\/uploads\/2024\/03\/Seliga_eurofondy.jpg","contentUrl":"https:\/\/www.smedemokrati.sk\/wp-content\/uploads\/2024\/03\/Seliga_eurofondy.jpg","width":1104,"height":737},{"@type":"BreadcrumbList","@id":"https:\/\/www.smedemokrati.sk\/slovensko-je-zial-krok-od-toho-aby-prislo-o-eurofondy\/#breadcrumb","itemListElement":[{"@type":"ListItem","position":1,"name":"Domovsk\u00e1 str\u00e1nka","item":"https:\/\/www.smedemokrati.sk\/"},{"@type":"ListItem","position":2,"name":"Slovensko je \u017eia\u013e, krok od toho, aby pri\u0161lo o eurofondy"}]},{"@type":"WebSite","@id":"https:\/\/www.smedemokrati.sk\/#website","url":"https:\/\/www.smedemokrati.sk\/","name":"Smedemokrati.sk","description":"Demokracia a slu\u0161nos\u0165 zv\u00ed\u0165az\u00ed","publisher":{"@id":"https:\/\/www.smedemokrati.sk\/#organization"},"potentialAction":[{"@type":"SearchAction","target":{"@type":"EntryPoint","urlTemplate":"https:\/\/www.smedemokrati.sk\/?s={search_term_string}"},"query-input":{"@type":"PropertyValueSpecification","valueRequired":true,"valueName":"search_term_string"}}],"inLanguage":"cs-CZ"},{"@type":"Organization","@id":"https:\/\/www.smedemokrati.sk\/#organization","name":"Smedemokrati.sk","url":"https:\/\/www.smedemokrati.sk\/","logo":{"@type":"ImageObject","inLanguage":"cs-CZ","@id":"https:\/\/www.smedemokrati.sk\/#\/schema\/logo\/image\/","url":"https:\/\/www.smedemokrati.sk\/wp-content\/uploads\/2023\/04\/ff.002.jpeg","contentUrl":"https:\/\/www.smedemokrati.sk\/wp-content\/uploads\/2023\/04\/ff.002.jpeg","width":640,"height":480,"caption":"Smedemokrati.sk"},"image":{"@id":"https:\/\/www.smedemokrati.sk\/#\/schema\/logo\/image\/"},"sameAs":["https:\/\/www.facebook.com\/smedemokrati2023"]},{"@type":"Person","@id":"https:\/\/www.smedemokrati.sk\/#\/schema\/person\/21f147c88d605aa7ded900e1e7c344ba","name":"miro.sopko","image":{"@type":"ImageObject","inLanguage":"cs-CZ","@id":"https:\/\/secure.gravatar.com\/avatar\/267e4a36f704376c109afe3a78740c1f5dd8675a2180a908699e7863c9247606?s=96&d=mm&r=g","url":"https:\/\/secure.gravatar.com\/avatar\/267e4a36f704376c109afe3a78740c1f5dd8675a2180a908699e7863c9247606?s=96&d=mm&r=g","contentUrl":"https:\/\/secure.gravatar.com\/avatar\/267e4a36f704376c109afe3a78740c1f5dd8675a2180a908699e7863c9247606?s=96&d=mm&r=g","caption":"miro.sopko"},"url":"https:\/\/www.smedemokrati.sk\/cs\/author\/miro-sopko\/"}]}},"_links":{"self":[{"href":"https:\/\/www.smedemokrati.sk\/cs\/wp-json\/wp\/v2\/posts\/3189","targetHints":{"allow":["GET"]}}],"collection":[{"href":"https:\/\/www.smedemokrati.sk\/cs\/wp-json\/wp\/v2\/posts"}],"about":[{"href":"https:\/\/www.smedemokrati.sk\/cs\/wp-json\/wp\/v2\/types\/post"}],"author":[{"embeddable":true,"href":"https:\/\/www.smedemokrati.sk\/cs\/wp-json\/wp\/v2\/users\/13"}],"replies":[{"embeddable":true,"href":"https:\/\/www.smedemokrati.sk\/cs\/wp-json\/wp\/v2\/comments?post=3189"}],"version-history":[{"count":2,"href":"https:\/\/www.smedemokrati.sk\/cs\/wp-json\/wp\/v2\/posts\/3189\/revisions"}],"predecessor-version":[{"id":3192,"href":"https:\/\/www.smedemokrati.sk\/cs\/wp-json\/wp\/v2\/posts\/3189\/revisions\/3192"}],"wp:featuredmedia":[{"embeddable":true,"href":"https:\/\/www.smedemokrati.sk\/cs\/wp-json\/wp\/v2\/media\/3190"}],"wp:attachment":[{"href":"https:\/\/www.smedemokrati.sk\/cs\/wp-json\/wp\/v2\/media?parent=3189"}],"wp:term":[{"taxonomy":"category","embeddable":true,"href":"https:\/\/www.smedemokrati.sk\/cs\/wp-json\/wp\/v2\/categories?post=3189"},{"taxonomy":"post_tag","embeddable":true,"href":"https:\/\/www.smedemokrati.sk\/cs\/wp-json\/wp\/v2\/tags?post=3189"}],"curies":[{"name":"wp","href":"https:\/\/api.w.org\/{rel}","templated":true}]}}