{"id":3129,"date":"2024-03-13T15:16:19","date_gmt":"2024-03-13T14:16:19","guid":{"rendered":"https:\/\/www.smedemokrati.sk\/?p=3129"},"modified":"2024-03-13T15:16:20","modified_gmt":"2024-03-13T14:16:20","slug":"urad-vlady-si-nechal-schvalit-manual-na-vladnu-propagandu","status":"publish","type":"post","link":"https:\/\/www.smedemokrati.sk\/cs\/urad-vlady-si-nechal-schvalit-manual-na-vladnu-propagandu\/","title":{"rendered":"\u00darad vl\u00e1dy si nechal schv\u00e1li\u0165 manu\u00e1l na vl\u00e1dnu propagandu"},"content":{"rendered":"<div id=\"fb-root\"><\/div>\n\n<p><strong>Informa\u010dn\u00fd priestor na Slovensku dostal \u010fal\u0161iu ranu od slovenskej vl\u00e1dy. Po n\u00e1vrhu nov\u00e9ho z\u00e1kona\u00a0o \u201eSlovenskej telev\u00edzii a rozhlase\u201c, v\u010faka ktor\u00e9mu bude z verejnopr\u00e1vnej in\u0161tit\u00facie n\u00e1stroj koali\u010dnej propagandy, vl\u00e1da schv\u00e1lila nov\u00fa Koncepciu strategickej komunik\u00e1cie Slovenskej republiky.\u00a0<\/strong><\/p>\n\n\n\n<p><em>\u201eVl\u00e1da dnes potvrdila, \u017ee v\u0161etky n\u00e1stroje na komunik\u00e1ciu, ktor\u00e9 m\u00e1 k&nbsp;dispoz\u00edcii, pl\u00e1nuje vyu\u017ei\u0165 na mas\u00edrovanie verejnej mienky v\u00fdlu\u010dne vo svoj prospech. Tento n\u00e1vrh \u201eako\u017ee\u201c&nbsp;strategickej komunik\u00e1cie je v&nbsp;absol\u00fatnom rozpore s&nbsp;t\u00fdm, \u010do strategick\u00e1 komunik\u00e1cia vo vyspel\u00fdch z\u00e1padn\u00fdch krajin\u00e1ch je a potvrdzuje, \u017ee vl\u00e1dna garnit\u00fara si zamie\u0148a strategick\u00fa komunik\u00e1ciu za vl\u00e1dnu propagandu\u201c,<\/em>&nbsp;zhodnotila expertka Demokratov na boj s&nbsp;dezinform\u00e1ciami a&nbsp;ob\u010diansky sektor Monika Podhor\u00e1ny Masarikov\u00e1, ktor\u00e1 tie\u017e Dop\u013a\u0148a, \u017ee tieto kroky negat\u00edvne zarezonuj\u00fa aj v&nbsp;medzin\u00e1rodnej komunite.<\/p>\n\n\n\n<p>Podhor\u00e1ny Masarikov\u00e1 ostro kritizuje, \u017ee \u00farad vl\u00e1dy \u00fa\u010delovo vynechal pri kreovan\u00ed n\u00e1vrhu zo spolupr\u00e1ce ob\u010diansku spolo\u010dnos\u0165:&nbsp;<em>\u201eJe to len \u010fal\u0161\u00ed krok, ako d\u00e9monizova\u0165 ob\u010diansku spolo\u010dnos\u0165. Hovor\u00edm o t\u00fdch subjektoch, ktor\u00e9 pri\u0161li do nemilosti tejto vl\u00e1dy iba preto, lebo poctivo a s dobr\u00fdm \u00famyslom realizuj\u00fa svoju \u010dinnos\u0165,\u201c<\/em>&nbsp;dop\u013a\u0148a Podhor\u00e1ny Masarikov\u00e1.<\/p>\n\n\n\n<p>Pod\u013ea expertky m\u00e1 by\u0165 skuto\u010dn\u00fdm \u00fa\u010delom strategickej komunik\u00e1cie pom\u00f4c\u0165 pravdivo a&nbsp;objekt\u00edvne informova\u0165 verejnos\u0165,&nbsp; reagova\u0165 na neust\u00e1ly tlak a&nbsp;\u00fatoky&nbsp;dezinform\u00e1torov&nbsp;a budova\u0165 odolnos\u0165 obyvate\u013eov vo\u010di tak\u00fdmto \u00fatokom.&nbsp; Podhor\u00e1ny Masarikov\u00e1 hovor\u00ed, \u017ee jedin\u00fdm cie\u013eom schv\u00e1len\u00e9ho n\u00e1vrhu bude posilni\u0165&nbsp;d\u00f4veru vo vl\u00e1dne rozhodnutia, \u010do len potvrdzuje snahu o&nbsp;ovl\u00e1dnutie verejnej mienky:&nbsp;<em>\u201eTak\u00fdto n\u00e1vrh \u017eia\u013e u\u017e nikoho z&nbsp;odbornej komunity neprekvapil. \u010clenovia vl\u00e1dy legitimizuj\u00fa dezinforma\u010dn\u00e9 m\u00e9di\u00e1 napojen\u00e9 na Kreme\u013e, ktor\u00e9 na Slovensku \u0161\u00edria nebezpe\u010dn\u00fa propagandu, sami \u0161\u00edria hoaxy a&nbsp;dezinform\u00e1cie a \u00fato\u010dia na novin\u00e1rov. Toto je \u010fal\u0161\u00ed krok k&nbsp;posilneniu vl\u00e1dnej propagandy\u201c,&nbsp;<\/em>uzatv\u00e1ra Podhor\u00e1ny Masarikov\u00e1.<\/p>\n","protected":false},"excerpt":{"rendered":"<p>Informa\u010dn\u00fd priestor na Slovensku dostal \u010fal\u0161iu ranu od slovenskej vl\u00e1dy. Po n\u00e1vrhu nov\u00e9ho z\u00e1kona\u00a0o \u201eSlovenskej telev\u00edzii a rozhlase\u201c, v\u010faka ktor\u00e9mu bude z verejnopr\u00e1vnej in\u0161tit\u00facie n\u00e1stroj koali\u010dnej propagandy, vl\u00e1da schv\u00e1lila nov\u00fa Koncepciu strategickej komunik\u00e1cie Slovenskej republiky.\u00a0 \u201eVl\u00e1da dnes potvrdila, \u017ee v\u0161etky n\u00e1stroje na komunik\u00e1ciu, ktor\u00e9 m\u00e1 k&nbsp;dispoz\u00edcii, pl\u00e1nuje vyu\u017ei\u0165 na mas\u00edrovanie verejnej mienky v\u00fdlu\u010dne vo svoj [&hellip;]<\/p>\n","protected":false},"author":13,"featured_media":386,"comment_status":"closed","ping_status":"closed","sticky":false,"template":"","format":"standard","meta":{"_acf_changed":false,"ngg_post_thumbnail":0,"footnotes":""},"categories":[4],"tags":[],"class_list":["post-3129","post","type-post","status-publish","format-standard","has-post-thumbnail","hentry","category-tlacove-spravy"],"acf":[],"yoast_head":"<!-- This site is optimized with the Yoast SEO plugin v27.2 - https:\/\/yoast.com\/product\/yoast-seo-wordpress\/ -->\n<title>\u00darad vl\u00e1dy si nechal schv\u00e1li\u0165 manu\u00e1l na vl\u00e1dnu propagandu - Smedemokrati.sk<\/title>\n<meta name=\"robots\" content=\"index, follow, max-snippet:-1, max-image-preview:large, max-video-preview:-1\" \/>\n<link rel=\"canonical\" href=\"https:\/\/www.smedemokrati.sk\/cs\/urad-vlady-si-nechal-schvalit-manual-na-vladnu-propagandu\/\" \/>\n<meta property=\"og:locale\" content=\"cs_CZ\" \/>\n<meta property=\"og:locale:alternate\" content=\"en_US\" \/>\n<meta property=\"og:locale:alternate\" content=\"hu_HU\" \/>\n<meta property=\"og:locale:alternate\" content=\"sk_SK\" \/>\n<meta property=\"og:locale:alternate\" content=\"sv_SE\" \/>\n<meta property=\"og:type\" content=\"article\" \/>\n<meta property=\"og:title\" content=\"\u00darad vl\u00e1dy si nechal schv\u00e1li\u0165 manu\u00e1l na vl\u00e1dnu propagandu - Smedemokrati.sk\" \/>\n<meta property=\"og:description\" content=\"Informa\u010dn\u00fd priestor na Slovensku dostal \u010fal\u0161iu ranu od slovenskej vl\u00e1dy. Po n\u00e1vrhu nov\u00e9ho z\u00e1kona\u00a0o \u201eSlovenskej telev\u00edzii a rozhlase\u201c, v\u010faka ktor\u00e9mu bude z verejnopr\u00e1vnej in\u0161tit\u00facie n\u00e1stroj koali\u010dnej propagandy, vl\u00e1da schv\u00e1lila nov\u00fa Koncepciu strategickej komunik\u00e1cie Slovenskej republiky.\u00a0 \u201eVl\u00e1da dnes potvrdila, \u017ee v\u0161etky n\u00e1stroje na komunik\u00e1ciu, ktor\u00e9 m\u00e1 k&nbsp;dispoz\u00edcii, pl\u00e1nuje vyu\u017ei\u0165 na mas\u00edrovanie verejnej mienky v\u00fdlu\u010dne vo svoj [&hellip;]\" \/>\n<meta property=\"og:url\" content=\"https:\/\/www.smedemokrati.sk\/cs\/urad-vlady-si-nechal-schvalit-manual-na-vladnu-propagandu\/\" \/>\n<meta property=\"og:site_name\" content=\"Smedemokrati.sk\" \/>\n<meta property=\"article:publisher\" content=\"https:\/\/www.facebook.com\/smedemokrati2023\" \/>\n<meta property=\"article:published_time\" content=\"2024-03-13T14:16:19+00:00\" \/>\n<meta property=\"article:modified_time\" content=\"2024-03-13T14:16:20+00:00\" \/>\n<meta property=\"og:image\" content=\"https:\/\/www.smedemokrati.sk\/wp-content\/uploads\/2023\/04\/MM.jpg\" \/>\n\t<meta property=\"og:image:width\" content=\"1520\" \/>\n\t<meta property=\"og:image:height\" content=\"1080\" \/>\n\t<meta property=\"og:image:type\" content=\"image\/jpeg\" \/>\n<meta name=\"author\" content=\"miro.sopko\" \/>\n<meta name=\"twitter:card\" content=\"summary_large_image\" \/>\n<meta name=\"twitter:label1\" content=\"Napsal(a)\" \/>\n\t<meta name=\"twitter:data1\" content=\"miro.sopko\" \/>\n\t<meta name=\"twitter:label2\" content=\"Odhadovan\u00e1 doba \u010dten\u00ed\" \/>\n\t<meta name=\"twitter:data2\" content=\"2 minuty\" \/>\n<script type=\"application\/ld+json\" class=\"yoast-schema-graph\">{\"@context\":\"https:\/\/schema.org\",\"@graph\":[{\"@type\":\"Article\",\"@id\":\"https:\/\/www.smedemokrati.sk\/urad-vlady-si-nechal-schvalit-manual-na-vladnu-propagandu\/#article\",\"isPartOf\":{\"@id\":\"https:\/\/www.smedemokrati.sk\/urad-vlady-si-nechal-schvalit-manual-na-vladnu-propagandu\/\"},\"author\":{\"name\":\"miro.sopko\",\"@id\":\"https:\/\/www.smedemokrati.sk\/#\/schema\/person\/21f147c88d605aa7ded900e1e7c344ba\"},\"headline\":\"\u00darad vl\u00e1dy si nechal schv\u00e1li\u0165 manu\u00e1l na vl\u00e1dnu propagandu\",\"datePublished\":\"2024-03-13T14:16:19+00:00\",\"dateModified\":\"2024-03-13T14:16:20+00:00\",\"mainEntityOfPage\":{\"@id\":\"https:\/\/www.smedemokrati.sk\/urad-vlady-si-nechal-schvalit-manual-na-vladnu-propagandu\/\"},\"wordCount\":388,\"publisher\":{\"@id\":\"https:\/\/www.smedemokrati.sk\/#organization\"},\"image\":{\"@id\":\"https:\/\/www.smedemokrati.sk\/urad-vlady-si-nechal-schvalit-manual-na-vladnu-propagandu\/#primaryimage\"},\"thumbnailUrl\":\"https:\/\/www.smedemokrati.sk\/wp-content\/uploads\/2023\/04\/MM.jpg\",\"articleSection\":[\"Tla\u010dov\u00e9 spr\u00e1vy\"],\"inLanguage\":\"cs-CZ\"},{\"@type\":\"WebPage\",\"@id\":\"https:\/\/www.smedemokrati.sk\/urad-vlady-si-nechal-schvalit-manual-na-vladnu-propagandu\/\",\"url\":\"https:\/\/www.smedemokrati.sk\/urad-vlady-si-nechal-schvalit-manual-na-vladnu-propagandu\/\",\"name\":\"\u00darad vl\u00e1dy si nechal schv\u00e1li\u0165 manu\u00e1l na vl\u00e1dnu propagandu - Smedemokrati.sk\",\"isPartOf\":{\"@id\":\"https:\/\/www.smedemokrati.sk\/#website\"},\"primaryImageOfPage\":{\"@id\":\"https:\/\/www.smedemokrati.sk\/urad-vlady-si-nechal-schvalit-manual-na-vladnu-propagandu\/#primaryimage\"},\"image\":{\"@id\":\"https:\/\/www.smedemokrati.sk\/urad-vlady-si-nechal-schvalit-manual-na-vladnu-propagandu\/#primaryimage\"},\"thumbnailUrl\":\"https:\/\/www.smedemokrati.sk\/wp-content\/uploads\/2023\/04\/MM.jpg\",\"datePublished\":\"2024-03-13T14:16:19+00:00\",\"dateModified\":\"2024-03-13T14:16:20+00:00\",\"breadcrumb\":{\"@id\":\"https:\/\/www.smedemokrati.sk\/urad-vlady-si-nechal-schvalit-manual-na-vladnu-propagandu\/#breadcrumb\"},\"inLanguage\":\"cs-CZ\",\"potentialAction\":[{\"@type\":\"ReadAction\",\"target\":[\"https:\/\/www.smedemokrati.sk\/urad-vlady-si-nechal-schvalit-manual-na-vladnu-propagandu\/\"]}]},{\"@type\":\"ImageObject\",\"inLanguage\":\"cs-CZ\",\"@id\":\"https:\/\/www.smedemokrati.sk\/urad-vlady-si-nechal-schvalit-manual-na-vladnu-propagandu\/#primaryimage\",\"url\":\"https:\/\/www.smedemokrati.sk\/wp-content\/uploads\/2023\/04\/MM.jpg\",\"contentUrl\":\"https:\/\/www.smedemokrati.sk\/wp-content\/uploads\/2023\/04\/MM.jpg\",\"width\":1520,\"height\":1080},{\"@type\":\"BreadcrumbList\",\"@id\":\"https:\/\/www.smedemokrati.sk\/urad-vlady-si-nechal-schvalit-manual-na-vladnu-propagandu\/#breadcrumb\",\"itemListElement\":[{\"@type\":\"ListItem\",\"position\":1,\"name\":\"Domovsk\u00e1 str\u00e1nka\",\"item\":\"https:\/\/www.smedemokrati.sk\/\"},{\"@type\":\"ListItem\",\"position\":2,\"name\":\"\u00darad vl\u00e1dy si nechal schv\u00e1li\u0165 manu\u00e1l na vl\u00e1dnu propagandu\"}]},{\"@type\":\"WebSite\",\"@id\":\"https:\/\/www.smedemokrati.sk\/#website\",\"url\":\"https:\/\/www.smedemokrati.sk\/\",\"name\":\"Smedemokrati.sk\",\"description\":\"Demokracia a slu\u0161nos\u0165 zv\u00ed\u0165az\u00ed\",\"publisher\":{\"@id\":\"https:\/\/www.smedemokrati.sk\/#organization\"},\"potentialAction\":[{\"@type\":\"SearchAction\",\"target\":{\"@type\":\"EntryPoint\",\"urlTemplate\":\"https:\/\/www.smedemokrati.sk\/?s={search_term_string}\"},\"query-input\":{\"@type\":\"PropertyValueSpecification\",\"valueRequired\":true,\"valueName\":\"search_term_string\"}}],\"inLanguage\":\"cs-CZ\"},{\"@type\":\"Organization\",\"@id\":\"https:\/\/www.smedemokrati.sk\/#organization\",\"name\":\"Smedemokrati.sk\",\"url\":\"https:\/\/www.smedemokrati.sk\/\",\"logo\":{\"@type\":\"ImageObject\",\"inLanguage\":\"cs-CZ\",\"@id\":\"https:\/\/www.smedemokrati.sk\/#\/schema\/logo\/image\/\",\"url\":\"https:\/\/www.smedemokrati.sk\/wp-content\/uploads\/2023\/04\/ff.002.jpeg\",\"contentUrl\":\"https:\/\/www.smedemokrati.sk\/wp-content\/uploads\/2023\/04\/ff.002.jpeg\",\"width\":640,\"height\":480,\"caption\":\"Smedemokrati.sk\"},\"image\":{\"@id\":\"https:\/\/www.smedemokrati.sk\/#\/schema\/logo\/image\/\"},\"sameAs\":[\"https:\/\/www.facebook.com\/smedemokrati2023\"]},{\"@type\":\"Person\",\"@id\":\"https:\/\/www.smedemokrati.sk\/#\/schema\/person\/21f147c88d605aa7ded900e1e7c344ba\",\"name\":\"miro.sopko\",\"image\":{\"@type\":\"ImageObject\",\"inLanguage\":\"cs-CZ\",\"@id\":\"https:\/\/secure.gravatar.com\/avatar\/267e4a36f704376c109afe3a78740c1f5dd8675a2180a908699e7863c9247606?s=96&d=mm&r=g\",\"url\":\"https:\/\/secure.gravatar.com\/avatar\/267e4a36f704376c109afe3a78740c1f5dd8675a2180a908699e7863c9247606?s=96&d=mm&r=g\",\"contentUrl\":\"https:\/\/secure.gravatar.com\/avatar\/267e4a36f704376c109afe3a78740c1f5dd8675a2180a908699e7863c9247606?s=96&d=mm&r=g\",\"caption\":\"miro.sopko\"},\"url\":\"https:\/\/www.smedemokrati.sk\/cs\/author\/miro-sopko\/\"}]}<\/script>\n<!-- \/ Yoast SEO plugin. -->","yoast_head_json":{"title":"\u00darad vl\u00e1dy si nechal schv\u00e1li\u0165 manu\u00e1l na vl\u00e1dnu propagandu - Smedemokrati.sk","robots":{"index":"index","follow":"follow","max-snippet":"max-snippet:-1","max-image-preview":"max-image-preview:large","max-video-preview":"max-video-preview:-1"},"canonical":"https:\/\/www.smedemokrati.sk\/cs\/urad-vlady-si-nechal-schvalit-manual-na-vladnu-propagandu\/","og_locale":"cs_CZ","og_type":"article","og_title":"\u00darad vl\u00e1dy si nechal schv\u00e1li\u0165 manu\u00e1l na vl\u00e1dnu propagandu - Smedemokrati.sk","og_description":"Informa\u010dn\u00fd priestor na Slovensku dostal \u010fal\u0161iu ranu od slovenskej vl\u00e1dy. Po n\u00e1vrhu nov\u00e9ho z\u00e1kona\u00a0o \u201eSlovenskej telev\u00edzii a rozhlase\u201c, v\u010faka ktor\u00e9mu bude z verejnopr\u00e1vnej in\u0161tit\u00facie n\u00e1stroj koali\u010dnej propagandy, vl\u00e1da schv\u00e1lila nov\u00fa Koncepciu strategickej komunik\u00e1cie Slovenskej republiky.\u00a0 \u201eVl\u00e1da dnes potvrdila, \u017ee v\u0161etky n\u00e1stroje na komunik\u00e1ciu, ktor\u00e9 m\u00e1 k&nbsp;dispoz\u00edcii, pl\u00e1nuje vyu\u017ei\u0165 na mas\u00edrovanie verejnej mienky v\u00fdlu\u010dne vo svoj [&hellip;]","og_url":"https:\/\/www.smedemokrati.sk\/cs\/urad-vlady-si-nechal-schvalit-manual-na-vladnu-propagandu\/","og_site_name":"Smedemokrati.sk","article_publisher":"https:\/\/www.facebook.com\/smedemokrati2023","article_published_time":"2024-03-13T14:16:19+00:00","article_modified_time":"2024-03-13T14:16:20+00:00","og_image":[{"width":1520,"height":1080,"url":"https:\/\/www.smedemokrati.sk\/wp-content\/uploads\/2023\/04\/MM.jpg","type":"image\/jpeg"}],"author":"miro.sopko","twitter_card":"summary_large_image","twitter_misc":{"Napsal(a)":"miro.sopko","Odhadovan\u00e1 doba \u010dten\u00ed":"2 minuty"},"schema":{"@context":"https:\/\/schema.org","@graph":[{"@type":"Article","@id":"https:\/\/www.smedemokrati.sk\/urad-vlady-si-nechal-schvalit-manual-na-vladnu-propagandu\/#article","isPartOf":{"@id":"https:\/\/www.smedemokrati.sk\/urad-vlady-si-nechal-schvalit-manual-na-vladnu-propagandu\/"},"author":{"name":"miro.sopko","@id":"https:\/\/www.smedemokrati.sk\/#\/schema\/person\/21f147c88d605aa7ded900e1e7c344ba"},"headline":"\u00darad vl\u00e1dy si nechal schv\u00e1li\u0165 manu\u00e1l na vl\u00e1dnu propagandu","datePublished":"2024-03-13T14:16:19+00:00","dateModified":"2024-03-13T14:16:20+00:00","mainEntityOfPage":{"@id":"https:\/\/www.smedemokrati.sk\/urad-vlady-si-nechal-schvalit-manual-na-vladnu-propagandu\/"},"wordCount":388,"publisher":{"@id":"https:\/\/www.smedemokrati.sk\/#organization"},"image":{"@id":"https:\/\/www.smedemokrati.sk\/urad-vlady-si-nechal-schvalit-manual-na-vladnu-propagandu\/#primaryimage"},"thumbnailUrl":"https:\/\/www.smedemokrati.sk\/wp-content\/uploads\/2023\/04\/MM.jpg","articleSection":["Tla\u010dov\u00e9 spr\u00e1vy"],"inLanguage":"cs-CZ"},{"@type":"WebPage","@id":"https:\/\/www.smedemokrati.sk\/urad-vlady-si-nechal-schvalit-manual-na-vladnu-propagandu\/","url":"https:\/\/www.smedemokrati.sk\/urad-vlady-si-nechal-schvalit-manual-na-vladnu-propagandu\/","name":"\u00darad vl\u00e1dy si nechal schv\u00e1li\u0165 manu\u00e1l na vl\u00e1dnu propagandu - Smedemokrati.sk","isPartOf":{"@id":"https:\/\/www.smedemokrati.sk\/#website"},"primaryImageOfPage":{"@id":"https:\/\/www.smedemokrati.sk\/urad-vlady-si-nechal-schvalit-manual-na-vladnu-propagandu\/#primaryimage"},"image":{"@id":"https:\/\/www.smedemokrati.sk\/urad-vlady-si-nechal-schvalit-manual-na-vladnu-propagandu\/#primaryimage"},"thumbnailUrl":"https:\/\/www.smedemokrati.sk\/wp-content\/uploads\/2023\/04\/MM.jpg","datePublished":"2024-03-13T14:16:19+00:00","dateModified":"2024-03-13T14:16:20+00:00","breadcrumb":{"@id":"https:\/\/www.smedemokrati.sk\/urad-vlady-si-nechal-schvalit-manual-na-vladnu-propagandu\/#breadcrumb"},"inLanguage":"cs-CZ","potentialAction":[{"@type":"ReadAction","target":["https:\/\/www.smedemokrati.sk\/urad-vlady-si-nechal-schvalit-manual-na-vladnu-propagandu\/"]}]},{"@type":"ImageObject","inLanguage":"cs-CZ","@id":"https:\/\/www.smedemokrati.sk\/urad-vlady-si-nechal-schvalit-manual-na-vladnu-propagandu\/#primaryimage","url":"https:\/\/www.smedemokrati.sk\/wp-content\/uploads\/2023\/04\/MM.jpg","contentUrl":"https:\/\/www.smedemokrati.sk\/wp-content\/uploads\/2023\/04\/MM.jpg","width":1520,"height":1080},{"@type":"BreadcrumbList","@id":"https:\/\/www.smedemokrati.sk\/urad-vlady-si-nechal-schvalit-manual-na-vladnu-propagandu\/#breadcrumb","itemListElement":[{"@type":"ListItem","position":1,"name":"Domovsk\u00e1 str\u00e1nka","item":"https:\/\/www.smedemokrati.sk\/"},{"@type":"ListItem","position":2,"name":"\u00darad vl\u00e1dy si nechal schv\u00e1li\u0165 manu\u00e1l na vl\u00e1dnu propagandu"}]},{"@type":"WebSite","@id":"https:\/\/www.smedemokrati.sk\/#website","url":"https:\/\/www.smedemokrati.sk\/","name":"Smedemokrati.sk","description":"Demokracia a slu\u0161nos\u0165 zv\u00ed\u0165az\u00ed","publisher":{"@id":"https:\/\/www.smedemokrati.sk\/#organization"},"potentialAction":[{"@type":"SearchAction","target":{"@type":"EntryPoint","urlTemplate":"https:\/\/www.smedemokrati.sk\/?s={search_term_string}"},"query-input":{"@type":"PropertyValueSpecification","valueRequired":true,"valueName":"search_term_string"}}],"inLanguage":"cs-CZ"},{"@type":"Organization","@id":"https:\/\/www.smedemokrati.sk\/#organization","name":"Smedemokrati.sk","url":"https:\/\/www.smedemokrati.sk\/","logo":{"@type":"ImageObject","inLanguage":"cs-CZ","@id":"https:\/\/www.smedemokrati.sk\/#\/schema\/logo\/image\/","url":"https:\/\/www.smedemokrati.sk\/wp-content\/uploads\/2023\/04\/ff.002.jpeg","contentUrl":"https:\/\/www.smedemokrati.sk\/wp-content\/uploads\/2023\/04\/ff.002.jpeg","width":640,"height":480,"caption":"Smedemokrati.sk"},"image":{"@id":"https:\/\/www.smedemokrati.sk\/#\/schema\/logo\/image\/"},"sameAs":["https:\/\/www.facebook.com\/smedemokrati2023"]},{"@type":"Person","@id":"https:\/\/www.smedemokrati.sk\/#\/schema\/person\/21f147c88d605aa7ded900e1e7c344ba","name":"miro.sopko","image":{"@type":"ImageObject","inLanguage":"cs-CZ","@id":"https:\/\/secure.gravatar.com\/avatar\/267e4a36f704376c109afe3a78740c1f5dd8675a2180a908699e7863c9247606?s=96&d=mm&r=g","url":"https:\/\/secure.gravatar.com\/avatar\/267e4a36f704376c109afe3a78740c1f5dd8675a2180a908699e7863c9247606?s=96&d=mm&r=g","contentUrl":"https:\/\/secure.gravatar.com\/avatar\/267e4a36f704376c109afe3a78740c1f5dd8675a2180a908699e7863c9247606?s=96&d=mm&r=g","caption":"miro.sopko"},"url":"https:\/\/www.smedemokrati.sk\/cs\/author\/miro-sopko\/"}]}},"_links":{"self":[{"href":"https:\/\/www.smedemokrati.sk\/cs\/wp-json\/wp\/v2\/posts\/3129","targetHints":{"allow":["GET"]}}],"collection":[{"href":"https:\/\/www.smedemokrati.sk\/cs\/wp-json\/wp\/v2\/posts"}],"about":[{"href":"https:\/\/www.smedemokrati.sk\/cs\/wp-json\/wp\/v2\/types\/post"}],"author":[{"embeddable":true,"href":"https:\/\/www.smedemokrati.sk\/cs\/wp-json\/wp\/v2\/users\/13"}],"replies":[{"embeddable":true,"href":"https:\/\/www.smedemokrati.sk\/cs\/wp-json\/wp\/v2\/comments?post=3129"}],"version-history":[{"count":1,"href":"https:\/\/www.smedemokrati.sk\/cs\/wp-json\/wp\/v2\/posts\/3129\/revisions"}],"predecessor-version":[{"id":3130,"href":"https:\/\/www.smedemokrati.sk\/cs\/wp-json\/wp\/v2\/posts\/3129\/revisions\/3130"}],"wp:featuredmedia":[{"embeddable":true,"href":"https:\/\/www.smedemokrati.sk\/cs\/wp-json\/wp\/v2\/media\/386"}],"wp:attachment":[{"href":"https:\/\/www.smedemokrati.sk\/cs\/wp-json\/wp\/v2\/media?parent=3129"}],"wp:term":[{"taxonomy":"category","embeddable":true,"href":"https:\/\/www.smedemokrati.sk\/cs\/wp-json\/wp\/v2\/categories?post=3129"},{"taxonomy":"post_tag","embeddable":true,"href":"https:\/\/www.smedemokrati.sk\/cs\/wp-json\/wp\/v2\/tags?post=3129"}],"curies":[{"name":"wp","href":"https:\/\/api.w.org\/{rel}","templated":true}]}}