{"id":3124,"date":"2024-03-13T13:40:41","date_gmt":"2024-03-13T12:40:41","guid":{"rendered":"https:\/\/www.smedemokrati.sk\/?p=3124"},"modified":"2024-03-14T17:16:40","modified_gmt":"2024-03-14T16:16:40","slug":"tejto-teme-sa-musime-venovat-aby-sme-neboli-svedkami-dalsich-tragedii","status":"publish","type":"post","link":"https:\/\/www.smedemokrati.sk\/cs\/tejto-teme-sa-musime-venovat-aby-sme-neboli-svedkami-dalsich-tragedii\/","title":{"rendered":"Tejto t\u00e9me sa mus\u00edme venova\u0165, aby sme neboli svedkami \u010fal\u0161\u00edch trag\u00e9di\u00ed"},"content":{"rendered":"<div id=\"fb-root\"><\/div>\n\n<p><em><strong>Je zar\u00e1\u017eaj\u00face, \u017ee ani trag\u00e9dia na Liptove, kde zahynula matka s die\u0165a\u0165om v n\u00e1ru\u010d\u00ed nezdvihla zo stoli\u010diek t\u00fdch, ktor\u00ed musia by\u0165 v t\u00e9me zdravotne znev\u00fdhodnen\u00fdch akt\u00edvni. Pod\u013ea Demokratov je to zlyhanie \u0161t\u00e1tu, \u013eahostajnos\u0165 okolia a nez\u00e1ujem, ktor\u00e9 mali za n\u00e1sledok toto z\u00fafal\u00e9 gesto. Strana preto predstavila okam\u017eit\u00e9 opatrenia, ktor\u00e9 vedia re\u00e1lne pom\u00f4c\u0165 zdravotne znev\u00fdhodnen\u00fdm a ich rodin\u00e1m.\u00a0<\/strong><\/em><\/p>\n\n\n\n<p>Pod\u013ea Demokratov ide o nadrezortn\u00fa t\u00e9mu, ktor\u00e1 vy\u017eaduje, aby si za jeden st\u00f4l sadli odborn\u00edci, ministri, poslanci a z\u00e1stupcovia samospr\u00e1v: <em><em>\u201e<\/em>Verejnos\u0165 mus\u00ed po\u010du\u0165, ak\u00e9 kroky pl\u00e1nuj\u00fa zodpovedn\u00ed, aby sa podobn\u00e9 z\u00fafal\u00e9 gest\u00e1 u\u017e neopakovali.&#8220;<\/em> Otv\u00e1ra t\u00e9mu expertka na oblas\u0165 zdravotn\u00e9ho znev\u00fdhodnenia a b\u00fdval\u00e1 poslanky\u0148a Jana \u017dit\u0148ansk\u00e1, ktor\u00e1 z\u00e1rove\u0148 predstavila z\u00e1kladn\u00e9 opatrenia, ktor\u00e9 re\u00e1lne pom\u00f4\u017eu zdravotne znev\u00fdhodnen\u00fdm a ich rodin\u00e1m:\u00a0<em><em>\u201e<\/em><\/em><strong><em>Finan\u010dn\u00e1 stabilita<\/em><\/strong><em>\u00a0je absol\u00fatnou prioritou a upozor\u0148uje na \u0148u aj n\u00e1\u0161 kolega, europoslanec a expert na dane a odvody Jozef Mih\u00e1l. Tieto rodiny \u017eij\u00fa zv\u00e4\u010d\u0161a z jedn\u00e9ho platu, pri\u010dom v\u00fddavky na starostlivos\u0165 id\u00fa rap\u00eddne hore. Potrebujeme, aby bolo\u00a0<\/em><strong><em>okam\u017eite zru\u0161en\u00e9 posudzovanie pr\u00edjmu opatrovan\u00e9ho<\/em><\/strong><em>, preto\u017ee tu \u010dasto doch\u00e1dza k tomu, \u017ee pr\u00edspevok na opatrovanie sa de facto zn\u00ed\u017ei. Po\u010fme sa tie\u017e bavi\u0165 o tom,\u00a0<\/em><strong><em>do akej v\u00fd\u0161ky m\u00f4\u017ee zar\u00e1ba\u0165 ten, ktor\u00fd opatruje<\/em><\/strong><em>\u00a0&#8211; t\u00fato hranicu potrebujeme nutne zv\u00fd\u0161i\u0165. A v neposlednom rade,\u00a0<\/em><strong><em>\u0161t\u00e1t mus\u00ed za\u010da\u0165 plati\u0165 viac do d\u00f4chodkov\u00e9ho syst\u00e9mu<\/em><\/strong><em>. Mno\u017estvo t\u00fdch, ktor\u00ed cel\u00fd \u017eivot opatruj\u00fa, maj\u00fa ni\u017e\u0161\u00ed d\u00f4chodok ako 300 eur.\u201d<\/em>\u00a0Zhrnula Jana \u017dit\u0148ansk\u00e1 a okomentovala aj s\u00fa\u010dasne\u00a0<strong>nedostato\u010dne nastaven\u00fd syst\u00e9m od\u013eah\u010dovacej slu\u017eby<\/strong>, pod\u013ea ktor\u00e9ho maj\u00fa neform\u00e1lni opatrovatelia zo z\u00e1kona 30 dn\u00ed na to, aby sa o zdravotne znev\u00fdhodnen\u00e9ho postaralo \u010di u\u017e zariadenie alebo opatrovate\u013esk\u00e1 slu\u017eba :\u00a0<em><em>\u201e<\/em>Nepozn\u00e1m zo svojho okolia nikoho, komu by sa takejto slu\u017eby dostalo. \u0160t\u00e1t mus\u00ed vy\u010dleni\u0165 financie na to, aby si rodiny mohli dovoli\u0165 t\u00fato slu\u017ebu,\u201d<\/em>\u00a0uzavrela \u017dit\u0148ansk\u00e1.<\/p>\n\n\n\n<p><em><em>\u201e<\/em>Chceme \u017ei\u0165 v krajine, v ktorej ak do rodiny pr\u00edde v\u00e1\u017ene ochorenie, bude fungova\u0165 zdravotn\u00fd a soci\u00e1lny syst\u00e9m. Predstavte si, \u017ee jeden partner prestane pracova\u0165 a st\u00e1va sa opatrovate\u013eom, druh\u00fd partner m\u00e1 dve tri pr\u00e1ce, aby to zvl\u00e1dli. Z\u00e1rove\u0148 ten, ktor\u00fd ost\u00e1va opatrova\u0165, prest\u00e1va v na\u0161om syst\u00e9me existova\u0165. Pozn\u00e1m opatrovate\u013eku matku, ktor\u00e1 sa star\u00e1 o \u0165a\u017eko chor\u00e9ho syna a dost\u00e1va 49 eur pr\u00edspevok, teraz v\u010faka z\u00e1konom Janky \u017dit\u0148anskej je to \u0165a\u017eko vybojovan\u00fdch 100 eur.\u201d<\/em>\u00a0Na\u010drtol problematiku Peter \u0160tep\u00e1nek odborn\u00edk na zriedkav\u00e9 ochorenia a zd\u00f4raznil naliehavos\u0165 opatren\u00ed, ktor\u00e9 predstavila Jana \u017dit\u0148ansk\u00e1.<\/p>\n\n\n\n<p>Predseda strany Demokrati Jaroslav Na\u010f vyzval verejnos\u0165, novin\u00e1rsku obec a tie\u017e predstavite\u013eov \u0161t\u00e1tu, aby vyv\u00edjali tlak na t\u00e9my, ktor\u00e9 sa t\u00fdkaj\u00fa tejto skupiny \u013eud\u00ed:\u00a0<em><em>\u201e<\/em>Spr\u00e1vy nemaj\u00fa by\u0165 len o trag\u00e9di\u00e1ch. Maj\u00fa by\u0165 o opatreniach a prevencii, aby t\u00ed, ktor\u00ed to potrebuj\u00fa c\u00edtili, \u017ee za nich bojujeme. Toto je jednou z prior\u00edt na\u0161ej strany, v\u010faka Janke \u017dit\u0148anskej a jej t\u00edmu od minul\u00e9ho roka dost\u00e1va 24 tis\u00edc d\u00f4chodcov o 140 eur mesa\u010dne viac, aby sa mohli stara\u0165 o svojich bl\u00edzkych. Navy\u0161e, tento rok op\u00e4\u0165 v\u010faka Janke si prilep\u0161ia o \u010fal\u0161\u00edch 140 eur. Chceme v tejto pr\u00e1ci pokra\u010dova\u0165, vieme \u010do treba robi\u0165.\u201d<\/em>\u00a0Okomentoval Na\u010f a dodal, \u017ee pomoc mus\u00ed by\u0165 spravodliv\u00e1, cielen\u00e1 a \u00fa\u010delov\u00e1.\u00a0<\/p>\n\n\n\n<p>Na tla\u010dovej konferencii sa z\u00fa\u010dastnila aj Kl\u00e1ra Dynisov\u00e1, ktor\u00e1 zalo\u017eila podporn\u00e9 skupiny na pomoc \u013eu\u010fom s \u0165a\u017ek\u00fdm zdravotn\u00fdm postihnut\u00edm. Pouk\u00e1zala na pr\u00edpady, kde \u0161t\u00e1t nepriznal opatrovate\u013esk\u00fd pr\u00edspevok matke, ktor\u00e1 m\u00e1 die\u0165a s Downov\u00fdm syndr\u00f3mom, preto\u017ee pod\u013ea \u00faradn\u00edkov dok\u00e1\u017ee dc\u00e9ra samostatne fungova\u0165. Alebo tie\u017e na pr\u00edpad, kedy bol \u00faradom od\u0148at\u00fd pr\u00edspevok na 8-ro\u010dn\u00fa onkologick\u00fa pacientku, \u010do sp\u00f4sobilo, \u017ee rodina ostala rok bez pr\u00edjmu.<\/p>\n\n\n\n<figure class=\"wp-block-embed is-type-video is-provider-youtube wp-block-embed-youtube wp-embed-aspect-16-9 wp-has-aspect-ratio\"><div class=\"wp-block-embed__wrapper\">\n<iframe title=\"\ud83d\udd34Live: \u010co sa e\u0161te mus\u00ed sta\u0165, aby \u013eudia so zdravotn\u00fdm znev\u00fdhodnen\u00edm prestali by\u0165 nevidite\u013en\u00ed?\" width=\"500\" height=\"281\" src=\"https:\/\/www.youtube.com\/embed\/8MrHSSK7Ei0?feature=oembed\" frameborder=\"0\" allow=\"accelerometer; autoplay; clipboard-write; encrypted-media; gyroscope; picture-in-picture; web-share\" referrerpolicy=\"strict-origin-when-cross-origin\" allowfullscreen><\/iframe>\n<\/div><\/figure>\n","protected":false},"excerpt":{"rendered":"<p>Je zar\u00e1\u017eaj\u00face, \u017ee ani trag\u00e9dia na Liptove, kde zahynula matka s die\u0165a\u0165om v n\u00e1ru\u010d\u00ed nezdvihla zo stoli\u010diek t\u00fdch, ktor\u00ed musia by\u0165 v t\u00e9me zdravotne znev\u00fdhodnen\u00fdch akt\u00edvni. Pod\u013ea Demokratov je to zlyhanie \u0161t\u00e1tu, \u013eahostajnos\u0165 okolia a nez\u00e1ujem, ktor\u00e9 mali za n\u00e1sledok toto z\u00fafal\u00e9 gesto. Strana preto predstavila okam\u017eit\u00e9 opatrenia, ktor\u00e9 vedia re\u00e1lne pom\u00f4c\u0165 zdravotne znev\u00fdhodnen\u00fdm a [&hellip;]<\/p>\n","protected":false},"author":13,"featured_media":3125,"comment_status":"closed","ping_status":"closed","sticky":false,"template":"","format":"standard","meta":{"_acf_changed":false,"ngg_post_thumbnail":0,"footnotes":""},"categories":[4],"tags":[],"class_list":["post-3124","post","type-post","status-publish","format-standard","has-post-thumbnail","hentry","category-tlacove-spravy"],"acf":[],"yoast_head":"<!-- This site is optimized with the Yoast SEO plugin v27.2 - https:\/\/yoast.com\/product\/yoast-seo-wordpress\/ -->\n<title>Tejto t\u00e9me sa mus\u00edme venova\u0165, aby sme neboli svedkami \u010fal\u0161\u00edch trag\u00e9di\u00ed - Smedemokrati.sk<\/title>\n<meta name=\"robots\" content=\"index, follow, max-snippet:-1, max-image-preview:large, max-video-preview:-1\" \/>\n<link rel=\"canonical\" href=\"https:\/\/www.smedemokrati.sk\/cs\/tejto-teme-sa-musime-venovat-aby-sme-neboli-svedkami-dalsich-tragedii\/\" \/>\n<meta property=\"og:locale\" content=\"cs_CZ\" \/>\n<meta property=\"og:locale:alternate\" content=\"en_US\" \/>\n<meta property=\"og:locale:alternate\" content=\"hu_HU\" \/>\n<meta property=\"og:locale:alternate\" content=\"sk_SK\" \/>\n<meta property=\"og:locale:alternate\" content=\"sv_SE\" \/>\n<meta property=\"og:type\" content=\"article\" \/>\n<meta property=\"og:title\" content=\"Tejto t\u00e9me sa mus\u00edme venova\u0165, aby sme neboli svedkami \u010fal\u0161\u00edch trag\u00e9di\u00ed - Smedemokrati.sk\" \/>\n<meta property=\"og:description\" content=\"Je zar\u00e1\u017eaj\u00face, \u017ee ani trag\u00e9dia na Liptove, kde zahynula matka s die\u0165a\u0165om v n\u00e1ru\u010d\u00ed nezdvihla zo stoli\u010diek t\u00fdch, ktor\u00ed musia by\u0165 v t\u00e9me zdravotne znev\u00fdhodnen\u00fdch akt\u00edvni. Pod\u013ea Demokratov je to zlyhanie \u0161t\u00e1tu, \u013eahostajnos\u0165 okolia a nez\u00e1ujem, ktor\u00e9 mali za n\u00e1sledok toto z\u00fafal\u00e9 gesto. Strana preto predstavila okam\u017eit\u00e9 opatrenia, ktor\u00e9 vedia re\u00e1lne pom\u00f4c\u0165 zdravotne znev\u00fdhodnen\u00fdm a [&hellip;]\" \/>\n<meta property=\"og:url\" content=\"https:\/\/www.smedemokrati.sk\/cs\/tejto-teme-sa-musime-venovat-aby-sme-neboli-svedkami-dalsich-tragedii\/\" \/>\n<meta property=\"og:site_name\" content=\"Smedemokrati.sk\" \/>\n<meta property=\"article:publisher\" content=\"https:\/\/www.facebook.com\/smedemokrati2023\" \/>\n<meta property=\"article:published_time\" content=\"2024-03-13T12:40:41+00:00\" \/>\n<meta property=\"article:modified_time\" content=\"2024-03-14T16:16:40+00:00\" \/>\n<meta property=\"og:image\" content=\"https:\/\/www.smedemokrati.sk\/wp-content\/uploads\/2024\/03\/zitnannska_tk.jpg\" \/>\n\t<meta property=\"og:image:width\" content=\"1105\" \/>\n\t<meta property=\"og:image:height\" content=\"930\" \/>\n\t<meta property=\"og:image:type\" content=\"image\/jpeg\" \/>\n<meta name=\"author\" content=\"miro.sopko\" \/>\n<meta name=\"twitter:card\" content=\"summary_large_image\" \/>\n<meta name=\"twitter:label1\" content=\"Napsal(a)\" \/>\n\t<meta name=\"twitter:data1\" content=\"miro.sopko\" \/>\n\t<meta name=\"twitter:label2\" content=\"Odhadovan\u00e1 doba \u010dten\u00ed\" \/>\n\t<meta name=\"twitter:data2\" content=\"3 minuty\" \/>\n<script type=\"application\/ld+json\" class=\"yoast-schema-graph\">{\"@context\":\"https:\/\/schema.org\",\"@graph\":[{\"@type\":\"Article\",\"@id\":\"https:\/\/www.smedemokrati.sk\/tejto-teme-sa-musime-venovat-aby-sme-neboli-svedkami-dalsich-tragedii\/#article\",\"isPartOf\":{\"@id\":\"https:\/\/www.smedemokrati.sk\/tejto-teme-sa-musime-venovat-aby-sme-neboli-svedkami-dalsich-tragedii\/\"},\"author\":{\"name\":\"miro.sopko\",\"@id\":\"https:\/\/www.smedemokrati.sk\/#\/schema\/person\/21f147c88d605aa7ded900e1e7c344ba\"},\"headline\":\"Tejto t\u00e9me sa mus\u00edme venova\u0165, aby sme neboli svedkami \u010fal\u0161\u00edch trag\u00e9di\u00ed\",\"datePublished\":\"2024-03-13T12:40:41+00:00\",\"dateModified\":\"2024-03-14T16:16:40+00:00\",\"mainEntityOfPage\":{\"@id\":\"https:\/\/www.smedemokrati.sk\/tejto-teme-sa-musime-venovat-aby-sme-neboli-svedkami-dalsich-tragedii\/\"},\"wordCount\":741,\"publisher\":{\"@id\":\"https:\/\/www.smedemokrati.sk\/#organization\"},\"image\":{\"@id\":\"https:\/\/www.smedemokrati.sk\/tejto-teme-sa-musime-venovat-aby-sme-neboli-svedkami-dalsich-tragedii\/#primaryimage\"},\"thumbnailUrl\":\"https:\/\/www.smedemokrati.sk\/wp-content\/uploads\/2024\/03\/zitnannska_tk.jpg\",\"articleSection\":[\"Tla\u010dov\u00e9 spr\u00e1vy\"],\"inLanguage\":\"cs-CZ\"},{\"@type\":\"WebPage\",\"@id\":\"https:\/\/www.smedemokrati.sk\/tejto-teme-sa-musime-venovat-aby-sme-neboli-svedkami-dalsich-tragedii\/\",\"url\":\"https:\/\/www.smedemokrati.sk\/tejto-teme-sa-musime-venovat-aby-sme-neboli-svedkami-dalsich-tragedii\/\",\"name\":\"Tejto t\u00e9me sa mus\u00edme venova\u0165, aby sme neboli svedkami \u010fal\u0161\u00edch trag\u00e9di\u00ed - Smedemokrati.sk\",\"isPartOf\":{\"@id\":\"https:\/\/www.smedemokrati.sk\/#website\"},\"primaryImageOfPage\":{\"@id\":\"https:\/\/www.smedemokrati.sk\/tejto-teme-sa-musime-venovat-aby-sme-neboli-svedkami-dalsich-tragedii\/#primaryimage\"},\"image\":{\"@id\":\"https:\/\/www.smedemokrati.sk\/tejto-teme-sa-musime-venovat-aby-sme-neboli-svedkami-dalsich-tragedii\/#primaryimage\"},\"thumbnailUrl\":\"https:\/\/www.smedemokrati.sk\/wp-content\/uploads\/2024\/03\/zitnannska_tk.jpg\",\"datePublished\":\"2024-03-13T12:40:41+00:00\",\"dateModified\":\"2024-03-14T16:16:40+00:00\",\"breadcrumb\":{\"@id\":\"https:\/\/www.smedemokrati.sk\/tejto-teme-sa-musime-venovat-aby-sme-neboli-svedkami-dalsich-tragedii\/#breadcrumb\"},\"inLanguage\":\"cs-CZ\",\"potentialAction\":[{\"@type\":\"ReadAction\",\"target\":[\"https:\/\/www.smedemokrati.sk\/tejto-teme-sa-musime-venovat-aby-sme-neboli-svedkami-dalsich-tragedii\/\"]}]},{\"@type\":\"ImageObject\",\"inLanguage\":\"cs-CZ\",\"@id\":\"https:\/\/www.smedemokrati.sk\/tejto-teme-sa-musime-venovat-aby-sme-neboli-svedkami-dalsich-tragedii\/#primaryimage\",\"url\":\"https:\/\/www.smedemokrati.sk\/wp-content\/uploads\/2024\/03\/zitnannska_tk.jpg\",\"contentUrl\":\"https:\/\/www.smedemokrati.sk\/wp-content\/uploads\/2024\/03\/zitnannska_tk.jpg\",\"width\":1105,\"height\":930},{\"@type\":\"BreadcrumbList\",\"@id\":\"https:\/\/www.smedemokrati.sk\/tejto-teme-sa-musime-venovat-aby-sme-neboli-svedkami-dalsich-tragedii\/#breadcrumb\",\"itemListElement\":[{\"@type\":\"ListItem\",\"position\":1,\"name\":\"Domovsk\u00e1 str\u00e1nka\",\"item\":\"https:\/\/www.smedemokrati.sk\/\"},{\"@type\":\"ListItem\",\"position\":2,\"name\":\"Tejto t\u00e9me sa mus\u00edme venova\u0165, aby sme neboli svedkami \u010fal\u0161\u00edch trag\u00e9di\u00ed\"}]},{\"@type\":\"WebSite\",\"@id\":\"https:\/\/www.smedemokrati.sk\/#website\",\"url\":\"https:\/\/www.smedemokrati.sk\/\",\"name\":\"Smedemokrati.sk\",\"description\":\"Demokracia a slu\u0161nos\u0165 zv\u00ed\u0165az\u00ed\",\"publisher\":{\"@id\":\"https:\/\/www.smedemokrati.sk\/#organization\"},\"potentialAction\":[{\"@type\":\"SearchAction\",\"target\":{\"@type\":\"EntryPoint\",\"urlTemplate\":\"https:\/\/www.smedemokrati.sk\/?s={search_term_string}\"},\"query-input\":{\"@type\":\"PropertyValueSpecification\",\"valueRequired\":true,\"valueName\":\"search_term_string\"}}],\"inLanguage\":\"cs-CZ\"},{\"@type\":\"Organization\",\"@id\":\"https:\/\/www.smedemokrati.sk\/#organization\",\"name\":\"Smedemokrati.sk\",\"url\":\"https:\/\/www.smedemokrati.sk\/\",\"logo\":{\"@type\":\"ImageObject\",\"inLanguage\":\"cs-CZ\",\"@id\":\"https:\/\/www.smedemokrati.sk\/#\/schema\/logo\/image\/\",\"url\":\"https:\/\/www.smedemokrati.sk\/wp-content\/uploads\/2023\/04\/ff.002.jpeg\",\"contentUrl\":\"https:\/\/www.smedemokrati.sk\/wp-content\/uploads\/2023\/04\/ff.002.jpeg\",\"width\":640,\"height\":480,\"caption\":\"Smedemokrati.sk\"},\"image\":{\"@id\":\"https:\/\/www.smedemokrati.sk\/#\/schema\/logo\/image\/\"},\"sameAs\":[\"https:\/\/www.facebook.com\/smedemokrati2023\"]},{\"@type\":\"Person\",\"@id\":\"https:\/\/www.smedemokrati.sk\/#\/schema\/person\/21f147c88d605aa7ded900e1e7c344ba\",\"name\":\"miro.sopko\",\"image\":{\"@type\":\"ImageObject\",\"inLanguage\":\"cs-CZ\",\"@id\":\"https:\/\/secure.gravatar.com\/avatar\/267e4a36f704376c109afe3a78740c1f5dd8675a2180a908699e7863c9247606?s=96&d=mm&r=g\",\"url\":\"https:\/\/secure.gravatar.com\/avatar\/267e4a36f704376c109afe3a78740c1f5dd8675a2180a908699e7863c9247606?s=96&d=mm&r=g\",\"contentUrl\":\"https:\/\/secure.gravatar.com\/avatar\/267e4a36f704376c109afe3a78740c1f5dd8675a2180a908699e7863c9247606?s=96&d=mm&r=g\",\"caption\":\"miro.sopko\"},\"url\":\"https:\/\/www.smedemokrati.sk\/cs\/author\/miro-sopko\/\"}]}<\/script>\n<!-- \/ Yoast SEO plugin. -->","yoast_head_json":{"title":"Tejto t\u00e9me sa mus\u00edme venova\u0165, aby sme neboli svedkami \u010fal\u0161\u00edch trag\u00e9di\u00ed - Smedemokrati.sk","robots":{"index":"index","follow":"follow","max-snippet":"max-snippet:-1","max-image-preview":"max-image-preview:large","max-video-preview":"max-video-preview:-1"},"canonical":"https:\/\/www.smedemokrati.sk\/cs\/tejto-teme-sa-musime-venovat-aby-sme-neboli-svedkami-dalsich-tragedii\/","og_locale":"cs_CZ","og_type":"article","og_title":"Tejto t\u00e9me sa mus\u00edme venova\u0165, aby sme neboli svedkami \u010fal\u0161\u00edch trag\u00e9di\u00ed - Smedemokrati.sk","og_description":"Je zar\u00e1\u017eaj\u00face, \u017ee ani trag\u00e9dia na Liptove, kde zahynula matka s die\u0165a\u0165om v n\u00e1ru\u010d\u00ed nezdvihla zo stoli\u010diek t\u00fdch, ktor\u00ed musia by\u0165 v t\u00e9me zdravotne znev\u00fdhodnen\u00fdch akt\u00edvni. Pod\u013ea Demokratov je to zlyhanie \u0161t\u00e1tu, \u013eahostajnos\u0165 okolia a nez\u00e1ujem, ktor\u00e9 mali za n\u00e1sledok toto z\u00fafal\u00e9 gesto. Strana preto predstavila okam\u017eit\u00e9 opatrenia, ktor\u00e9 vedia re\u00e1lne pom\u00f4c\u0165 zdravotne znev\u00fdhodnen\u00fdm a [&hellip;]","og_url":"https:\/\/www.smedemokrati.sk\/cs\/tejto-teme-sa-musime-venovat-aby-sme-neboli-svedkami-dalsich-tragedii\/","og_site_name":"Smedemokrati.sk","article_publisher":"https:\/\/www.facebook.com\/smedemokrati2023","article_published_time":"2024-03-13T12:40:41+00:00","article_modified_time":"2024-03-14T16:16:40+00:00","og_image":[{"width":1105,"height":930,"url":"https:\/\/www.smedemokrati.sk\/wp-content\/uploads\/2024\/03\/zitnannska_tk.jpg","type":"image\/jpeg"}],"author":"miro.sopko","twitter_card":"summary_large_image","twitter_misc":{"Napsal(a)":"miro.sopko","Odhadovan\u00e1 doba \u010dten\u00ed":"3 minuty"},"schema":{"@context":"https:\/\/schema.org","@graph":[{"@type":"Article","@id":"https:\/\/www.smedemokrati.sk\/tejto-teme-sa-musime-venovat-aby-sme-neboli-svedkami-dalsich-tragedii\/#article","isPartOf":{"@id":"https:\/\/www.smedemokrati.sk\/tejto-teme-sa-musime-venovat-aby-sme-neboli-svedkami-dalsich-tragedii\/"},"author":{"name":"miro.sopko","@id":"https:\/\/www.smedemokrati.sk\/#\/schema\/person\/21f147c88d605aa7ded900e1e7c344ba"},"headline":"Tejto t\u00e9me sa mus\u00edme venova\u0165, aby sme neboli svedkami \u010fal\u0161\u00edch trag\u00e9di\u00ed","datePublished":"2024-03-13T12:40:41+00:00","dateModified":"2024-03-14T16:16:40+00:00","mainEntityOfPage":{"@id":"https:\/\/www.smedemokrati.sk\/tejto-teme-sa-musime-venovat-aby-sme-neboli-svedkami-dalsich-tragedii\/"},"wordCount":741,"publisher":{"@id":"https:\/\/www.smedemokrati.sk\/#organization"},"image":{"@id":"https:\/\/www.smedemokrati.sk\/tejto-teme-sa-musime-venovat-aby-sme-neboli-svedkami-dalsich-tragedii\/#primaryimage"},"thumbnailUrl":"https:\/\/www.smedemokrati.sk\/wp-content\/uploads\/2024\/03\/zitnannska_tk.jpg","articleSection":["Tla\u010dov\u00e9 spr\u00e1vy"],"inLanguage":"cs-CZ"},{"@type":"WebPage","@id":"https:\/\/www.smedemokrati.sk\/tejto-teme-sa-musime-venovat-aby-sme-neboli-svedkami-dalsich-tragedii\/","url":"https:\/\/www.smedemokrati.sk\/tejto-teme-sa-musime-venovat-aby-sme-neboli-svedkami-dalsich-tragedii\/","name":"Tejto t\u00e9me sa mus\u00edme venova\u0165, aby sme neboli svedkami \u010fal\u0161\u00edch trag\u00e9di\u00ed - Smedemokrati.sk","isPartOf":{"@id":"https:\/\/www.smedemokrati.sk\/#website"},"primaryImageOfPage":{"@id":"https:\/\/www.smedemokrati.sk\/tejto-teme-sa-musime-venovat-aby-sme-neboli-svedkami-dalsich-tragedii\/#primaryimage"},"image":{"@id":"https:\/\/www.smedemokrati.sk\/tejto-teme-sa-musime-venovat-aby-sme-neboli-svedkami-dalsich-tragedii\/#primaryimage"},"thumbnailUrl":"https:\/\/www.smedemokrati.sk\/wp-content\/uploads\/2024\/03\/zitnannska_tk.jpg","datePublished":"2024-03-13T12:40:41+00:00","dateModified":"2024-03-14T16:16:40+00:00","breadcrumb":{"@id":"https:\/\/www.smedemokrati.sk\/tejto-teme-sa-musime-venovat-aby-sme-neboli-svedkami-dalsich-tragedii\/#breadcrumb"},"inLanguage":"cs-CZ","potentialAction":[{"@type":"ReadAction","target":["https:\/\/www.smedemokrati.sk\/tejto-teme-sa-musime-venovat-aby-sme-neboli-svedkami-dalsich-tragedii\/"]}]},{"@type":"ImageObject","inLanguage":"cs-CZ","@id":"https:\/\/www.smedemokrati.sk\/tejto-teme-sa-musime-venovat-aby-sme-neboli-svedkami-dalsich-tragedii\/#primaryimage","url":"https:\/\/www.smedemokrati.sk\/wp-content\/uploads\/2024\/03\/zitnannska_tk.jpg","contentUrl":"https:\/\/www.smedemokrati.sk\/wp-content\/uploads\/2024\/03\/zitnannska_tk.jpg","width":1105,"height":930},{"@type":"BreadcrumbList","@id":"https:\/\/www.smedemokrati.sk\/tejto-teme-sa-musime-venovat-aby-sme-neboli-svedkami-dalsich-tragedii\/#breadcrumb","itemListElement":[{"@type":"ListItem","position":1,"name":"Domovsk\u00e1 str\u00e1nka","item":"https:\/\/www.smedemokrati.sk\/"},{"@type":"ListItem","position":2,"name":"Tejto t\u00e9me sa mus\u00edme venova\u0165, aby sme neboli svedkami \u010fal\u0161\u00edch trag\u00e9di\u00ed"}]},{"@type":"WebSite","@id":"https:\/\/www.smedemokrati.sk\/#website","url":"https:\/\/www.smedemokrati.sk\/","name":"Smedemokrati.sk","description":"Demokracia a slu\u0161nos\u0165 zv\u00ed\u0165az\u00ed","publisher":{"@id":"https:\/\/www.smedemokrati.sk\/#organization"},"potentialAction":[{"@type":"SearchAction","target":{"@type":"EntryPoint","urlTemplate":"https:\/\/www.smedemokrati.sk\/?s={search_term_string}"},"query-input":{"@type":"PropertyValueSpecification","valueRequired":true,"valueName":"search_term_string"}}],"inLanguage":"cs-CZ"},{"@type":"Organization","@id":"https:\/\/www.smedemokrati.sk\/#organization","name":"Smedemokrati.sk","url":"https:\/\/www.smedemokrati.sk\/","logo":{"@type":"ImageObject","inLanguage":"cs-CZ","@id":"https:\/\/www.smedemokrati.sk\/#\/schema\/logo\/image\/","url":"https:\/\/www.smedemokrati.sk\/wp-content\/uploads\/2023\/04\/ff.002.jpeg","contentUrl":"https:\/\/www.smedemokrati.sk\/wp-content\/uploads\/2023\/04\/ff.002.jpeg","width":640,"height":480,"caption":"Smedemokrati.sk"},"image":{"@id":"https:\/\/www.smedemokrati.sk\/#\/schema\/logo\/image\/"},"sameAs":["https:\/\/www.facebook.com\/smedemokrati2023"]},{"@type":"Person","@id":"https:\/\/www.smedemokrati.sk\/#\/schema\/person\/21f147c88d605aa7ded900e1e7c344ba","name":"miro.sopko","image":{"@type":"ImageObject","inLanguage":"cs-CZ","@id":"https:\/\/secure.gravatar.com\/avatar\/267e4a36f704376c109afe3a78740c1f5dd8675a2180a908699e7863c9247606?s=96&d=mm&r=g","url":"https:\/\/secure.gravatar.com\/avatar\/267e4a36f704376c109afe3a78740c1f5dd8675a2180a908699e7863c9247606?s=96&d=mm&r=g","contentUrl":"https:\/\/secure.gravatar.com\/avatar\/267e4a36f704376c109afe3a78740c1f5dd8675a2180a908699e7863c9247606?s=96&d=mm&r=g","caption":"miro.sopko"},"url":"https:\/\/www.smedemokrati.sk\/cs\/author\/miro-sopko\/"}]}},"_links":{"self":[{"href":"https:\/\/www.smedemokrati.sk\/cs\/wp-json\/wp\/v2\/posts\/3124","targetHints":{"allow":["GET"]}}],"collection":[{"href":"https:\/\/www.smedemokrati.sk\/cs\/wp-json\/wp\/v2\/posts"}],"about":[{"href":"https:\/\/www.smedemokrati.sk\/cs\/wp-json\/wp\/v2\/types\/post"}],"author":[{"embeddable":true,"href":"https:\/\/www.smedemokrati.sk\/cs\/wp-json\/wp\/v2\/users\/13"}],"replies":[{"embeddable":true,"href":"https:\/\/www.smedemokrati.sk\/cs\/wp-json\/wp\/v2\/comments?post=3124"}],"version-history":[{"count":2,"href":"https:\/\/www.smedemokrati.sk\/cs\/wp-json\/wp\/v2\/posts\/3124\/revisions"}],"predecessor-version":[{"id":3127,"href":"https:\/\/www.smedemokrati.sk\/cs\/wp-json\/wp\/v2\/posts\/3124\/revisions\/3127"}],"wp:featuredmedia":[{"embeddable":true,"href":"https:\/\/www.smedemokrati.sk\/cs\/wp-json\/wp\/v2\/media\/3125"}],"wp:attachment":[{"href":"https:\/\/www.smedemokrati.sk\/cs\/wp-json\/wp\/v2\/media?parent=3124"}],"wp:term":[{"taxonomy":"category","embeddable":true,"href":"https:\/\/www.smedemokrati.sk\/cs\/wp-json\/wp\/v2\/categories?post=3124"},{"taxonomy":"post_tag","embeddable":true,"href":"https:\/\/www.smedemokrati.sk\/cs\/wp-json\/wp\/v2\/tags?post=3124"}],"curies":[{"name":"wp","href":"https:\/\/api.w.org\/{rel}","templated":true}]}}