{"id":3069,"date":"2024-03-11T13:40:45","date_gmt":"2024-03-11T12:40:45","guid":{"rendered":"https:\/\/www.smedemokrati.sk\/?p=3069"},"modified":"2024-03-11T15:37:20","modified_gmt":"2024-03-11T14:37:20","slug":"ako-zabranite-kolapsu-prokuratury-pan-zilinka","status":"publish","type":"post","link":"https:\/\/www.smedemokrati.sk\/cs\/ako-zabranite-kolapsu-prokuratury-pan-zilinka\/","title":{"rendered":"Ako zabr\u00e1nite kolapsu prokurat\u00fary, p\u00e1n \u017dilinka?"},"content":{"rendered":"<div id=\"fb-root\"><\/div>\n\n<p><em>Demokrati opakovane vyz\u00fdvaj\u00fa Gener\u00e1lneho prokur\u00e1tora Maro\u0161a \u017dilinku, aby predstavil verejnosti pl\u00e1n fungovania \u00faradu po tom, \u010do vl\u00e1da ods\u00fahlasila zru\u0161enie \u0160peci\u00e1lnej prokurat\u00fary. Juraj \u0160eliga v tejto s\u00favislosti vyu\u017e\u00edva in\u0161tit\u00fat slobodn\u00e9ho pr\u00edstupu k inform\u00e1ci\u00e1m aby zistil, nako\u013eko je opodstatnen\u00e9 hovori\u0165 o mo\u017enom kolapse slovenskej prokurat\u00fary.<\/em><\/p>\n\n\n\n<p><em>\u00a0\u201eTis\u00edcky spisov prejd\u00fa na krajsk\u00e9 prokurat\u00fary. Doteraz nevieme, ako chce Maro\u0161 \u017dilinka zabezpe\u010di\u0165, aby u\u017e teraz pr\u00e1cou zavalen\u00ed prokur\u00e1tori,\u00a0 kapacitne zvl\u00e1dli tento n\u00e1por. Kde je \u017dilinka, ktor\u00fd ke\u010f to vyhovuje vl\u00e1dnej garnit\u00fare obhajuje Fica, no ke\u010f treba predst\u00fapi\u0165 pred \u013eud\u00ed a zobra\u0165 zodpovednos\u0165 ml\u010d\u00ed?\u201d<\/em> P\u00fdta sa expert strany Demokrati na pr\u00e1vo a spravodlivos\u0165\u00a0<strong>Juraj \u0160eliga<\/strong>\u00a0a dod\u00e1va, \u017ee vo veci podst\u00fapi v\u0161etky ofici\u00e1lne kroky na to, aby z\u00edskal odpovede na k\u013e\u00fa\u010dov\u00e9 ot\u00e1zky:\u00a0<\/p>\n\n\n\n<p><em>\u00a0\u201eNa Maro\u0161a \u017dilinku sa v info\u017eiadosti p\u00fdtam, ak\u00e9 bud\u00fa ma\u0165 zaradenie jednotliv\u00ed prokur\u00e1tori \u00daradu \u0161peci\u00e1lnej prokurat\u00fary po 20. marci, vr\u00e1tane \u0161peci\u00e1lneho prokur\u00e1tora Daniela Lip\u0161ica. Tie\u017e ma zauj\u00edma, ak\u00e9 konkr\u00e9tne opatrenia prijala Gener\u00e1lna prokurat\u00fara, aby nepri\u0161lo k\u00a0prie\u0165ahom v\u00a0konan\u00ed. Toto s\u00fa legit\u00edmne ot\u00e1zky, na ktor\u00e9 mus\u00ed verejnos\u0165 pozna\u0165 odpovede, ako zabr\u00e1nite kolapsu, p\u00e1n \u017dilinka?\u201d<\/em> Hovor\u00ed \u0160eliga a komentuje, \u017ee zru\u0161enie \u00daradu \u0161peci\u00e1lnej prokurat\u00fary je \u00fa\u010delov\u00fdm rozhodnut\u00edm vl\u00e1dy, ktor\u00fdm pom\u00e1ha jedine sebe a spriaznen\u00fdm osob\u00e1m a pr\u00edzvukuje, \u017ee v d\u00f4sledku obrovsk\u00e9ho n\u00e1poru a n\u00e1ro\u010dnosti spisov re\u00e1lne hroz\u00ed kolaps prokurat\u00fary, za ktor\u00fd bud\u00fa zodpovedn\u00ed premi\u00e9r Fico a Maro\u0161 \u017dilinka.\u00a0<\/p>\n\n\n\n<iframe src=\"https:\/\/www.facebook.com\/plugins\/video.php?height=476&#038;href=https%3A%2F%2Fwww.facebook.com%2FJurajSeligaPravnik%2Fvideos%2F427568206382416%2F&#038;show_text=false&#038;width=267&#038;t=0\" width=\"400\" height=\"720\" style=\"border:none;overflow:hidden\" scrolling=\"no\" frameborder=\"0\" allowfullscreen=\"true\" allow=\"autoplay; clipboard-write; encrypted-media; picture-in-picture; web-share\" allowFullScreen=\"true\"><\/iframe>\n","protected":false},"excerpt":{"rendered":"<p>Demokrati opakovane vyz\u00fdvaj\u00fa Gener\u00e1lneho prokur\u00e1tora Maro\u0161a \u017dilinku, aby predstavil verejnosti pl\u00e1n fungovania \u00faradu po tom, \u010do vl\u00e1da ods\u00fahlasila zru\u0161enie \u0160peci\u00e1lnej prokurat\u00fary. Juraj \u0160eliga v tejto s\u00favislosti vyu\u017e\u00edva in\u0161tit\u00fat slobodn\u00e9ho pr\u00edstupu k inform\u00e1ci\u00e1m aby zistil, nako\u013eko je opodstatnen\u00e9 hovori\u0165 o mo\u017enom kolapse slovenskej prokurat\u00fary. \u00a0\u201eTis\u00edcky spisov prejd\u00fa na krajsk\u00e9 prokurat\u00fary. Doteraz nevieme, ako chce Maro\u0161 \u017dilinka [&hellip;]<\/p>\n","protected":false},"author":13,"featured_media":3073,"comment_status":"closed","ping_status":"closed","sticky":false,"template":"","format":"standard","meta":{"_acf_changed":false,"ngg_post_thumbnail":0,"footnotes":""},"categories":[4],"tags":[],"class_list":["post-3069","post","type-post","status-publish","format-standard","has-post-thumbnail","hentry","category-tlacove-spravy"],"acf":[],"yoast_head":"<!-- This site is optimized with the Yoast SEO plugin v27.2 - https:\/\/yoast.com\/product\/yoast-seo-wordpress\/ -->\n<title>Ako zabr\u00e1nite kolapsu prokurat\u00fary, p\u00e1n \u017dilinka? - Smedemokrati.sk<\/title>\n<meta name=\"robots\" content=\"index, follow, max-snippet:-1, max-image-preview:large, max-video-preview:-1\" \/>\n<link rel=\"canonical\" href=\"https:\/\/www.smedemokrati.sk\/cs\/ako-zabranite-kolapsu-prokuratury-pan-zilinka\/\" \/>\n<meta property=\"og:locale\" content=\"cs_CZ\" \/>\n<meta property=\"og:locale:alternate\" content=\"en_US\" \/>\n<meta property=\"og:locale:alternate\" content=\"hu_HU\" \/>\n<meta property=\"og:locale:alternate\" content=\"sk_SK\" \/>\n<meta property=\"og:locale:alternate\" content=\"sv_SE\" \/>\n<meta property=\"og:type\" content=\"article\" \/>\n<meta property=\"og:title\" content=\"Ako zabr\u00e1nite kolapsu prokurat\u00fary, p\u00e1n \u017dilinka? - Smedemokrati.sk\" \/>\n<meta property=\"og:description\" content=\"Demokrati opakovane vyz\u00fdvaj\u00fa Gener\u00e1lneho prokur\u00e1tora Maro\u0161a \u017dilinku, aby predstavil verejnosti pl\u00e1n fungovania \u00faradu po tom, \u010do vl\u00e1da ods\u00fahlasila zru\u0161enie \u0160peci\u00e1lnej prokurat\u00fary. Juraj \u0160eliga v tejto s\u00favislosti vyu\u017e\u00edva in\u0161tit\u00fat slobodn\u00e9ho pr\u00edstupu k inform\u00e1ci\u00e1m aby zistil, nako\u013eko je opodstatnen\u00e9 hovori\u0165 o mo\u017enom kolapse slovenskej prokurat\u00fary. \u00a0\u201eTis\u00edcky spisov prejd\u00fa na krajsk\u00e9 prokurat\u00fary. Doteraz nevieme, ako chce Maro\u0161 \u017dilinka [&hellip;]\" \/>\n<meta property=\"og:url\" content=\"https:\/\/www.smedemokrati.sk\/cs\/ako-zabranite-kolapsu-prokuratury-pan-zilinka\/\" \/>\n<meta property=\"og:site_name\" content=\"Smedemokrati.sk\" \/>\n<meta property=\"article:publisher\" content=\"https:\/\/www.facebook.com\/smedemokrati2023\" \/>\n<meta property=\"article:published_time\" content=\"2024-03-11T12:40:45+00:00\" \/>\n<meta property=\"article:modified_time\" content=\"2024-03-11T14:37:20+00:00\" \/>\n<meta property=\"og:image\" content=\"https:\/\/www.smedemokrati.sk\/wp-content\/uploads\/2024\/03\/Seliga_TS.jpg\" \/>\n\t<meta property=\"og:image:width\" content=\"552\" \/>\n\t<meta property=\"og:image:height\" content=\"368\" \/>\n\t<meta property=\"og:image:type\" content=\"image\/jpeg\" \/>\n<meta name=\"author\" content=\"miro.sopko\" \/>\n<meta name=\"twitter:card\" content=\"summary_large_image\" \/>\n<meta name=\"twitter:label1\" content=\"Napsal(a)\" \/>\n\t<meta name=\"twitter:data1\" content=\"miro.sopko\" \/>\n\t<meta name=\"twitter:label2\" content=\"Odhadovan\u00e1 doba \u010dten\u00ed\" \/>\n\t<meta name=\"twitter:data2\" content=\"2 minuty\" \/>\n<script type=\"application\/ld+json\" class=\"yoast-schema-graph\">{\"@context\":\"https:\/\/schema.org\",\"@graph\":[{\"@type\":\"Article\",\"@id\":\"https:\/\/www.smedemokrati.sk\/ako-zabranite-kolapsu-prokuratury-pan-zilinka\/#article\",\"isPartOf\":{\"@id\":\"https:\/\/www.smedemokrati.sk\/ako-zabranite-kolapsu-prokuratury-pan-zilinka\/\"},\"author\":{\"name\":\"miro.sopko\",\"@id\":\"https:\/\/www.smedemokrati.sk\/#\/schema\/person\/21f147c88d605aa7ded900e1e7c344ba\"},\"headline\":\"Ako zabr\u00e1nite kolapsu prokurat\u00fary, p\u00e1n \u017dilinka?\",\"datePublished\":\"2024-03-11T12:40:45+00:00\",\"dateModified\":\"2024-03-11T14:37:20+00:00\",\"mainEntityOfPage\":{\"@id\":\"https:\/\/www.smedemokrati.sk\/ako-zabranite-kolapsu-prokuratury-pan-zilinka\/\"},\"wordCount\":299,\"publisher\":{\"@id\":\"https:\/\/www.smedemokrati.sk\/#organization\"},\"image\":{\"@id\":\"https:\/\/www.smedemokrati.sk\/ako-zabranite-kolapsu-prokuratury-pan-zilinka\/#primaryimage\"},\"thumbnailUrl\":\"https:\/\/www.smedemokrati.sk\/wp-content\/uploads\/2024\/03\/Seliga_TS.jpg\",\"articleSection\":[\"Tla\u010dov\u00e9 spr\u00e1vy\"],\"inLanguage\":\"cs-CZ\"},{\"@type\":\"WebPage\",\"@id\":\"https:\/\/www.smedemokrati.sk\/ako-zabranite-kolapsu-prokuratury-pan-zilinka\/\",\"url\":\"https:\/\/www.smedemokrati.sk\/ako-zabranite-kolapsu-prokuratury-pan-zilinka\/\",\"name\":\"Ako zabr\u00e1nite kolapsu prokurat\u00fary, p\u00e1n \u017dilinka? - Smedemokrati.sk\",\"isPartOf\":{\"@id\":\"https:\/\/www.smedemokrati.sk\/#website\"},\"primaryImageOfPage\":{\"@id\":\"https:\/\/www.smedemokrati.sk\/ako-zabranite-kolapsu-prokuratury-pan-zilinka\/#primaryimage\"},\"image\":{\"@id\":\"https:\/\/www.smedemokrati.sk\/ako-zabranite-kolapsu-prokuratury-pan-zilinka\/#primaryimage\"},\"thumbnailUrl\":\"https:\/\/www.smedemokrati.sk\/wp-content\/uploads\/2024\/03\/Seliga_TS.jpg\",\"datePublished\":\"2024-03-11T12:40:45+00:00\",\"dateModified\":\"2024-03-11T14:37:20+00:00\",\"breadcrumb\":{\"@id\":\"https:\/\/www.smedemokrati.sk\/ako-zabranite-kolapsu-prokuratury-pan-zilinka\/#breadcrumb\"},\"inLanguage\":\"cs-CZ\",\"potentialAction\":[{\"@type\":\"ReadAction\",\"target\":[\"https:\/\/www.smedemokrati.sk\/ako-zabranite-kolapsu-prokuratury-pan-zilinka\/\"]}]},{\"@type\":\"ImageObject\",\"inLanguage\":\"cs-CZ\",\"@id\":\"https:\/\/www.smedemokrati.sk\/ako-zabranite-kolapsu-prokuratury-pan-zilinka\/#primaryimage\",\"url\":\"https:\/\/www.smedemokrati.sk\/wp-content\/uploads\/2024\/03\/Seliga_TS.jpg\",\"contentUrl\":\"https:\/\/www.smedemokrati.sk\/wp-content\/uploads\/2024\/03\/Seliga_TS.jpg\",\"width\":552,\"height\":368},{\"@type\":\"BreadcrumbList\",\"@id\":\"https:\/\/www.smedemokrati.sk\/ako-zabranite-kolapsu-prokuratury-pan-zilinka\/#breadcrumb\",\"itemListElement\":[{\"@type\":\"ListItem\",\"position\":1,\"name\":\"Domovsk\u00e1 str\u00e1nka\",\"item\":\"https:\/\/www.smedemokrati.sk\/\"},{\"@type\":\"ListItem\",\"position\":2,\"name\":\"Ako zabr\u00e1nite kolapsu prokurat\u00fary, p\u00e1n \u017dilinka?\"}]},{\"@type\":\"WebSite\",\"@id\":\"https:\/\/www.smedemokrati.sk\/#website\",\"url\":\"https:\/\/www.smedemokrati.sk\/\",\"name\":\"Smedemokrati.sk\",\"description\":\"Demokracia a slu\u0161nos\u0165 zv\u00ed\u0165az\u00ed\",\"publisher\":{\"@id\":\"https:\/\/www.smedemokrati.sk\/#organization\"},\"potentialAction\":[{\"@type\":\"SearchAction\",\"target\":{\"@type\":\"EntryPoint\",\"urlTemplate\":\"https:\/\/www.smedemokrati.sk\/?s={search_term_string}\"},\"query-input\":{\"@type\":\"PropertyValueSpecification\",\"valueRequired\":true,\"valueName\":\"search_term_string\"}}],\"inLanguage\":\"cs-CZ\"},{\"@type\":\"Organization\",\"@id\":\"https:\/\/www.smedemokrati.sk\/#organization\",\"name\":\"Smedemokrati.sk\",\"url\":\"https:\/\/www.smedemokrati.sk\/\",\"logo\":{\"@type\":\"ImageObject\",\"inLanguage\":\"cs-CZ\",\"@id\":\"https:\/\/www.smedemokrati.sk\/#\/schema\/logo\/image\/\",\"url\":\"https:\/\/www.smedemokrati.sk\/wp-content\/uploads\/2023\/04\/ff.002.jpeg\",\"contentUrl\":\"https:\/\/www.smedemokrati.sk\/wp-content\/uploads\/2023\/04\/ff.002.jpeg\",\"width\":640,\"height\":480,\"caption\":\"Smedemokrati.sk\"},\"image\":{\"@id\":\"https:\/\/www.smedemokrati.sk\/#\/schema\/logo\/image\/\"},\"sameAs\":[\"https:\/\/www.facebook.com\/smedemokrati2023\"]},{\"@type\":\"Person\",\"@id\":\"https:\/\/www.smedemokrati.sk\/#\/schema\/person\/21f147c88d605aa7ded900e1e7c344ba\",\"name\":\"miro.sopko\",\"image\":{\"@type\":\"ImageObject\",\"inLanguage\":\"cs-CZ\",\"@id\":\"https:\/\/secure.gravatar.com\/avatar\/267e4a36f704376c109afe3a78740c1f5dd8675a2180a908699e7863c9247606?s=96&d=mm&r=g\",\"url\":\"https:\/\/secure.gravatar.com\/avatar\/267e4a36f704376c109afe3a78740c1f5dd8675a2180a908699e7863c9247606?s=96&d=mm&r=g\",\"contentUrl\":\"https:\/\/secure.gravatar.com\/avatar\/267e4a36f704376c109afe3a78740c1f5dd8675a2180a908699e7863c9247606?s=96&d=mm&r=g\",\"caption\":\"miro.sopko\"},\"url\":\"https:\/\/www.smedemokrati.sk\/cs\/author\/miro-sopko\/\"}]}<\/script>\n<!-- \/ Yoast SEO plugin. -->","yoast_head_json":{"title":"Ako zabr\u00e1nite kolapsu prokurat\u00fary, p\u00e1n \u017dilinka? - Smedemokrati.sk","robots":{"index":"index","follow":"follow","max-snippet":"max-snippet:-1","max-image-preview":"max-image-preview:large","max-video-preview":"max-video-preview:-1"},"canonical":"https:\/\/www.smedemokrati.sk\/cs\/ako-zabranite-kolapsu-prokuratury-pan-zilinka\/","og_locale":"cs_CZ","og_type":"article","og_title":"Ako zabr\u00e1nite kolapsu prokurat\u00fary, p\u00e1n \u017dilinka? - Smedemokrati.sk","og_description":"Demokrati opakovane vyz\u00fdvaj\u00fa Gener\u00e1lneho prokur\u00e1tora Maro\u0161a \u017dilinku, aby predstavil verejnosti pl\u00e1n fungovania \u00faradu po tom, \u010do vl\u00e1da ods\u00fahlasila zru\u0161enie \u0160peci\u00e1lnej prokurat\u00fary. Juraj \u0160eliga v tejto s\u00favislosti vyu\u017e\u00edva in\u0161tit\u00fat slobodn\u00e9ho pr\u00edstupu k inform\u00e1ci\u00e1m aby zistil, nako\u013eko je opodstatnen\u00e9 hovori\u0165 o mo\u017enom kolapse slovenskej prokurat\u00fary. \u00a0\u201eTis\u00edcky spisov prejd\u00fa na krajsk\u00e9 prokurat\u00fary. Doteraz nevieme, ako chce Maro\u0161 \u017dilinka [&hellip;]","og_url":"https:\/\/www.smedemokrati.sk\/cs\/ako-zabranite-kolapsu-prokuratury-pan-zilinka\/","og_site_name":"Smedemokrati.sk","article_publisher":"https:\/\/www.facebook.com\/smedemokrati2023","article_published_time":"2024-03-11T12:40:45+00:00","article_modified_time":"2024-03-11T14:37:20+00:00","og_image":[{"width":552,"height":368,"url":"https:\/\/www.smedemokrati.sk\/wp-content\/uploads\/2024\/03\/Seliga_TS.jpg","type":"image\/jpeg"}],"author":"miro.sopko","twitter_card":"summary_large_image","twitter_misc":{"Napsal(a)":"miro.sopko","Odhadovan\u00e1 doba \u010dten\u00ed":"2 minuty"},"schema":{"@context":"https:\/\/schema.org","@graph":[{"@type":"Article","@id":"https:\/\/www.smedemokrati.sk\/ako-zabranite-kolapsu-prokuratury-pan-zilinka\/#article","isPartOf":{"@id":"https:\/\/www.smedemokrati.sk\/ako-zabranite-kolapsu-prokuratury-pan-zilinka\/"},"author":{"name":"miro.sopko","@id":"https:\/\/www.smedemokrati.sk\/#\/schema\/person\/21f147c88d605aa7ded900e1e7c344ba"},"headline":"Ako zabr\u00e1nite kolapsu prokurat\u00fary, p\u00e1n \u017dilinka?","datePublished":"2024-03-11T12:40:45+00:00","dateModified":"2024-03-11T14:37:20+00:00","mainEntityOfPage":{"@id":"https:\/\/www.smedemokrati.sk\/ako-zabranite-kolapsu-prokuratury-pan-zilinka\/"},"wordCount":299,"publisher":{"@id":"https:\/\/www.smedemokrati.sk\/#organization"},"image":{"@id":"https:\/\/www.smedemokrati.sk\/ako-zabranite-kolapsu-prokuratury-pan-zilinka\/#primaryimage"},"thumbnailUrl":"https:\/\/www.smedemokrati.sk\/wp-content\/uploads\/2024\/03\/Seliga_TS.jpg","articleSection":["Tla\u010dov\u00e9 spr\u00e1vy"],"inLanguage":"cs-CZ"},{"@type":"WebPage","@id":"https:\/\/www.smedemokrati.sk\/ako-zabranite-kolapsu-prokuratury-pan-zilinka\/","url":"https:\/\/www.smedemokrati.sk\/ako-zabranite-kolapsu-prokuratury-pan-zilinka\/","name":"Ako zabr\u00e1nite kolapsu prokurat\u00fary, p\u00e1n \u017dilinka? - Smedemokrati.sk","isPartOf":{"@id":"https:\/\/www.smedemokrati.sk\/#website"},"primaryImageOfPage":{"@id":"https:\/\/www.smedemokrati.sk\/ako-zabranite-kolapsu-prokuratury-pan-zilinka\/#primaryimage"},"image":{"@id":"https:\/\/www.smedemokrati.sk\/ako-zabranite-kolapsu-prokuratury-pan-zilinka\/#primaryimage"},"thumbnailUrl":"https:\/\/www.smedemokrati.sk\/wp-content\/uploads\/2024\/03\/Seliga_TS.jpg","datePublished":"2024-03-11T12:40:45+00:00","dateModified":"2024-03-11T14:37:20+00:00","breadcrumb":{"@id":"https:\/\/www.smedemokrati.sk\/ako-zabranite-kolapsu-prokuratury-pan-zilinka\/#breadcrumb"},"inLanguage":"cs-CZ","potentialAction":[{"@type":"ReadAction","target":["https:\/\/www.smedemokrati.sk\/ako-zabranite-kolapsu-prokuratury-pan-zilinka\/"]}]},{"@type":"ImageObject","inLanguage":"cs-CZ","@id":"https:\/\/www.smedemokrati.sk\/ako-zabranite-kolapsu-prokuratury-pan-zilinka\/#primaryimage","url":"https:\/\/www.smedemokrati.sk\/wp-content\/uploads\/2024\/03\/Seliga_TS.jpg","contentUrl":"https:\/\/www.smedemokrati.sk\/wp-content\/uploads\/2024\/03\/Seliga_TS.jpg","width":552,"height":368},{"@type":"BreadcrumbList","@id":"https:\/\/www.smedemokrati.sk\/ako-zabranite-kolapsu-prokuratury-pan-zilinka\/#breadcrumb","itemListElement":[{"@type":"ListItem","position":1,"name":"Domovsk\u00e1 str\u00e1nka","item":"https:\/\/www.smedemokrati.sk\/"},{"@type":"ListItem","position":2,"name":"Ako zabr\u00e1nite kolapsu prokurat\u00fary, p\u00e1n \u017dilinka?"}]},{"@type":"WebSite","@id":"https:\/\/www.smedemokrati.sk\/#website","url":"https:\/\/www.smedemokrati.sk\/","name":"Smedemokrati.sk","description":"Demokracia a slu\u0161nos\u0165 zv\u00ed\u0165az\u00ed","publisher":{"@id":"https:\/\/www.smedemokrati.sk\/#organization"},"potentialAction":[{"@type":"SearchAction","target":{"@type":"EntryPoint","urlTemplate":"https:\/\/www.smedemokrati.sk\/?s={search_term_string}"},"query-input":{"@type":"PropertyValueSpecification","valueRequired":true,"valueName":"search_term_string"}}],"inLanguage":"cs-CZ"},{"@type":"Organization","@id":"https:\/\/www.smedemokrati.sk\/#organization","name":"Smedemokrati.sk","url":"https:\/\/www.smedemokrati.sk\/","logo":{"@type":"ImageObject","inLanguage":"cs-CZ","@id":"https:\/\/www.smedemokrati.sk\/#\/schema\/logo\/image\/","url":"https:\/\/www.smedemokrati.sk\/wp-content\/uploads\/2023\/04\/ff.002.jpeg","contentUrl":"https:\/\/www.smedemokrati.sk\/wp-content\/uploads\/2023\/04\/ff.002.jpeg","width":640,"height":480,"caption":"Smedemokrati.sk"},"image":{"@id":"https:\/\/www.smedemokrati.sk\/#\/schema\/logo\/image\/"},"sameAs":["https:\/\/www.facebook.com\/smedemokrati2023"]},{"@type":"Person","@id":"https:\/\/www.smedemokrati.sk\/#\/schema\/person\/21f147c88d605aa7ded900e1e7c344ba","name":"miro.sopko","image":{"@type":"ImageObject","inLanguage":"cs-CZ","@id":"https:\/\/secure.gravatar.com\/avatar\/267e4a36f704376c109afe3a78740c1f5dd8675a2180a908699e7863c9247606?s=96&d=mm&r=g","url":"https:\/\/secure.gravatar.com\/avatar\/267e4a36f704376c109afe3a78740c1f5dd8675a2180a908699e7863c9247606?s=96&d=mm&r=g","contentUrl":"https:\/\/secure.gravatar.com\/avatar\/267e4a36f704376c109afe3a78740c1f5dd8675a2180a908699e7863c9247606?s=96&d=mm&r=g","caption":"miro.sopko"},"url":"https:\/\/www.smedemokrati.sk\/cs\/author\/miro-sopko\/"}]}},"_links":{"self":[{"href":"https:\/\/www.smedemokrati.sk\/cs\/wp-json\/wp\/v2\/posts\/3069","targetHints":{"allow":["GET"]}}],"collection":[{"href":"https:\/\/www.smedemokrati.sk\/cs\/wp-json\/wp\/v2\/posts"}],"about":[{"href":"https:\/\/www.smedemokrati.sk\/cs\/wp-json\/wp\/v2\/types\/post"}],"author":[{"embeddable":true,"href":"https:\/\/www.smedemokrati.sk\/cs\/wp-json\/wp\/v2\/users\/13"}],"replies":[{"embeddable":true,"href":"https:\/\/www.smedemokrati.sk\/cs\/wp-json\/wp\/v2\/comments?post=3069"}],"version-history":[{"count":7,"href":"https:\/\/www.smedemokrati.sk\/cs\/wp-json\/wp\/v2\/posts\/3069\/revisions"}],"predecessor-version":[{"id":3079,"href":"https:\/\/www.smedemokrati.sk\/cs\/wp-json\/wp\/v2\/posts\/3069\/revisions\/3079"}],"wp:featuredmedia":[{"embeddable":true,"href":"https:\/\/www.smedemokrati.sk\/cs\/wp-json\/wp\/v2\/media\/3073"}],"wp:attachment":[{"href":"https:\/\/www.smedemokrati.sk\/cs\/wp-json\/wp\/v2\/media?parent=3069"}],"wp:term":[{"taxonomy":"category","embeddable":true,"href":"https:\/\/www.smedemokrati.sk\/cs\/wp-json\/wp\/v2\/categories?post=3069"},{"taxonomy":"post_tag","embeddable":true,"href":"https:\/\/www.smedemokrati.sk\/cs\/wp-json\/wp\/v2\/tags?post=3069"}],"curies":[{"name":"wp","href":"https:\/\/api.w.org\/{rel}","templated":true}]}}