{"id":2927,"date":"2024-03-05T16:46:57","date_gmt":"2024-03-05T14:46:57","guid":{"rendered":"https:\/\/www.smedemokrati.sk\/?p=2927"},"modified":"2024-03-06T15:26:42","modified_gmt":"2024-03-06T14:26:42","slug":"kto-ochrani-zivotne-prostredie-pred-ministrom-ktory-ignoruje-stanoviska-odbornikov","status":"publish","type":"post","link":"https:\/\/www.smedemokrati.sk\/cs\/kto-ochrani-zivotne-prostredie-pred-ministrom-ktory-ignoruje-stanoviska-odbornikov\/","title":{"rendered":"Kto ochr\u00e1ni \u017eivotn\u00e9 prostredie pred ministrom, ktor\u00fd ignoruje stanovisk\u00e1 odborn\u00edkov?"},"content":{"rendered":"<div id=\"fb-root\"><\/div>\n\n<p><strong>Vyjadrenia ministra \u017eivotn\u00e9ho prostredia Tom\u00e1\u0161a Tarabu o vyr\u00faban\u00ed v\u0161etk\u00fdch stromov napadnut\u00fdch lyko\u017er\u00fatom s\u00fa \u010fal\u0161ou uk\u00e1\u017ekou jeho nekompetentnosti. O potrebe bezz\u00e1sahov\u00e9ho re\u017eimu a re\u0161pektovan\u00ed prirodzen\u00fdch procesov na \u010dasti \u00fazemia panuje v\u0161eobecn\u00fd vedeck\u00fd konsenzus, ktor\u00fd ako jedin\u00fd spochyb\u0148uje minister Taraba.&nbsp;<\/strong><\/p>\n\n\n\n<p><em>\u201eAk by sa mali realizova\u0165 v\u00fdplody ministra Tarabu, Slovensko by bolo asi jedinou krajinou na svete, ktor\u00e1 by nemala \u017eiadne pr\u00edsne chr\u00e1nen\u00e9 \u00fazemie. O potrebe ponechania aspo\u0148 \u010dasti lesn\u00fdch ekosyst\u00e9mov na prirodzen\u00fd v\u00fdvoj panuje konsenzus tak medzi ochran\u00e1rmi ako aj lesn\u00edkmi,\u201c<\/em> hovor\u00ed Michal Ki\u010da, expert na \u017eivotn\u00e9 prostredie a \u010dlen predsedn\u00edctva strany Demokrati. D\u00f4le\u017eitos\u0165 bezz\u00e1sahov\u00e9ho re\u017eimu, ktor\u00e9ho s\u00fa\u010das\u0165ou je ponechanie stromov napadnut\u00fdch lyko\u017er\u00fatom v pr\u00edsne chr\u00e1nen\u00fdch \u00fazemiach, uzn\u00e1vaj\u00fa aj lesn\u00edcke autority, medzi nimi N\u00e1rodn\u00e9 lesn\u00edcke centrum, \u00dastav ekol\u00f3gie lesa SAV \u010di Lesn\u00edcka fakulta Technickej univerzity vo Zvolene. Spor je len o rozsah najpr\u00edsnej\u0161ie chr\u00e1nen\u00fdch \u00fazem\u00ed. \u00a0<em>\u201eTvrdenie ministra Tarabu, \u017ee v\u0161etky stromy <em>\u201e<\/em>p\u00f4jdu dole\u201d, poukazuje na hrub\u00e9 medzery v jeho odbornosti a absenciu konzult\u00e1ci\u00ed o tak\u00fdchto odborn\u00fdch ot\u00e1zkach s expertmi,\u201c<\/em> dod\u00e1va Michal Ki\u010da.\u00a0<\/p>\n\n\n\n<p>Na demag\u00f3gii je zalo\u017een\u00e9 aj Tarabovo tvrdenie, \u017ee posudzovanie n\u00e1hodnej \u0165a\u017eby sp\u00f4sobuje roz\u0161\u00edrenie lyko\u017er\u00fatovej kalamity. V skuto\u010dnosti predstavuje objem dreva, ktor\u00e9ho vy\u0165a\u017eenie nebolo ods\u00fahlasen\u00e9 org\u00e1nmi ochrany pr\u00edrody, len zlomok z celkovej \u0165a\u017eby: Napr\u00edklad v roku 2021 bolo vy\u0165a\u017een\u00fdch celkovo 7 640 721 m<sup>3<\/sup> dreva, z toho n\u00e1hodn\u00e1 \u0165a\u017eba predstavovala 2 917 984 m<sup>3<\/sup> dreva. Z nich pre\u0161lo procesom pos\u00fadenia n\u00e1hodnej \u0165a\u017eby v chr\u00e1nen\u00fdch \u00fazemiach org\u00e1nmi ochrany pr\u00edrody 1 259 755 m<sup>3<\/sup> dreva. Spracovanie kalamity nebolo ods\u00fahlasen\u00e9 len pre 48 723 m<sup>3<\/sup> dreva, t. j. pre 3,87 % nahl\u00e1senej n\u00e1hodnej \u0165a\u017eby v chr\u00e1nen\u00fdch \u00fazemiach. Vo zvy\u0161ku do\u0161lo k odstr\u00e1neniu kalamity bez pripomienok alebo s podmienkami. V roku 2022 klesol tento podiel e\u0161te viac, a to na 9 566 m<sup>3<\/sup> neods\u00fahlasenej \u0165a\u017eby v chr\u00e1nen\u00fdch \u00fazemiach, \u010do predstavuje 1,18 % nahl\u00e1sen\u00fdch n\u00e1hodn\u00fdch \u0165a\u017eieb. Preto je jeho tvrdenie \u00faplne neopodstatnen\u00e9. Op\u00e4\u0165 sa tak ukazuje, \u017ee Taraba dok\u00e1\u017ee svoje pl\u00e1ny od\u00f4vodni\u0165 len \u0165a\u017ekou demag\u00f3giou.\u00a0<\/p>\n\n\n\n<p><em><em>\u201e<\/em>Jeho pl\u00e1ny s\u00fa zni\u010duj\u00face pre ochranu pr\u00edrody na Slovensku, ohrozia reformu n\u00e1rodn\u00fdch parkov, ktor\u00e1 je naviazan\u00e1 na Pl\u00e1n obnovy a odolnosti SR a viedli by k \u010fal\u0161ej \u017ealobe v kauze hluch\u00e1\u0148 pre nedostato\u010dn\u00fa ochranu biotopov s n\u00e1sledkom vysok\u00fdch pok\u00fat. Id\u00fa aj proti z\u00e1v\u00e4zkom, ktor\u00e9 si v Envirostrat\u00e9gii 2030 v roku 2019 prijala vl\u00e1da P. Pellegriniho za \u00fa\u010dasti SNS, ale aj proti z\u00e1v\u00e4zkom vypl\u00fdvaj\u00facim z pr\u00e1va E\u00da,<em>\u201c<\/em>\u00a0<\/em>dop\u013a\u0148a Ki\u010da.<\/p>\n\n\n\n<p><em>\u201eAk by Tarabovi skuto\u010dne z\u00e1le\u017ealo na zn\u00ed\u017een\u00ed administrat\u00edvnej n\u00e1ro\u010dnosti pre obhospodarovate\u013eov lesov, podporil by ako poslanec NR SR novelu z\u00e1kona o ochrane pr\u00edrody a krajiny a z\u00e1kona o lesoch, ktor\u00fa pripravilo e\u0161te na\u0161e vedenie a v N\u00e1rodnej rade SR bolo prerok\u00favan\u00e1 v j\u00fali 2023,\u201c<\/em> tvrd\u00ed Ki\u010da. T\u00e1 zav\u00e1dza mechanizmus tzv. pau\u0161\u00e1lneho pos\u00fadenia n\u00e1hodnej \u0165a\u017eby priamo pri schva\u013eovan\u00ed programu starostlivosti o les. Kalamita by sa tak dala spracova\u0165 bez dodato\u010dn\u00fdch konan\u00ed. Tarabovi v\u0161ak ide len o zni\u010denie na\u0161ej pr\u00edrody, nie o zmiernenie nap\u00e4tia medzi ochranou pr\u00edrody a vlastn\u00edkmi lesov, preto novelu nepodporil a v \u0161\u00edren\u00ed hyst\u00e9rie pokra\u010duje. <em>\u201eNepriate\u013emi ministra \u017eivotn\u00e9ho prostredia Tarabu nie s\u00fa len medvede, vlky, bobry \u010di kormor\u00e1ny, najnov\u0161ie s\u00fa aj pr\u00edsne chr\u00e1nen\u00e9 \u00fazemia,\u201c<\/em> uzatv\u00e1ra Ki\u010da.<\/p>\n","protected":false},"excerpt":{"rendered":"<p>Vyjadrenia ministra \u017eivotn\u00e9ho prostredia Tom\u00e1\u0161a Tarabu o vyr\u00faban\u00ed v\u0161etk\u00fdch stromov napadnut\u00fdch lyko\u017er\u00fatom s\u00fa \u010fal\u0161ou uk\u00e1\u017ekou jeho nekompetentnosti. O potrebe bezz\u00e1sahov\u00e9ho re\u017eimu a re\u0161pektovan\u00ed prirodzen\u00fdch procesov na \u010dasti \u00fazemia panuje v\u0161eobecn\u00fd vedeck\u00fd konsenzus, ktor\u00fd ako jedin\u00fd spochyb\u0148uje minister Taraba.&nbsp; \u201eAk by sa mali realizova\u0165 v\u00fdplody ministra Tarabu, Slovensko by bolo asi jedinou krajinou na svete, ktor\u00e1 [&hellip;]<\/p>\n","protected":false},"author":13,"featured_media":2931,"comment_status":"closed","ping_status":"closed","sticky":false,"template":"","format":"standard","meta":{"_acf_changed":false,"ngg_post_thumbnail":0,"footnotes":""},"categories":[4],"tags":[],"class_list":["post-2927","post","type-post","status-publish","format-standard","has-post-thumbnail","hentry","category-tlacove-spravy"],"acf":[],"yoast_head":"<!-- This site is optimized with the Yoast SEO plugin v27.2 - https:\/\/yoast.com\/product\/yoast-seo-wordpress\/ -->\n<title>Kto ochr\u00e1ni \u017eivotn\u00e9 prostredie pred ministrom, ktor\u00fd ignoruje stanovisk\u00e1 odborn\u00edkov? - Smedemokrati.sk<\/title>\n<meta name=\"robots\" content=\"index, follow, max-snippet:-1, max-image-preview:large, max-video-preview:-1\" \/>\n<link rel=\"canonical\" href=\"https:\/\/www.smedemokrati.sk\/cs\/kto-ochrani-zivotne-prostredie-pred-ministrom-ktory-ignoruje-stanoviska-odbornikov\/\" \/>\n<meta property=\"og:locale\" content=\"cs_CZ\" \/>\n<meta property=\"og:locale:alternate\" content=\"en_US\" \/>\n<meta property=\"og:locale:alternate\" content=\"hu_HU\" \/>\n<meta property=\"og:locale:alternate\" content=\"sk_SK\" \/>\n<meta property=\"og:locale:alternate\" content=\"sv_SE\" \/>\n<meta property=\"og:type\" content=\"article\" \/>\n<meta property=\"og:title\" content=\"Kto ochr\u00e1ni \u017eivotn\u00e9 prostredie pred ministrom, ktor\u00fd ignoruje stanovisk\u00e1 odborn\u00edkov? - Smedemokrati.sk\" \/>\n<meta property=\"og:description\" content=\"Vyjadrenia ministra \u017eivotn\u00e9ho prostredia Tom\u00e1\u0161a Tarabu o vyr\u00faban\u00ed v\u0161etk\u00fdch stromov napadnut\u00fdch lyko\u017er\u00fatom s\u00fa \u010fal\u0161ou uk\u00e1\u017ekou jeho nekompetentnosti. O potrebe bezz\u00e1sahov\u00e9ho re\u017eimu a re\u0161pektovan\u00ed prirodzen\u00fdch procesov na \u010dasti \u00fazemia panuje v\u0161eobecn\u00fd vedeck\u00fd konsenzus, ktor\u00fd ako jedin\u00fd spochyb\u0148uje minister Taraba.&nbsp; \u201eAk by sa mali realizova\u0165 v\u00fdplody ministra Tarabu, Slovensko by bolo asi jedinou krajinou na svete, ktor\u00e1 [&hellip;]\" \/>\n<meta property=\"og:url\" content=\"https:\/\/www.smedemokrati.sk\/cs\/kto-ochrani-zivotne-prostredie-pred-ministrom-ktory-ignoruje-stanoviska-odbornikov\/\" \/>\n<meta property=\"og:site_name\" content=\"Smedemokrati.sk\" \/>\n<meta property=\"article:publisher\" content=\"https:\/\/www.facebook.com\/smedemokrati2023\" \/>\n<meta property=\"article:published_time\" content=\"2024-03-05T14:46:57+00:00\" \/>\n<meta property=\"article:modified_time\" content=\"2024-03-06T14:26:42+00:00\" \/>\n<meta property=\"og:image\" content=\"https:\/\/www.smedemokrati.sk\/wp-content\/uploads\/2024\/03\/robert-fico-tomas-taraba-clanokW-1.jpg\" \/>\n\t<meta property=\"og:image:width\" content=\"800\" \/>\n\t<meta property=\"og:image:height\" content=\"448\" \/>\n\t<meta property=\"og:image:type\" content=\"image\/jpeg\" \/>\n<meta name=\"author\" content=\"miro.sopko\" \/>\n<meta name=\"twitter:card\" content=\"summary_large_image\" \/>\n<meta name=\"twitter:label1\" content=\"Napsal(a)\" \/>\n\t<meta name=\"twitter:data1\" content=\"miro.sopko\" \/>\n\t<meta name=\"twitter:label2\" content=\"Odhadovan\u00e1 doba \u010dten\u00ed\" \/>\n\t<meta name=\"twitter:data2\" content=\"3 minuty\" \/>\n<script type=\"application\/ld+json\" class=\"yoast-schema-graph\">{\"@context\":\"https:\/\/schema.org\",\"@graph\":[{\"@type\":\"Article\",\"@id\":\"https:\/\/www.smedemokrati.sk\/kto-ochrani-zivotne-prostredie-pred-ministrom-ktory-ignoruje-stanoviska-odbornikov\/#article\",\"isPartOf\":{\"@id\":\"https:\/\/www.smedemokrati.sk\/kto-ochrani-zivotne-prostredie-pred-ministrom-ktory-ignoruje-stanoviska-odbornikov\/\"},\"author\":{\"name\":\"miro.sopko\",\"@id\":\"https:\/\/www.smedemokrati.sk\/#\/schema\/person\/21f147c88d605aa7ded900e1e7c344ba\"},\"headline\":\"Kto ochr\u00e1ni \u017eivotn\u00e9 prostredie pred ministrom, ktor\u00fd ignoruje stanovisk\u00e1 odborn\u00edkov?\",\"datePublished\":\"2024-03-05T14:46:57+00:00\",\"dateModified\":\"2024-03-06T14:26:42+00:00\",\"mainEntityOfPage\":{\"@id\":\"https:\/\/www.smedemokrati.sk\/kto-ochrani-zivotne-prostredie-pred-ministrom-ktory-ignoruje-stanoviska-odbornikov\/\"},\"wordCount\":663,\"publisher\":{\"@id\":\"https:\/\/www.smedemokrati.sk\/#organization\"},\"image\":{\"@id\":\"https:\/\/www.smedemokrati.sk\/kto-ochrani-zivotne-prostredie-pred-ministrom-ktory-ignoruje-stanoviska-odbornikov\/#primaryimage\"},\"thumbnailUrl\":\"https:\/\/www.smedemokrati.sk\/wp-content\/uploads\/2024\/03\/robert-fico-tomas-taraba-clanokW-1.jpg\",\"articleSection\":[\"Tla\u010dov\u00e9 spr\u00e1vy\"],\"inLanguage\":\"cs-CZ\"},{\"@type\":\"WebPage\",\"@id\":\"https:\/\/www.smedemokrati.sk\/kto-ochrani-zivotne-prostredie-pred-ministrom-ktory-ignoruje-stanoviska-odbornikov\/\",\"url\":\"https:\/\/www.smedemokrati.sk\/kto-ochrani-zivotne-prostredie-pred-ministrom-ktory-ignoruje-stanoviska-odbornikov\/\",\"name\":\"Kto ochr\u00e1ni \u017eivotn\u00e9 prostredie pred ministrom, ktor\u00fd ignoruje stanovisk\u00e1 odborn\u00edkov? - Smedemokrati.sk\",\"isPartOf\":{\"@id\":\"https:\/\/www.smedemokrati.sk\/#website\"},\"primaryImageOfPage\":{\"@id\":\"https:\/\/www.smedemokrati.sk\/kto-ochrani-zivotne-prostredie-pred-ministrom-ktory-ignoruje-stanoviska-odbornikov\/#primaryimage\"},\"image\":{\"@id\":\"https:\/\/www.smedemokrati.sk\/kto-ochrani-zivotne-prostredie-pred-ministrom-ktory-ignoruje-stanoviska-odbornikov\/#primaryimage\"},\"thumbnailUrl\":\"https:\/\/www.smedemokrati.sk\/wp-content\/uploads\/2024\/03\/robert-fico-tomas-taraba-clanokW-1.jpg\",\"datePublished\":\"2024-03-05T14:46:57+00:00\",\"dateModified\":\"2024-03-06T14:26:42+00:00\",\"breadcrumb\":{\"@id\":\"https:\/\/www.smedemokrati.sk\/kto-ochrani-zivotne-prostredie-pred-ministrom-ktory-ignoruje-stanoviska-odbornikov\/#breadcrumb\"},\"inLanguage\":\"cs-CZ\",\"potentialAction\":[{\"@type\":\"ReadAction\",\"target\":[\"https:\/\/www.smedemokrati.sk\/kto-ochrani-zivotne-prostredie-pred-ministrom-ktory-ignoruje-stanoviska-odbornikov\/\"]}]},{\"@type\":\"ImageObject\",\"inLanguage\":\"cs-CZ\",\"@id\":\"https:\/\/www.smedemokrati.sk\/kto-ochrani-zivotne-prostredie-pred-ministrom-ktory-ignoruje-stanoviska-odbornikov\/#primaryimage\",\"url\":\"https:\/\/www.smedemokrati.sk\/wp-content\/uploads\/2024\/03\/robert-fico-tomas-taraba-clanokW-1.jpg\",\"contentUrl\":\"https:\/\/www.smedemokrati.sk\/wp-content\/uploads\/2024\/03\/robert-fico-tomas-taraba-clanokW-1.jpg\",\"width\":800,\"height\":448},{\"@type\":\"BreadcrumbList\",\"@id\":\"https:\/\/www.smedemokrati.sk\/kto-ochrani-zivotne-prostredie-pred-ministrom-ktory-ignoruje-stanoviska-odbornikov\/#breadcrumb\",\"itemListElement\":[{\"@type\":\"ListItem\",\"position\":1,\"name\":\"Domovsk\u00e1 str\u00e1nka\",\"item\":\"https:\/\/www.smedemokrati.sk\/\"},{\"@type\":\"ListItem\",\"position\":2,\"name\":\"Kto ochr\u00e1ni \u017eivotn\u00e9 prostredie pred ministrom, ktor\u00fd ignoruje stanovisk\u00e1 odborn\u00edkov?\"}]},{\"@type\":\"WebSite\",\"@id\":\"https:\/\/www.smedemokrati.sk\/#website\",\"url\":\"https:\/\/www.smedemokrati.sk\/\",\"name\":\"Smedemokrati.sk\",\"description\":\"Demokracia a slu\u0161nos\u0165 zv\u00ed\u0165az\u00ed\",\"publisher\":{\"@id\":\"https:\/\/www.smedemokrati.sk\/#organization\"},\"potentialAction\":[{\"@type\":\"SearchAction\",\"target\":{\"@type\":\"EntryPoint\",\"urlTemplate\":\"https:\/\/www.smedemokrati.sk\/?s={search_term_string}\"},\"query-input\":{\"@type\":\"PropertyValueSpecification\",\"valueRequired\":true,\"valueName\":\"search_term_string\"}}],\"inLanguage\":\"cs-CZ\"},{\"@type\":\"Organization\",\"@id\":\"https:\/\/www.smedemokrati.sk\/#organization\",\"name\":\"Smedemokrati.sk\",\"url\":\"https:\/\/www.smedemokrati.sk\/\",\"logo\":{\"@type\":\"ImageObject\",\"inLanguage\":\"cs-CZ\",\"@id\":\"https:\/\/www.smedemokrati.sk\/#\/schema\/logo\/image\/\",\"url\":\"https:\/\/www.smedemokrati.sk\/wp-content\/uploads\/2023\/04\/ff.002.jpeg\",\"contentUrl\":\"https:\/\/www.smedemokrati.sk\/wp-content\/uploads\/2023\/04\/ff.002.jpeg\",\"width\":640,\"height\":480,\"caption\":\"Smedemokrati.sk\"},\"image\":{\"@id\":\"https:\/\/www.smedemokrati.sk\/#\/schema\/logo\/image\/\"},\"sameAs\":[\"https:\/\/www.facebook.com\/smedemokrati2023\"]},{\"@type\":\"Person\",\"@id\":\"https:\/\/www.smedemokrati.sk\/#\/schema\/person\/21f147c88d605aa7ded900e1e7c344ba\",\"name\":\"miro.sopko\",\"image\":{\"@type\":\"ImageObject\",\"inLanguage\":\"cs-CZ\",\"@id\":\"https:\/\/secure.gravatar.com\/avatar\/267e4a36f704376c109afe3a78740c1f5dd8675a2180a908699e7863c9247606?s=96&d=mm&r=g\",\"url\":\"https:\/\/secure.gravatar.com\/avatar\/267e4a36f704376c109afe3a78740c1f5dd8675a2180a908699e7863c9247606?s=96&d=mm&r=g\",\"contentUrl\":\"https:\/\/secure.gravatar.com\/avatar\/267e4a36f704376c109afe3a78740c1f5dd8675a2180a908699e7863c9247606?s=96&d=mm&r=g\",\"caption\":\"miro.sopko\"},\"url\":\"https:\/\/www.smedemokrati.sk\/cs\/author\/miro-sopko\/\"}]}<\/script>\n<!-- \/ Yoast SEO plugin. -->","yoast_head_json":{"title":"Kto ochr\u00e1ni \u017eivotn\u00e9 prostredie pred ministrom, ktor\u00fd ignoruje stanovisk\u00e1 odborn\u00edkov? - Smedemokrati.sk","robots":{"index":"index","follow":"follow","max-snippet":"max-snippet:-1","max-image-preview":"max-image-preview:large","max-video-preview":"max-video-preview:-1"},"canonical":"https:\/\/www.smedemokrati.sk\/cs\/kto-ochrani-zivotne-prostredie-pred-ministrom-ktory-ignoruje-stanoviska-odbornikov\/","og_locale":"cs_CZ","og_type":"article","og_title":"Kto ochr\u00e1ni \u017eivotn\u00e9 prostredie pred ministrom, ktor\u00fd ignoruje stanovisk\u00e1 odborn\u00edkov? - Smedemokrati.sk","og_description":"Vyjadrenia ministra \u017eivotn\u00e9ho prostredia Tom\u00e1\u0161a Tarabu o vyr\u00faban\u00ed v\u0161etk\u00fdch stromov napadnut\u00fdch lyko\u017er\u00fatom s\u00fa \u010fal\u0161ou uk\u00e1\u017ekou jeho nekompetentnosti. O potrebe bezz\u00e1sahov\u00e9ho re\u017eimu a re\u0161pektovan\u00ed prirodzen\u00fdch procesov na \u010dasti \u00fazemia panuje v\u0161eobecn\u00fd vedeck\u00fd konsenzus, ktor\u00fd ako jedin\u00fd spochyb\u0148uje minister Taraba.&nbsp; \u201eAk by sa mali realizova\u0165 v\u00fdplody ministra Tarabu, Slovensko by bolo asi jedinou krajinou na svete, ktor\u00e1 [&hellip;]","og_url":"https:\/\/www.smedemokrati.sk\/cs\/kto-ochrani-zivotne-prostredie-pred-ministrom-ktory-ignoruje-stanoviska-odbornikov\/","og_site_name":"Smedemokrati.sk","article_publisher":"https:\/\/www.facebook.com\/smedemokrati2023","article_published_time":"2024-03-05T14:46:57+00:00","article_modified_time":"2024-03-06T14:26:42+00:00","og_image":[{"width":800,"height":448,"url":"https:\/\/www.smedemokrati.sk\/wp-content\/uploads\/2024\/03\/robert-fico-tomas-taraba-clanokW-1.jpg","type":"image\/jpeg"}],"author":"miro.sopko","twitter_card":"summary_large_image","twitter_misc":{"Napsal(a)":"miro.sopko","Odhadovan\u00e1 doba \u010dten\u00ed":"3 minuty"},"schema":{"@context":"https:\/\/schema.org","@graph":[{"@type":"Article","@id":"https:\/\/www.smedemokrati.sk\/kto-ochrani-zivotne-prostredie-pred-ministrom-ktory-ignoruje-stanoviska-odbornikov\/#article","isPartOf":{"@id":"https:\/\/www.smedemokrati.sk\/kto-ochrani-zivotne-prostredie-pred-ministrom-ktory-ignoruje-stanoviska-odbornikov\/"},"author":{"name":"miro.sopko","@id":"https:\/\/www.smedemokrati.sk\/#\/schema\/person\/21f147c88d605aa7ded900e1e7c344ba"},"headline":"Kto ochr\u00e1ni \u017eivotn\u00e9 prostredie pred ministrom, ktor\u00fd ignoruje stanovisk\u00e1 odborn\u00edkov?","datePublished":"2024-03-05T14:46:57+00:00","dateModified":"2024-03-06T14:26:42+00:00","mainEntityOfPage":{"@id":"https:\/\/www.smedemokrati.sk\/kto-ochrani-zivotne-prostredie-pred-ministrom-ktory-ignoruje-stanoviska-odbornikov\/"},"wordCount":663,"publisher":{"@id":"https:\/\/www.smedemokrati.sk\/#organization"},"image":{"@id":"https:\/\/www.smedemokrati.sk\/kto-ochrani-zivotne-prostredie-pred-ministrom-ktory-ignoruje-stanoviska-odbornikov\/#primaryimage"},"thumbnailUrl":"https:\/\/www.smedemokrati.sk\/wp-content\/uploads\/2024\/03\/robert-fico-tomas-taraba-clanokW-1.jpg","articleSection":["Tla\u010dov\u00e9 spr\u00e1vy"],"inLanguage":"cs-CZ"},{"@type":"WebPage","@id":"https:\/\/www.smedemokrati.sk\/kto-ochrani-zivotne-prostredie-pred-ministrom-ktory-ignoruje-stanoviska-odbornikov\/","url":"https:\/\/www.smedemokrati.sk\/kto-ochrani-zivotne-prostredie-pred-ministrom-ktory-ignoruje-stanoviska-odbornikov\/","name":"Kto ochr\u00e1ni \u017eivotn\u00e9 prostredie pred ministrom, ktor\u00fd ignoruje stanovisk\u00e1 odborn\u00edkov? - Smedemokrati.sk","isPartOf":{"@id":"https:\/\/www.smedemokrati.sk\/#website"},"primaryImageOfPage":{"@id":"https:\/\/www.smedemokrati.sk\/kto-ochrani-zivotne-prostredie-pred-ministrom-ktory-ignoruje-stanoviska-odbornikov\/#primaryimage"},"image":{"@id":"https:\/\/www.smedemokrati.sk\/kto-ochrani-zivotne-prostredie-pred-ministrom-ktory-ignoruje-stanoviska-odbornikov\/#primaryimage"},"thumbnailUrl":"https:\/\/www.smedemokrati.sk\/wp-content\/uploads\/2024\/03\/robert-fico-tomas-taraba-clanokW-1.jpg","datePublished":"2024-03-05T14:46:57+00:00","dateModified":"2024-03-06T14:26:42+00:00","breadcrumb":{"@id":"https:\/\/www.smedemokrati.sk\/kto-ochrani-zivotne-prostredie-pred-ministrom-ktory-ignoruje-stanoviska-odbornikov\/#breadcrumb"},"inLanguage":"cs-CZ","potentialAction":[{"@type":"ReadAction","target":["https:\/\/www.smedemokrati.sk\/kto-ochrani-zivotne-prostredie-pred-ministrom-ktory-ignoruje-stanoviska-odbornikov\/"]}]},{"@type":"ImageObject","inLanguage":"cs-CZ","@id":"https:\/\/www.smedemokrati.sk\/kto-ochrani-zivotne-prostredie-pred-ministrom-ktory-ignoruje-stanoviska-odbornikov\/#primaryimage","url":"https:\/\/www.smedemokrati.sk\/wp-content\/uploads\/2024\/03\/robert-fico-tomas-taraba-clanokW-1.jpg","contentUrl":"https:\/\/www.smedemokrati.sk\/wp-content\/uploads\/2024\/03\/robert-fico-tomas-taraba-clanokW-1.jpg","width":800,"height":448},{"@type":"BreadcrumbList","@id":"https:\/\/www.smedemokrati.sk\/kto-ochrani-zivotne-prostredie-pred-ministrom-ktory-ignoruje-stanoviska-odbornikov\/#breadcrumb","itemListElement":[{"@type":"ListItem","position":1,"name":"Domovsk\u00e1 str\u00e1nka","item":"https:\/\/www.smedemokrati.sk\/"},{"@type":"ListItem","position":2,"name":"Kto ochr\u00e1ni \u017eivotn\u00e9 prostredie pred ministrom, ktor\u00fd ignoruje stanovisk\u00e1 odborn\u00edkov?"}]},{"@type":"WebSite","@id":"https:\/\/www.smedemokrati.sk\/#website","url":"https:\/\/www.smedemokrati.sk\/","name":"Smedemokrati.sk","description":"Demokracia a slu\u0161nos\u0165 zv\u00ed\u0165az\u00ed","publisher":{"@id":"https:\/\/www.smedemokrati.sk\/#organization"},"potentialAction":[{"@type":"SearchAction","target":{"@type":"EntryPoint","urlTemplate":"https:\/\/www.smedemokrati.sk\/?s={search_term_string}"},"query-input":{"@type":"PropertyValueSpecification","valueRequired":true,"valueName":"search_term_string"}}],"inLanguage":"cs-CZ"},{"@type":"Organization","@id":"https:\/\/www.smedemokrati.sk\/#organization","name":"Smedemokrati.sk","url":"https:\/\/www.smedemokrati.sk\/","logo":{"@type":"ImageObject","inLanguage":"cs-CZ","@id":"https:\/\/www.smedemokrati.sk\/#\/schema\/logo\/image\/","url":"https:\/\/www.smedemokrati.sk\/wp-content\/uploads\/2023\/04\/ff.002.jpeg","contentUrl":"https:\/\/www.smedemokrati.sk\/wp-content\/uploads\/2023\/04\/ff.002.jpeg","width":640,"height":480,"caption":"Smedemokrati.sk"},"image":{"@id":"https:\/\/www.smedemokrati.sk\/#\/schema\/logo\/image\/"},"sameAs":["https:\/\/www.facebook.com\/smedemokrati2023"]},{"@type":"Person","@id":"https:\/\/www.smedemokrati.sk\/#\/schema\/person\/21f147c88d605aa7ded900e1e7c344ba","name":"miro.sopko","image":{"@type":"ImageObject","inLanguage":"cs-CZ","@id":"https:\/\/secure.gravatar.com\/avatar\/267e4a36f704376c109afe3a78740c1f5dd8675a2180a908699e7863c9247606?s=96&d=mm&r=g","url":"https:\/\/secure.gravatar.com\/avatar\/267e4a36f704376c109afe3a78740c1f5dd8675a2180a908699e7863c9247606?s=96&d=mm&r=g","contentUrl":"https:\/\/secure.gravatar.com\/avatar\/267e4a36f704376c109afe3a78740c1f5dd8675a2180a908699e7863c9247606?s=96&d=mm&r=g","caption":"miro.sopko"},"url":"https:\/\/www.smedemokrati.sk\/cs\/author\/miro-sopko\/"}]}},"_links":{"self":[{"href":"https:\/\/www.smedemokrati.sk\/cs\/wp-json\/wp\/v2\/posts\/2927","targetHints":{"allow":["GET"]}}],"collection":[{"href":"https:\/\/www.smedemokrati.sk\/cs\/wp-json\/wp\/v2\/posts"}],"about":[{"href":"https:\/\/www.smedemokrati.sk\/cs\/wp-json\/wp\/v2\/types\/post"}],"author":[{"embeddable":true,"href":"https:\/\/www.smedemokrati.sk\/cs\/wp-json\/wp\/v2\/users\/13"}],"replies":[{"embeddable":true,"href":"https:\/\/www.smedemokrati.sk\/cs\/wp-json\/wp\/v2\/comments?post=2927"}],"version-history":[{"count":4,"href":"https:\/\/www.smedemokrati.sk\/cs\/wp-json\/wp\/v2\/posts\/2927\/revisions"}],"predecessor-version":[{"id":2935,"href":"https:\/\/www.smedemokrati.sk\/cs\/wp-json\/wp\/v2\/posts\/2927\/revisions\/2935"}],"wp:featuredmedia":[{"embeddable":true,"href":"https:\/\/www.smedemokrati.sk\/cs\/wp-json\/wp\/v2\/media\/2931"}],"wp:attachment":[{"href":"https:\/\/www.smedemokrati.sk\/cs\/wp-json\/wp\/v2\/media?parent=2927"}],"wp:term":[{"taxonomy":"category","embeddable":true,"href":"https:\/\/www.smedemokrati.sk\/cs\/wp-json\/wp\/v2\/categories?post=2927"},{"taxonomy":"post_tag","embeddable":true,"href":"https:\/\/www.smedemokrati.sk\/cs\/wp-json\/wp\/v2\/tags?post=2927"}],"curies":[{"name":"wp","href":"https:\/\/api.w.org\/{rel}","templated":true}]}}