{"id":2711,"date":"2024-02-16T13:05:37","date_gmt":"2024-02-16T11:05:37","guid":{"rendered":"https:\/\/www.smedemokrati.sk\/?p=2711"},"modified":"2024-02-19T16:57:04","modified_gmt":"2024-02-19T14:57:04","slug":"dejiny-budu-pozorne-sledovat-co-ustavny-sud-urobil-a-ako-argumentoval","status":"publish","type":"post","link":"https:\/\/www.smedemokrati.sk\/cs\/dejiny-budu-pozorne-sledovat-co-ustavny-sud-urobil-a-ako-argumentoval\/","title":{"rendered":"Dejiny bud\u00fa pozorne sledova\u0165 \u010do \u00dastavn\u00fd s\u00fad urobil a ako argumentoval"},"content":{"rendered":"<div id=\"fb-root\"><\/div>\n\n<p><strong>Demokrati v\u00edtaj\u00fa rozhodnutie prezidentky \u010caputovej. Nie je \u013eahk\u00e9 pripoji\u0165 podpis k tak hanebnej novele trestn\u00e9ho z\u00e1kona. Tento krok je preto d\u00f4kazom, \u017ee prezident mus\u00ed vidie\u0165 cel\u00fd obraz a ch\u00e1pa\u0165 v\u0161etky d\u00f4sledky svojich rozhodnut\u00ed.\u00a0<\/strong><\/p>\n\n\n\n<p>Pr\u00e1ve rozhodnutie nevetova\u0165 novelu trestn\u00e9ho z\u00e1kona a poda\u0165 n\u00e1vrh na \u00dastavn\u00fd s\u00fad toti\u017eto umo\u017en\u00ed \u00dastavn\u00e9mu s\u00fadu ma\u0165 dostatok \u010dasu na rozhodnutie o tom, \u010di pozastav\u00ed \u00fa\u010dinnos\u0165 novely. Prezidentka tak postupuje v s\u00falade s odpor\u00fa\u010dan\u00edm ako pr\u00e1vnikov, tak aj Demokratov, ktor\u00ed na postup pred \u010dasom opakovane vyz\u00fdvali.\u00a0<em>\u201ePraktick\u00e9 dopady pr\u00edpadnej \u00fa\u010dinnosti by mali devasta\u010dn\u00e9 n\u00e1sledky na cel\u00fa trestn\u00fa politiku \u0161t\u00e1tu. Sekunda platnosti by znamenala beztrestnos\u0165 pre mnoh\u00fdch nominantov Fica a Pellgriniho, zastavenie vy\u0161etrovan\u00ed, preml\u010danie aj tak ohavn\u00fdch skutkov ako je zn\u00e1silnenie alebo vra\u017eda,&#8220;\u00a0<\/em>hovor\u00ed expert hnutia na spravodlivos\u0165 Juraj \u0160eliga.<\/p>\n\n\n\n<p>Demokrati veria, \u017ee \u00dastavn\u00fd s\u00fad bude rozhodova\u0165 nez\u00e1visle a \u017ee vl\u00e1dna koal\u00edcia na \u010dele s predsedom vl\u00e1dy Ficom nech\u00e1 \u00dastavn\u00fd s\u00fad kona\u0165 samostatne a nebude sa pok\u00fa\u0161a\u0165 zasahova\u0165 do jeho pr\u00e1ce.\u00a0<em>\u201eJe to pr\u00e1ve \u00dastavn\u00fd s\u00fad, ktor\u00fd dnes stoj\u00ed pred historickou \u00falohou vyjasni\u0165 mantinely vl\u00e1dnej moci a reagova\u0165 na pokus o \u201esamoamnestiu\u201d politikov. Dejiny bud\u00fa ve\u013emi pozorne sledova\u0165 \u010do \u00dastavn\u00fd s\u00fad urobil a ako argumentoval,&#8220;\u00a0<\/em>dod\u00e1va \u0160eliga.<\/p>\n\n\n\n<p><em>\u201eChceme pri tejto pr\u00edle\u017eitosti ve\u013emi jasne poveda\u0165, \u017ee varujeme Roberta Fica, aby sa ani len nepok\u00fa\u0161al zasahova\u0165 do pr\u00e1ce s\u00fadu alebo sa sna\u017eil zastavi\u0165 riadny proces publik\u00e1cie novely, pr\u00edpadne rozhodnutia \u00dastavn\u00e9ho s\u00fadu. Toto by bolo sabot\u00e1\u017eou a priamym \u00fatokom na \u00fastavn\u00e9 zriadenie Slovenskej republiky, ktor\u00e9 by nepochybne malo trestnopr\u00e1vne d\u00f4sledky,&#8220;<\/em>\u00a0uzatv\u00e1ra t\u00e9mu podpredseda Demokratov Juraj \u0160eliga.<\/p>\n\n\n\n<p>Demokrati na z\u00e1ver hovoria, \u017ee ochotne pripoja svoje odborn\u00e9 stanovisko (amicus curiae) k n\u00e1vrhu prezidentky, aby sme spolo\u010dne \u00dastavn\u00e9mu s\u00fadu pon\u00fakli odborn\u00e9 argumenty, ktor\u00e9 ukazuj\u00fa ako ve\u013emi je novela \u0161kodliv\u00e1. Ver\u00edme, \u017ee \u00dastavn\u00fd s\u00fad po vyhodnoten\u00ed v\u0161etk\u00fdch negat\u00edvnych dopadov novelu zastav\u00ed.<\/p>\n","protected":false},"excerpt":{"rendered":"<p>Demokrati v\u00edtaj\u00fa rozhodnutie prezidentky \u010caputovej. Nie je \u013eahk\u00e9 pripoji\u0165 podpis k tak hanebnej novele trestn\u00e9ho z\u00e1kona. Tento krok je preto d\u00f4kazom, \u017ee prezident mus\u00ed vidie\u0165 cel\u00fd obraz a ch\u00e1pa\u0165 v\u0161etky d\u00f4sledky svojich rozhodnut\u00ed.\u00a0 Pr\u00e1ve rozhodnutie nevetova\u0165 novelu trestn\u00e9ho z\u00e1kona a poda\u0165 n\u00e1vrh na \u00dastavn\u00fd s\u00fad toti\u017eto umo\u017en\u00ed \u00dastavn\u00e9mu s\u00fadu ma\u0165 dostatok \u010dasu na rozhodnutie o [&hellip;]<\/p>\n","protected":false},"author":7,"featured_media":2653,"comment_status":"closed","ping_status":"closed","sticky":false,"template":"","format":"standard","meta":{"_acf_changed":false,"ngg_post_thumbnail":0,"footnotes":""},"categories":[4],"tags":[],"class_list":["post-2711","post","type-post","status-publish","format-standard","has-post-thumbnail","hentry","category-tlacove-spravy"],"acf":[],"yoast_head":"<!-- This site is optimized with the Yoast SEO plugin v27.2 - https:\/\/yoast.com\/product\/yoast-seo-wordpress\/ -->\n<title>Dejiny bud\u00fa pozorne sledova\u0165 \u010do \u00dastavn\u00fd s\u00fad urobil a ako argumentoval - Smedemokrati.sk<\/title>\n<meta name=\"robots\" content=\"index, follow, max-snippet:-1, max-image-preview:large, max-video-preview:-1\" \/>\n<link rel=\"canonical\" href=\"https:\/\/www.smedemokrati.sk\/cs\/dejiny-budu-pozorne-sledovat-co-ustavny-sud-urobil-a-ako-argumentoval\/\" \/>\n<meta property=\"og:locale\" content=\"cs_CZ\" \/>\n<meta property=\"og:locale:alternate\" content=\"en_US\" \/>\n<meta property=\"og:locale:alternate\" content=\"hu_HU\" \/>\n<meta property=\"og:locale:alternate\" content=\"sk_SK\" \/>\n<meta property=\"og:locale:alternate\" content=\"sv_SE\" \/>\n<meta property=\"og:type\" content=\"article\" \/>\n<meta property=\"og:title\" content=\"Dejiny bud\u00fa pozorne sledova\u0165 \u010do \u00dastavn\u00fd s\u00fad urobil a ako argumentoval - Smedemokrati.sk\" \/>\n<meta property=\"og:description\" content=\"Demokrati v\u00edtaj\u00fa rozhodnutie prezidentky \u010caputovej. Nie je \u013eahk\u00e9 pripoji\u0165 podpis k tak hanebnej novele trestn\u00e9ho z\u00e1kona. Tento krok je preto d\u00f4kazom, \u017ee prezident mus\u00ed vidie\u0165 cel\u00fd obraz a ch\u00e1pa\u0165 v\u0161etky d\u00f4sledky svojich rozhodnut\u00ed.\u00a0 Pr\u00e1ve rozhodnutie nevetova\u0165 novelu trestn\u00e9ho z\u00e1kona a poda\u0165 n\u00e1vrh na \u00dastavn\u00fd s\u00fad toti\u017eto umo\u017en\u00ed \u00dastavn\u00e9mu s\u00fadu ma\u0165 dostatok \u010dasu na rozhodnutie o [&hellip;]\" \/>\n<meta property=\"og:url\" content=\"https:\/\/www.smedemokrati.sk\/cs\/dejiny-budu-pozorne-sledovat-co-ustavny-sud-urobil-a-ako-argumentoval\/\" \/>\n<meta property=\"og:site_name\" content=\"Smedemokrati.sk\" \/>\n<meta property=\"article:publisher\" content=\"https:\/\/www.facebook.com\/smedemokrati2023\" \/>\n<meta property=\"article:published_time\" content=\"2024-02-16T11:05:37+00:00\" \/>\n<meta property=\"article:modified_time\" content=\"2024-02-19T14:57:04+00:00\" \/>\n<meta property=\"og:image\" content=\"https:\/\/www.smedemokrati.sk\/wp-content\/uploads\/2024\/02\/ddd.jpg\" \/>\n\t<meta property=\"og:image:width\" content=\"1024\" \/>\n\t<meta property=\"og:image:height\" content=\"683\" \/>\n\t<meta property=\"og:image:type\" content=\"image\/jpeg\" \/>\n<meta name=\"author\" content=\"Tom\u00e1\u0161 Koppl\" \/>\n<meta name=\"twitter:card\" content=\"summary_large_image\" \/>\n<meta name=\"twitter:label1\" content=\"Napsal(a)\" \/>\n\t<meta name=\"twitter:data1\" content=\"Tom\u00e1\u0161 Koppl\" \/>\n\t<meta name=\"twitter:label2\" content=\"Odhadovan\u00e1 doba \u010dten\u00ed\" \/>\n\t<meta name=\"twitter:data2\" content=\"2 minuty\" \/>\n<script type=\"application\/ld+json\" class=\"yoast-schema-graph\">{\"@context\":\"https:\/\/schema.org\",\"@graph\":[{\"@type\":\"Article\",\"@id\":\"https:\/\/www.smedemokrati.sk\/dejiny-budu-pozorne-sledovat-co-ustavny-sud-urobil-a-ako-argumentoval\/#article\",\"isPartOf\":{\"@id\":\"https:\/\/www.smedemokrati.sk\/dejiny-budu-pozorne-sledovat-co-ustavny-sud-urobil-a-ako-argumentoval\/\"},\"author\":{\"name\":\"Tom\u00e1\u0161 Koppl\",\"@id\":\"https:\/\/www.smedemokrati.sk\/#\/schema\/person\/c60720f4b9955b3c1ed222ebd1fbbc7c\"},\"headline\":\"Dejiny bud\u00fa pozorne sledova\u0165 \u010do \u00dastavn\u00fd s\u00fad urobil a ako argumentoval\",\"datePublished\":\"2024-02-16T11:05:37+00:00\",\"dateModified\":\"2024-02-19T14:57:04+00:00\",\"mainEntityOfPage\":{\"@id\":\"https:\/\/www.smedemokrati.sk\/dejiny-budu-pozorne-sledovat-co-ustavny-sud-urobil-a-ako-argumentoval\/\"},\"wordCount\":371,\"publisher\":{\"@id\":\"https:\/\/www.smedemokrati.sk\/#organization\"},\"image\":{\"@id\":\"https:\/\/www.smedemokrati.sk\/dejiny-budu-pozorne-sledovat-co-ustavny-sud-urobil-a-ako-argumentoval\/#primaryimage\"},\"thumbnailUrl\":\"https:\/\/www.smedemokrati.sk\/wp-content\/uploads\/2024\/02\/ddd.jpg\",\"articleSection\":[\"Tla\u010dov\u00e9 spr\u00e1vy\"],\"inLanguage\":\"cs-CZ\"},{\"@type\":\"WebPage\",\"@id\":\"https:\/\/www.smedemokrati.sk\/dejiny-budu-pozorne-sledovat-co-ustavny-sud-urobil-a-ako-argumentoval\/\",\"url\":\"https:\/\/www.smedemokrati.sk\/dejiny-budu-pozorne-sledovat-co-ustavny-sud-urobil-a-ako-argumentoval\/\",\"name\":\"Dejiny bud\u00fa pozorne sledova\u0165 \u010do \u00dastavn\u00fd s\u00fad urobil a ako argumentoval - Smedemokrati.sk\",\"isPartOf\":{\"@id\":\"https:\/\/www.smedemokrati.sk\/#website\"},\"primaryImageOfPage\":{\"@id\":\"https:\/\/www.smedemokrati.sk\/dejiny-budu-pozorne-sledovat-co-ustavny-sud-urobil-a-ako-argumentoval\/#primaryimage\"},\"image\":{\"@id\":\"https:\/\/www.smedemokrati.sk\/dejiny-budu-pozorne-sledovat-co-ustavny-sud-urobil-a-ako-argumentoval\/#primaryimage\"},\"thumbnailUrl\":\"https:\/\/www.smedemokrati.sk\/wp-content\/uploads\/2024\/02\/ddd.jpg\",\"datePublished\":\"2024-02-16T11:05:37+00:00\",\"dateModified\":\"2024-02-19T14:57:04+00:00\",\"breadcrumb\":{\"@id\":\"https:\/\/www.smedemokrati.sk\/dejiny-budu-pozorne-sledovat-co-ustavny-sud-urobil-a-ako-argumentoval\/#breadcrumb\"},\"inLanguage\":\"cs-CZ\",\"potentialAction\":[{\"@type\":\"ReadAction\",\"target\":[\"https:\/\/www.smedemokrati.sk\/dejiny-budu-pozorne-sledovat-co-ustavny-sud-urobil-a-ako-argumentoval\/\"]}]},{\"@type\":\"ImageObject\",\"inLanguage\":\"cs-CZ\",\"@id\":\"https:\/\/www.smedemokrati.sk\/dejiny-budu-pozorne-sledovat-co-ustavny-sud-urobil-a-ako-argumentoval\/#primaryimage\",\"url\":\"https:\/\/www.smedemokrati.sk\/wp-content\/uploads\/2024\/02\/ddd.jpg\",\"contentUrl\":\"https:\/\/www.smedemokrati.sk\/wp-content\/uploads\/2024\/02\/ddd.jpg\",\"width\":1024,\"height\":683},{\"@type\":\"BreadcrumbList\",\"@id\":\"https:\/\/www.smedemokrati.sk\/dejiny-budu-pozorne-sledovat-co-ustavny-sud-urobil-a-ako-argumentoval\/#breadcrumb\",\"itemListElement\":[{\"@type\":\"ListItem\",\"position\":1,\"name\":\"Domovsk\u00e1 str\u00e1nka\",\"item\":\"https:\/\/www.smedemokrati.sk\/\"},{\"@type\":\"ListItem\",\"position\":2,\"name\":\"Dejiny bud\u00fa pozorne sledova\u0165 \u010do \u00dastavn\u00fd s\u00fad urobil a ako argumentoval\"}]},{\"@type\":\"WebSite\",\"@id\":\"https:\/\/www.smedemokrati.sk\/#website\",\"url\":\"https:\/\/www.smedemokrati.sk\/\",\"name\":\"Smedemokrati.sk\",\"description\":\"Demokracia a slu\u0161nos\u0165 zv\u00ed\u0165az\u00ed\",\"publisher\":{\"@id\":\"https:\/\/www.smedemokrati.sk\/#organization\"},\"potentialAction\":[{\"@type\":\"SearchAction\",\"target\":{\"@type\":\"EntryPoint\",\"urlTemplate\":\"https:\/\/www.smedemokrati.sk\/?s={search_term_string}\"},\"query-input\":{\"@type\":\"PropertyValueSpecification\",\"valueRequired\":true,\"valueName\":\"search_term_string\"}}],\"inLanguage\":\"cs-CZ\"},{\"@type\":\"Organization\",\"@id\":\"https:\/\/www.smedemokrati.sk\/#organization\",\"name\":\"Smedemokrati.sk\",\"url\":\"https:\/\/www.smedemokrati.sk\/\",\"logo\":{\"@type\":\"ImageObject\",\"inLanguage\":\"cs-CZ\",\"@id\":\"https:\/\/www.smedemokrati.sk\/#\/schema\/logo\/image\/\",\"url\":\"https:\/\/www.smedemokrati.sk\/wp-content\/uploads\/2023\/04\/ff.002.jpeg\",\"contentUrl\":\"https:\/\/www.smedemokrati.sk\/wp-content\/uploads\/2023\/04\/ff.002.jpeg\",\"width\":640,\"height\":480,\"caption\":\"Smedemokrati.sk\"},\"image\":{\"@id\":\"https:\/\/www.smedemokrati.sk\/#\/schema\/logo\/image\/\"},\"sameAs\":[\"https:\/\/www.facebook.com\/smedemokrati2023\"]},{\"@type\":\"Person\",\"@id\":\"https:\/\/www.smedemokrati.sk\/#\/schema\/person\/c60720f4b9955b3c1ed222ebd1fbbc7c\",\"name\":\"Tom\u00e1\u0161 Koppl\",\"image\":{\"@type\":\"ImageObject\",\"inLanguage\":\"cs-CZ\",\"@id\":\"https:\/\/secure.gravatar.com\/avatar\/8dfa38373c5e39821baf74c8e867a6f12e12c6dab6559aa999d10703b0b1c4ce?s=96&d=mm&r=g\",\"url\":\"https:\/\/secure.gravatar.com\/avatar\/8dfa38373c5e39821baf74c8e867a6f12e12c6dab6559aa999d10703b0b1c4ce?s=96&d=mm&r=g\",\"contentUrl\":\"https:\/\/secure.gravatar.com\/avatar\/8dfa38373c5e39821baf74c8e867a6f12e12c6dab6559aa999d10703b0b1c4ce?s=96&d=mm&r=g\",\"caption\":\"Tom\u00e1\u0161 Koppl\"},\"url\":\"https:\/\/www.smedemokrati.sk\/cs\/author\/tomaskoppl\/\"}]}<\/script>\n<!-- \/ Yoast SEO plugin. -->","yoast_head_json":{"title":"Dejiny bud\u00fa pozorne sledova\u0165 \u010do \u00dastavn\u00fd s\u00fad urobil a ako argumentoval - Smedemokrati.sk","robots":{"index":"index","follow":"follow","max-snippet":"max-snippet:-1","max-image-preview":"max-image-preview:large","max-video-preview":"max-video-preview:-1"},"canonical":"https:\/\/www.smedemokrati.sk\/cs\/dejiny-budu-pozorne-sledovat-co-ustavny-sud-urobil-a-ako-argumentoval\/","og_locale":"cs_CZ","og_type":"article","og_title":"Dejiny bud\u00fa pozorne sledova\u0165 \u010do \u00dastavn\u00fd s\u00fad urobil a ako argumentoval - Smedemokrati.sk","og_description":"Demokrati v\u00edtaj\u00fa rozhodnutie prezidentky \u010caputovej. Nie je \u013eahk\u00e9 pripoji\u0165 podpis k tak hanebnej novele trestn\u00e9ho z\u00e1kona. Tento krok je preto d\u00f4kazom, \u017ee prezident mus\u00ed vidie\u0165 cel\u00fd obraz a ch\u00e1pa\u0165 v\u0161etky d\u00f4sledky svojich rozhodnut\u00ed.\u00a0 Pr\u00e1ve rozhodnutie nevetova\u0165 novelu trestn\u00e9ho z\u00e1kona a poda\u0165 n\u00e1vrh na \u00dastavn\u00fd s\u00fad toti\u017eto umo\u017en\u00ed \u00dastavn\u00e9mu s\u00fadu ma\u0165 dostatok \u010dasu na rozhodnutie o [&hellip;]","og_url":"https:\/\/www.smedemokrati.sk\/cs\/dejiny-budu-pozorne-sledovat-co-ustavny-sud-urobil-a-ako-argumentoval\/","og_site_name":"Smedemokrati.sk","article_publisher":"https:\/\/www.facebook.com\/smedemokrati2023","article_published_time":"2024-02-16T11:05:37+00:00","article_modified_time":"2024-02-19T14:57:04+00:00","og_image":[{"width":1024,"height":683,"url":"https:\/\/www.smedemokrati.sk\/wp-content\/uploads\/2024\/02\/ddd.jpg","type":"image\/jpeg"}],"author":"Tom\u00e1\u0161 Koppl","twitter_card":"summary_large_image","twitter_misc":{"Napsal(a)":"Tom\u00e1\u0161 Koppl","Odhadovan\u00e1 doba \u010dten\u00ed":"2 minuty"},"schema":{"@context":"https:\/\/schema.org","@graph":[{"@type":"Article","@id":"https:\/\/www.smedemokrati.sk\/dejiny-budu-pozorne-sledovat-co-ustavny-sud-urobil-a-ako-argumentoval\/#article","isPartOf":{"@id":"https:\/\/www.smedemokrati.sk\/dejiny-budu-pozorne-sledovat-co-ustavny-sud-urobil-a-ako-argumentoval\/"},"author":{"name":"Tom\u00e1\u0161 Koppl","@id":"https:\/\/www.smedemokrati.sk\/#\/schema\/person\/c60720f4b9955b3c1ed222ebd1fbbc7c"},"headline":"Dejiny bud\u00fa pozorne sledova\u0165 \u010do \u00dastavn\u00fd s\u00fad urobil a ako argumentoval","datePublished":"2024-02-16T11:05:37+00:00","dateModified":"2024-02-19T14:57:04+00:00","mainEntityOfPage":{"@id":"https:\/\/www.smedemokrati.sk\/dejiny-budu-pozorne-sledovat-co-ustavny-sud-urobil-a-ako-argumentoval\/"},"wordCount":371,"publisher":{"@id":"https:\/\/www.smedemokrati.sk\/#organization"},"image":{"@id":"https:\/\/www.smedemokrati.sk\/dejiny-budu-pozorne-sledovat-co-ustavny-sud-urobil-a-ako-argumentoval\/#primaryimage"},"thumbnailUrl":"https:\/\/www.smedemokrati.sk\/wp-content\/uploads\/2024\/02\/ddd.jpg","articleSection":["Tla\u010dov\u00e9 spr\u00e1vy"],"inLanguage":"cs-CZ"},{"@type":"WebPage","@id":"https:\/\/www.smedemokrati.sk\/dejiny-budu-pozorne-sledovat-co-ustavny-sud-urobil-a-ako-argumentoval\/","url":"https:\/\/www.smedemokrati.sk\/dejiny-budu-pozorne-sledovat-co-ustavny-sud-urobil-a-ako-argumentoval\/","name":"Dejiny bud\u00fa pozorne sledova\u0165 \u010do \u00dastavn\u00fd s\u00fad urobil a ako argumentoval - Smedemokrati.sk","isPartOf":{"@id":"https:\/\/www.smedemokrati.sk\/#website"},"primaryImageOfPage":{"@id":"https:\/\/www.smedemokrati.sk\/dejiny-budu-pozorne-sledovat-co-ustavny-sud-urobil-a-ako-argumentoval\/#primaryimage"},"image":{"@id":"https:\/\/www.smedemokrati.sk\/dejiny-budu-pozorne-sledovat-co-ustavny-sud-urobil-a-ako-argumentoval\/#primaryimage"},"thumbnailUrl":"https:\/\/www.smedemokrati.sk\/wp-content\/uploads\/2024\/02\/ddd.jpg","datePublished":"2024-02-16T11:05:37+00:00","dateModified":"2024-02-19T14:57:04+00:00","breadcrumb":{"@id":"https:\/\/www.smedemokrati.sk\/dejiny-budu-pozorne-sledovat-co-ustavny-sud-urobil-a-ako-argumentoval\/#breadcrumb"},"inLanguage":"cs-CZ","potentialAction":[{"@type":"ReadAction","target":["https:\/\/www.smedemokrati.sk\/dejiny-budu-pozorne-sledovat-co-ustavny-sud-urobil-a-ako-argumentoval\/"]}]},{"@type":"ImageObject","inLanguage":"cs-CZ","@id":"https:\/\/www.smedemokrati.sk\/dejiny-budu-pozorne-sledovat-co-ustavny-sud-urobil-a-ako-argumentoval\/#primaryimage","url":"https:\/\/www.smedemokrati.sk\/wp-content\/uploads\/2024\/02\/ddd.jpg","contentUrl":"https:\/\/www.smedemokrati.sk\/wp-content\/uploads\/2024\/02\/ddd.jpg","width":1024,"height":683},{"@type":"BreadcrumbList","@id":"https:\/\/www.smedemokrati.sk\/dejiny-budu-pozorne-sledovat-co-ustavny-sud-urobil-a-ako-argumentoval\/#breadcrumb","itemListElement":[{"@type":"ListItem","position":1,"name":"Domovsk\u00e1 str\u00e1nka","item":"https:\/\/www.smedemokrati.sk\/"},{"@type":"ListItem","position":2,"name":"Dejiny bud\u00fa pozorne sledova\u0165 \u010do \u00dastavn\u00fd s\u00fad urobil a ako argumentoval"}]},{"@type":"WebSite","@id":"https:\/\/www.smedemokrati.sk\/#website","url":"https:\/\/www.smedemokrati.sk\/","name":"Smedemokrati.sk","description":"Demokracia a slu\u0161nos\u0165 zv\u00ed\u0165az\u00ed","publisher":{"@id":"https:\/\/www.smedemokrati.sk\/#organization"},"potentialAction":[{"@type":"SearchAction","target":{"@type":"EntryPoint","urlTemplate":"https:\/\/www.smedemokrati.sk\/?s={search_term_string}"},"query-input":{"@type":"PropertyValueSpecification","valueRequired":true,"valueName":"search_term_string"}}],"inLanguage":"cs-CZ"},{"@type":"Organization","@id":"https:\/\/www.smedemokrati.sk\/#organization","name":"Smedemokrati.sk","url":"https:\/\/www.smedemokrati.sk\/","logo":{"@type":"ImageObject","inLanguage":"cs-CZ","@id":"https:\/\/www.smedemokrati.sk\/#\/schema\/logo\/image\/","url":"https:\/\/www.smedemokrati.sk\/wp-content\/uploads\/2023\/04\/ff.002.jpeg","contentUrl":"https:\/\/www.smedemokrati.sk\/wp-content\/uploads\/2023\/04\/ff.002.jpeg","width":640,"height":480,"caption":"Smedemokrati.sk"},"image":{"@id":"https:\/\/www.smedemokrati.sk\/#\/schema\/logo\/image\/"},"sameAs":["https:\/\/www.facebook.com\/smedemokrati2023"]},{"@type":"Person","@id":"https:\/\/www.smedemokrati.sk\/#\/schema\/person\/c60720f4b9955b3c1ed222ebd1fbbc7c","name":"Tom\u00e1\u0161 Koppl","image":{"@type":"ImageObject","inLanguage":"cs-CZ","@id":"https:\/\/secure.gravatar.com\/avatar\/8dfa38373c5e39821baf74c8e867a6f12e12c6dab6559aa999d10703b0b1c4ce?s=96&d=mm&r=g","url":"https:\/\/secure.gravatar.com\/avatar\/8dfa38373c5e39821baf74c8e867a6f12e12c6dab6559aa999d10703b0b1c4ce?s=96&d=mm&r=g","contentUrl":"https:\/\/secure.gravatar.com\/avatar\/8dfa38373c5e39821baf74c8e867a6f12e12c6dab6559aa999d10703b0b1c4ce?s=96&d=mm&r=g","caption":"Tom\u00e1\u0161 Koppl"},"url":"https:\/\/www.smedemokrati.sk\/cs\/author\/tomaskoppl\/"}]}},"_links":{"self":[{"href":"https:\/\/www.smedemokrati.sk\/cs\/wp-json\/wp\/v2\/posts\/2711","targetHints":{"allow":["GET"]}}],"collection":[{"href":"https:\/\/www.smedemokrati.sk\/cs\/wp-json\/wp\/v2\/posts"}],"about":[{"href":"https:\/\/www.smedemokrati.sk\/cs\/wp-json\/wp\/v2\/types\/post"}],"author":[{"embeddable":true,"href":"https:\/\/www.smedemokrati.sk\/cs\/wp-json\/wp\/v2\/users\/7"}],"replies":[{"embeddable":true,"href":"https:\/\/www.smedemokrati.sk\/cs\/wp-json\/wp\/v2\/comments?post=2711"}],"version-history":[{"count":1,"href":"https:\/\/www.smedemokrati.sk\/cs\/wp-json\/wp\/v2\/posts\/2711\/revisions"}],"predecessor-version":[{"id":2712,"href":"https:\/\/www.smedemokrati.sk\/cs\/wp-json\/wp\/v2\/posts\/2711\/revisions\/2712"}],"wp:featuredmedia":[{"embeddable":true,"href":"https:\/\/www.smedemokrati.sk\/cs\/wp-json\/wp\/v2\/media\/2653"}],"wp:attachment":[{"href":"https:\/\/www.smedemokrati.sk\/cs\/wp-json\/wp\/v2\/media?parent=2711"}],"wp:term":[{"taxonomy":"category","embeddable":true,"href":"https:\/\/www.smedemokrati.sk\/cs\/wp-json\/wp\/v2\/categories?post=2711"},{"taxonomy":"post_tag","embeddable":true,"href":"https:\/\/www.smedemokrati.sk\/cs\/wp-json\/wp\/v2\/tags?post=2711"}],"curies":[{"name":"wp","href":"https:\/\/api.w.org\/{rel}","templated":true}]}}