{"id":2675,"date":"2024-02-13T11:59:08","date_gmt":"2024-02-13T09:59:08","guid":{"rendered":"https:\/\/www.smedemokrati.sk\/?p=2675"},"modified":"2024-02-14T09:51:12","modified_gmt":"2024-02-14T07:51:12","slug":"taraba-pri-pretlacani-novely-zakona-o-posudzovani-vplyvov-na-zivotne-prostredie-hrubo-porusuje-legislativny-proces","status":"publish","type":"post","link":"https:\/\/www.smedemokrati.sk\/cs\/taraba-pri-pretlacani-novely-zakona-o-posudzovani-vplyvov-na-zivotne-prostredie-hrubo-porusuje-legislativny-proces\/","title":{"rendered":"Taraba pri pretl\u00e1\u010dan\u00ed novely z\u00e1kona o posudzovan\u00ed vplyvov na \u017eivotn\u00e9 prostredie hrubo poru\u0161uje legislat\u00edvny proces"},"content":{"rendered":"<div id=\"fb-root\"><\/div>\n\n<p><strong>Strana Demokrati napadne v medzirezortnom pripomienkovom konan\u00ed novelu z\u00e1kona o posudzovan\u00ed vplyvov na \u017eivotn\u00e9 prostredie, ktor\u00fa predlo\u017eil minister Taraba do zr\u00fdchlen\u00e9ho legislat\u00edvneho procesu. Demokrati opakovane upozor\u0148uj\u00fa, \u017ee \u0148ou hrubo poru\u0161uje legislat\u00edvne pravidl\u00e1 vl\u00e1dy a n\u00e1vrh z\u00e1kona je v rozpore s \u00fastavn\u00fdmi pr\u00e1vami ob\u010danov a eur\u00f3pskou legislat\u00edvou. Pod\u013ea Michala Ki\u010du sl\u00fa\u017ei v\u00fdlu\u010dne investorom a zbavuje ob\u010danov akejko\u013evek kontroly nad drvivou v\u00e4\u010d\u0161inou invest\u00edci\u00ed, ktor\u00e9 m\u00f4\u017eu ovplyvni\u0165 ich bezprostredn\u00e9 okolie.\u00a0<\/strong><\/p>\n\n\n\n<p>Demokrati t\u00e9mu otvorili ako prv\u00ed u\u017e minul\u00fd t\u00fd\u017ede\u0148. Opakovane upozor\u0148uj\u00fa, \u017ee n\u00e1vrh novely nepre\u0161iel predbe\u017en\u00fdm pripomienkov\u00fdm konan\u00edm, nevykonali sa k nemu konzult\u00e1cie s verejnos\u0165ou a odborn\u00edkmi a ani podnikate\u013esk\u00fdmi subjektami. Predklad\u00e1 sa do zr\u00fdchlen\u00e9ho legislat\u00edvneho konania, hoci na to nie je jedin\u00fd objekt\u00edvny d\u00f4vod. Minister Taraba obhajuje svoje konanie tzv. infringementom, teda nutnos\u0165ou odstr\u00e1nenia poru\u0161enia eur\u00f3pskeho pr\u00e1va.\u00a0<em>\u201eZ celej 85 bodovej novely sa tohto t\u00fdka jedin\u00e9 ustanovenie. Ministerstvo tak zneu\u017e\u00edva skr\u00e1ten\u00e9 legislat\u00edvne konanie a z\u00e1va\u017ene poru\u0161uje legislat\u00edvne pravidl\u00e1 vl\u00e1dy. Jedin\u00fd, kto novelu dopredu videl a neprekvapivo pochv\u00e1lil, s\u00fa lobisti. No minister by si mal u\u017e kone\u010dne uvedomi\u0165, \u017ee p\u00e1nmi v tomto \u0161t\u00e1te s\u00fa ob\u010dania,\u201d<\/em>\u00a0uviedol Michal Ki\u010da, environment\u00e1lny expert strany Demokrati a \u010dlen predsedn\u00edctva.\u00a0<\/p>\n\n\n\n<p>Minister Taraba navrhuje zbavi\u0165 ob\u010danov ak\u00fdchko\u013evek pr\u00e1v d\u00f4le\u017eit\u00fdch pri posudzovan\u00ed vplyvov na \u017eivotn\u00e9 prostredie.<em>\u00a0\u201ePo novom nebud\u00fa ma\u0165 mo\u017enos\u0165 vyjadri\u0165 sa v tzv. zis\u0165ovacom konan\u00ed, teda v konan\u00ed o tom, \u010di sa m\u00e1 navrhovan\u00e1 stavba alebo \u010dinnos\u0165 d\u00f4kladne pos\u00fadi\u0165. To je viac ako 90% v\u0161etk\u00fdch pr\u00edpadov. Vlastne sa o t\u00fdchto stavb\u00e1ch ani nedozvedia. Aj v pr\u00edpade riadneho pos\u00fadenia ob\u010dania nebud\u00fa m\u00f4c\u0165 nijako ovplyvni\u0165, \u010do sa m\u00e1 sk\u00fama\u0165, napr\u00edklad nebud\u00fa m\u00f4c\u0165 po\u017eadova\u0165, aby sa v pr\u00edpade v\u00fdstavby letiska vykonala hlukov\u00e1 \u0161t\u00fadia alebo pos\u00fadil vplyv novej spa\u013eovne na kvalitu ovzdu\u0161ia v ich obci,\u201d<\/em>\u00a0vysvet\u013euje Michal Ki\u010da.\u00a0<\/p>\n\n\n\n<p>V zis\u0165ovacom konan\u00ed pri zmene stavby naviac nebude d\u00f4le\u017eit\u00e9, \u010di prev\u00e1dzka m\u00f4\u017ee ma\u0165 v\u00fdrazne negat\u00edvne vplyvy na \u017eivotn\u00e9 prostredie, ale len to, \u010di nedoch\u00e1dza k roz\u0161\u00edreniu prev\u00e1dzky. To sa d\u00e1 pod\u013ea Ki\u010du extr\u00e9mne zneu\u017ei\u0165. Naviac, mnoho invest\u00edci\u00ed vypadne zo z\u00e1kona \u00faplne. Zmenou tzv. prahov\u00fdch hodn\u00f4t sa napr. v\u00f4bec nebude posudzova\u0165 10 kr\u00e1t v\u00e4\u010d\u0161ie ly\u017eiarske stredisko oproti s\u00fa\u010dasn\u00e9mu stavu \u010di viac ne\u017e 90 % mal\u00fdch vodn\u00fdch elektr\u00e1rn\u00ed. Ministerstvo sa teda po novom bude tv\u00e1ri\u0165, \u017ee 100 metrov vysok\u00e1 vetern\u00e1 turb\u00edna nebude ma\u0165 vplyv na \u017eivotn\u00e9 prostredie a zdravie obyvate\u013eov.\u00a0<\/p>\n\n\n\n<p>Novela ako celok a aj sp\u00f4sob, ak\u00fdm vznik\u00e1, poru\u0161uje eur\u00f3psku smernicu ale aj Aarhusk\u00fd dohovor o pr\u00edstupe verejnosti k rozhodovaniu vo veciach \u017eivotn\u00e9ho prostredia. Vl\u00e1da \u0148ou nielen\u017ee nerie\u0161i zefekt\u00edvnenie procesu posudzovania vplyvov na \u017eivotn\u00e9 prostredie (EIA), ale priamo ohrozuje eurofondy a Pl\u00e1n obnovy.&nbsp;<\/p>\n\n\n\n<p><em>\u201eS expertmi sme spracovali odborn\u00e9 v\u00fdhrady. O ich obsahu budeme informova\u0165 z\u00e1stupcov Eur\u00f3pskej komisie a uplat\u0148ujeme ich aj v pripomienkovom konan\u00ed. Minister Taraba nap\u013a\u0148a svoje slov\u00e1 o tom, \u017ee \u017eivotn\u00e9 prostredie nem\u00f4\u017ee st\u00e1\u0165 ako prek\u00e1\u017eka \u017eiadnej v\u00fdstavbe. Mus\u00edme spravi\u0165 maximum pre to, aby sme ich ochr\u00e1nili,\u201d<\/em>\u00a0uzavrel Michal Ki\u010da.<\/p>\n","protected":false},"excerpt":{"rendered":"<p>Strana Demokrati napadne v medzirezortnom pripomienkovom konan\u00ed novelu z\u00e1kona o posudzovan\u00ed vplyvov na \u017eivotn\u00e9 prostredie, ktor\u00fa predlo\u017eil minister Taraba do zr\u00fdchlen\u00e9ho legislat\u00edvneho procesu. Demokrati opakovane upozor\u0148uj\u00fa, \u017ee \u0148ou hrubo poru\u0161uje legislat\u00edvne pravidl\u00e1 vl\u00e1dy a n\u00e1vrh z\u00e1kona je v rozpore s \u00fastavn\u00fdmi pr\u00e1vami ob\u010danov a eur\u00f3pskou legislat\u00edvou. Pod\u013ea Michala Ki\u010du sl\u00fa\u017ei v\u00fdlu\u010dne investorom a zbavuje ob\u010danov [&hellip;]<\/p>\n","protected":false},"author":7,"featured_media":2676,"comment_status":"closed","ping_status":"closed","sticky":false,"template":"","format":"standard","meta":{"_acf_changed":false,"ngg_post_thumbnail":0,"footnotes":""},"categories":[4],"tags":[],"class_list":["post-2675","post","type-post","status-publish","format-standard","has-post-thumbnail","hentry","category-tlacove-spravy"],"acf":[],"yoast_head":"<!-- This site is optimized with the Yoast SEO plugin v27.2 - https:\/\/yoast.com\/product\/yoast-seo-wordpress\/ -->\n<title>Taraba pri pretl\u00e1\u010dan\u00ed novely z\u00e1kona o posudzovan\u00ed vplyvov na \u017eivotn\u00e9 prostredie hrubo poru\u0161uje legislat\u00edvny proces - Smedemokrati.sk<\/title>\n<meta name=\"robots\" content=\"index, follow, max-snippet:-1, max-image-preview:large, max-video-preview:-1\" \/>\n<link rel=\"canonical\" href=\"https:\/\/www.smedemokrati.sk\/cs\/taraba-pri-pretlacani-novely-zakona-o-posudzovani-vplyvov-na-zivotne-prostredie-hrubo-porusuje-legislativny-proces\/\" \/>\n<meta property=\"og:locale\" content=\"cs_CZ\" \/>\n<meta property=\"og:locale:alternate\" content=\"en_US\" \/>\n<meta property=\"og:locale:alternate\" content=\"hu_HU\" \/>\n<meta property=\"og:locale:alternate\" content=\"sk_SK\" \/>\n<meta property=\"og:locale:alternate\" content=\"sv_SE\" \/>\n<meta property=\"og:type\" content=\"article\" \/>\n<meta property=\"og:title\" content=\"Taraba pri pretl\u00e1\u010dan\u00ed novely z\u00e1kona o posudzovan\u00ed vplyvov na \u017eivotn\u00e9 prostredie hrubo poru\u0161uje legislat\u00edvny proces - Smedemokrati.sk\" \/>\n<meta property=\"og:description\" content=\"Strana Demokrati napadne v medzirezortnom pripomienkovom konan\u00ed novelu z\u00e1kona o posudzovan\u00ed vplyvov na \u017eivotn\u00e9 prostredie, ktor\u00fa predlo\u017eil minister Taraba do zr\u00fdchlen\u00e9ho legislat\u00edvneho procesu. Demokrati opakovane upozor\u0148uj\u00fa, \u017ee \u0148ou hrubo poru\u0161uje legislat\u00edvne pravidl\u00e1 vl\u00e1dy a n\u00e1vrh z\u00e1kona je v rozpore s \u00fastavn\u00fdmi pr\u00e1vami ob\u010danov a eur\u00f3pskou legislat\u00edvou. Pod\u013ea Michala Ki\u010du sl\u00fa\u017ei v\u00fdlu\u010dne investorom a zbavuje ob\u010danov [&hellip;]\" \/>\n<meta property=\"og:url\" content=\"https:\/\/www.smedemokrati.sk\/cs\/taraba-pri-pretlacani-novely-zakona-o-posudzovani-vplyvov-na-zivotne-prostredie-hrubo-porusuje-legislativny-proces\/\" \/>\n<meta property=\"og:site_name\" content=\"Smedemokrati.sk\" \/>\n<meta property=\"article:publisher\" content=\"https:\/\/www.facebook.com\/smedemokrati2023\" \/>\n<meta property=\"article:published_time\" content=\"2024-02-13T09:59:08+00:00\" \/>\n<meta property=\"article:modified_time\" content=\"2024-02-14T07:51:12+00:00\" \/>\n<meta property=\"og:image\" content=\"https:\/\/www.smedemokrati.sk\/wp-content\/uploads\/2024\/02\/222202705taraba_KDZP_2704901-scaled-1.jpg\" \/>\n\t<meta property=\"og:image:width\" content=\"1920\" \/>\n\t<meta property=\"og:image:height\" content=\"1176\" \/>\n\t<meta property=\"og:image:type\" content=\"image\/jpeg\" \/>\n<meta name=\"author\" content=\"Tom\u00e1\u0161 Koppl\" \/>\n<meta name=\"twitter:card\" content=\"summary_large_image\" \/>\n<meta name=\"twitter:label1\" content=\"Napsal(a)\" \/>\n\t<meta name=\"twitter:data1\" content=\"Tom\u00e1\u0161 Koppl\" \/>\n\t<meta name=\"twitter:label2\" content=\"Odhadovan\u00e1 doba \u010dten\u00ed\" \/>\n\t<meta name=\"twitter:data2\" content=\"3 minuty\" \/>\n<script type=\"application\/ld+json\" class=\"yoast-schema-graph\">{\"@context\":\"https:\/\/schema.org\",\"@graph\":[{\"@type\":\"Article\",\"@id\":\"https:\/\/www.smedemokrati.sk\/taraba-pri-pretlacani-novely-zakona-o-posudzovani-vplyvov-na-zivotne-prostredie-hrubo-porusuje-legislativny-proces\/#article\",\"isPartOf\":{\"@id\":\"https:\/\/www.smedemokrati.sk\/taraba-pri-pretlacani-novely-zakona-o-posudzovani-vplyvov-na-zivotne-prostredie-hrubo-porusuje-legislativny-proces\/\"},\"author\":{\"name\":\"Tom\u00e1\u0161 Koppl\",\"@id\":\"https:\/\/www.smedemokrati.sk\/#\/schema\/person\/c60720f4b9955b3c1ed222ebd1fbbc7c\"},\"headline\":\"Taraba pri pretl\u00e1\u010dan\u00ed novely z\u00e1kona o posudzovan\u00ed vplyvov na \u017eivotn\u00e9 prostredie hrubo poru\u0161uje legislat\u00edvny proces\",\"datePublished\":\"2024-02-13T09:59:08+00:00\",\"dateModified\":\"2024-02-14T07:51:12+00:00\",\"mainEntityOfPage\":{\"@id\":\"https:\/\/www.smedemokrati.sk\/taraba-pri-pretlacani-novely-zakona-o-posudzovani-vplyvov-na-zivotne-prostredie-hrubo-porusuje-legislativny-proces\/\"},\"wordCount\":620,\"publisher\":{\"@id\":\"https:\/\/www.smedemokrati.sk\/#organization\"},\"image\":{\"@id\":\"https:\/\/www.smedemokrati.sk\/taraba-pri-pretlacani-novely-zakona-o-posudzovani-vplyvov-na-zivotne-prostredie-hrubo-porusuje-legislativny-proces\/#primaryimage\"},\"thumbnailUrl\":\"https:\/\/www.smedemokrati.sk\/wp-content\/uploads\/2024\/02\/222202705taraba_KDZP_2704901-scaled-1.jpg\",\"articleSection\":[\"Tla\u010dov\u00e9 spr\u00e1vy\"],\"inLanguage\":\"cs-CZ\"},{\"@type\":\"WebPage\",\"@id\":\"https:\/\/www.smedemokrati.sk\/taraba-pri-pretlacani-novely-zakona-o-posudzovani-vplyvov-na-zivotne-prostredie-hrubo-porusuje-legislativny-proces\/\",\"url\":\"https:\/\/www.smedemokrati.sk\/taraba-pri-pretlacani-novely-zakona-o-posudzovani-vplyvov-na-zivotne-prostredie-hrubo-porusuje-legislativny-proces\/\",\"name\":\"Taraba pri pretl\u00e1\u010dan\u00ed novely z\u00e1kona o posudzovan\u00ed vplyvov na \u017eivotn\u00e9 prostredie hrubo poru\u0161uje legislat\u00edvny proces - Smedemokrati.sk\",\"isPartOf\":{\"@id\":\"https:\/\/www.smedemokrati.sk\/#website\"},\"primaryImageOfPage\":{\"@id\":\"https:\/\/www.smedemokrati.sk\/taraba-pri-pretlacani-novely-zakona-o-posudzovani-vplyvov-na-zivotne-prostredie-hrubo-porusuje-legislativny-proces\/#primaryimage\"},\"image\":{\"@id\":\"https:\/\/www.smedemokrati.sk\/taraba-pri-pretlacani-novely-zakona-o-posudzovani-vplyvov-na-zivotne-prostredie-hrubo-porusuje-legislativny-proces\/#primaryimage\"},\"thumbnailUrl\":\"https:\/\/www.smedemokrati.sk\/wp-content\/uploads\/2024\/02\/222202705taraba_KDZP_2704901-scaled-1.jpg\",\"datePublished\":\"2024-02-13T09:59:08+00:00\",\"dateModified\":\"2024-02-14T07:51:12+00:00\",\"breadcrumb\":{\"@id\":\"https:\/\/www.smedemokrati.sk\/taraba-pri-pretlacani-novely-zakona-o-posudzovani-vplyvov-na-zivotne-prostredie-hrubo-porusuje-legislativny-proces\/#breadcrumb\"},\"inLanguage\":\"cs-CZ\",\"potentialAction\":[{\"@type\":\"ReadAction\",\"target\":[\"https:\/\/www.smedemokrati.sk\/taraba-pri-pretlacani-novely-zakona-o-posudzovani-vplyvov-na-zivotne-prostredie-hrubo-porusuje-legislativny-proces\/\"]}]},{\"@type\":\"ImageObject\",\"inLanguage\":\"cs-CZ\",\"@id\":\"https:\/\/www.smedemokrati.sk\/taraba-pri-pretlacani-novely-zakona-o-posudzovani-vplyvov-na-zivotne-prostredie-hrubo-porusuje-legislativny-proces\/#primaryimage\",\"url\":\"https:\/\/www.smedemokrati.sk\/wp-content\/uploads\/2024\/02\/222202705taraba_KDZP_2704901-scaled-1.jpg\",\"contentUrl\":\"https:\/\/www.smedemokrati.sk\/wp-content\/uploads\/2024\/02\/222202705taraba_KDZP_2704901-scaled-1.jpg\",\"width\":1920,\"height\":1176},{\"@type\":\"BreadcrumbList\",\"@id\":\"https:\/\/www.smedemokrati.sk\/taraba-pri-pretlacani-novely-zakona-o-posudzovani-vplyvov-na-zivotne-prostredie-hrubo-porusuje-legislativny-proces\/#breadcrumb\",\"itemListElement\":[{\"@type\":\"ListItem\",\"position\":1,\"name\":\"Domovsk\u00e1 str\u00e1nka\",\"item\":\"https:\/\/www.smedemokrati.sk\/\"},{\"@type\":\"ListItem\",\"position\":2,\"name\":\"Taraba pri pretl\u00e1\u010dan\u00ed novely z\u00e1kona o posudzovan\u00ed vplyvov na \u017eivotn\u00e9 prostredie hrubo poru\u0161uje legislat\u00edvny proces\"}]},{\"@type\":\"WebSite\",\"@id\":\"https:\/\/www.smedemokrati.sk\/#website\",\"url\":\"https:\/\/www.smedemokrati.sk\/\",\"name\":\"Smedemokrati.sk\",\"description\":\"Demokracia a slu\u0161nos\u0165 zv\u00ed\u0165az\u00ed\",\"publisher\":{\"@id\":\"https:\/\/www.smedemokrati.sk\/#organization\"},\"potentialAction\":[{\"@type\":\"SearchAction\",\"target\":{\"@type\":\"EntryPoint\",\"urlTemplate\":\"https:\/\/www.smedemokrati.sk\/?s={search_term_string}\"},\"query-input\":{\"@type\":\"PropertyValueSpecification\",\"valueRequired\":true,\"valueName\":\"search_term_string\"}}],\"inLanguage\":\"cs-CZ\"},{\"@type\":\"Organization\",\"@id\":\"https:\/\/www.smedemokrati.sk\/#organization\",\"name\":\"Smedemokrati.sk\",\"url\":\"https:\/\/www.smedemokrati.sk\/\",\"logo\":{\"@type\":\"ImageObject\",\"inLanguage\":\"cs-CZ\",\"@id\":\"https:\/\/www.smedemokrati.sk\/#\/schema\/logo\/image\/\",\"url\":\"https:\/\/www.smedemokrati.sk\/wp-content\/uploads\/2023\/04\/ff.002.jpeg\",\"contentUrl\":\"https:\/\/www.smedemokrati.sk\/wp-content\/uploads\/2023\/04\/ff.002.jpeg\",\"width\":640,\"height\":480,\"caption\":\"Smedemokrati.sk\"},\"image\":{\"@id\":\"https:\/\/www.smedemokrati.sk\/#\/schema\/logo\/image\/\"},\"sameAs\":[\"https:\/\/www.facebook.com\/smedemokrati2023\"]},{\"@type\":\"Person\",\"@id\":\"https:\/\/www.smedemokrati.sk\/#\/schema\/person\/c60720f4b9955b3c1ed222ebd1fbbc7c\",\"name\":\"Tom\u00e1\u0161 Koppl\",\"image\":{\"@type\":\"ImageObject\",\"inLanguage\":\"cs-CZ\",\"@id\":\"https:\/\/secure.gravatar.com\/avatar\/8dfa38373c5e39821baf74c8e867a6f12e12c6dab6559aa999d10703b0b1c4ce?s=96&d=mm&r=g\",\"url\":\"https:\/\/secure.gravatar.com\/avatar\/8dfa38373c5e39821baf74c8e867a6f12e12c6dab6559aa999d10703b0b1c4ce?s=96&d=mm&r=g\",\"contentUrl\":\"https:\/\/secure.gravatar.com\/avatar\/8dfa38373c5e39821baf74c8e867a6f12e12c6dab6559aa999d10703b0b1c4ce?s=96&d=mm&r=g\",\"caption\":\"Tom\u00e1\u0161 Koppl\"},\"url\":\"https:\/\/www.smedemokrati.sk\/cs\/author\/tomaskoppl\/\"}]}<\/script>\n<!-- \/ Yoast SEO plugin. -->","yoast_head_json":{"title":"Taraba pri pretl\u00e1\u010dan\u00ed novely z\u00e1kona o posudzovan\u00ed vplyvov na \u017eivotn\u00e9 prostredie hrubo poru\u0161uje legislat\u00edvny proces - Smedemokrati.sk","robots":{"index":"index","follow":"follow","max-snippet":"max-snippet:-1","max-image-preview":"max-image-preview:large","max-video-preview":"max-video-preview:-1"},"canonical":"https:\/\/www.smedemokrati.sk\/cs\/taraba-pri-pretlacani-novely-zakona-o-posudzovani-vplyvov-na-zivotne-prostredie-hrubo-porusuje-legislativny-proces\/","og_locale":"cs_CZ","og_type":"article","og_title":"Taraba pri pretl\u00e1\u010dan\u00ed novely z\u00e1kona o posudzovan\u00ed vplyvov na \u017eivotn\u00e9 prostredie hrubo poru\u0161uje legislat\u00edvny proces - Smedemokrati.sk","og_description":"Strana Demokrati napadne v medzirezortnom pripomienkovom konan\u00ed novelu z\u00e1kona o posudzovan\u00ed vplyvov na \u017eivotn\u00e9 prostredie, ktor\u00fa predlo\u017eil minister Taraba do zr\u00fdchlen\u00e9ho legislat\u00edvneho procesu. Demokrati opakovane upozor\u0148uj\u00fa, \u017ee \u0148ou hrubo poru\u0161uje legislat\u00edvne pravidl\u00e1 vl\u00e1dy a n\u00e1vrh z\u00e1kona je v rozpore s \u00fastavn\u00fdmi pr\u00e1vami ob\u010danov a eur\u00f3pskou legislat\u00edvou. Pod\u013ea Michala Ki\u010du sl\u00fa\u017ei v\u00fdlu\u010dne investorom a zbavuje ob\u010danov [&hellip;]","og_url":"https:\/\/www.smedemokrati.sk\/cs\/taraba-pri-pretlacani-novely-zakona-o-posudzovani-vplyvov-na-zivotne-prostredie-hrubo-porusuje-legislativny-proces\/","og_site_name":"Smedemokrati.sk","article_publisher":"https:\/\/www.facebook.com\/smedemokrati2023","article_published_time":"2024-02-13T09:59:08+00:00","article_modified_time":"2024-02-14T07:51:12+00:00","og_image":[{"width":1920,"height":1176,"url":"https:\/\/www.smedemokrati.sk\/wp-content\/uploads\/2024\/02\/222202705taraba_KDZP_2704901-scaled-1.jpg","type":"image\/jpeg"}],"author":"Tom\u00e1\u0161 Koppl","twitter_card":"summary_large_image","twitter_misc":{"Napsal(a)":"Tom\u00e1\u0161 Koppl","Odhadovan\u00e1 doba \u010dten\u00ed":"3 minuty"},"schema":{"@context":"https:\/\/schema.org","@graph":[{"@type":"Article","@id":"https:\/\/www.smedemokrati.sk\/taraba-pri-pretlacani-novely-zakona-o-posudzovani-vplyvov-na-zivotne-prostredie-hrubo-porusuje-legislativny-proces\/#article","isPartOf":{"@id":"https:\/\/www.smedemokrati.sk\/taraba-pri-pretlacani-novely-zakona-o-posudzovani-vplyvov-na-zivotne-prostredie-hrubo-porusuje-legislativny-proces\/"},"author":{"name":"Tom\u00e1\u0161 Koppl","@id":"https:\/\/www.smedemokrati.sk\/#\/schema\/person\/c60720f4b9955b3c1ed222ebd1fbbc7c"},"headline":"Taraba pri pretl\u00e1\u010dan\u00ed novely z\u00e1kona o posudzovan\u00ed vplyvov na \u017eivotn\u00e9 prostredie hrubo poru\u0161uje legislat\u00edvny proces","datePublished":"2024-02-13T09:59:08+00:00","dateModified":"2024-02-14T07:51:12+00:00","mainEntityOfPage":{"@id":"https:\/\/www.smedemokrati.sk\/taraba-pri-pretlacani-novely-zakona-o-posudzovani-vplyvov-na-zivotne-prostredie-hrubo-porusuje-legislativny-proces\/"},"wordCount":620,"publisher":{"@id":"https:\/\/www.smedemokrati.sk\/#organization"},"image":{"@id":"https:\/\/www.smedemokrati.sk\/taraba-pri-pretlacani-novely-zakona-o-posudzovani-vplyvov-na-zivotne-prostredie-hrubo-porusuje-legislativny-proces\/#primaryimage"},"thumbnailUrl":"https:\/\/www.smedemokrati.sk\/wp-content\/uploads\/2024\/02\/222202705taraba_KDZP_2704901-scaled-1.jpg","articleSection":["Tla\u010dov\u00e9 spr\u00e1vy"],"inLanguage":"cs-CZ"},{"@type":"WebPage","@id":"https:\/\/www.smedemokrati.sk\/taraba-pri-pretlacani-novely-zakona-o-posudzovani-vplyvov-na-zivotne-prostredie-hrubo-porusuje-legislativny-proces\/","url":"https:\/\/www.smedemokrati.sk\/taraba-pri-pretlacani-novely-zakona-o-posudzovani-vplyvov-na-zivotne-prostredie-hrubo-porusuje-legislativny-proces\/","name":"Taraba pri pretl\u00e1\u010dan\u00ed novely z\u00e1kona o posudzovan\u00ed vplyvov na \u017eivotn\u00e9 prostredie hrubo poru\u0161uje legislat\u00edvny proces - Smedemokrati.sk","isPartOf":{"@id":"https:\/\/www.smedemokrati.sk\/#website"},"primaryImageOfPage":{"@id":"https:\/\/www.smedemokrati.sk\/taraba-pri-pretlacani-novely-zakona-o-posudzovani-vplyvov-na-zivotne-prostredie-hrubo-porusuje-legislativny-proces\/#primaryimage"},"image":{"@id":"https:\/\/www.smedemokrati.sk\/taraba-pri-pretlacani-novely-zakona-o-posudzovani-vplyvov-na-zivotne-prostredie-hrubo-porusuje-legislativny-proces\/#primaryimage"},"thumbnailUrl":"https:\/\/www.smedemokrati.sk\/wp-content\/uploads\/2024\/02\/222202705taraba_KDZP_2704901-scaled-1.jpg","datePublished":"2024-02-13T09:59:08+00:00","dateModified":"2024-02-14T07:51:12+00:00","breadcrumb":{"@id":"https:\/\/www.smedemokrati.sk\/taraba-pri-pretlacani-novely-zakona-o-posudzovani-vplyvov-na-zivotne-prostredie-hrubo-porusuje-legislativny-proces\/#breadcrumb"},"inLanguage":"cs-CZ","potentialAction":[{"@type":"ReadAction","target":["https:\/\/www.smedemokrati.sk\/taraba-pri-pretlacani-novely-zakona-o-posudzovani-vplyvov-na-zivotne-prostredie-hrubo-porusuje-legislativny-proces\/"]}]},{"@type":"ImageObject","inLanguage":"cs-CZ","@id":"https:\/\/www.smedemokrati.sk\/taraba-pri-pretlacani-novely-zakona-o-posudzovani-vplyvov-na-zivotne-prostredie-hrubo-porusuje-legislativny-proces\/#primaryimage","url":"https:\/\/www.smedemokrati.sk\/wp-content\/uploads\/2024\/02\/222202705taraba_KDZP_2704901-scaled-1.jpg","contentUrl":"https:\/\/www.smedemokrati.sk\/wp-content\/uploads\/2024\/02\/222202705taraba_KDZP_2704901-scaled-1.jpg","width":1920,"height":1176},{"@type":"BreadcrumbList","@id":"https:\/\/www.smedemokrati.sk\/taraba-pri-pretlacani-novely-zakona-o-posudzovani-vplyvov-na-zivotne-prostredie-hrubo-porusuje-legislativny-proces\/#breadcrumb","itemListElement":[{"@type":"ListItem","position":1,"name":"Domovsk\u00e1 str\u00e1nka","item":"https:\/\/www.smedemokrati.sk\/"},{"@type":"ListItem","position":2,"name":"Taraba pri pretl\u00e1\u010dan\u00ed novely z\u00e1kona o posudzovan\u00ed vplyvov na \u017eivotn\u00e9 prostredie hrubo poru\u0161uje legislat\u00edvny proces"}]},{"@type":"WebSite","@id":"https:\/\/www.smedemokrati.sk\/#website","url":"https:\/\/www.smedemokrati.sk\/","name":"Smedemokrati.sk","description":"Demokracia a slu\u0161nos\u0165 zv\u00ed\u0165az\u00ed","publisher":{"@id":"https:\/\/www.smedemokrati.sk\/#organization"},"potentialAction":[{"@type":"SearchAction","target":{"@type":"EntryPoint","urlTemplate":"https:\/\/www.smedemokrati.sk\/?s={search_term_string}"},"query-input":{"@type":"PropertyValueSpecification","valueRequired":true,"valueName":"search_term_string"}}],"inLanguage":"cs-CZ"},{"@type":"Organization","@id":"https:\/\/www.smedemokrati.sk\/#organization","name":"Smedemokrati.sk","url":"https:\/\/www.smedemokrati.sk\/","logo":{"@type":"ImageObject","inLanguage":"cs-CZ","@id":"https:\/\/www.smedemokrati.sk\/#\/schema\/logo\/image\/","url":"https:\/\/www.smedemokrati.sk\/wp-content\/uploads\/2023\/04\/ff.002.jpeg","contentUrl":"https:\/\/www.smedemokrati.sk\/wp-content\/uploads\/2023\/04\/ff.002.jpeg","width":640,"height":480,"caption":"Smedemokrati.sk"},"image":{"@id":"https:\/\/www.smedemokrati.sk\/#\/schema\/logo\/image\/"},"sameAs":["https:\/\/www.facebook.com\/smedemokrati2023"]},{"@type":"Person","@id":"https:\/\/www.smedemokrati.sk\/#\/schema\/person\/c60720f4b9955b3c1ed222ebd1fbbc7c","name":"Tom\u00e1\u0161 Koppl","image":{"@type":"ImageObject","inLanguage":"cs-CZ","@id":"https:\/\/secure.gravatar.com\/avatar\/8dfa38373c5e39821baf74c8e867a6f12e12c6dab6559aa999d10703b0b1c4ce?s=96&d=mm&r=g","url":"https:\/\/secure.gravatar.com\/avatar\/8dfa38373c5e39821baf74c8e867a6f12e12c6dab6559aa999d10703b0b1c4ce?s=96&d=mm&r=g","contentUrl":"https:\/\/secure.gravatar.com\/avatar\/8dfa38373c5e39821baf74c8e867a6f12e12c6dab6559aa999d10703b0b1c4ce?s=96&d=mm&r=g","caption":"Tom\u00e1\u0161 Koppl"},"url":"https:\/\/www.smedemokrati.sk\/cs\/author\/tomaskoppl\/"}]}},"_links":{"self":[{"href":"https:\/\/www.smedemokrati.sk\/cs\/wp-json\/wp\/v2\/posts\/2675","targetHints":{"allow":["GET"]}}],"collection":[{"href":"https:\/\/www.smedemokrati.sk\/cs\/wp-json\/wp\/v2\/posts"}],"about":[{"href":"https:\/\/www.smedemokrati.sk\/cs\/wp-json\/wp\/v2\/types\/post"}],"author":[{"embeddable":true,"href":"https:\/\/www.smedemokrati.sk\/cs\/wp-json\/wp\/v2\/users\/7"}],"replies":[{"embeddable":true,"href":"https:\/\/www.smedemokrati.sk\/cs\/wp-json\/wp\/v2\/comments?post=2675"}],"version-history":[{"count":1,"href":"https:\/\/www.smedemokrati.sk\/cs\/wp-json\/wp\/v2\/posts\/2675\/revisions"}],"predecessor-version":[{"id":2677,"href":"https:\/\/www.smedemokrati.sk\/cs\/wp-json\/wp\/v2\/posts\/2675\/revisions\/2677"}],"wp:featuredmedia":[{"embeddable":true,"href":"https:\/\/www.smedemokrati.sk\/cs\/wp-json\/wp\/v2\/media\/2676"}],"wp:attachment":[{"href":"https:\/\/www.smedemokrati.sk\/cs\/wp-json\/wp\/v2\/media?parent=2675"}],"wp:term":[{"taxonomy":"category","embeddable":true,"href":"https:\/\/www.smedemokrati.sk\/cs\/wp-json\/wp\/v2\/categories?post=2675"},{"taxonomy":"post_tag","embeddable":true,"href":"https:\/\/www.smedemokrati.sk\/cs\/wp-json\/wp\/v2\/tags?post=2675"}],"curies":[{"name":"wp","href":"https:\/\/api.w.org\/{rel}","templated":true}]}}