{"id":2661,"date":"2024-02-09T15:18:42","date_gmt":"2024-02-09T13:18:42","guid":{"rendered":"https:\/\/www.smedemokrati.sk\/?p=2661"},"modified":"2024-02-09T15:18:44","modified_gmt":"2024-02-09T13:18:44","slug":"na-generalnu-prokuraturu-smeruje-1-290-pripadov-urad-je-pred-kolapsom","status":"publish","type":"post","link":"https:\/\/www.smedemokrati.sk\/cs\/na-generalnu-prokuraturu-smeruje-1-290-pripadov-urad-je-pred-kolapsom\/","title":{"rendered":"Na Gener\u00e1lnu prokurat\u00faru smeruje 1 290 pr\u00edpadov, \u00farad je pred kolapsom"},"content":{"rendered":"<div id=\"fb-root\"><\/div>\n\n<p>Demokrati \u017eiadaj\u00fa gener\u00e1lneho prokur\u00e1tora Maro\u0161a \u017dilinku, aby predst\u00fapil pred verejnos\u0165 a jasne odkomunikoval z\u00e1mery \u010fal\u0161ieho fungovania prokurat\u00fary. Strana sa zauj\u00edma najm\u00e4 o to, ak\u00fdm sp\u00f4sobom je prokurat\u00fara pripraven\u00e1 prevzia\u0165 pribli\u017ene 1 290 pr\u00edpadov, ktor\u00fdmi sa bud\u00fa musie\u0165 zaobera\u0165 po zru\u0161en\u00ed \u0160peci\u00e1lnej prokurat\u00fary.&nbsp;<\/p>\n\n\n\n<p>Situ\u00e1ciu komentuje expert na spravodlivos\u0165 a podpredseda strany Juraj \u0160eliga:&nbsp;<strong>\u201cJe to obrovsk\u00e1 a najm\u00e4, opr\u00e1vnen\u00e1 obava, \u017ee Gener\u00e1lna prokurat\u00fara pod \u0165archou mno\u017estva, ale aj n\u00e1ro\u010dnosti pr\u00edpadov skolabuje. V\u0161etky spisy prech\u00e1dzaj\u00fa na krajsk\u00fa prokurat\u00faru a je na\u0161\u00edm pr\u00e1vom pozna\u0165 pl\u00e1ny s najv\u00e4\u010d\u0161\u00edmi kauzami Slovenska. Teraz je ten \u010das, aby \u017dilinka predst\u00fapil pred verejnos\u0165 a povedal, \u010do bude robi\u0165 s tis\u00edcstranov\u00fdmi spismi.\u201d<\/strong><\/p>\n\n\n\n<p>\u0160eliga tie\u017e hovor\u00ed, \u017ee je nepochopite\u013en\u00e9 trojmesa\u010dn\u00e9 ml\u010danie Maro\u0161a \u017dilinku, ktor\u00fd ani raz nenazna\u010dil \u017eiadne obavy z mo\u017en\u00fdch prie\u0165ahov vo vy\u0161etrovan\u00ed, alebo re\u00e1lnom poru\u0161ovan\u00ed \u013eudsk\u00fdch pr\u00e1v a slob\u00f4d ob\u017ealovan\u00fdch alebo po\u0161koden\u00fdch, ktor\u00e9 m\u00f4\u017eu nasta\u0165 po zru\u0161en\u00ed \u0160peci\u00e1lnej prokurat\u00fary. \u201cSom presved\u010den\u00fd, \u017ee krajsk\u00ed prokur\u00e1tori urobia v\u0161etko, \u010do je v ich sil\u00e1ch pre to, aby v\u0161etko prebehlo v s\u00falade so z\u00e1konom. Ak v\u0161ak nastan\u00fa procesn\u00e9 pochybenia, je to maslo na hlavne Maro\u0161a \u017dilinku.\u201d Uzatv\u00e1ra \u0160eliga a nazna\u010duje, \u017ee sa na pl\u00e1n gener\u00e1lneho prokur\u00e1tora bude p\u00fdta\u0165 aj \u010fal\u0161\u00edmi form\u00e1lnymi cestami, aby z\u00edskal \u010do najrelevantnej\u0161iu odpove\u010f pre verejnos\u0165.<br>(Zdroj foto: TASR)<\/p>\n","protected":false},"excerpt":{"rendered":"<p>Demokrati \u017eiadaj\u00fa gener\u00e1lneho prokur\u00e1tora Maro\u0161a \u017dilinku, aby predst\u00fapil pred verejnos\u0165 a jasne odkomunikoval z\u00e1mery \u010fal\u0161ieho fungovania prokurat\u00fary. Strana sa zauj\u00edma najm\u00e4 o to, ak\u00fdm sp\u00f4sobom je prokurat\u00fara pripraven\u00e1 prevzia\u0165 pribli\u017ene 1 290 pr\u00edpadov, ktor\u00fdmi sa bud\u00fa musie\u0165 zaobera\u0165 po zru\u0161en\u00ed \u0160peci\u00e1lnej prokurat\u00fary.&nbsp; Situ\u00e1ciu komentuje expert na spravodlivos\u0165 a podpredseda strany Juraj \u0160eliga:&nbsp;\u201cJe to obrovsk\u00e1 a [&hellip;]<\/p>\n","protected":false},"author":7,"featured_media":2662,"comment_status":"closed","ping_status":"closed","sticky":false,"template":"","format":"standard","meta":{"_acf_changed":false,"ngg_post_thumbnail":0,"footnotes":""},"categories":[4],"tags":[],"class_list":["post-2661","post","type-post","status-publish","format-standard","has-post-thumbnail","hentry","category-tlacove-spravy"],"acf":[],"yoast_head":"<!-- This site is optimized with the Yoast SEO plugin v27.2 - https:\/\/yoast.com\/product\/yoast-seo-wordpress\/ -->\n<title>Na Gener\u00e1lnu prokurat\u00faru smeruje 1 290 pr\u00edpadov, \u00farad je pred kolapsom - Smedemokrati.sk<\/title>\n<meta name=\"robots\" content=\"index, follow, max-snippet:-1, max-image-preview:large, max-video-preview:-1\" \/>\n<link rel=\"canonical\" href=\"https:\/\/www.smedemokrati.sk\/cs\/na-generalnu-prokuraturu-smeruje-1-290-pripadov-urad-je-pred-kolapsom\/\" \/>\n<meta property=\"og:locale\" content=\"cs_CZ\" \/>\n<meta property=\"og:locale:alternate\" content=\"en_US\" \/>\n<meta property=\"og:locale:alternate\" content=\"hu_HU\" \/>\n<meta property=\"og:locale:alternate\" content=\"sk_SK\" \/>\n<meta property=\"og:locale:alternate\" content=\"sv_SE\" \/>\n<meta property=\"og:type\" content=\"article\" \/>\n<meta property=\"og:title\" content=\"Na Gener\u00e1lnu prokurat\u00faru smeruje 1 290 pr\u00edpadov, \u00farad je pred kolapsom - Smedemokrati.sk\" \/>\n<meta property=\"og:description\" content=\"Demokrati \u017eiadaj\u00fa gener\u00e1lneho prokur\u00e1tora Maro\u0161a \u017dilinku, aby predst\u00fapil pred verejnos\u0165 a jasne odkomunikoval z\u00e1mery \u010fal\u0161ieho fungovania prokurat\u00fary. Strana sa zauj\u00edma najm\u00e4 o to, ak\u00fdm sp\u00f4sobom je prokurat\u00fara pripraven\u00e1 prevzia\u0165 pribli\u017ene 1 290 pr\u00edpadov, ktor\u00fdmi sa bud\u00fa musie\u0165 zaobera\u0165 po zru\u0161en\u00ed \u0160peci\u00e1lnej prokurat\u00fary.&nbsp; Situ\u00e1ciu komentuje expert na spravodlivos\u0165 a podpredseda strany Juraj \u0160eliga:&nbsp;\u201cJe to obrovsk\u00e1 a [&hellip;]\" \/>\n<meta property=\"og:url\" content=\"https:\/\/www.smedemokrati.sk\/cs\/na-generalnu-prokuraturu-smeruje-1-290-pripadov-urad-je-pred-kolapsom\/\" \/>\n<meta property=\"og:site_name\" content=\"Smedemokrati.sk\" \/>\n<meta property=\"article:publisher\" content=\"https:\/\/www.facebook.com\/smedemokrati2023\" \/>\n<meta property=\"article:published_time\" content=\"2024-02-09T13:18:42+00:00\" \/>\n<meta property=\"article:modified_time\" content=\"2024-02-09T13:18:44+00:00\" \/>\n<meta property=\"og:image\" content=\"https:\/\/www.smedemokrati.sk\/wp-content\/uploads\/2024\/02\/28jun2022_NRSR_14882325-scaled-1.jpg\" \/>\n\t<meta property=\"og:image:width\" content=\"1080\" \/>\n\t<meta property=\"og:image:height\" content=\"725\" \/>\n\t<meta property=\"og:image:type\" content=\"image\/jpeg\" \/>\n<meta name=\"author\" content=\"Tom\u00e1\u0161 Koppl\" \/>\n<meta name=\"twitter:card\" content=\"summary_large_image\" \/>\n<meta name=\"twitter:label1\" content=\"Napsal(a)\" \/>\n\t<meta name=\"twitter:data1\" content=\"Tom\u00e1\u0161 Koppl\" \/>\n\t<meta name=\"twitter:label2\" content=\"Odhadovan\u00e1 doba \u010dten\u00ed\" \/>\n\t<meta name=\"twitter:data2\" content=\"2 minuty\" \/>\n<script type=\"application\/ld+json\" class=\"yoast-schema-graph\">{\"@context\":\"https:\/\/schema.org\",\"@graph\":[{\"@type\":\"Article\",\"@id\":\"https:\/\/www.smedemokrati.sk\/na-generalnu-prokuraturu-smeruje-1-290-pripadov-urad-je-pred-kolapsom\/#article\",\"isPartOf\":{\"@id\":\"https:\/\/www.smedemokrati.sk\/na-generalnu-prokuraturu-smeruje-1-290-pripadov-urad-je-pred-kolapsom\/\"},\"author\":{\"name\":\"Tom\u00e1\u0161 Koppl\",\"@id\":\"https:\/\/www.smedemokrati.sk\/#\/schema\/person\/c60720f4b9955b3c1ed222ebd1fbbc7c\"},\"headline\":\"Na Gener\u00e1lnu prokurat\u00faru smeruje 1 290 pr\u00edpadov, \u00farad je pred kolapsom\",\"datePublished\":\"2024-02-09T13:18:42+00:00\",\"dateModified\":\"2024-02-09T13:18:44+00:00\",\"mainEntityOfPage\":{\"@id\":\"https:\/\/www.smedemokrati.sk\/na-generalnu-prokuraturu-smeruje-1-290-pripadov-urad-je-pred-kolapsom\/\"},\"wordCount\":288,\"publisher\":{\"@id\":\"https:\/\/www.smedemokrati.sk\/#organization\"},\"image\":{\"@id\":\"https:\/\/www.smedemokrati.sk\/na-generalnu-prokuraturu-smeruje-1-290-pripadov-urad-je-pred-kolapsom\/#primaryimage\"},\"thumbnailUrl\":\"https:\/\/www.smedemokrati.sk\/wp-content\/uploads\/2024\/02\/28jun2022_NRSR_14882325-scaled-1.jpg\",\"articleSection\":[\"Tla\u010dov\u00e9 spr\u00e1vy\"],\"inLanguage\":\"cs-CZ\"},{\"@type\":\"WebPage\",\"@id\":\"https:\/\/www.smedemokrati.sk\/na-generalnu-prokuraturu-smeruje-1-290-pripadov-urad-je-pred-kolapsom\/\",\"url\":\"https:\/\/www.smedemokrati.sk\/na-generalnu-prokuraturu-smeruje-1-290-pripadov-urad-je-pred-kolapsom\/\",\"name\":\"Na Gener\u00e1lnu prokurat\u00faru smeruje 1 290 pr\u00edpadov, \u00farad je pred kolapsom - Smedemokrati.sk\",\"isPartOf\":{\"@id\":\"https:\/\/www.smedemokrati.sk\/#website\"},\"primaryImageOfPage\":{\"@id\":\"https:\/\/www.smedemokrati.sk\/na-generalnu-prokuraturu-smeruje-1-290-pripadov-urad-je-pred-kolapsom\/#primaryimage\"},\"image\":{\"@id\":\"https:\/\/www.smedemokrati.sk\/na-generalnu-prokuraturu-smeruje-1-290-pripadov-urad-je-pred-kolapsom\/#primaryimage\"},\"thumbnailUrl\":\"https:\/\/www.smedemokrati.sk\/wp-content\/uploads\/2024\/02\/28jun2022_NRSR_14882325-scaled-1.jpg\",\"datePublished\":\"2024-02-09T13:18:42+00:00\",\"dateModified\":\"2024-02-09T13:18:44+00:00\",\"breadcrumb\":{\"@id\":\"https:\/\/www.smedemokrati.sk\/na-generalnu-prokuraturu-smeruje-1-290-pripadov-urad-je-pred-kolapsom\/#breadcrumb\"},\"inLanguage\":\"cs-CZ\",\"potentialAction\":[{\"@type\":\"ReadAction\",\"target\":[\"https:\/\/www.smedemokrati.sk\/na-generalnu-prokuraturu-smeruje-1-290-pripadov-urad-je-pred-kolapsom\/\"]}]},{\"@type\":\"ImageObject\",\"inLanguage\":\"cs-CZ\",\"@id\":\"https:\/\/www.smedemokrati.sk\/na-generalnu-prokuraturu-smeruje-1-290-pripadov-urad-je-pred-kolapsom\/#primaryimage\",\"url\":\"https:\/\/www.smedemokrati.sk\/wp-content\/uploads\/2024\/02\/28jun2022_NRSR_14882325-scaled-1.jpg\",\"contentUrl\":\"https:\/\/www.smedemokrati.sk\/wp-content\/uploads\/2024\/02\/28jun2022_NRSR_14882325-scaled-1.jpg\",\"width\":1080,\"height\":725,\"caption\":\"Na sn\u00edmke gener\u00e1lny prokur\u00e1tor SR Maro\u0161 \u017dilinka po\u010das \u00dastavnopr\u00e1vneho v\u00fdboru NR SR k aktu\u00e1lnej situ\u00e1cii na Gener\u00e1lnej prokurat\u00fare Slovenskej republiky 28. j\u00fana 2022 v Bratislave. FOTO TASR - Martin Baumann\"},{\"@type\":\"BreadcrumbList\",\"@id\":\"https:\/\/www.smedemokrati.sk\/na-generalnu-prokuraturu-smeruje-1-290-pripadov-urad-je-pred-kolapsom\/#breadcrumb\",\"itemListElement\":[{\"@type\":\"ListItem\",\"position\":1,\"name\":\"Domovsk\u00e1 str\u00e1nka\",\"item\":\"https:\/\/www.smedemokrati.sk\/\"},{\"@type\":\"ListItem\",\"position\":2,\"name\":\"Na Gener\u00e1lnu prokurat\u00faru smeruje 1 290 pr\u00edpadov, \u00farad je pred kolapsom\"}]},{\"@type\":\"WebSite\",\"@id\":\"https:\/\/www.smedemokrati.sk\/#website\",\"url\":\"https:\/\/www.smedemokrati.sk\/\",\"name\":\"Smedemokrati.sk\",\"description\":\"Demokracia a slu\u0161nos\u0165 zv\u00ed\u0165az\u00ed\",\"publisher\":{\"@id\":\"https:\/\/www.smedemokrati.sk\/#organization\"},\"potentialAction\":[{\"@type\":\"SearchAction\",\"target\":{\"@type\":\"EntryPoint\",\"urlTemplate\":\"https:\/\/www.smedemokrati.sk\/?s={search_term_string}\"},\"query-input\":{\"@type\":\"PropertyValueSpecification\",\"valueRequired\":true,\"valueName\":\"search_term_string\"}}],\"inLanguage\":\"cs-CZ\"},{\"@type\":\"Organization\",\"@id\":\"https:\/\/www.smedemokrati.sk\/#organization\",\"name\":\"Smedemokrati.sk\",\"url\":\"https:\/\/www.smedemokrati.sk\/\",\"logo\":{\"@type\":\"ImageObject\",\"inLanguage\":\"cs-CZ\",\"@id\":\"https:\/\/www.smedemokrati.sk\/#\/schema\/logo\/image\/\",\"url\":\"https:\/\/www.smedemokrati.sk\/wp-content\/uploads\/2023\/04\/ff.002.jpeg\",\"contentUrl\":\"https:\/\/www.smedemokrati.sk\/wp-content\/uploads\/2023\/04\/ff.002.jpeg\",\"width\":640,\"height\":480,\"caption\":\"Smedemokrati.sk\"},\"image\":{\"@id\":\"https:\/\/www.smedemokrati.sk\/#\/schema\/logo\/image\/\"},\"sameAs\":[\"https:\/\/www.facebook.com\/smedemokrati2023\"]},{\"@type\":\"Person\",\"@id\":\"https:\/\/www.smedemokrati.sk\/#\/schema\/person\/c60720f4b9955b3c1ed222ebd1fbbc7c\",\"name\":\"Tom\u00e1\u0161 Koppl\",\"image\":{\"@type\":\"ImageObject\",\"inLanguage\":\"cs-CZ\",\"@id\":\"https:\/\/secure.gravatar.com\/avatar\/8dfa38373c5e39821baf74c8e867a6f12e12c6dab6559aa999d10703b0b1c4ce?s=96&d=mm&r=g\",\"url\":\"https:\/\/secure.gravatar.com\/avatar\/8dfa38373c5e39821baf74c8e867a6f12e12c6dab6559aa999d10703b0b1c4ce?s=96&d=mm&r=g\",\"contentUrl\":\"https:\/\/secure.gravatar.com\/avatar\/8dfa38373c5e39821baf74c8e867a6f12e12c6dab6559aa999d10703b0b1c4ce?s=96&d=mm&r=g\",\"caption\":\"Tom\u00e1\u0161 Koppl\"},\"url\":\"https:\/\/www.smedemokrati.sk\/cs\/author\/tomaskoppl\/\"}]}<\/script>\n<!-- \/ Yoast SEO plugin. -->","yoast_head_json":{"title":"Na Gener\u00e1lnu prokurat\u00faru smeruje 1 290 pr\u00edpadov, \u00farad je pred kolapsom - Smedemokrati.sk","robots":{"index":"index","follow":"follow","max-snippet":"max-snippet:-1","max-image-preview":"max-image-preview:large","max-video-preview":"max-video-preview:-1"},"canonical":"https:\/\/www.smedemokrati.sk\/cs\/na-generalnu-prokuraturu-smeruje-1-290-pripadov-urad-je-pred-kolapsom\/","og_locale":"cs_CZ","og_type":"article","og_title":"Na Gener\u00e1lnu prokurat\u00faru smeruje 1 290 pr\u00edpadov, \u00farad je pred kolapsom - Smedemokrati.sk","og_description":"Demokrati \u017eiadaj\u00fa gener\u00e1lneho prokur\u00e1tora Maro\u0161a \u017dilinku, aby predst\u00fapil pred verejnos\u0165 a jasne odkomunikoval z\u00e1mery \u010fal\u0161ieho fungovania prokurat\u00fary. Strana sa zauj\u00edma najm\u00e4 o to, ak\u00fdm sp\u00f4sobom je prokurat\u00fara pripraven\u00e1 prevzia\u0165 pribli\u017ene 1 290 pr\u00edpadov, ktor\u00fdmi sa bud\u00fa musie\u0165 zaobera\u0165 po zru\u0161en\u00ed \u0160peci\u00e1lnej prokurat\u00fary.&nbsp; Situ\u00e1ciu komentuje expert na spravodlivos\u0165 a podpredseda strany Juraj \u0160eliga:&nbsp;\u201cJe to obrovsk\u00e1 a [&hellip;]","og_url":"https:\/\/www.smedemokrati.sk\/cs\/na-generalnu-prokuraturu-smeruje-1-290-pripadov-urad-je-pred-kolapsom\/","og_site_name":"Smedemokrati.sk","article_publisher":"https:\/\/www.facebook.com\/smedemokrati2023","article_published_time":"2024-02-09T13:18:42+00:00","article_modified_time":"2024-02-09T13:18:44+00:00","og_image":[{"width":1080,"height":725,"url":"https:\/\/www.smedemokrati.sk\/wp-content\/uploads\/2024\/02\/28jun2022_NRSR_14882325-scaled-1.jpg","type":"image\/jpeg"}],"author":"Tom\u00e1\u0161 Koppl","twitter_card":"summary_large_image","twitter_misc":{"Napsal(a)":"Tom\u00e1\u0161 Koppl","Odhadovan\u00e1 doba \u010dten\u00ed":"2 minuty"},"schema":{"@context":"https:\/\/schema.org","@graph":[{"@type":"Article","@id":"https:\/\/www.smedemokrati.sk\/na-generalnu-prokuraturu-smeruje-1-290-pripadov-urad-je-pred-kolapsom\/#article","isPartOf":{"@id":"https:\/\/www.smedemokrati.sk\/na-generalnu-prokuraturu-smeruje-1-290-pripadov-urad-je-pred-kolapsom\/"},"author":{"name":"Tom\u00e1\u0161 Koppl","@id":"https:\/\/www.smedemokrati.sk\/#\/schema\/person\/c60720f4b9955b3c1ed222ebd1fbbc7c"},"headline":"Na Gener\u00e1lnu prokurat\u00faru smeruje 1 290 pr\u00edpadov, \u00farad je pred kolapsom","datePublished":"2024-02-09T13:18:42+00:00","dateModified":"2024-02-09T13:18:44+00:00","mainEntityOfPage":{"@id":"https:\/\/www.smedemokrati.sk\/na-generalnu-prokuraturu-smeruje-1-290-pripadov-urad-je-pred-kolapsom\/"},"wordCount":288,"publisher":{"@id":"https:\/\/www.smedemokrati.sk\/#organization"},"image":{"@id":"https:\/\/www.smedemokrati.sk\/na-generalnu-prokuraturu-smeruje-1-290-pripadov-urad-je-pred-kolapsom\/#primaryimage"},"thumbnailUrl":"https:\/\/www.smedemokrati.sk\/wp-content\/uploads\/2024\/02\/28jun2022_NRSR_14882325-scaled-1.jpg","articleSection":["Tla\u010dov\u00e9 spr\u00e1vy"],"inLanguage":"cs-CZ"},{"@type":"WebPage","@id":"https:\/\/www.smedemokrati.sk\/na-generalnu-prokuraturu-smeruje-1-290-pripadov-urad-je-pred-kolapsom\/","url":"https:\/\/www.smedemokrati.sk\/na-generalnu-prokuraturu-smeruje-1-290-pripadov-urad-je-pred-kolapsom\/","name":"Na Gener\u00e1lnu prokurat\u00faru smeruje 1 290 pr\u00edpadov, \u00farad je pred kolapsom - Smedemokrati.sk","isPartOf":{"@id":"https:\/\/www.smedemokrati.sk\/#website"},"primaryImageOfPage":{"@id":"https:\/\/www.smedemokrati.sk\/na-generalnu-prokuraturu-smeruje-1-290-pripadov-urad-je-pred-kolapsom\/#primaryimage"},"image":{"@id":"https:\/\/www.smedemokrati.sk\/na-generalnu-prokuraturu-smeruje-1-290-pripadov-urad-je-pred-kolapsom\/#primaryimage"},"thumbnailUrl":"https:\/\/www.smedemokrati.sk\/wp-content\/uploads\/2024\/02\/28jun2022_NRSR_14882325-scaled-1.jpg","datePublished":"2024-02-09T13:18:42+00:00","dateModified":"2024-02-09T13:18:44+00:00","breadcrumb":{"@id":"https:\/\/www.smedemokrati.sk\/na-generalnu-prokuraturu-smeruje-1-290-pripadov-urad-je-pred-kolapsom\/#breadcrumb"},"inLanguage":"cs-CZ","potentialAction":[{"@type":"ReadAction","target":["https:\/\/www.smedemokrati.sk\/na-generalnu-prokuraturu-smeruje-1-290-pripadov-urad-je-pred-kolapsom\/"]}]},{"@type":"ImageObject","inLanguage":"cs-CZ","@id":"https:\/\/www.smedemokrati.sk\/na-generalnu-prokuraturu-smeruje-1-290-pripadov-urad-je-pred-kolapsom\/#primaryimage","url":"https:\/\/www.smedemokrati.sk\/wp-content\/uploads\/2024\/02\/28jun2022_NRSR_14882325-scaled-1.jpg","contentUrl":"https:\/\/www.smedemokrati.sk\/wp-content\/uploads\/2024\/02\/28jun2022_NRSR_14882325-scaled-1.jpg","width":1080,"height":725,"caption":"Na sn\u00edmke gener\u00e1lny prokur\u00e1tor SR Maro\u0161 \u017dilinka po\u010das \u00dastavnopr\u00e1vneho v\u00fdboru NR SR k aktu\u00e1lnej situ\u00e1cii na Gener\u00e1lnej prokurat\u00fare Slovenskej republiky 28. j\u00fana 2022 v Bratislave. FOTO TASR - Martin Baumann"},{"@type":"BreadcrumbList","@id":"https:\/\/www.smedemokrati.sk\/na-generalnu-prokuraturu-smeruje-1-290-pripadov-urad-je-pred-kolapsom\/#breadcrumb","itemListElement":[{"@type":"ListItem","position":1,"name":"Domovsk\u00e1 str\u00e1nka","item":"https:\/\/www.smedemokrati.sk\/"},{"@type":"ListItem","position":2,"name":"Na Gener\u00e1lnu prokurat\u00faru smeruje 1 290 pr\u00edpadov, \u00farad je pred kolapsom"}]},{"@type":"WebSite","@id":"https:\/\/www.smedemokrati.sk\/#website","url":"https:\/\/www.smedemokrati.sk\/","name":"Smedemokrati.sk","description":"Demokracia a slu\u0161nos\u0165 zv\u00ed\u0165az\u00ed","publisher":{"@id":"https:\/\/www.smedemokrati.sk\/#organization"},"potentialAction":[{"@type":"SearchAction","target":{"@type":"EntryPoint","urlTemplate":"https:\/\/www.smedemokrati.sk\/?s={search_term_string}"},"query-input":{"@type":"PropertyValueSpecification","valueRequired":true,"valueName":"search_term_string"}}],"inLanguage":"cs-CZ"},{"@type":"Organization","@id":"https:\/\/www.smedemokrati.sk\/#organization","name":"Smedemokrati.sk","url":"https:\/\/www.smedemokrati.sk\/","logo":{"@type":"ImageObject","inLanguage":"cs-CZ","@id":"https:\/\/www.smedemokrati.sk\/#\/schema\/logo\/image\/","url":"https:\/\/www.smedemokrati.sk\/wp-content\/uploads\/2023\/04\/ff.002.jpeg","contentUrl":"https:\/\/www.smedemokrati.sk\/wp-content\/uploads\/2023\/04\/ff.002.jpeg","width":640,"height":480,"caption":"Smedemokrati.sk"},"image":{"@id":"https:\/\/www.smedemokrati.sk\/#\/schema\/logo\/image\/"},"sameAs":["https:\/\/www.facebook.com\/smedemokrati2023"]},{"@type":"Person","@id":"https:\/\/www.smedemokrati.sk\/#\/schema\/person\/c60720f4b9955b3c1ed222ebd1fbbc7c","name":"Tom\u00e1\u0161 Koppl","image":{"@type":"ImageObject","inLanguage":"cs-CZ","@id":"https:\/\/secure.gravatar.com\/avatar\/8dfa38373c5e39821baf74c8e867a6f12e12c6dab6559aa999d10703b0b1c4ce?s=96&d=mm&r=g","url":"https:\/\/secure.gravatar.com\/avatar\/8dfa38373c5e39821baf74c8e867a6f12e12c6dab6559aa999d10703b0b1c4ce?s=96&d=mm&r=g","contentUrl":"https:\/\/secure.gravatar.com\/avatar\/8dfa38373c5e39821baf74c8e867a6f12e12c6dab6559aa999d10703b0b1c4ce?s=96&d=mm&r=g","caption":"Tom\u00e1\u0161 Koppl"},"url":"https:\/\/www.smedemokrati.sk\/cs\/author\/tomaskoppl\/"}]}},"_links":{"self":[{"href":"https:\/\/www.smedemokrati.sk\/cs\/wp-json\/wp\/v2\/posts\/2661","targetHints":{"allow":["GET"]}}],"collection":[{"href":"https:\/\/www.smedemokrati.sk\/cs\/wp-json\/wp\/v2\/posts"}],"about":[{"href":"https:\/\/www.smedemokrati.sk\/cs\/wp-json\/wp\/v2\/types\/post"}],"author":[{"embeddable":true,"href":"https:\/\/www.smedemokrati.sk\/cs\/wp-json\/wp\/v2\/users\/7"}],"replies":[{"embeddable":true,"href":"https:\/\/www.smedemokrati.sk\/cs\/wp-json\/wp\/v2\/comments?post=2661"}],"version-history":[{"count":1,"href":"https:\/\/www.smedemokrati.sk\/cs\/wp-json\/wp\/v2\/posts\/2661\/revisions"}],"predecessor-version":[{"id":2663,"href":"https:\/\/www.smedemokrati.sk\/cs\/wp-json\/wp\/v2\/posts\/2661\/revisions\/2663"}],"wp:featuredmedia":[{"embeddable":true,"href":"https:\/\/www.smedemokrati.sk\/cs\/wp-json\/wp\/v2\/media\/2662"}],"wp:attachment":[{"href":"https:\/\/www.smedemokrati.sk\/cs\/wp-json\/wp\/v2\/media?parent=2661"}],"wp:term":[{"taxonomy":"category","embeddable":true,"href":"https:\/\/www.smedemokrati.sk\/cs\/wp-json\/wp\/v2\/categories?post=2661"},{"taxonomy":"post_tag","embeddable":true,"href":"https:\/\/www.smedemokrati.sk\/cs\/wp-json\/wp\/v2\/tags?post=2661"}],"curies":[{"name":"wp","href":"https:\/\/api.w.org\/{rel}","templated":true}]}}