{"id":2639,"date":"2024-02-06T15:44:39","date_gmt":"2024-02-06T13:44:39","guid":{"rendered":"https:\/\/www.smedemokrati.sk\/?p=2639"},"modified":"2024-02-06T15:44:41","modified_gmt":"2024-02-06T13:44:41","slug":"bude-matecna-zachrana-slovenskeho-vidieka-maximalne-ako-predloha-pre-pokracovanie-filmu-pasla-kone-na-betone","status":"publish","type":"post","link":"https:\/\/www.smedemokrati.sk\/cs\/bude-matecna-zachrana-slovenskeho-vidieka-maximalne-ako-predloha-pre-pokracovanie-filmu-pasla-kone-na-betone\/","title":{"rendered":"Bude Mate\u010dn\u00e1 z\u00e1chrana slovensk\u00e9ho vidieka? Maxim\u00e1lne ako predloha pre pokra\u010dovanie filmu p\u00e1sla kone na bet\u00f3ne"},"content":{"rendered":"<div id=\"fb-root\"><\/div>\n\n<p><strong>Vl\u00e1da SR vymenovala Gabrielu Mate\u010dn\u00fa ako tretiu \u0161t\u00e1tnu tajomn\u00ed\u010dku na rezorte \u017eivotn\u00e9ho prostredia. Strana Demokrati toto rozhodnutie pova\u017euje za absol\u00fatnu hanbu a v\u00fdsmech slovensk\u00e9mu vidieku, ktor\u00fd chceli minister Taraba a \u0161t\u00e1tni tajomn\u00edci Kuffovci tak vehementne chr\u00e1ni\u0165. Pod\u013ea Demokratov Gabriela Mate\u010dn\u00e1 so svojou minulos\u0165ou nem\u00e1 \u010do vo verejnej spr\u00e1ve robi\u0165. U\u017e nieko\u013ekokr\u00e1t dok\u00e1zala, \u017ee patr\u00ed k vrcholn\u00fdm z\u00e1stancom syst\u00e9mu \u201ena\u0161ich \u013eud\u00ed\u201d.<\/strong><\/p>\n\n\n\n<p>Bola to pr\u00e1ve Gabriela Mate\u010dn\u00e1, ktor\u00e1 otvorila dvere po\u013enohospod\u00e1rskym dot\u00e1ci\u00e1m&nbsp;B\u00f6d\u00f6rovi, Kvietikovi \u010di nechv\u00e1lne zn\u00e1mej gr\u00f3fke Ro\u0161kovej. T\u00e1 sa presl\u00e1vila pr\u00e1ve vyu\u017e\u00edvan\u00edm po\u013enohospod\u00e1rskych dot\u00e1ci\u00ed na bet\u00f3nov\u00e9 plochy. Nehovoriac o tom , \u017ee nominanti pani Mate\u010dnej z rezortu p\u00f4dohospod\u00e1rstva \u010di \u0161t\u00e1tnych Lesov SR s\u00fa trestne st\u00edhan\u00ed v kauze Dobytk\u00e1r a k\u0161eftovali napr\u00edklad aj s po\u013eovn\u00fdmi rev\u00edrmi, kv\u00f4li \u010domu na \u0161t\u00e1tnych lesoch zasahovala aj NAKA. Pre p\u00f4sobenie pani Mate\u010dnej pri\u0161li slovensk\u00ed p\u00f4dohospod\u00e1ri a \u0161t\u00e1tny rozpo\u010det o stovky mili\u00f3ny eur, preto\u017ee sa skrz jej korup\u010dn\u00e9 sch\u00e9my kr\u00e1tili p\u00f4dohospod\u00e1rske dot\u00e1cie.<\/p>\n\n\n\n<p><em>\u201ePova\u017eujem za tot\u00e1lnu ir\u00f3niu, \u017ee Mate\u010dn\u00e1, z ktorej si ob\u010dania vidieka u\u017e robili srandu, \u017ee sa m\u00f4\u017ee pod\u013ea nej nato\u010di\u0165 pokra\u010dovanie filmu P\u00e1sla kone na bet\u00f3ne, sa ide pripoji\u0165 do vedenie \u017eivotn\u00e9ho prostredia, aby pom\u00e1hala slovensk\u00e9mu vidieku. Preto\u017ee nikto na \u0148om nenap\u00e1chal v\u00e4\u010d\u0161ie \u0161kody ako Gabriela Mate\u010dn\u00e1, ke\u010f bola ministerkou p\u00f4dohospod\u00e1rstva a m\u00e1m obavy, \u017ee \u013eudia ako B\u00f6d\u00f6r, Vadala \u010di Ro\u0161kov\u00e1 bud\u00fa ma\u0165 dvere op\u00e4\u0165 otvoren\u00e9, tentokr\u00e1t na rezorte \u017eivotn\u00e9ho prostredia\u201d<\/em>, vysvet\u013euje Michal Ki\u010da, expert strany Demokrati na \u017eivotn\u00e9 prostredie a \u010dlen predsedn\u00edctva strany. \u00a0<\/p>\n\n\n\n<p>Demokrati sa p\u00fdtaj\u00fa, \u010di aj kv\u00f4li Gabriele Mate\u010dnej si vl\u00e1da zmenila kompeten\u010dn\u00fd z\u00e1kon, aby mohlo by\u0165 na ministerstv\u00e1ch nekone\u010dne ve\u013ea \u0161t\u00e1tnych tajomn\u00edkov, nielen dvaja ako doteraz. Bude aj 4. a 5. \u0161t\u00e1tny tajomn\u00edk, aby mala SNS kam uplac\u00edrova\u0165 svoje hladn\u00e9 krky? Pani Mate\u010dn\u00e1 bude zodpoveda\u0165 za podozrivo \u0161irok\u00fa agendu, tzv. bilater\u00e1lnu spolupr\u00e1cu, pod \u010do m\u00f4\u017eu schova\u0165 takmer \u010doko\u013evek.<em>\u00a0\u201eJe jasn\u00e9, \u017ee moje inform\u00e1cie o jej smerovan\u00ed na rezort boli spr\u00e1vne, len Slovensk\u00e1 in\u0161pekcia \u017eivotn\u00e9ho prostredia sa jej asi m\u00e1lila\u201d,\u00a0<\/em>dod\u00e1va Michal Ki\u010da.<\/p>\n\n\n\n<p>Zauj\u00edmav\u00e9 je aj p\u00f4sobenie druh\u00e9ho \u0161t\u00e1tneho tajomn\u00edka \u0160tefana Kuffu, ktor\u00fd nevyzer\u00e1, \u017ee je \u010dasovo vy\u0165a\u017een\u00fd nato\u013eko, aby rezort potreboval \u010fal\u0161iu \u0161t\u00e1tnu tajomn\u00ed\u010dku. Okrem svojho sekretari\u00e1tu riadi akur\u00e1t Slovensk\u00e9 m\u00fazeum ochrany pr\u00edrody a jaskyniarstva. Jedin\u00e9, \u010do o \u0148om vieme je, \u017ee nechal vysv\u00e4ti\u0165 \u00e1trium ministerstva a staral sa o gigantick\u00fd adventn\u00fd veniec.\u00a0<em>\u201eTu u\u017e sa nebav\u00edme ako p\u00e1n Fico na\u010drtol o 4-d\u0148ovom pracovnom t\u00fd\u017edni. Na rezorte \u017eivotn\u00e9ho prostredia u\u017e v praxi testuj\u00fa 3-d\u0148ov\u00fd. Slovensk\u00e1 n\u00e1rodn\u00e1 strana zatia\u013e nijako vecne neprispela pomoci \u013eu\u010fom, ochrane pr\u00edrody \u010di vidieku. Dok\u00e1\u017ee len generova\u0165 poz\u00edcie a obsadzova\u0165 funkcie pre svoje hladn\u00e9 krky. Stoj\u00ed to obrovsk\u00e9 peniaze da\u0148ov\u00fdch poplatn\u00edkov a je to \u010dist\u00fd papala\u0161izmus\u201d,<\/em>\u00a0uzatv\u00e1ra Michal Ki\u010da.<\/p>\n\n\n\n<figure class=\"wp-block-video\"><video height=\"720\" style=\"aspect-ratio: 1280 \/ 720;\" width=\"1280\" controls src=\"https:\/\/www.smedemokrati.sk\/wp-content\/uploads\/2024\/02\/Strih.mov\"><\/video><\/figure>\n","protected":false},"excerpt":{"rendered":"<p>Vl\u00e1da SR vymenovala Gabrielu Mate\u010dn\u00fa ako tretiu \u0161t\u00e1tnu tajomn\u00ed\u010dku na rezorte \u017eivotn\u00e9ho prostredia. Strana Demokrati toto rozhodnutie pova\u017euje za absol\u00fatnu hanbu a v\u00fdsmech slovensk\u00e9mu vidieku, ktor\u00fd chceli minister Taraba a \u0161t\u00e1tni tajomn\u00edci Kuffovci tak vehementne chr\u00e1ni\u0165. Pod\u013ea Demokratov Gabriela Mate\u010dn\u00e1 so svojou minulos\u0165ou nem\u00e1 \u010do vo verejnej spr\u00e1ve robi\u0165. U\u017e nieko\u013ekokr\u00e1t dok\u00e1zala, \u017ee patr\u00ed k [&hellip;]<\/p>\n","protected":false},"author":7,"featured_media":2642,"comment_status":"closed","ping_status":"closed","sticky":false,"template":"","format":"standard","meta":{"_acf_changed":false,"ngg_post_thumbnail":0,"footnotes":""},"categories":[4],"tags":[],"class_list":["post-2639","post","type-post","status-publish","format-standard","has-post-thumbnail","hentry","category-tlacove-spravy"],"acf":[],"yoast_head":"<!-- This site is optimized with the Yoast SEO plugin v27.2 - https:\/\/yoast.com\/product\/yoast-seo-wordpress\/ -->\n<title>Bude Mate\u010dn\u00e1 z\u00e1chrana slovensk\u00e9ho vidieka? Maxim\u00e1lne ako predloha pre pokra\u010dovanie filmu p\u00e1sla kone na bet\u00f3ne - Smedemokrati.sk<\/title>\n<meta name=\"robots\" content=\"index, follow, max-snippet:-1, max-image-preview:large, max-video-preview:-1\" \/>\n<link rel=\"canonical\" href=\"https:\/\/www.smedemokrati.sk\/cs\/bude-matecna-zachrana-slovenskeho-vidieka-maximalne-ako-predloha-pre-pokracovanie-filmu-pasla-kone-na-betone\/\" \/>\n<meta property=\"og:locale\" content=\"cs_CZ\" \/>\n<meta property=\"og:locale:alternate\" content=\"en_US\" \/>\n<meta property=\"og:locale:alternate\" content=\"hu_HU\" \/>\n<meta property=\"og:locale:alternate\" content=\"sk_SK\" \/>\n<meta property=\"og:locale:alternate\" content=\"sv_SE\" \/>\n<meta property=\"og:type\" content=\"article\" \/>\n<meta property=\"og:title\" content=\"Bude Mate\u010dn\u00e1 z\u00e1chrana slovensk\u00e9ho vidieka? Maxim\u00e1lne ako predloha pre pokra\u010dovanie filmu p\u00e1sla kone na bet\u00f3ne - Smedemokrati.sk\" \/>\n<meta property=\"og:description\" content=\"Vl\u00e1da SR vymenovala Gabrielu Mate\u010dn\u00fa ako tretiu \u0161t\u00e1tnu tajomn\u00ed\u010dku na rezorte \u017eivotn\u00e9ho prostredia. Strana Demokrati toto rozhodnutie pova\u017euje za absol\u00fatnu hanbu a v\u00fdsmech slovensk\u00e9mu vidieku, ktor\u00fd chceli minister Taraba a \u0161t\u00e1tni tajomn\u00edci Kuffovci tak vehementne chr\u00e1ni\u0165. Pod\u013ea Demokratov Gabriela Mate\u010dn\u00e1 so svojou minulos\u0165ou nem\u00e1 \u010do vo verejnej spr\u00e1ve robi\u0165. U\u017e nieko\u013ekokr\u00e1t dok\u00e1zala, \u017ee patr\u00ed k [&hellip;]\" \/>\n<meta property=\"og:url\" content=\"https:\/\/www.smedemokrati.sk\/cs\/bude-matecna-zachrana-slovenskeho-vidieka-maximalne-ako-predloha-pre-pokracovanie-filmu-pasla-kone-na-betone\/\" \/>\n<meta property=\"og:site_name\" content=\"Smedemokrati.sk\" \/>\n<meta property=\"article:publisher\" content=\"https:\/\/www.facebook.com\/smedemokrati2023\" \/>\n<meta property=\"article:published_time\" content=\"2024-02-06T13:44:39+00:00\" \/>\n<meta property=\"article:modified_time\" content=\"2024-02-06T13:44:41+00:00\" \/>\n<meta property=\"og:image\" content=\"https:\/\/www.smedemokrati.sk\/wp-content\/uploads\/2024\/02\/aa.jpg\" \/>\n\t<meta property=\"og:image:width\" content=\"1552\" \/>\n\t<meta property=\"og:image:height\" content=\"1096\" \/>\n\t<meta property=\"og:image:type\" content=\"image\/jpeg\" \/>\n<meta name=\"author\" content=\"Tom\u00e1\u0161 Koppl\" \/>\n<meta name=\"twitter:card\" content=\"summary_large_image\" \/>\n<meta name=\"twitter:label1\" content=\"Napsal(a)\" \/>\n\t<meta name=\"twitter:data1\" content=\"Tom\u00e1\u0161 Koppl\" \/>\n\t<meta name=\"twitter:label2\" content=\"Odhadovan\u00e1 doba \u010dten\u00ed\" \/>\n\t<meta name=\"twitter:data2\" content=\"3 minuty\" \/>\n<script type=\"application\/ld+json\" class=\"yoast-schema-graph\">{\"@context\":\"https:\/\/schema.org\",\"@graph\":[{\"@type\":\"Article\",\"@id\":\"https:\/\/www.smedemokrati.sk\/bude-matecna-zachrana-slovenskeho-vidieka-maximalne-ako-predloha-pre-pokracovanie-filmu-pasla-kone-na-betone\/#article\",\"isPartOf\":{\"@id\":\"https:\/\/www.smedemokrati.sk\/bude-matecna-zachrana-slovenskeho-vidieka-maximalne-ako-predloha-pre-pokracovanie-filmu-pasla-kone-na-betone\/\"},\"author\":{\"name\":\"Tom\u00e1\u0161 Koppl\",\"@id\":\"https:\/\/www.smedemokrati.sk\/#\/schema\/person\/c60720f4b9955b3c1ed222ebd1fbbc7c\"},\"headline\":\"Bude Mate\u010dn\u00e1 z\u00e1chrana slovensk\u00e9ho vidieka? Maxim\u00e1lne ako predloha pre pokra\u010dovanie filmu p\u00e1sla kone na bet\u00f3ne\",\"datePublished\":\"2024-02-06T13:44:39+00:00\",\"dateModified\":\"2024-02-06T13:44:41+00:00\",\"mainEntityOfPage\":{\"@id\":\"https:\/\/www.smedemokrati.sk\/bude-matecna-zachrana-slovenskeho-vidieka-maximalne-ako-predloha-pre-pokracovanie-filmu-pasla-kone-na-betone\/\"},\"wordCount\":602,\"publisher\":{\"@id\":\"https:\/\/www.smedemokrati.sk\/#organization\"},\"image\":{\"@id\":\"https:\/\/www.smedemokrati.sk\/bude-matecna-zachrana-slovenskeho-vidieka-maximalne-ako-predloha-pre-pokracovanie-filmu-pasla-kone-na-betone\/#primaryimage\"},\"thumbnailUrl\":\"https:\/\/www.smedemokrati.sk\/wp-content\/uploads\/2024\/02\/aa.jpg\",\"articleSection\":[\"Tla\u010dov\u00e9 spr\u00e1vy\"],\"inLanguage\":\"cs-CZ\"},{\"@type\":\"WebPage\",\"@id\":\"https:\/\/www.smedemokrati.sk\/bude-matecna-zachrana-slovenskeho-vidieka-maximalne-ako-predloha-pre-pokracovanie-filmu-pasla-kone-na-betone\/\",\"url\":\"https:\/\/www.smedemokrati.sk\/bude-matecna-zachrana-slovenskeho-vidieka-maximalne-ako-predloha-pre-pokracovanie-filmu-pasla-kone-na-betone\/\",\"name\":\"Bude Mate\u010dn\u00e1 z\u00e1chrana slovensk\u00e9ho vidieka? Maxim\u00e1lne ako predloha pre pokra\u010dovanie filmu p\u00e1sla kone na bet\u00f3ne - Smedemokrati.sk\",\"isPartOf\":{\"@id\":\"https:\/\/www.smedemokrati.sk\/#website\"},\"primaryImageOfPage\":{\"@id\":\"https:\/\/www.smedemokrati.sk\/bude-matecna-zachrana-slovenskeho-vidieka-maximalne-ako-predloha-pre-pokracovanie-filmu-pasla-kone-na-betone\/#primaryimage\"},\"image\":{\"@id\":\"https:\/\/www.smedemokrati.sk\/bude-matecna-zachrana-slovenskeho-vidieka-maximalne-ako-predloha-pre-pokracovanie-filmu-pasla-kone-na-betone\/#primaryimage\"},\"thumbnailUrl\":\"https:\/\/www.smedemokrati.sk\/wp-content\/uploads\/2024\/02\/aa.jpg\",\"datePublished\":\"2024-02-06T13:44:39+00:00\",\"dateModified\":\"2024-02-06T13:44:41+00:00\",\"breadcrumb\":{\"@id\":\"https:\/\/www.smedemokrati.sk\/bude-matecna-zachrana-slovenskeho-vidieka-maximalne-ako-predloha-pre-pokracovanie-filmu-pasla-kone-na-betone\/#breadcrumb\"},\"inLanguage\":\"cs-CZ\",\"potentialAction\":[{\"@type\":\"ReadAction\",\"target\":[\"https:\/\/www.smedemokrati.sk\/bude-matecna-zachrana-slovenskeho-vidieka-maximalne-ako-predloha-pre-pokracovanie-filmu-pasla-kone-na-betone\/\"]}]},{\"@type\":\"ImageObject\",\"inLanguage\":\"cs-CZ\",\"@id\":\"https:\/\/www.smedemokrati.sk\/bude-matecna-zachrana-slovenskeho-vidieka-maximalne-ako-predloha-pre-pokracovanie-filmu-pasla-kone-na-betone\/#primaryimage\",\"url\":\"https:\/\/www.smedemokrati.sk\/wp-content\/uploads\/2024\/02\/aa.jpg\",\"contentUrl\":\"https:\/\/www.smedemokrati.sk\/wp-content\/uploads\/2024\/02\/aa.jpg\",\"width\":1552,\"height\":1096},{\"@type\":\"BreadcrumbList\",\"@id\":\"https:\/\/www.smedemokrati.sk\/bude-matecna-zachrana-slovenskeho-vidieka-maximalne-ako-predloha-pre-pokracovanie-filmu-pasla-kone-na-betone\/#breadcrumb\",\"itemListElement\":[{\"@type\":\"ListItem\",\"position\":1,\"name\":\"Domovsk\u00e1 str\u00e1nka\",\"item\":\"https:\/\/www.smedemokrati.sk\/\"},{\"@type\":\"ListItem\",\"position\":2,\"name\":\"Bude Mate\u010dn\u00e1 z\u00e1chrana slovensk\u00e9ho vidieka? Maxim\u00e1lne ako predloha pre pokra\u010dovanie filmu p\u00e1sla kone na bet\u00f3ne\"}]},{\"@type\":\"WebSite\",\"@id\":\"https:\/\/www.smedemokrati.sk\/#website\",\"url\":\"https:\/\/www.smedemokrati.sk\/\",\"name\":\"Smedemokrati.sk\",\"description\":\"Demokracia a slu\u0161nos\u0165 zv\u00ed\u0165az\u00ed\",\"publisher\":{\"@id\":\"https:\/\/www.smedemokrati.sk\/#organization\"},\"potentialAction\":[{\"@type\":\"SearchAction\",\"target\":{\"@type\":\"EntryPoint\",\"urlTemplate\":\"https:\/\/www.smedemokrati.sk\/?s={search_term_string}\"},\"query-input\":{\"@type\":\"PropertyValueSpecification\",\"valueRequired\":true,\"valueName\":\"search_term_string\"}}],\"inLanguage\":\"cs-CZ\"},{\"@type\":\"Organization\",\"@id\":\"https:\/\/www.smedemokrati.sk\/#organization\",\"name\":\"Smedemokrati.sk\",\"url\":\"https:\/\/www.smedemokrati.sk\/\",\"logo\":{\"@type\":\"ImageObject\",\"inLanguage\":\"cs-CZ\",\"@id\":\"https:\/\/www.smedemokrati.sk\/#\/schema\/logo\/image\/\",\"url\":\"https:\/\/www.smedemokrati.sk\/wp-content\/uploads\/2023\/04\/ff.002.jpeg\",\"contentUrl\":\"https:\/\/www.smedemokrati.sk\/wp-content\/uploads\/2023\/04\/ff.002.jpeg\",\"width\":640,\"height\":480,\"caption\":\"Smedemokrati.sk\"},\"image\":{\"@id\":\"https:\/\/www.smedemokrati.sk\/#\/schema\/logo\/image\/\"},\"sameAs\":[\"https:\/\/www.facebook.com\/smedemokrati2023\"]},{\"@type\":\"Person\",\"@id\":\"https:\/\/www.smedemokrati.sk\/#\/schema\/person\/c60720f4b9955b3c1ed222ebd1fbbc7c\",\"name\":\"Tom\u00e1\u0161 Koppl\",\"image\":{\"@type\":\"ImageObject\",\"inLanguage\":\"cs-CZ\",\"@id\":\"https:\/\/secure.gravatar.com\/avatar\/8dfa38373c5e39821baf74c8e867a6f12e12c6dab6559aa999d10703b0b1c4ce?s=96&d=mm&r=g\",\"url\":\"https:\/\/secure.gravatar.com\/avatar\/8dfa38373c5e39821baf74c8e867a6f12e12c6dab6559aa999d10703b0b1c4ce?s=96&d=mm&r=g\",\"contentUrl\":\"https:\/\/secure.gravatar.com\/avatar\/8dfa38373c5e39821baf74c8e867a6f12e12c6dab6559aa999d10703b0b1c4ce?s=96&d=mm&r=g\",\"caption\":\"Tom\u00e1\u0161 Koppl\"},\"url\":\"https:\/\/www.smedemokrati.sk\/cs\/author\/tomaskoppl\/\"}]}<\/script>\n<!-- \/ Yoast SEO plugin. -->","yoast_head_json":{"title":"Bude Mate\u010dn\u00e1 z\u00e1chrana slovensk\u00e9ho vidieka? Maxim\u00e1lne ako predloha pre pokra\u010dovanie filmu p\u00e1sla kone na bet\u00f3ne - Smedemokrati.sk","robots":{"index":"index","follow":"follow","max-snippet":"max-snippet:-1","max-image-preview":"max-image-preview:large","max-video-preview":"max-video-preview:-1"},"canonical":"https:\/\/www.smedemokrati.sk\/cs\/bude-matecna-zachrana-slovenskeho-vidieka-maximalne-ako-predloha-pre-pokracovanie-filmu-pasla-kone-na-betone\/","og_locale":"cs_CZ","og_type":"article","og_title":"Bude Mate\u010dn\u00e1 z\u00e1chrana slovensk\u00e9ho vidieka? Maxim\u00e1lne ako predloha pre pokra\u010dovanie filmu p\u00e1sla kone na bet\u00f3ne - Smedemokrati.sk","og_description":"Vl\u00e1da SR vymenovala Gabrielu Mate\u010dn\u00fa ako tretiu \u0161t\u00e1tnu tajomn\u00ed\u010dku na rezorte \u017eivotn\u00e9ho prostredia. Strana Demokrati toto rozhodnutie pova\u017euje za absol\u00fatnu hanbu a v\u00fdsmech slovensk\u00e9mu vidieku, ktor\u00fd chceli minister Taraba a \u0161t\u00e1tni tajomn\u00edci Kuffovci tak vehementne chr\u00e1ni\u0165. Pod\u013ea Demokratov Gabriela Mate\u010dn\u00e1 so svojou minulos\u0165ou nem\u00e1 \u010do vo verejnej spr\u00e1ve robi\u0165. U\u017e nieko\u013ekokr\u00e1t dok\u00e1zala, \u017ee patr\u00ed k [&hellip;]","og_url":"https:\/\/www.smedemokrati.sk\/cs\/bude-matecna-zachrana-slovenskeho-vidieka-maximalne-ako-predloha-pre-pokracovanie-filmu-pasla-kone-na-betone\/","og_site_name":"Smedemokrati.sk","article_publisher":"https:\/\/www.facebook.com\/smedemokrati2023","article_published_time":"2024-02-06T13:44:39+00:00","article_modified_time":"2024-02-06T13:44:41+00:00","og_image":[{"width":1552,"height":1096,"url":"https:\/\/www.smedemokrati.sk\/wp-content\/uploads\/2024\/02\/aa.jpg","type":"image\/jpeg"}],"author":"Tom\u00e1\u0161 Koppl","twitter_card":"summary_large_image","twitter_misc":{"Napsal(a)":"Tom\u00e1\u0161 Koppl","Odhadovan\u00e1 doba \u010dten\u00ed":"3 minuty"},"schema":{"@context":"https:\/\/schema.org","@graph":[{"@type":"Article","@id":"https:\/\/www.smedemokrati.sk\/bude-matecna-zachrana-slovenskeho-vidieka-maximalne-ako-predloha-pre-pokracovanie-filmu-pasla-kone-na-betone\/#article","isPartOf":{"@id":"https:\/\/www.smedemokrati.sk\/bude-matecna-zachrana-slovenskeho-vidieka-maximalne-ako-predloha-pre-pokracovanie-filmu-pasla-kone-na-betone\/"},"author":{"name":"Tom\u00e1\u0161 Koppl","@id":"https:\/\/www.smedemokrati.sk\/#\/schema\/person\/c60720f4b9955b3c1ed222ebd1fbbc7c"},"headline":"Bude Mate\u010dn\u00e1 z\u00e1chrana slovensk\u00e9ho vidieka? Maxim\u00e1lne ako predloha pre pokra\u010dovanie filmu p\u00e1sla kone na bet\u00f3ne","datePublished":"2024-02-06T13:44:39+00:00","dateModified":"2024-02-06T13:44:41+00:00","mainEntityOfPage":{"@id":"https:\/\/www.smedemokrati.sk\/bude-matecna-zachrana-slovenskeho-vidieka-maximalne-ako-predloha-pre-pokracovanie-filmu-pasla-kone-na-betone\/"},"wordCount":602,"publisher":{"@id":"https:\/\/www.smedemokrati.sk\/#organization"},"image":{"@id":"https:\/\/www.smedemokrati.sk\/bude-matecna-zachrana-slovenskeho-vidieka-maximalne-ako-predloha-pre-pokracovanie-filmu-pasla-kone-na-betone\/#primaryimage"},"thumbnailUrl":"https:\/\/www.smedemokrati.sk\/wp-content\/uploads\/2024\/02\/aa.jpg","articleSection":["Tla\u010dov\u00e9 spr\u00e1vy"],"inLanguage":"cs-CZ"},{"@type":"WebPage","@id":"https:\/\/www.smedemokrati.sk\/bude-matecna-zachrana-slovenskeho-vidieka-maximalne-ako-predloha-pre-pokracovanie-filmu-pasla-kone-na-betone\/","url":"https:\/\/www.smedemokrati.sk\/bude-matecna-zachrana-slovenskeho-vidieka-maximalne-ako-predloha-pre-pokracovanie-filmu-pasla-kone-na-betone\/","name":"Bude Mate\u010dn\u00e1 z\u00e1chrana slovensk\u00e9ho vidieka? Maxim\u00e1lne ako predloha pre pokra\u010dovanie filmu p\u00e1sla kone na bet\u00f3ne - Smedemokrati.sk","isPartOf":{"@id":"https:\/\/www.smedemokrati.sk\/#website"},"primaryImageOfPage":{"@id":"https:\/\/www.smedemokrati.sk\/bude-matecna-zachrana-slovenskeho-vidieka-maximalne-ako-predloha-pre-pokracovanie-filmu-pasla-kone-na-betone\/#primaryimage"},"image":{"@id":"https:\/\/www.smedemokrati.sk\/bude-matecna-zachrana-slovenskeho-vidieka-maximalne-ako-predloha-pre-pokracovanie-filmu-pasla-kone-na-betone\/#primaryimage"},"thumbnailUrl":"https:\/\/www.smedemokrati.sk\/wp-content\/uploads\/2024\/02\/aa.jpg","datePublished":"2024-02-06T13:44:39+00:00","dateModified":"2024-02-06T13:44:41+00:00","breadcrumb":{"@id":"https:\/\/www.smedemokrati.sk\/bude-matecna-zachrana-slovenskeho-vidieka-maximalne-ako-predloha-pre-pokracovanie-filmu-pasla-kone-na-betone\/#breadcrumb"},"inLanguage":"cs-CZ","potentialAction":[{"@type":"ReadAction","target":["https:\/\/www.smedemokrati.sk\/bude-matecna-zachrana-slovenskeho-vidieka-maximalne-ako-predloha-pre-pokracovanie-filmu-pasla-kone-na-betone\/"]}]},{"@type":"ImageObject","inLanguage":"cs-CZ","@id":"https:\/\/www.smedemokrati.sk\/bude-matecna-zachrana-slovenskeho-vidieka-maximalne-ako-predloha-pre-pokracovanie-filmu-pasla-kone-na-betone\/#primaryimage","url":"https:\/\/www.smedemokrati.sk\/wp-content\/uploads\/2024\/02\/aa.jpg","contentUrl":"https:\/\/www.smedemokrati.sk\/wp-content\/uploads\/2024\/02\/aa.jpg","width":1552,"height":1096},{"@type":"BreadcrumbList","@id":"https:\/\/www.smedemokrati.sk\/bude-matecna-zachrana-slovenskeho-vidieka-maximalne-ako-predloha-pre-pokracovanie-filmu-pasla-kone-na-betone\/#breadcrumb","itemListElement":[{"@type":"ListItem","position":1,"name":"Domovsk\u00e1 str\u00e1nka","item":"https:\/\/www.smedemokrati.sk\/"},{"@type":"ListItem","position":2,"name":"Bude Mate\u010dn\u00e1 z\u00e1chrana slovensk\u00e9ho vidieka? Maxim\u00e1lne ako predloha pre pokra\u010dovanie filmu p\u00e1sla kone na bet\u00f3ne"}]},{"@type":"WebSite","@id":"https:\/\/www.smedemokrati.sk\/#website","url":"https:\/\/www.smedemokrati.sk\/","name":"Smedemokrati.sk","description":"Demokracia a slu\u0161nos\u0165 zv\u00ed\u0165az\u00ed","publisher":{"@id":"https:\/\/www.smedemokrati.sk\/#organization"},"potentialAction":[{"@type":"SearchAction","target":{"@type":"EntryPoint","urlTemplate":"https:\/\/www.smedemokrati.sk\/?s={search_term_string}"},"query-input":{"@type":"PropertyValueSpecification","valueRequired":true,"valueName":"search_term_string"}}],"inLanguage":"cs-CZ"},{"@type":"Organization","@id":"https:\/\/www.smedemokrati.sk\/#organization","name":"Smedemokrati.sk","url":"https:\/\/www.smedemokrati.sk\/","logo":{"@type":"ImageObject","inLanguage":"cs-CZ","@id":"https:\/\/www.smedemokrati.sk\/#\/schema\/logo\/image\/","url":"https:\/\/www.smedemokrati.sk\/wp-content\/uploads\/2023\/04\/ff.002.jpeg","contentUrl":"https:\/\/www.smedemokrati.sk\/wp-content\/uploads\/2023\/04\/ff.002.jpeg","width":640,"height":480,"caption":"Smedemokrati.sk"},"image":{"@id":"https:\/\/www.smedemokrati.sk\/#\/schema\/logo\/image\/"},"sameAs":["https:\/\/www.facebook.com\/smedemokrati2023"]},{"@type":"Person","@id":"https:\/\/www.smedemokrati.sk\/#\/schema\/person\/c60720f4b9955b3c1ed222ebd1fbbc7c","name":"Tom\u00e1\u0161 Koppl","image":{"@type":"ImageObject","inLanguage":"cs-CZ","@id":"https:\/\/secure.gravatar.com\/avatar\/8dfa38373c5e39821baf74c8e867a6f12e12c6dab6559aa999d10703b0b1c4ce?s=96&d=mm&r=g","url":"https:\/\/secure.gravatar.com\/avatar\/8dfa38373c5e39821baf74c8e867a6f12e12c6dab6559aa999d10703b0b1c4ce?s=96&d=mm&r=g","contentUrl":"https:\/\/secure.gravatar.com\/avatar\/8dfa38373c5e39821baf74c8e867a6f12e12c6dab6559aa999d10703b0b1c4ce?s=96&d=mm&r=g","caption":"Tom\u00e1\u0161 Koppl"},"url":"https:\/\/www.smedemokrati.sk\/cs\/author\/tomaskoppl\/"}]}},"_links":{"self":[{"href":"https:\/\/www.smedemokrati.sk\/cs\/wp-json\/wp\/v2\/posts\/2639","targetHints":{"allow":["GET"]}}],"collection":[{"href":"https:\/\/www.smedemokrati.sk\/cs\/wp-json\/wp\/v2\/posts"}],"about":[{"href":"https:\/\/www.smedemokrati.sk\/cs\/wp-json\/wp\/v2\/types\/post"}],"author":[{"embeddable":true,"href":"https:\/\/www.smedemokrati.sk\/cs\/wp-json\/wp\/v2\/users\/7"}],"replies":[{"embeddable":true,"href":"https:\/\/www.smedemokrati.sk\/cs\/wp-json\/wp\/v2\/comments?post=2639"}],"version-history":[{"count":1,"href":"https:\/\/www.smedemokrati.sk\/cs\/wp-json\/wp\/v2\/posts\/2639\/revisions"}],"predecessor-version":[{"id":2643,"href":"https:\/\/www.smedemokrati.sk\/cs\/wp-json\/wp\/v2\/posts\/2639\/revisions\/2643"}],"wp:featuredmedia":[{"embeddable":true,"href":"https:\/\/www.smedemokrati.sk\/cs\/wp-json\/wp\/v2\/media\/2642"}],"wp:attachment":[{"href":"https:\/\/www.smedemokrati.sk\/cs\/wp-json\/wp\/v2\/media?parent=2639"}],"wp:term":[{"taxonomy":"category","embeddable":true,"href":"https:\/\/www.smedemokrati.sk\/cs\/wp-json\/wp\/v2\/categories?post=2639"},{"taxonomy":"post_tag","embeddable":true,"href":"https:\/\/www.smedemokrati.sk\/cs\/wp-json\/wp\/v2\/tags?post=2639"}],"curies":[{"name":"wp","href":"https:\/\/api.w.org\/{rel}","templated":true}]}}