{"id":2586,"date":"2024-02-01T13:00:31","date_gmt":"2024-02-01T11:00:31","guid":{"rendered":"https:\/\/www.smedemokrati.sk\/?p=2586"},"modified":"2024-02-01T13:00:32","modified_gmt":"2024-02-01T11:00:32","slug":"klimaticky-zakon-nebude-vlada-neplanuje-schvalit-ani-klucovu-legislativu-pre-plan-obnovy","status":"publish","type":"post","link":"https:\/\/www.smedemokrati.sk\/cs\/klimaticky-zakon-nebude-vlada-neplanuje-schvalit-ani-klucovu-legislativu-pre-plan-obnovy\/","title":{"rendered":"Klimatick\u00fd z\u00e1kon nebude, vl\u00e1da nepl\u00e1nuje schv\u00e1li\u0165 ani k\u013e\u00fa\u010dov\u00fa legislat\u00edvu pre Pl\u00e1n obnovy"},"content":{"rendered":"<div id=\"fb-root\"><\/div>\n\n<p>Z Pl\u00e1nu legislat\u00edvnych \u00faloh vl\u00e1dy na rok 2024 ako aj R\u00e1mcov\u00e9ho pl\u00e1nu na cel\u00e9 volebn\u00e9ho obdobie, ktor\u00e9 dnes vl\u00e1da schv\u00e1lila vypl\u00fdva, \u017ee klimatick\u00fd z\u00e1kon a ani z\u00e1kon o krajinnom pl\u00e1novan\u00ed vl\u00e1da toto volebn\u00e9 obdobie nebude schva\u013eova\u0165. Vl\u00e1da nem\u00e1 z\u00e1ujem rie\u0161i\u0165 dopady klimatickej zmeny na obyvate\u013eov Slovenska a ohrozuje aj prijatie piatej platby z Pl\u00e1nu obnovy. Deje sa tak aj napriek tomu, \u017ee Demokrati \u017eiadali v medzirezortnom pripomienkovom konan\u00ed n\u00e1pravu.&nbsp;<\/p>\n\n\n\n<p><em>\u201eJe nepochopite\u013en\u00e9, ako chce vl\u00e1da splni\u0165 ciele uhl\u00edkovej neutrality, pom\u00f4c\u0165 obyvate\u013eom vystaven\u00fdm dopadom klimatick\u00fdch zmien \u010di pokra\u010dova\u0165 v transform\u00e1cii slovensk\u00e9ho priemyslu, ak odmieta prija\u0165 k\u013e\u00fa\u010dov\u00fd klimatick\u00fd z\u00e1kon. Paradoxne, v programovom vyhl\u00e1sen\u00ed sa k jeho prijatiu sama zaviazala. D\u00f4le\u017eit\u00fd je aj pre naplnenie cie\u013eov eur\u00f3pskeho bal\u00ed\u010dka Fit for 55. Ukazuje sa, \u017ee vl\u00e1dnej koal\u00edcii a ministrovi Tarabovi osobitne, je bud\u00facnos\u0165 obyvate\u013eov Slovenska \u013eahostajn\u00e1, zauj\u00edmaj\u00fa ho len eur\u00f3pske peniaze,\u201c<\/em> uv\u00e1dza Michal Ki\u010da, environment\u00e1lny expert a \u010dlen predsedn\u00edctva strany Demokrati.\u00a0<\/p>\n\n\n\n<p>Vl\u00e1da \u00faplne nepochopite\u013ene vedome ignoruje aj schv\u00e1lenie legislat\u00edvy &#8211; reformy krajinn\u00e9ho pl\u00e1novania. Ani s jej prijat\u00edm ner\u00e1ta, hoci je to m\u00ed\u013enikom piatej \u017eiadosti o platbu Pl\u00e1nu obnovy za skoro 600 mil. eur. Bez jej schv\u00e1lenia nem\u00f4\u017ee Slovensko piatu \u017eiados\u0165 o platbu poda\u0165. <em>\u201eZ\u00e1kon je pritom nachystan\u00fd, sta\u010d\u00ed ho predlo\u017ei\u0165 na rokovanie parlamentu. Na obrovsk\u00e9 riziko spojen\u00e9 s nesplnen\u00edm tohto m\u00ed\u013enika upozor\u0148ujeme nielen my, ale rovnako aj samotn\u00fd \u00darad vl\u00e1dy SR, konkr\u00e9tne N\u00e1rodn\u00e1 implementa\u010dn\u00e1 a koordina\u010dn\u00e1 autorita NIKA. V\u010faka z\u00e1konu by sa podporila realiz\u00e1cia\u00a0protipovod\u0148ov\u00fdch opatren\u00ed a opatren\u00ed na prevenciu sucha a \u00fabytku biodiverzity,\u201c<\/em> dop\u013a\u0148a Michal Ki\u010da.<\/p>\n\n\n\n<p>Ministerstvo \u017eivotn\u00e9ho prostredia pod\u013ea legislat\u00edvneho pl\u00e1nu s\u00edce bude predklada\u0165 novelu z\u00e1kona o ochrane pr\u00edrody a krajiny, no nie s cie\u013eom odstr\u00e1ni\u0165 poru\u0161enia eur\u00f3pskej legislat\u00edvy v oblasti ochrany pr\u00edrody, ale napr. s cie\u013eom u\u013eah\u010denia v\u00fdrubov. <em>\u201eVl\u00e1da tak vedome ignoruje a nere\u0161pektuje rozsudok S\u00fadneho dvora Eur\u00f3pskej \u00fanie z j\u00fana 2022 pre nedostato\u010dn\u00fa ochranu biotopov<\/em> (pr\u00edpad \u201ehluch\u00e1\u0148\u201c)<em>, \u010do m\u00f4\u017ee vies\u0165 k zbyto\u010dn\u00fdm sankci\u00e1m. Tu je pasivita vl\u00e1dy nielen\u017ee nepochopite\u013en\u00e1, ke\u010f\u017ee novely z\u00e1kona o ochrane pr\u00edrody a krajiny a z\u00e1kona o lesoch s\u00fa pripraven\u00e9, ale jej z\u00e1mery p\u00f4jdu priamo proti tomuto rozsudku,\u201c<\/em> upozor\u0148uje Michal Ki\u010da a uzatv\u00e1ra, \u017ee nekompetentnos\u0165 vl\u00e1dy je zar\u00e1\u017eaj\u00faca aj preto, \u017ee v\u00e4\u010d\u0161ina t\u00fdchto n\u00e1vrhov je d\u00e1vno pripraven\u00e1 a s\u00fa za nimi tis\u00edcky hod\u00edn pr\u00e1ce expertov z rezortu i mimo neho.<\/p>\n","protected":false},"excerpt":{"rendered":"<p>Z Pl\u00e1nu legislat\u00edvnych \u00faloh vl\u00e1dy na rok 2024 ako aj R\u00e1mcov\u00e9ho pl\u00e1nu na cel\u00e9 volebn\u00e9ho obdobie, ktor\u00e9 dnes vl\u00e1da schv\u00e1lila vypl\u00fdva, \u017ee klimatick\u00fd z\u00e1kon a ani z\u00e1kon o krajinnom pl\u00e1novan\u00ed vl\u00e1da toto volebn\u00e9 obdobie nebude schva\u013eova\u0165. Vl\u00e1da nem\u00e1 z\u00e1ujem rie\u0161i\u0165 dopady klimatickej zmeny na obyvate\u013eov Slovenska a ohrozuje aj prijatie piatej platby z Pl\u00e1nu obnovy. [&hellip;]<\/p>\n","protected":false},"author":7,"featured_media":385,"comment_status":"closed","ping_status":"closed","sticky":false,"template":"","format":"standard","meta":{"_acf_changed":false,"ngg_post_thumbnail":0,"footnotes":""},"categories":[4],"tags":[],"class_list":["post-2586","post","type-post","status-publish","format-standard","has-post-thumbnail","hentry","category-tlacove-spravy"],"acf":[],"yoast_head":"<!-- This site is optimized with the Yoast SEO plugin v27.2 - https:\/\/yoast.com\/product\/yoast-seo-wordpress\/ -->\n<title>Klimatick\u00fd z\u00e1kon nebude, vl\u00e1da nepl\u00e1nuje schv\u00e1li\u0165 ani k\u013e\u00fa\u010dov\u00fa legislat\u00edvu pre Pl\u00e1n obnovy - Smedemokrati.sk<\/title>\n<meta name=\"robots\" content=\"index, follow, max-snippet:-1, max-image-preview:large, max-video-preview:-1\" \/>\n<link rel=\"canonical\" href=\"https:\/\/www.smedemokrati.sk\/cs\/klimaticky-zakon-nebude-vlada-neplanuje-schvalit-ani-klucovu-legislativu-pre-plan-obnovy\/\" \/>\n<meta property=\"og:locale\" content=\"cs_CZ\" \/>\n<meta property=\"og:locale:alternate\" content=\"en_US\" \/>\n<meta property=\"og:locale:alternate\" content=\"hu_HU\" \/>\n<meta property=\"og:locale:alternate\" content=\"sk_SK\" \/>\n<meta property=\"og:locale:alternate\" content=\"sv_SE\" \/>\n<meta property=\"og:type\" content=\"article\" \/>\n<meta property=\"og:title\" content=\"Klimatick\u00fd z\u00e1kon nebude, vl\u00e1da nepl\u00e1nuje schv\u00e1li\u0165 ani k\u013e\u00fa\u010dov\u00fa legislat\u00edvu pre Pl\u00e1n obnovy - Smedemokrati.sk\" \/>\n<meta property=\"og:description\" content=\"Z Pl\u00e1nu legislat\u00edvnych \u00faloh vl\u00e1dy na rok 2024 ako aj R\u00e1mcov\u00e9ho pl\u00e1nu na cel\u00e9 volebn\u00e9ho obdobie, ktor\u00e9 dnes vl\u00e1da schv\u00e1lila vypl\u00fdva, \u017ee klimatick\u00fd z\u00e1kon a ani z\u00e1kon o krajinnom pl\u00e1novan\u00ed vl\u00e1da toto volebn\u00e9 obdobie nebude schva\u013eova\u0165. Vl\u00e1da nem\u00e1 z\u00e1ujem rie\u0161i\u0165 dopady klimatickej zmeny na obyvate\u013eov Slovenska a ohrozuje aj prijatie piatej platby z Pl\u00e1nu obnovy. [&hellip;]\" \/>\n<meta property=\"og:url\" content=\"https:\/\/www.smedemokrati.sk\/cs\/klimaticky-zakon-nebude-vlada-neplanuje-schvalit-ani-klucovu-legislativu-pre-plan-obnovy\/\" \/>\n<meta property=\"og:site_name\" content=\"Smedemokrati.sk\" \/>\n<meta property=\"article:publisher\" content=\"https:\/\/www.facebook.com\/smedemokrati2023\" \/>\n<meta property=\"article:published_time\" content=\"2024-02-01T11:00:31+00:00\" \/>\n<meta property=\"article:modified_time\" content=\"2024-02-01T11:00:32+00:00\" \/>\n<meta property=\"og:image\" content=\"https:\/\/www.smedemokrati.sk\/wp-content\/uploads\/2023\/04\/MKica.jpg\" \/>\n\t<meta property=\"og:image:width\" content=\"1520\" \/>\n\t<meta property=\"og:image:height\" content=\"1080\" \/>\n\t<meta property=\"og:image:type\" content=\"image\/jpeg\" \/>\n<meta name=\"author\" content=\"Tom\u00e1\u0161 Koppl\" \/>\n<meta name=\"twitter:card\" content=\"summary_large_image\" \/>\n<meta name=\"twitter:label1\" content=\"Napsal(a)\" \/>\n\t<meta name=\"twitter:data1\" content=\"Tom\u00e1\u0161 Koppl\" \/>\n\t<meta name=\"twitter:label2\" content=\"Odhadovan\u00e1 doba \u010dten\u00ed\" \/>\n\t<meta name=\"twitter:data2\" content=\"2 minuty\" \/>\n<script type=\"application\/ld+json\" class=\"yoast-schema-graph\">{\"@context\":\"https:\/\/schema.org\",\"@graph\":[{\"@type\":\"Article\",\"@id\":\"https:\/\/www.smedemokrati.sk\/klimaticky-zakon-nebude-vlada-neplanuje-schvalit-ani-klucovu-legislativu-pre-plan-obnovy\/#article\",\"isPartOf\":{\"@id\":\"https:\/\/www.smedemokrati.sk\/klimaticky-zakon-nebude-vlada-neplanuje-schvalit-ani-klucovu-legislativu-pre-plan-obnovy\/\"},\"author\":{\"name\":\"Tom\u00e1\u0161 Koppl\",\"@id\":\"https:\/\/www.smedemokrati.sk\/#\/schema\/person\/c60720f4b9955b3c1ed222ebd1fbbc7c\"},\"headline\":\"Klimatick\u00fd z\u00e1kon nebude, vl\u00e1da nepl\u00e1nuje schv\u00e1li\u0165 ani k\u013e\u00fa\u010dov\u00fa legislat\u00edvu pre Pl\u00e1n obnovy\",\"datePublished\":\"2024-02-01T11:00:31+00:00\",\"dateModified\":\"2024-02-01T11:00:32+00:00\",\"mainEntityOfPage\":{\"@id\":\"https:\/\/www.smedemokrati.sk\/klimaticky-zakon-nebude-vlada-neplanuje-schvalit-ani-klucovu-legislativu-pre-plan-obnovy\/\"},\"wordCount\":506,\"publisher\":{\"@id\":\"https:\/\/www.smedemokrati.sk\/#organization\"},\"image\":{\"@id\":\"https:\/\/www.smedemokrati.sk\/klimaticky-zakon-nebude-vlada-neplanuje-schvalit-ani-klucovu-legislativu-pre-plan-obnovy\/#primaryimage\"},\"thumbnailUrl\":\"https:\/\/www.smedemokrati.sk\/wp-content\/uploads\/2023\/04\/MKica.jpg\",\"articleSection\":[\"Tla\u010dov\u00e9 spr\u00e1vy\"],\"inLanguage\":\"cs-CZ\"},{\"@type\":\"WebPage\",\"@id\":\"https:\/\/www.smedemokrati.sk\/klimaticky-zakon-nebude-vlada-neplanuje-schvalit-ani-klucovu-legislativu-pre-plan-obnovy\/\",\"url\":\"https:\/\/www.smedemokrati.sk\/klimaticky-zakon-nebude-vlada-neplanuje-schvalit-ani-klucovu-legislativu-pre-plan-obnovy\/\",\"name\":\"Klimatick\u00fd z\u00e1kon nebude, vl\u00e1da nepl\u00e1nuje schv\u00e1li\u0165 ani k\u013e\u00fa\u010dov\u00fa legislat\u00edvu pre Pl\u00e1n obnovy - Smedemokrati.sk\",\"isPartOf\":{\"@id\":\"https:\/\/www.smedemokrati.sk\/#website\"},\"primaryImageOfPage\":{\"@id\":\"https:\/\/www.smedemokrati.sk\/klimaticky-zakon-nebude-vlada-neplanuje-schvalit-ani-klucovu-legislativu-pre-plan-obnovy\/#primaryimage\"},\"image\":{\"@id\":\"https:\/\/www.smedemokrati.sk\/klimaticky-zakon-nebude-vlada-neplanuje-schvalit-ani-klucovu-legislativu-pre-plan-obnovy\/#primaryimage\"},\"thumbnailUrl\":\"https:\/\/www.smedemokrati.sk\/wp-content\/uploads\/2023\/04\/MKica.jpg\",\"datePublished\":\"2024-02-01T11:00:31+00:00\",\"dateModified\":\"2024-02-01T11:00:32+00:00\",\"breadcrumb\":{\"@id\":\"https:\/\/www.smedemokrati.sk\/klimaticky-zakon-nebude-vlada-neplanuje-schvalit-ani-klucovu-legislativu-pre-plan-obnovy\/#breadcrumb\"},\"inLanguage\":\"cs-CZ\",\"potentialAction\":[{\"@type\":\"ReadAction\",\"target\":[\"https:\/\/www.smedemokrati.sk\/klimaticky-zakon-nebude-vlada-neplanuje-schvalit-ani-klucovu-legislativu-pre-plan-obnovy\/\"]}]},{\"@type\":\"ImageObject\",\"inLanguage\":\"cs-CZ\",\"@id\":\"https:\/\/www.smedemokrati.sk\/klimaticky-zakon-nebude-vlada-neplanuje-schvalit-ani-klucovu-legislativu-pre-plan-obnovy\/#primaryimage\",\"url\":\"https:\/\/www.smedemokrati.sk\/wp-content\/uploads\/2023\/04\/MKica.jpg\",\"contentUrl\":\"https:\/\/www.smedemokrati.sk\/wp-content\/uploads\/2023\/04\/MKica.jpg\",\"width\":1520,\"height\":1080},{\"@type\":\"BreadcrumbList\",\"@id\":\"https:\/\/www.smedemokrati.sk\/klimaticky-zakon-nebude-vlada-neplanuje-schvalit-ani-klucovu-legislativu-pre-plan-obnovy\/#breadcrumb\",\"itemListElement\":[{\"@type\":\"ListItem\",\"position\":1,\"name\":\"Domovsk\u00e1 str\u00e1nka\",\"item\":\"https:\/\/www.smedemokrati.sk\/\"},{\"@type\":\"ListItem\",\"position\":2,\"name\":\"Klimatick\u00fd z\u00e1kon nebude, vl\u00e1da nepl\u00e1nuje schv\u00e1li\u0165 ani k\u013e\u00fa\u010dov\u00fa legislat\u00edvu pre Pl\u00e1n obnovy\"}]},{\"@type\":\"WebSite\",\"@id\":\"https:\/\/www.smedemokrati.sk\/#website\",\"url\":\"https:\/\/www.smedemokrati.sk\/\",\"name\":\"Smedemokrati.sk\",\"description\":\"Demokracia a slu\u0161nos\u0165 zv\u00ed\u0165az\u00ed\",\"publisher\":{\"@id\":\"https:\/\/www.smedemokrati.sk\/#organization\"},\"potentialAction\":[{\"@type\":\"SearchAction\",\"target\":{\"@type\":\"EntryPoint\",\"urlTemplate\":\"https:\/\/www.smedemokrati.sk\/?s={search_term_string}\"},\"query-input\":{\"@type\":\"PropertyValueSpecification\",\"valueRequired\":true,\"valueName\":\"search_term_string\"}}],\"inLanguage\":\"cs-CZ\"},{\"@type\":\"Organization\",\"@id\":\"https:\/\/www.smedemokrati.sk\/#organization\",\"name\":\"Smedemokrati.sk\",\"url\":\"https:\/\/www.smedemokrati.sk\/\",\"logo\":{\"@type\":\"ImageObject\",\"inLanguage\":\"cs-CZ\",\"@id\":\"https:\/\/www.smedemokrati.sk\/#\/schema\/logo\/image\/\",\"url\":\"https:\/\/www.smedemokrati.sk\/wp-content\/uploads\/2023\/04\/ff.002.jpeg\",\"contentUrl\":\"https:\/\/www.smedemokrati.sk\/wp-content\/uploads\/2023\/04\/ff.002.jpeg\",\"width\":640,\"height\":480,\"caption\":\"Smedemokrati.sk\"},\"image\":{\"@id\":\"https:\/\/www.smedemokrati.sk\/#\/schema\/logo\/image\/\"},\"sameAs\":[\"https:\/\/www.facebook.com\/smedemokrati2023\"]},{\"@type\":\"Person\",\"@id\":\"https:\/\/www.smedemokrati.sk\/#\/schema\/person\/c60720f4b9955b3c1ed222ebd1fbbc7c\",\"name\":\"Tom\u00e1\u0161 Koppl\",\"image\":{\"@type\":\"ImageObject\",\"inLanguage\":\"cs-CZ\",\"@id\":\"https:\/\/secure.gravatar.com\/avatar\/8dfa38373c5e39821baf74c8e867a6f12e12c6dab6559aa999d10703b0b1c4ce?s=96&d=mm&r=g\",\"url\":\"https:\/\/secure.gravatar.com\/avatar\/8dfa38373c5e39821baf74c8e867a6f12e12c6dab6559aa999d10703b0b1c4ce?s=96&d=mm&r=g\",\"contentUrl\":\"https:\/\/secure.gravatar.com\/avatar\/8dfa38373c5e39821baf74c8e867a6f12e12c6dab6559aa999d10703b0b1c4ce?s=96&d=mm&r=g\",\"caption\":\"Tom\u00e1\u0161 Koppl\"},\"url\":\"https:\/\/www.smedemokrati.sk\/cs\/author\/tomaskoppl\/\"}]}<\/script>\n<!-- \/ Yoast SEO plugin. -->","yoast_head_json":{"title":"Klimatick\u00fd z\u00e1kon nebude, vl\u00e1da nepl\u00e1nuje schv\u00e1li\u0165 ani k\u013e\u00fa\u010dov\u00fa legislat\u00edvu pre Pl\u00e1n obnovy - Smedemokrati.sk","robots":{"index":"index","follow":"follow","max-snippet":"max-snippet:-1","max-image-preview":"max-image-preview:large","max-video-preview":"max-video-preview:-1"},"canonical":"https:\/\/www.smedemokrati.sk\/cs\/klimaticky-zakon-nebude-vlada-neplanuje-schvalit-ani-klucovu-legislativu-pre-plan-obnovy\/","og_locale":"cs_CZ","og_type":"article","og_title":"Klimatick\u00fd z\u00e1kon nebude, vl\u00e1da nepl\u00e1nuje schv\u00e1li\u0165 ani k\u013e\u00fa\u010dov\u00fa legislat\u00edvu pre Pl\u00e1n obnovy - Smedemokrati.sk","og_description":"Z Pl\u00e1nu legislat\u00edvnych \u00faloh vl\u00e1dy na rok 2024 ako aj R\u00e1mcov\u00e9ho pl\u00e1nu na cel\u00e9 volebn\u00e9ho obdobie, ktor\u00e9 dnes vl\u00e1da schv\u00e1lila vypl\u00fdva, \u017ee klimatick\u00fd z\u00e1kon a ani z\u00e1kon o krajinnom pl\u00e1novan\u00ed vl\u00e1da toto volebn\u00e9 obdobie nebude schva\u013eova\u0165. Vl\u00e1da nem\u00e1 z\u00e1ujem rie\u0161i\u0165 dopady klimatickej zmeny na obyvate\u013eov Slovenska a ohrozuje aj prijatie piatej platby z Pl\u00e1nu obnovy. [&hellip;]","og_url":"https:\/\/www.smedemokrati.sk\/cs\/klimaticky-zakon-nebude-vlada-neplanuje-schvalit-ani-klucovu-legislativu-pre-plan-obnovy\/","og_site_name":"Smedemokrati.sk","article_publisher":"https:\/\/www.facebook.com\/smedemokrati2023","article_published_time":"2024-02-01T11:00:31+00:00","article_modified_time":"2024-02-01T11:00:32+00:00","og_image":[{"width":1520,"height":1080,"url":"https:\/\/www.smedemokrati.sk\/wp-content\/uploads\/2023\/04\/MKica.jpg","type":"image\/jpeg"}],"author":"Tom\u00e1\u0161 Koppl","twitter_card":"summary_large_image","twitter_misc":{"Napsal(a)":"Tom\u00e1\u0161 Koppl","Odhadovan\u00e1 doba \u010dten\u00ed":"2 minuty"},"schema":{"@context":"https:\/\/schema.org","@graph":[{"@type":"Article","@id":"https:\/\/www.smedemokrati.sk\/klimaticky-zakon-nebude-vlada-neplanuje-schvalit-ani-klucovu-legislativu-pre-plan-obnovy\/#article","isPartOf":{"@id":"https:\/\/www.smedemokrati.sk\/klimaticky-zakon-nebude-vlada-neplanuje-schvalit-ani-klucovu-legislativu-pre-plan-obnovy\/"},"author":{"name":"Tom\u00e1\u0161 Koppl","@id":"https:\/\/www.smedemokrati.sk\/#\/schema\/person\/c60720f4b9955b3c1ed222ebd1fbbc7c"},"headline":"Klimatick\u00fd z\u00e1kon nebude, vl\u00e1da nepl\u00e1nuje schv\u00e1li\u0165 ani k\u013e\u00fa\u010dov\u00fa legislat\u00edvu pre Pl\u00e1n obnovy","datePublished":"2024-02-01T11:00:31+00:00","dateModified":"2024-02-01T11:00:32+00:00","mainEntityOfPage":{"@id":"https:\/\/www.smedemokrati.sk\/klimaticky-zakon-nebude-vlada-neplanuje-schvalit-ani-klucovu-legislativu-pre-plan-obnovy\/"},"wordCount":506,"publisher":{"@id":"https:\/\/www.smedemokrati.sk\/#organization"},"image":{"@id":"https:\/\/www.smedemokrati.sk\/klimaticky-zakon-nebude-vlada-neplanuje-schvalit-ani-klucovu-legislativu-pre-plan-obnovy\/#primaryimage"},"thumbnailUrl":"https:\/\/www.smedemokrati.sk\/wp-content\/uploads\/2023\/04\/MKica.jpg","articleSection":["Tla\u010dov\u00e9 spr\u00e1vy"],"inLanguage":"cs-CZ"},{"@type":"WebPage","@id":"https:\/\/www.smedemokrati.sk\/klimaticky-zakon-nebude-vlada-neplanuje-schvalit-ani-klucovu-legislativu-pre-plan-obnovy\/","url":"https:\/\/www.smedemokrati.sk\/klimaticky-zakon-nebude-vlada-neplanuje-schvalit-ani-klucovu-legislativu-pre-plan-obnovy\/","name":"Klimatick\u00fd z\u00e1kon nebude, vl\u00e1da nepl\u00e1nuje schv\u00e1li\u0165 ani k\u013e\u00fa\u010dov\u00fa legislat\u00edvu pre Pl\u00e1n obnovy - Smedemokrati.sk","isPartOf":{"@id":"https:\/\/www.smedemokrati.sk\/#website"},"primaryImageOfPage":{"@id":"https:\/\/www.smedemokrati.sk\/klimaticky-zakon-nebude-vlada-neplanuje-schvalit-ani-klucovu-legislativu-pre-plan-obnovy\/#primaryimage"},"image":{"@id":"https:\/\/www.smedemokrati.sk\/klimaticky-zakon-nebude-vlada-neplanuje-schvalit-ani-klucovu-legislativu-pre-plan-obnovy\/#primaryimage"},"thumbnailUrl":"https:\/\/www.smedemokrati.sk\/wp-content\/uploads\/2023\/04\/MKica.jpg","datePublished":"2024-02-01T11:00:31+00:00","dateModified":"2024-02-01T11:00:32+00:00","breadcrumb":{"@id":"https:\/\/www.smedemokrati.sk\/klimaticky-zakon-nebude-vlada-neplanuje-schvalit-ani-klucovu-legislativu-pre-plan-obnovy\/#breadcrumb"},"inLanguage":"cs-CZ","potentialAction":[{"@type":"ReadAction","target":["https:\/\/www.smedemokrati.sk\/klimaticky-zakon-nebude-vlada-neplanuje-schvalit-ani-klucovu-legislativu-pre-plan-obnovy\/"]}]},{"@type":"ImageObject","inLanguage":"cs-CZ","@id":"https:\/\/www.smedemokrati.sk\/klimaticky-zakon-nebude-vlada-neplanuje-schvalit-ani-klucovu-legislativu-pre-plan-obnovy\/#primaryimage","url":"https:\/\/www.smedemokrati.sk\/wp-content\/uploads\/2023\/04\/MKica.jpg","contentUrl":"https:\/\/www.smedemokrati.sk\/wp-content\/uploads\/2023\/04\/MKica.jpg","width":1520,"height":1080},{"@type":"BreadcrumbList","@id":"https:\/\/www.smedemokrati.sk\/klimaticky-zakon-nebude-vlada-neplanuje-schvalit-ani-klucovu-legislativu-pre-plan-obnovy\/#breadcrumb","itemListElement":[{"@type":"ListItem","position":1,"name":"Domovsk\u00e1 str\u00e1nka","item":"https:\/\/www.smedemokrati.sk\/"},{"@type":"ListItem","position":2,"name":"Klimatick\u00fd z\u00e1kon nebude, vl\u00e1da nepl\u00e1nuje schv\u00e1li\u0165 ani k\u013e\u00fa\u010dov\u00fa legislat\u00edvu pre Pl\u00e1n obnovy"}]},{"@type":"WebSite","@id":"https:\/\/www.smedemokrati.sk\/#website","url":"https:\/\/www.smedemokrati.sk\/","name":"Smedemokrati.sk","description":"Demokracia a slu\u0161nos\u0165 zv\u00ed\u0165az\u00ed","publisher":{"@id":"https:\/\/www.smedemokrati.sk\/#organization"},"potentialAction":[{"@type":"SearchAction","target":{"@type":"EntryPoint","urlTemplate":"https:\/\/www.smedemokrati.sk\/?s={search_term_string}"},"query-input":{"@type":"PropertyValueSpecification","valueRequired":true,"valueName":"search_term_string"}}],"inLanguage":"cs-CZ"},{"@type":"Organization","@id":"https:\/\/www.smedemokrati.sk\/#organization","name":"Smedemokrati.sk","url":"https:\/\/www.smedemokrati.sk\/","logo":{"@type":"ImageObject","inLanguage":"cs-CZ","@id":"https:\/\/www.smedemokrati.sk\/#\/schema\/logo\/image\/","url":"https:\/\/www.smedemokrati.sk\/wp-content\/uploads\/2023\/04\/ff.002.jpeg","contentUrl":"https:\/\/www.smedemokrati.sk\/wp-content\/uploads\/2023\/04\/ff.002.jpeg","width":640,"height":480,"caption":"Smedemokrati.sk"},"image":{"@id":"https:\/\/www.smedemokrati.sk\/#\/schema\/logo\/image\/"},"sameAs":["https:\/\/www.facebook.com\/smedemokrati2023"]},{"@type":"Person","@id":"https:\/\/www.smedemokrati.sk\/#\/schema\/person\/c60720f4b9955b3c1ed222ebd1fbbc7c","name":"Tom\u00e1\u0161 Koppl","image":{"@type":"ImageObject","inLanguage":"cs-CZ","@id":"https:\/\/secure.gravatar.com\/avatar\/8dfa38373c5e39821baf74c8e867a6f12e12c6dab6559aa999d10703b0b1c4ce?s=96&d=mm&r=g","url":"https:\/\/secure.gravatar.com\/avatar\/8dfa38373c5e39821baf74c8e867a6f12e12c6dab6559aa999d10703b0b1c4ce?s=96&d=mm&r=g","contentUrl":"https:\/\/secure.gravatar.com\/avatar\/8dfa38373c5e39821baf74c8e867a6f12e12c6dab6559aa999d10703b0b1c4ce?s=96&d=mm&r=g","caption":"Tom\u00e1\u0161 Koppl"},"url":"https:\/\/www.smedemokrati.sk\/cs\/author\/tomaskoppl\/"}]}},"_links":{"self":[{"href":"https:\/\/www.smedemokrati.sk\/cs\/wp-json\/wp\/v2\/posts\/2586","targetHints":{"allow":["GET"]}}],"collection":[{"href":"https:\/\/www.smedemokrati.sk\/cs\/wp-json\/wp\/v2\/posts"}],"about":[{"href":"https:\/\/www.smedemokrati.sk\/cs\/wp-json\/wp\/v2\/types\/post"}],"author":[{"embeddable":true,"href":"https:\/\/www.smedemokrati.sk\/cs\/wp-json\/wp\/v2\/users\/7"}],"replies":[{"embeddable":true,"href":"https:\/\/www.smedemokrati.sk\/cs\/wp-json\/wp\/v2\/comments?post=2586"}],"version-history":[{"count":1,"href":"https:\/\/www.smedemokrati.sk\/cs\/wp-json\/wp\/v2\/posts\/2586\/revisions"}],"predecessor-version":[{"id":2587,"href":"https:\/\/www.smedemokrati.sk\/cs\/wp-json\/wp\/v2\/posts\/2586\/revisions\/2587"}],"wp:featuredmedia":[{"embeddable":true,"href":"https:\/\/www.smedemokrati.sk\/cs\/wp-json\/wp\/v2\/media\/385"}],"wp:attachment":[{"href":"https:\/\/www.smedemokrati.sk\/cs\/wp-json\/wp\/v2\/media?parent=2586"}],"wp:term":[{"taxonomy":"category","embeddable":true,"href":"https:\/\/www.smedemokrati.sk\/cs\/wp-json\/wp\/v2\/categories?post=2586"},{"taxonomy":"post_tag","embeddable":true,"href":"https:\/\/www.smedemokrati.sk\/cs\/wp-json\/wp\/v2\/tags?post=2586"}],"curies":[{"name":"wp","href":"https:\/\/api.w.org\/{rel}","templated":true}]}}