{"id":2555,"date":"2024-01-24T18:01:43","date_gmt":"2024-01-24T16:01:43","guid":{"rendered":"https:\/\/www.smedemokrati.sk\/?p=2555"},"modified":"2024-01-25T14:13:01","modified_gmt":"2024-01-25T12:13:01","slug":"seliga-uverejnil-dokaz-ze-zilinka-klamal","status":"publish","type":"post","link":"https:\/\/www.smedemokrati.sk\/cs\/seliga-uverejnil-dokaz-ze-zilinka-klamal\/","title":{"rendered":"\u0160eliga uverejnil d\u00f4kaz, \u017ee \u017dilinka klamal"},"content":{"rendered":"<div id=\"fb-root\"><\/div>\n\n<p><strong>Juraj \u0160eliga u\u017e minul\u00fd rok upozor\u0148oval na stretnutia Maro\u0161a \u017dilinku a Diany Santusovej, vy\u0161etrovate\u013eky policajnej in\u0161pekcie. \u017dilinka stretnutia poprel, ostatne tak urobil po v\u010deraj\u0161ej tla\u010dovej konferenci\u00ed Demokratov, kde podpredseda strany \u0160eliga jasne vykreslil sch\u00e9mu manipul\u00e1ci\u00ed na Gener\u00e1lnej prokurat\u00fare. Reakciou na klamstv\u00e1 M. \u017dilinku bolo dne\u0161n\u00e9 uverejnenie v\u00fdpovede D. Santusovej, ktor\u00e1 n\u00e1v\u0161tevy v kancel\u00e1rii gener\u00e1lneho prokur\u00e1tora potvrdila na v\u00fdsluchu.<\/strong><\/p>\n\n\n\n<p>Pr\u00e1ve tieto stretnutia sl\u00fa\u017eili na koordin\u00e1ciu krokov, ako odstavi\u0165 vy\u0161etrovanie podozren\u00ed vo\u010di in\u0161pek\u010dn\u00e9mu t\u00edmu Santusovej:\u00a0<em>\u201eStretli sa e\u0161te v lete a dohodli si postup udelenia 363. Tej 363, ktor\u00fa \u00dastavn\u00fd s\u00fad ozna\u010dil za nez\u00e1konn\u00fa. I\u0161lo o najr\u00fdchlej\u0161ie udelenie tohto paragrafu, za 12 dn\u00ed zastavili vy\u0161etrovanie aj napriek tomu, \u017ee nikto nebol obvinen\u00fd,\u201d<\/em>\u00a0povedal \u0160eliga a odprezentoval k\u00f3piu spisu z v\u00fdpovede D. Santusovej, kde je uveden\u00e9: \u201eSpomenula som si, \u017ee bolo stretnutie na GP SR aj s Dr. Remetom a JUDr. Adri\u00e1nom Szab\u00f3om &#8211; riadite\u013eom \u00faradu, zo strany GP tam bol gener\u00e1lny prokur\u00e1tor, mysl\u00edm, \u017ee len on, ale nepam\u00e4t\u00e1m si presne u\u017e teraz,\u201d zacitoval \u0160eliga a upozornil, \u017ee ak Santusov\u00e1 nehovor\u00ed v dokumente o stretnutiach pravdu, ide o kriv\u00fa v\u00fdpove\u010f, \u010do je flagrantn\u00fdm poru\u0161en\u00edm z\u00e1kona.<\/p>\n\n\n\n<p>Pod\u013ea \u0160eligu je nehor\u00e1zne, ako gener\u00e1lny prokur\u00e1tor klame o stretnutiach, ktor\u00e9 mali dopad jednak na verejn\u00fa mienku a tie\u017e vy\u0161etrovania z\u00e1va\u017en\u00fdch poru\u0161en\u00ed z\u00e1kona. Pod\u013ea \u0160eligu mus\u00ed Maro\u0161 \u017dilinka okam\u017eite odst\u00fapi\u0165, preto\u017ee sa potvrdilo, \u017ee pri v\u00fdkone svojej funkcie opakovane klamal. Na z\u00e1ver dod\u00e1va, \u017ee v odkr\u00fdvan\u00ed nez\u00e1konn\u00fdch konan\u00ed, ktor\u00e9 smeruj\u00fa na najvy\u0161\u0161ie vl\u00e1dne posty s\u00fa\u010dasn\u00fdch predstavite\u013eov \u0161t\u00e1tu bude intenz\u00edvne pokra\u010dova\u0165.<\/p>\n\n\n\n<figure class=\"wp-block-embed is-type-video is-provider-youtube wp-block-embed-youtube wp-embed-aspect-16-9 wp-has-aspect-ratio\"><div class=\"wp-block-embed__wrapper\">\n<iframe title=\"\ud83d\udd34LIVE: Gener\u00e1lna prokurat\u00fara je v tom a\u017e po u\u0161i II.\" width=\"500\" height=\"281\" src=\"https:\/\/www.youtube.com\/embed\/xG5yFDf7wtI?feature=oembed\" frameborder=\"0\" allow=\"accelerometer; autoplay; clipboard-write; encrypted-media; gyroscope; picture-in-picture; web-share\" referrerpolicy=\"strict-origin-when-cross-origin\" allowfullscreen><\/iframe>\n<\/div><\/figure>\n","protected":false},"excerpt":{"rendered":"<p>Juraj \u0160eliga u\u017e minul\u00fd rok upozor\u0148oval na stretnutia Maro\u0161a \u017dilinku a Diany Santusovej, vy\u0161etrovate\u013eky policajnej in\u0161pekcie. \u017dilinka stretnutia poprel, ostatne tak urobil po v\u010deraj\u0161ej tla\u010dovej konferenci\u00ed Demokratov, kde podpredseda strany \u0160eliga jasne vykreslil sch\u00e9mu manipul\u00e1ci\u00ed na Gener\u00e1lnej prokurat\u00fare. Reakciou na klamstv\u00e1 M. \u017dilinku bolo dne\u0161n\u00e9 uverejnenie v\u00fdpovede D. Santusovej, ktor\u00e1 n\u00e1v\u0161tevy v kancel\u00e1rii gener\u00e1lneho prokur\u00e1tora [&hellip;]<\/p>\n","protected":false},"author":7,"featured_media":2556,"comment_status":"closed","ping_status":"closed","sticky":false,"template":"","format":"standard","meta":{"_acf_changed":false,"ngg_post_thumbnail":0,"footnotes":""},"categories":[4],"tags":[],"class_list":["post-2555","post","type-post","status-publish","format-standard","has-post-thumbnail","hentry","category-tlacove-spravy"],"acf":[],"yoast_head":"<!-- This site is optimized with the Yoast SEO plugin v27.2 - https:\/\/yoast.com\/product\/yoast-seo-wordpress\/ -->\n<title>\u0160eliga uverejnil d\u00f4kaz, \u017ee \u017dilinka klamal - Smedemokrati.sk<\/title>\n<meta name=\"robots\" content=\"index, follow, max-snippet:-1, max-image-preview:large, max-video-preview:-1\" \/>\n<link rel=\"canonical\" href=\"https:\/\/www.smedemokrati.sk\/cs\/seliga-uverejnil-dokaz-ze-zilinka-klamal\/\" \/>\n<meta property=\"og:locale\" content=\"cs_CZ\" \/>\n<meta property=\"og:locale:alternate\" content=\"en_US\" \/>\n<meta property=\"og:locale:alternate\" content=\"hu_HU\" \/>\n<meta property=\"og:locale:alternate\" content=\"sk_SK\" \/>\n<meta property=\"og:locale:alternate\" content=\"sv_SE\" \/>\n<meta property=\"og:type\" content=\"article\" \/>\n<meta property=\"og:title\" content=\"\u0160eliga uverejnil d\u00f4kaz, \u017ee \u017dilinka klamal - Smedemokrati.sk\" \/>\n<meta property=\"og:description\" content=\"Juraj \u0160eliga u\u017e minul\u00fd rok upozor\u0148oval na stretnutia Maro\u0161a \u017dilinku a Diany Santusovej, vy\u0161etrovate\u013eky policajnej in\u0161pekcie. \u017dilinka stretnutia poprel, ostatne tak urobil po v\u010deraj\u0161ej tla\u010dovej konferenci\u00ed Demokratov, kde podpredseda strany \u0160eliga jasne vykreslil sch\u00e9mu manipul\u00e1ci\u00ed na Gener\u00e1lnej prokurat\u00fare. Reakciou na klamstv\u00e1 M. \u017dilinku bolo dne\u0161n\u00e9 uverejnenie v\u00fdpovede D. Santusovej, ktor\u00e1 n\u00e1v\u0161tevy v kancel\u00e1rii gener\u00e1lneho prokur\u00e1tora [&hellip;]\" \/>\n<meta property=\"og:url\" content=\"https:\/\/www.smedemokrati.sk\/cs\/seliga-uverejnil-dokaz-ze-zilinka-klamal\/\" \/>\n<meta property=\"og:site_name\" content=\"Smedemokrati.sk\" \/>\n<meta property=\"article:publisher\" content=\"https:\/\/www.facebook.com\/smedemokrati2023\" \/>\n<meta property=\"article:published_time\" content=\"2024-01-24T16:01:43+00:00\" \/>\n<meta property=\"article:modified_time\" content=\"2024-01-25T12:13:01+00:00\" \/>\n<meta property=\"og:image\" content=\"https:\/\/www.smedemokrati.sk\/wp-content\/uploads\/2024\/01\/juro-1.jpg\" \/>\n\t<meta property=\"og:image:width\" content=\"1227\" \/>\n\t<meta property=\"og:image:height\" content=\"707\" \/>\n\t<meta property=\"og:image:type\" content=\"image\/jpeg\" \/>\n<meta name=\"author\" content=\"Tom\u00e1\u0161 Koppl\" \/>\n<meta name=\"twitter:card\" content=\"summary_large_image\" \/>\n<meta name=\"twitter:label1\" content=\"Napsal(a)\" \/>\n\t<meta name=\"twitter:data1\" content=\"Tom\u00e1\u0161 Koppl\" \/>\n<script type=\"application\/ld+json\" class=\"yoast-schema-graph\">{\"@context\":\"https:\/\/schema.org\",\"@graph\":[{\"@type\":\"Article\",\"@id\":\"https:\/\/www.smedemokrati.sk\/seliga-uverejnil-dokaz-ze-zilinka-klamal\/#article\",\"isPartOf\":{\"@id\":\"https:\/\/www.smedemokrati.sk\/seliga-uverejnil-dokaz-ze-zilinka-klamal\/\"},\"author\":{\"name\":\"Tom\u00e1\u0161 Koppl\",\"@id\":\"https:\/\/www.smedemokrati.sk\/#\/schema\/person\/c60720f4b9955b3c1ed222ebd1fbbc7c\"},\"headline\":\"\u0160eliga uverejnil d\u00f4kaz, \u017ee \u017dilinka klamal\",\"datePublished\":\"2024-01-24T16:01:43+00:00\",\"dateModified\":\"2024-01-25T12:13:01+00:00\",\"mainEntityOfPage\":{\"@id\":\"https:\/\/www.smedemokrati.sk\/seliga-uverejnil-dokaz-ze-zilinka-klamal\/\"},\"wordCount\":338,\"publisher\":{\"@id\":\"https:\/\/www.smedemokrati.sk\/#organization\"},\"image\":{\"@id\":\"https:\/\/www.smedemokrati.sk\/seliga-uverejnil-dokaz-ze-zilinka-klamal\/#primaryimage\"},\"thumbnailUrl\":\"https:\/\/www.smedemokrati.sk\/wp-content\/uploads\/2024\/01\/juro-1.jpg\",\"articleSection\":[\"Tla\u010dov\u00e9 spr\u00e1vy\"],\"inLanguage\":\"cs-CZ\"},{\"@type\":\"WebPage\",\"@id\":\"https:\/\/www.smedemokrati.sk\/seliga-uverejnil-dokaz-ze-zilinka-klamal\/\",\"url\":\"https:\/\/www.smedemokrati.sk\/seliga-uverejnil-dokaz-ze-zilinka-klamal\/\",\"name\":\"\u0160eliga uverejnil d\u00f4kaz, \u017ee \u017dilinka klamal - Smedemokrati.sk\",\"isPartOf\":{\"@id\":\"https:\/\/www.smedemokrati.sk\/#website\"},\"primaryImageOfPage\":{\"@id\":\"https:\/\/www.smedemokrati.sk\/seliga-uverejnil-dokaz-ze-zilinka-klamal\/#primaryimage\"},\"image\":{\"@id\":\"https:\/\/www.smedemokrati.sk\/seliga-uverejnil-dokaz-ze-zilinka-klamal\/#primaryimage\"},\"thumbnailUrl\":\"https:\/\/www.smedemokrati.sk\/wp-content\/uploads\/2024\/01\/juro-1.jpg\",\"datePublished\":\"2024-01-24T16:01:43+00:00\",\"dateModified\":\"2024-01-25T12:13:01+00:00\",\"breadcrumb\":{\"@id\":\"https:\/\/www.smedemokrati.sk\/seliga-uverejnil-dokaz-ze-zilinka-klamal\/#breadcrumb\"},\"inLanguage\":\"cs-CZ\",\"potentialAction\":[{\"@type\":\"ReadAction\",\"target\":[\"https:\/\/www.smedemokrati.sk\/seliga-uverejnil-dokaz-ze-zilinka-klamal\/\"]}]},{\"@type\":\"ImageObject\",\"inLanguage\":\"cs-CZ\",\"@id\":\"https:\/\/www.smedemokrati.sk\/seliga-uverejnil-dokaz-ze-zilinka-klamal\/#primaryimage\",\"url\":\"https:\/\/www.smedemokrati.sk\/wp-content\/uploads\/2024\/01\/juro-1.jpg\",\"contentUrl\":\"https:\/\/www.smedemokrati.sk\/wp-content\/uploads\/2024\/01\/juro-1.jpg\",\"width\":1227,\"height\":707},{\"@type\":\"BreadcrumbList\",\"@id\":\"https:\/\/www.smedemokrati.sk\/seliga-uverejnil-dokaz-ze-zilinka-klamal\/#breadcrumb\",\"itemListElement\":[{\"@type\":\"ListItem\",\"position\":1,\"name\":\"Domovsk\u00e1 str\u00e1nka\",\"item\":\"https:\/\/www.smedemokrati.sk\/\"},{\"@type\":\"ListItem\",\"position\":2,\"name\":\"\u0160eliga uverejnil d\u00f4kaz, \u017ee \u017dilinka klamal\"}]},{\"@type\":\"WebSite\",\"@id\":\"https:\/\/www.smedemokrati.sk\/#website\",\"url\":\"https:\/\/www.smedemokrati.sk\/\",\"name\":\"Smedemokrati.sk\",\"description\":\"Demokracia a slu\u0161nos\u0165 zv\u00ed\u0165az\u00ed\",\"publisher\":{\"@id\":\"https:\/\/www.smedemokrati.sk\/#organization\"},\"potentialAction\":[{\"@type\":\"SearchAction\",\"target\":{\"@type\":\"EntryPoint\",\"urlTemplate\":\"https:\/\/www.smedemokrati.sk\/?s={search_term_string}\"},\"query-input\":{\"@type\":\"PropertyValueSpecification\",\"valueRequired\":true,\"valueName\":\"search_term_string\"}}],\"inLanguage\":\"cs-CZ\"},{\"@type\":\"Organization\",\"@id\":\"https:\/\/www.smedemokrati.sk\/#organization\",\"name\":\"Smedemokrati.sk\",\"url\":\"https:\/\/www.smedemokrati.sk\/\",\"logo\":{\"@type\":\"ImageObject\",\"inLanguage\":\"cs-CZ\",\"@id\":\"https:\/\/www.smedemokrati.sk\/#\/schema\/logo\/image\/\",\"url\":\"https:\/\/www.smedemokrati.sk\/wp-content\/uploads\/2023\/04\/ff.002.jpeg\",\"contentUrl\":\"https:\/\/www.smedemokrati.sk\/wp-content\/uploads\/2023\/04\/ff.002.jpeg\",\"width\":640,\"height\":480,\"caption\":\"Smedemokrati.sk\"},\"image\":{\"@id\":\"https:\/\/www.smedemokrati.sk\/#\/schema\/logo\/image\/\"},\"sameAs\":[\"https:\/\/www.facebook.com\/smedemokrati2023\"]},{\"@type\":\"Person\",\"@id\":\"https:\/\/www.smedemokrati.sk\/#\/schema\/person\/c60720f4b9955b3c1ed222ebd1fbbc7c\",\"name\":\"Tom\u00e1\u0161 Koppl\",\"image\":{\"@type\":\"ImageObject\",\"inLanguage\":\"cs-CZ\",\"@id\":\"https:\/\/secure.gravatar.com\/avatar\/8dfa38373c5e39821baf74c8e867a6f12e12c6dab6559aa999d10703b0b1c4ce?s=96&d=mm&r=g\",\"url\":\"https:\/\/secure.gravatar.com\/avatar\/8dfa38373c5e39821baf74c8e867a6f12e12c6dab6559aa999d10703b0b1c4ce?s=96&d=mm&r=g\",\"contentUrl\":\"https:\/\/secure.gravatar.com\/avatar\/8dfa38373c5e39821baf74c8e867a6f12e12c6dab6559aa999d10703b0b1c4ce?s=96&d=mm&r=g\",\"caption\":\"Tom\u00e1\u0161 Koppl\"},\"url\":\"https:\/\/www.smedemokrati.sk\/cs\/author\/tomaskoppl\/\"}]}<\/script>\n<!-- \/ Yoast SEO plugin. -->","yoast_head_json":{"title":"\u0160eliga uverejnil d\u00f4kaz, \u017ee \u017dilinka klamal - Smedemokrati.sk","robots":{"index":"index","follow":"follow","max-snippet":"max-snippet:-1","max-image-preview":"max-image-preview:large","max-video-preview":"max-video-preview:-1"},"canonical":"https:\/\/www.smedemokrati.sk\/cs\/seliga-uverejnil-dokaz-ze-zilinka-klamal\/","og_locale":"cs_CZ","og_type":"article","og_title":"\u0160eliga uverejnil d\u00f4kaz, \u017ee \u017dilinka klamal - Smedemokrati.sk","og_description":"Juraj \u0160eliga u\u017e minul\u00fd rok upozor\u0148oval na stretnutia Maro\u0161a \u017dilinku a Diany Santusovej, vy\u0161etrovate\u013eky policajnej in\u0161pekcie. \u017dilinka stretnutia poprel, ostatne tak urobil po v\u010deraj\u0161ej tla\u010dovej konferenci\u00ed Demokratov, kde podpredseda strany \u0160eliga jasne vykreslil sch\u00e9mu manipul\u00e1ci\u00ed na Gener\u00e1lnej prokurat\u00fare. Reakciou na klamstv\u00e1 M. \u017dilinku bolo dne\u0161n\u00e9 uverejnenie v\u00fdpovede D. Santusovej, ktor\u00e1 n\u00e1v\u0161tevy v kancel\u00e1rii gener\u00e1lneho prokur\u00e1tora [&hellip;]","og_url":"https:\/\/www.smedemokrati.sk\/cs\/seliga-uverejnil-dokaz-ze-zilinka-klamal\/","og_site_name":"Smedemokrati.sk","article_publisher":"https:\/\/www.facebook.com\/smedemokrati2023","article_published_time":"2024-01-24T16:01:43+00:00","article_modified_time":"2024-01-25T12:13:01+00:00","og_image":[{"width":1227,"height":707,"url":"https:\/\/www.smedemokrati.sk\/wp-content\/uploads\/2024\/01\/juro-1.jpg","type":"image\/jpeg"}],"author":"Tom\u00e1\u0161 Koppl","twitter_card":"summary_large_image","twitter_misc":{"Napsal(a)":"Tom\u00e1\u0161 Koppl"},"schema":{"@context":"https:\/\/schema.org","@graph":[{"@type":"Article","@id":"https:\/\/www.smedemokrati.sk\/seliga-uverejnil-dokaz-ze-zilinka-klamal\/#article","isPartOf":{"@id":"https:\/\/www.smedemokrati.sk\/seliga-uverejnil-dokaz-ze-zilinka-klamal\/"},"author":{"name":"Tom\u00e1\u0161 Koppl","@id":"https:\/\/www.smedemokrati.sk\/#\/schema\/person\/c60720f4b9955b3c1ed222ebd1fbbc7c"},"headline":"\u0160eliga uverejnil d\u00f4kaz, \u017ee \u017dilinka klamal","datePublished":"2024-01-24T16:01:43+00:00","dateModified":"2024-01-25T12:13:01+00:00","mainEntityOfPage":{"@id":"https:\/\/www.smedemokrati.sk\/seliga-uverejnil-dokaz-ze-zilinka-klamal\/"},"wordCount":338,"publisher":{"@id":"https:\/\/www.smedemokrati.sk\/#organization"},"image":{"@id":"https:\/\/www.smedemokrati.sk\/seliga-uverejnil-dokaz-ze-zilinka-klamal\/#primaryimage"},"thumbnailUrl":"https:\/\/www.smedemokrati.sk\/wp-content\/uploads\/2024\/01\/juro-1.jpg","articleSection":["Tla\u010dov\u00e9 spr\u00e1vy"],"inLanguage":"cs-CZ"},{"@type":"WebPage","@id":"https:\/\/www.smedemokrati.sk\/seliga-uverejnil-dokaz-ze-zilinka-klamal\/","url":"https:\/\/www.smedemokrati.sk\/seliga-uverejnil-dokaz-ze-zilinka-klamal\/","name":"\u0160eliga uverejnil d\u00f4kaz, \u017ee \u017dilinka klamal - Smedemokrati.sk","isPartOf":{"@id":"https:\/\/www.smedemokrati.sk\/#website"},"primaryImageOfPage":{"@id":"https:\/\/www.smedemokrati.sk\/seliga-uverejnil-dokaz-ze-zilinka-klamal\/#primaryimage"},"image":{"@id":"https:\/\/www.smedemokrati.sk\/seliga-uverejnil-dokaz-ze-zilinka-klamal\/#primaryimage"},"thumbnailUrl":"https:\/\/www.smedemokrati.sk\/wp-content\/uploads\/2024\/01\/juro-1.jpg","datePublished":"2024-01-24T16:01:43+00:00","dateModified":"2024-01-25T12:13:01+00:00","breadcrumb":{"@id":"https:\/\/www.smedemokrati.sk\/seliga-uverejnil-dokaz-ze-zilinka-klamal\/#breadcrumb"},"inLanguage":"cs-CZ","potentialAction":[{"@type":"ReadAction","target":["https:\/\/www.smedemokrati.sk\/seliga-uverejnil-dokaz-ze-zilinka-klamal\/"]}]},{"@type":"ImageObject","inLanguage":"cs-CZ","@id":"https:\/\/www.smedemokrati.sk\/seliga-uverejnil-dokaz-ze-zilinka-klamal\/#primaryimage","url":"https:\/\/www.smedemokrati.sk\/wp-content\/uploads\/2024\/01\/juro-1.jpg","contentUrl":"https:\/\/www.smedemokrati.sk\/wp-content\/uploads\/2024\/01\/juro-1.jpg","width":1227,"height":707},{"@type":"BreadcrumbList","@id":"https:\/\/www.smedemokrati.sk\/seliga-uverejnil-dokaz-ze-zilinka-klamal\/#breadcrumb","itemListElement":[{"@type":"ListItem","position":1,"name":"Domovsk\u00e1 str\u00e1nka","item":"https:\/\/www.smedemokrati.sk\/"},{"@type":"ListItem","position":2,"name":"\u0160eliga uverejnil d\u00f4kaz, \u017ee \u017dilinka klamal"}]},{"@type":"WebSite","@id":"https:\/\/www.smedemokrati.sk\/#website","url":"https:\/\/www.smedemokrati.sk\/","name":"Smedemokrati.sk","description":"Demokracia a slu\u0161nos\u0165 zv\u00ed\u0165az\u00ed","publisher":{"@id":"https:\/\/www.smedemokrati.sk\/#organization"},"potentialAction":[{"@type":"SearchAction","target":{"@type":"EntryPoint","urlTemplate":"https:\/\/www.smedemokrati.sk\/?s={search_term_string}"},"query-input":{"@type":"PropertyValueSpecification","valueRequired":true,"valueName":"search_term_string"}}],"inLanguage":"cs-CZ"},{"@type":"Organization","@id":"https:\/\/www.smedemokrati.sk\/#organization","name":"Smedemokrati.sk","url":"https:\/\/www.smedemokrati.sk\/","logo":{"@type":"ImageObject","inLanguage":"cs-CZ","@id":"https:\/\/www.smedemokrati.sk\/#\/schema\/logo\/image\/","url":"https:\/\/www.smedemokrati.sk\/wp-content\/uploads\/2023\/04\/ff.002.jpeg","contentUrl":"https:\/\/www.smedemokrati.sk\/wp-content\/uploads\/2023\/04\/ff.002.jpeg","width":640,"height":480,"caption":"Smedemokrati.sk"},"image":{"@id":"https:\/\/www.smedemokrati.sk\/#\/schema\/logo\/image\/"},"sameAs":["https:\/\/www.facebook.com\/smedemokrati2023"]},{"@type":"Person","@id":"https:\/\/www.smedemokrati.sk\/#\/schema\/person\/c60720f4b9955b3c1ed222ebd1fbbc7c","name":"Tom\u00e1\u0161 Koppl","image":{"@type":"ImageObject","inLanguage":"cs-CZ","@id":"https:\/\/secure.gravatar.com\/avatar\/8dfa38373c5e39821baf74c8e867a6f12e12c6dab6559aa999d10703b0b1c4ce?s=96&d=mm&r=g","url":"https:\/\/secure.gravatar.com\/avatar\/8dfa38373c5e39821baf74c8e867a6f12e12c6dab6559aa999d10703b0b1c4ce?s=96&d=mm&r=g","contentUrl":"https:\/\/secure.gravatar.com\/avatar\/8dfa38373c5e39821baf74c8e867a6f12e12c6dab6559aa999d10703b0b1c4ce?s=96&d=mm&r=g","caption":"Tom\u00e1\u0161 Koppl"},"url":"https:\/\/www.smedemokrati.sk\/cs\/author\/tomaskoppl\/"}]}},"_links":{"self":[{"href":"https:\/\/www.smedemokrati.sk\/cs\/wp-json\/wp\/v2\/posts\/2555","targetHints":{"allow":["GET"]}}],"collection":[{"href":"https:\/\/www.smedemokrati.sk\/cs\/wp-json\/wp\/v2\/posts"}],"about":[{"href":"https:\/\/www.smedemokrati.sk\/cs\/wp-json\/wp\/v2\/types\/post"}],"author":[{"embeddable":true,"href":"https:\/\/www.smedemokrati.sk\/cs\/wp-json\/wp\/v2\/users\/7"}],"replies":[{"embeddable":true,"href":"https:\/\/www.smedemokrati.sk\/cs\/wp-json\/wp\/v2\/comments?post=2555"}],"version-history":[{"count":1,"href":"https:\/\/www.smedemokrati.sk\/cs\/wp-json\/wp\/v2\/posts\/2555\/revisions"}],"predecessor-version":[{"id":2557,"href":"https:\/\/www.smedemokrati.sk\/cs\/wp-json\/wp\/v2\/posts\/2555\/revisions\/2557"}],"wp:featuredmedia":[{"embeddable":true,"href":"https:\/\/www.smedemokrati.sk\/cs\/wp-json\/wp\/v2\/media\/2556"}],"wp:attachment":[{"href":"https:\/\/www.smedemokrati.sk\/cs\/wp-json\/wp\/v2\/media?parent=2555"}],"wp:term":[{"taxonomy":"category","embeddable":true,"href":"https:\/\/www.smedemokrati.sk\/cs\/wp-json\/wp\/v2\/categories?post=2555"},{"taxonomy":"post_tag","embeddable":true,"href":"https:\/\/www.smedemokrati.sk\/cs\/wp-json\/wp\/v2\/tags?post=2555"}],"curies":[{"name":"wp","href":"https:\/\/api.w.org\/{rel}","templated":true}]}}