{"id":2548,"date":"2024-01-23T20:11:34","date_gmt":"2024-01-23T18:11:34","guid":{"rendered":"https:\/\/www.smedemokrati.sk\/?p=2548"},"modified":"2024-01-24T17:45:21","modified_gmt":"2024-01-24T15:45:21","slug":"vedenie-ministerstva-zivotneho-prostredia-tape-v-teme-medveda-hnedeho","status":"publish","type":"post","link":"https:\/\/www.smedemokrati.sk\/cs\/vedenie-ministerstva-zivotneho-prostredia-tape-v-teme-medveda-hnedeho\/","title":{"rendered":"Vedenie ministerstva \u017eivotn\u00e9ho prostredia t\u00e1pe v t\u00e9me medve\u010fa hned\u00e9ho"},"content":{"rendered":"<div id=\"fb-root\"><\/div>\n\n<p><strong>Ministerstvo \u017eivotn\u00e9ho prostredia na \u010dele s Tom\u00e1\u0161om Tarabom nerozumie problematike t\u00e9my medve\u010fa hned\u00e9ho, \u010do potvrdzuje aj dne\u0161n\u00e1 bezobsa\u017en\u00e1 tla\u010dov\u00e1 konferencia, ktor\u00e1 je len neefekt\u00edvnou snahou zakry\u0165 vlastn\u00fa bezradnos\u0165.<\/strong><\/p>\n\n\n\n<p>Pod\u013ea experta na \u017eivotn\u00e9 prostredie a b\u00fdval\u00e9ho \u0161t\u00e1tneho tajomn\u00edka rezortu Michala Ki\u010du, vid\u00edme v priamom prenose neschopnos\u0165 naplni\u0165 predvolebn\u00e9 s\u013euby Tarabu, Kuffuv a Huliaka v tak k\u013e\u00fa\u010dovej t\u00e9me:&nbsp;<em>&#8222;T\u00ed ohlasovali, \u017ee jedn\u00fdm listom Eur\u00f3pskej komisii dok\u00e1\u017eu zabezpe\u010di\u0165 kv\u00f3tov\u00fd odlov medve\u010fov. Av\u0161ak u\u017e pred vo\u013ebami sme hovorili, \u017ee \u017eiaden tak\u00fdto kv\u00f3tov\u00fd lov nebude. Potvrdzuje to aj fakt, \u017ee na t\u00fato po\u017eiadavku nereflektoval Brusel dokonca ani po tom, \u010do tam Taraba osobne vycestoval. Brusel sa toti\u017e t\u00fdmto Tarabov\u00fdm nezmyslom smeje a p\u00e1ni na rezorte by si to u\u017e mali kone\u010dne uvedomi\u0165 a presta\u0165 bl\u00fazni\u0165.&#8220;&nbsp;<\/em>Povedal \u010dlen Demokratov Michal Ki\u010da.<\/p>\n\n\n\n<p>Ki\u010da tie\u017e kritizuje, \u017ee ministerstvo na jednej strane vol\u00e1 po spolupr\u00e1ci s expertmi a na druhej strane, pr\u00e1ve dnes rezort prepustil uzn\u00e1van\u00e9ho experta na medvede Mari\u00e1na Hletka:&nbsp;<em>&#8222;Je to ten ochran\u00e1r, pri ktorom Rudolf Huliak hovoril o ve\u0161an\u00ed na \u0161tadi\u00f3noch a tieto slov\u00e1 boli jedn\u00fdm z d\u00f4vodov, pre jeho nevymenovanie. Huliak, Kuffa a Taraba tie\u017e avizovali ru\u0161enie z\u00e1sahov\u00fdch t\u00edmov a dnes ohlasuj\u00fa ich pokra\u010dovanie. Kritizovali zabezpe\u010dovanie monitoringu medve\u010fa ako vyhoden\u00e9 peniaze a poslanec Huliak dnes spom\u00edna nov\u00fd ve\u013ek\u00fd eurofondov\u00fd projekt pr\u00e1ve na monitoring medve\u010fa,&#8220;<\/em>&nbsp;hovor\u00ed Ki\u010da.<\/p>\n\n\n\n<p>Pod\u013ea Demokratov sa op\u00e4\u0165 potvrdzuje, \u017ee slov\u00e1 ministra Tarabu nemo\u017eno bra\u0165 v\u00e1\u017ene. Ten najsk\u00f4r toti\u017e verejne s\u013e\u00fabil predlo\u017eenie novej koncepcie pr\u00edstupu k problematike medve\u010fa hned\u00e9ho na rokovanie vl\u00e1dy do konca janu\u00e1ra a dnes je nov\u00e1 koncepcia odlo\u017een\u00e1 na neur\u010dito. Tie\u017e doch\u00e1dza ku korigovaniu p\u00f4vodn\u00fdch ministrov\u00fdch pl\u00e1nov spred dvoch t\u00fd\u017ed\u0148ov, aby na okresn\u00fdch \u00faradoch boli v nepretr\u017eitej pohotovosti zamestnanci a rozhodovali o ur\u010den\u00ed po\u013eovn\u00fdch pl\u00f4ch. St\u00e1lo by to viac ako 3,5 mil. eur. Pod\u013ea Demokratov ide o zbyto\u010dn\u00e9 a ni\u010d nerie\u0161iace opatrenie, ktor\u00e9 by st\u00e1lo n\u00e1sobne viac ako \u010dinnos\u0165 z\u00e1sahov\u00fdch t\u00edmov.&nbsp;<\/p>\n\n\n\n<p>&#8222;Bezpe\u010dnos\u0165 \u010dloveka je prvorad\u00e1 a my v\u00edtame spolupr\u00e1cu v\u0161etk\u00fdch akt\u00e9rov, ktor\u00fa sme napokon na\u0161tartovali u\u017e za n\u00e1\u0161ho p\u00f4sobenia. No dne\u0161ok potvrdil, \u017ee Huliakovi, Tarabovi a Kuffovi nikdy ne\u0161lo o bezpe\u010dn\u00e9 spolu\u017eitie \u010dloveka a medve\u010fa, ale len o \u010disto demagogick\u00fa kampa\u0148 zalo\u017een\u00fa na \u0161\u00edren\u00ed strachu. Narazili v\u0161ak na realitu,&#8220;&nbsp;<\/p>\n","protected":false},"excerpt":{"rendered":"<p>Ministerstvo \u017eivotn\u00e9ho prostredia na \u010dele s Tom\u00e1\u0161om Tarabom nerozumie problematike t\u00e9my medve\u010fa hned\u00e9ho, \u010do potvrdzuje aj dne\u0161n\u00e1 bezobsa\u017en\u00e1 tla\u010dov\u00e1 konferencia, ktor\u00e1 je len neefekt\u00edvnou snahou zakry\u0165 vlastn\u00fa bezradnos\u0165. Pod\u013ea experta na \u017eivotn\u00e9 prostredie a b\u00fdval\u00e9ho \u0161t\u00e1tneho tajomn\u00edka rezortu Michala Ki\u010du, vid\u00edme v priamom prenose neschopnos\u0165 naplni\u0165 predvolebn\u00e9 s\u013euby Tarabu, Kuffuv a Huliaka v tak k\u013e\u00fa\u010dovej [&hellip;]<\/p>\n","protected":false},"author":7,"featured_media":140,"comment_status":"closed","ping_status":"closed","sticky":false,"template":"","format":"standard","meta":{"_acf_changed":false,"ngg_post_thumbnail":0,"footnotes":""},"categories":[4],"tags":[],"class_list":["post-2548","post","type-post","status-publish","format-standard","has-post-thumbnail","hentry","category-tlacove-spravy"],"acf":[],"yoast_head":"<!-- This site is optimized with the Yoast SEO plugin v27.2 - https:\/\/yoast.com\/product\/yoast-seo-wordpress\/ -->\n<title>Vedenie ministerstva \u017eivotn\u00e9ho prostredia t\u00e1pe v t\u00e9me medve\u010fa hned\u00e9ho - Smedemokrati.sk<\/title>\n<meta name=\"robots\" content=\"index, follow, max-snippet:-1, max-image-preview:large, max-video-preview:-1\" \/>\n<link rel=\"canonical\" href=\"https:\/\/www.smedemokrati.sk\/cs\/vedenie-ministerstva-zivotneho-prostredia-tape-v-teme-medveda-hnedeho\/\" \/>\n<meta property=\"og:locale\" content=\"cs_CZ\" \/>\n<meta property=\"og:locale:alternate\" content=\"en_US\" \/>\n<meta property=\"og:locale:alternate\" content=\"hu_HU\" \/>\n<meta property=\"og:locale:alternate\" content=\"sk_SK\" \/>\n<meta property=\"og:locale:alternate\" content=\"sv_SE\" \/>\n<meta property=\"og:type\" content=\"article\" \/>\n<meta property=\"og:title\" content=\"Vedenie ministerstva \u017eivotn\u00e9ho prostredia t\u00e1pe v t\u00e9me medve\u010fa hned\u00e9ho - Smedemokrati.sk\" \/>\n<meta property=\"og:description\" content=\"Ministerstvo \u017eivotn\u00e9ho prostredia na \u010dele s Tom\u00e1\u0161om Tarabom nerozumie problematike t\u00e9my medve\u010fa hned\u00e9ho, \u010do potvrdzuje aj dne\u0161n\u00e1 bezobsa\u017en\u00e1 tla\u010dov\u00e1 konferencia, ktor\u00e1 je len neefekt\u00edvnou snahou zakry\u0165 vlastn\u00fa bezradnos\u0165. Pod\u013ea experta na \u017eivotn\u00e9 prostredie a b\u00fdval\u00e9ho \u0161t\u00e1tneho tajomn\u00edka rezortu Michala Ki\u010du, vid\u00edme v priamom prenose neschopnos\u0165 naplni\u0165 predvolebn\u00e9 s\u013euby Tarabu, Kuffuv a Huliaka v tak k\u013e\u00fa\u010dovej [&hellip;]\" \/>\n<meta property=\"og:url\" content=\"https:\/\/www.smedemokrati.sk\/cs\/vedenie-ministerstva-zivotneho-prostredia-tape-v-teme-medveda-hnedeho\/\" \/>\n<meta property=\"og:site_name\" content=\"Smedemokrati.sk\" \/>\n<meta property=\"article:publisher\" content=\"https:\/\/www.facebook.com\/smedemokrati2023\" \/>\n<meta property=\"article:published_time\" content=\"2024-01-23T18:11:34+00:00\" \/>\n<meta property=\"article:modified_time\" content=\"2024-01-24T15:45:21+00:00\" \/>\n<meta property=\"og:image\" content=\"https:\/\/www.smedemokrati.sk\/wp-content\/uploads\/2023\/03\/foto_MKI.png\" \/>\n\t<meta property=\"og:image:width\" content=\"476\" \/>\n\t<meta property=\"og:image:height\" content=\"380\" \/>\n\t<meta property=\"og:image:type\" content=\"image\/png\" \/>\n<meta name=\"author\" content=\"Tom\u00e1\u0161 Koppl\" \/>\n<meta name=\"twitter:card\" content=\"summary_large_image\" \/>\n<meta name=\"twitter:label1\" content=\"Napsal(a)\" \/>\n\t<meta name=\"twitter:data1\" content=\"Tom\u00e1\u0161 Koppl\" \/>\n\t<meta name=\"twitter:label2\" content=\"Odhadovan\u00e1 doba \u010dten\u00ed\" \/>\n\t<meta name=\"twitter:data2\" content=\"2 minuty\" \/>\n<script type=\"application\/ld+json\" class=\"yoast-schema-graph\">{\"@context\":\"https:\/\/schema.org\",\"@graph\":[{\"@type\":\"Article\",\"@id\":\"https:\/\/www.smedemokrati.sk\/vedenie-ministerstva-zivotneho-prostredia-tape-v-teme-medveda-hnedeho\/#article\",\"isPartOf\":{\"@id\":\"https:\/\/www.smedemokrati.sk\/vedenie-ministerstva-zivotneho-prostredia-tape-v-teme-medveda-hnedeho\/\"},\"author\":{\"name\":\"Tom\u00e1\u0161 Koppl\",\"@id\":\"https:\/\/www.smedemokrati.sk\/#\/schema\/person\/c60720f4b9955b3c1ed222ebd1fbbc7c\"},\"headline\":\"Vedenie ministerstva \u017eivotn\u00e9ho prostredia t\u00e1pe v t\u00e9me medve\u010fa hned\u00e9ho\",\"datePublished\":\"2024-01-23T18:11:34+00:00\",\"dateModified\":\"2024-01-24T15:45:21+00:00\",\"mainEntityOfPage\":{\"@id\":\"https:\/\/www.smedemokrati.sk\/vedenie-ministerstva-zivotneho-prostredia-tape-v-teme-medveda-hnedeho\/\"},\"wordCount\":479,\"publisher\":{\"@id\":\"https:\/\/www.smedemokrati.sk\/#organization\"},\"image\":{\"@id\":\"https:\/\/www.smedemokrati.sk\/vedenie-ministerstva-zivotneho-prostredia-tape-v-teme-medveda-hnedeho\/#primaryimage\"},\"thumbnailUrl\":\"https:\/\/www.smedemokrati.sk\/wp-content\/uploads\/2023\/03\/foto_MKI.png\",\"articleSection\":[\"Tla\u010dov\u00e9 spr\u00e1vy\"],\"inLanguage\":\"cs-CZ\"},{\"@type\":\"WebPage\",\"@id\":\"https:\/\/www.smedemokrati.sk\/vedenie-ministerstva-zivotneho-prostredia-tape-v-teme-medveda-hnedeho\/\",\"url\":\"https:\/\/www.smedemokrati.sk\/vedenie-ministerstva-zivotneho-prostredia-tape-v-teme-medveda-hnedeho\/\",\"name\":\"Vedenie ministerstva \u017eivotn\u00e9ho prostredia t\u00e1pe v t\u00e9me medve\u010fa hned\u00e9ho - Smedemokrati.sk\",\"isPartOf\":{\"@id\":\"https:\/\/www.smedemokrati.sk\/#website\"},\"primaryImageOfPage\":{\"@id\":\"https:\/\/www.smedemokrati.sk\/vedenie-ministerstva-zivotneho-prostredia-tape-v-teme-medveda-hnedeho\/#primaryimage\"},\"image\":{\"@id\":\"https:\/\/www.smedemokrati.sk\/vedenie-ministerstva-zivotneho-prostredia-tape-v-teme-medveda-hnedeho\/#primaryimage\"},\"thumbnailUrl\":\"https:\/\/www.smedemokrati.sk\/wp-content\/uploads\/2023\/03\/foto_MKI.png\",\"datePublished\":\"2024-01-23T18:11:34+00:00\",\"dateModified\":\"2024-01-24T15:45:21+00:00\",\"breadcrumb\":{\"@id\":\"https:\/\/www.smedemokrati.sk\/vedenie-ministerstva-zivotneho-prostredia-tape-v-teme-medveda-hnedeho\/#breadcrumb\"},\"inLanguage\":\"cs-CZ\",\"potentialAction\":[{\"@type\":\"ReadAction\",\"target\":[\"https:\/\/www.smedemokrati.sk\/vedenie-ministerstva-zivotneho-prostredia-tape-v-teme-medveda-hnedeho\/\"]}]},{\"@type\":\"ImageObject\",\"inLanguage\":\"cs-CZ\",\"@id\":\"https:\/\/www.smedemokrati.sk\/vedenie-ministerstva-zivotneho-prostredia-tape-v-teme-medveda-hnedeho\/#primaryimage\",\"url\":\"https:\/\/www.smedemokrati.sk\/wp-content\/uploads\/2023\/03\/foto_MKI.png\",\"contentUrl\":\"https:\/\/www.smedemokrati.sk\/wp-content\/uploads\/2023\/03\/foto_MKI.png\",\"width\":476,\"height\":380},{\"@type\":\"BreadcrumbList\",\"@id\":\"https:\/\/www.smedemokrati.sk\/vedenie-ministerstva-zivotneho-prostredia-tape-v-teme-medveda-hnedeho\/#breadcrumb\",\"itemListElement\":[{\"@type\":\"ListItem\",\"position\":1,\"name\":\"Domovsk\u00e1 str\u00e1nka\",\"item\":\"https:\/\/www.smedemokrati.sk\/\"},{\"@type\":\"ListItem\",\"position\":2,\"name\":\"Vedenie ministerstva \u017eivotn\u00e9ho prostredia t\u00e1pe v t\u00e9me medve\u010fa hned\u00e9ho\"}]},{\"@type\":\"WebSite\",\"@id\":\"https:\/\/www.smedemokrati.sk\/#website\",\"url\":\"https:\/\/www.smedemokrati.sk\/\",\"name\":\"Smedemokrati.sk\",\"description\":\"Demokracia a slu\u0161nos\u0165 zv\u00ed\u0165az\u00ed\",\"publisher\":{\"@id\":\"https:\/\/www.smedemokrati.sk\/#organization\"},\"potentialAction\":[{\"@type\":\"SearchAction\",\"target\":{\"@type\":\"EntryPoint\",\"urlTemplate\":\"https:\/\/www.smedemokrati.sk\/?s={search_term_string}\"},\"query-input\":{\"@type\":\"PropertyValueSpecification\",\"valueRequired\":true,\"valueName\":\"search_term_string\"}}],\"inLanguage\":\"cs-CZ\"},{\"@type\":\"Organization\",\"@id\":\"https:\/\/www.smedemokrati.sk\/#organization\",\"name\":\"Smedemokrati.sk\",\"url\":\"https:\/\/www.smedemokrati.sk\/\",\"logo\":{\"@type\":\"ImageObject\",\"inLanguage\":\"cs-CZ\",\"@id\":\"https:\/\/www.smedemokrati.sk\/#\/schema\/logo\/image\/\",\"url\":\"https:\/\/www.smedemokrati.sk\/wp-content\/uploads\/2023\/04\/ff.002.jpeg\",\"contentUrl\":\"https:\/\/www.smedemokrati.sk\/wp-content\/uploads\/2023\/04\/ff.002.jpeg\",\"width\":640,\"height\":480,\"caption\":\"Smedemokrati.sk\"},\"image\":{\"@id\":\"https:\/\/www.smedemokrati.sk\/#\/schema\/logo\/image\/\"},\"sameAs\":[\"https:\/\/www.facebook.com\/smedemokrati2023\"]},{\"@type\":\"Person\",\"@id\":\"https:\/\/www.smedemokrati.sk\/#\/schema\/person\/c60720f4b9955b3c1ed222ebd1fbbc7c\",\"name\":\"Tom\u00e1\u0161 Koppl\",\"image\":{\"@type\":\"ImageObject\",\"inLanguage\":\"cs-CZ\",\"@id\":\"https:\/\/secure.gravatar.com\/avatar\/8dfa38373c5e39821baf74c8e867a6f12e12c6dab6559aa999d10703b0b1c4ce?s=96&d=mm&r=g\",\"url\":\"https:\/\/secure.gravatar.com\/avatar\/8dfa38373c5e39821baf74c8e867a6f12e12c6dab6559aa999d10703b0b1c4ce?s=96&d=mm&r=g\",\"contentUrl\":\"https:\/\/secure.gravatar.com\/avatar\/8dfa38373c5e39821baf74c8e867a6f12e12c6dab6559aa999d10703b0b1c4ce?s=96&d=mm&r=g\",\"caption\":\"Tom\u00e1\u0161 Koppl\"},\"url\":\"https:\/\/www.smedemokrati.sk\/cs\/author\/tomaskoppl\/\"}]}<\/script>\n<!-- \/ Yoast SEO plugin. -->","yoast_head_json":{"title":"Vedenie ministerstva \u017eivotn\u00e9ho prostredia t\u00e1pe v t\u00e9me medve\u010fa hned\u00e9ho - Smedemokrati.sk","robots":{"index":"index","follow":"follow","max-snippet":"max-snippet:-1","max-image-preview":"max-image-preview:large","max-video-preview":"max-video-preview:-1"},"canonical":"https:\/\/www.smedemokrati.sk\/cs\/vedenie-ministerstva-zivotneho-prostredia-tape-v-teme-medveda-hnedeho\/","og_locale":"cs_CZ","og_type":"article","og_title":"Vedenie ministerstva \u017eivotn\u00e9ho prostredia t\u00e1pe v t\u00e9me medve\u010fa hned\u00e9ho - Smedemokrati.sk","og_description":"Ministerstvo \u017eivotn\u00e9ho prostredia na \u010dele s Tom\u00e1\u0161om Tarabom nerozumie problematike t\u00e9my medve\u010fa hned\u00e9ho, \u010do potvrdzuje aj dne\u0161n\u00e1 bezobsa\u017en\u00e1 tla\u010dov\u00e1 konferencia, ktor\u00e1 je len neefekt\u00edvnou snahou zakry\u0165 vlastn\u00fa bezradnos\u0165. Pod\u013ea experta na \u017eivotn\u00e9 prostredie a b\u00fdval\u00e9ho \u0161t\u00e1tneho tajomn\u00edka rezortu Michala Ki\u010du, vid\u00edme v priamom prenose neschopnos\u0165 naplni\u0165 predvolebn\u00e9 s\u013euby Tarabu, Kuffuv a Huliaka v tak k\u013e\u00fa\u010dovej [&hellip;]","og_url":"https:\/\/www.smedemokrati.sk\/cs\/vedenie-ministerstva-zivotneho-prostredia-tape-v-teme-medveda-hnedeho\/","og_site_name":"Smedemokrati.sk","article_publisher":"https:\/\/www.facebook.com\/smedemokrati2023","article_published_time":"2024-01-23T18:11:34+00:00","article_modified_time":"2024-01-24T15:45:21+00:00","og_image":[{"width":476,"height":380,"url":"https:\/\/www.smedemokrati.sk\/wp-content\/uploads\/2023\/03\/foto_MKI.png","type":"image\/png"}],"author":"Tom\u00e1\u0161 Koppl","twitter_card":"summary_large_image","twitter_misc":{"Napsal(a)":"Tom\u00e1\u0161 Koppl","Odhadovan\u00e1 doba \u010dten\u00ed":"2 minuty"},"schema":{"@context":"https:\/\/schema.org","@graph":[{"@type":"Article","@id":"https:\/\/www.smedemokrati.sk\/vedenie-ministerstva-zivotneho-prostredia-tape-v-teme-medveda-hnedeho\/#article","isPartOf":{"@id":"https:\/\/www.smedemokrati.sk\/vedenie-ministerstva-zivotneho-prostredia-tape-v-teme-medveda-hnedeho\/"},"author":{"name":"Tom\u00e1\u0161 Koppl","@id":"https:\/\/www.smedemokrati.sk\/#\/schema\/person\/c60720f4b9955b3c1ed222ebd1fbbc7c"},"headline":"Vedenie ministerstva \u017eivotn\u00e9ho prostredia t\u00e1pe v t\u00e9me medve\u010fa hned\u00e9ho","datePublished":"2024-01-23T18:11:34+00:00","dateModified":"2024-01-24T15:45:21+00:00","mainEntityOfPage":{"@id":"https:\/\/www.smedemokrati.sk\/vedenie-ministerstva-zivotneho-prostredia-tape-v-teme-medveda-hnedeho\/"},"wordCount":479,"publisher":{"@id":"https:\/\/www.smedemokrati.sk\/#organization"},"image":{"@id":"https:\/\/www.smedemokrati.sk\/vedenie-ministerstva-zivotneho-prostredia-tape-v-teme-medveda-hnedeho\/#primaryimage"},"thumbnailUrl":"https:\/\/www.smedemokrati.sk\/wp-content\/uploads\/2023\/03\/foto_MKI.png","articleSection":["Tla\u010dov\u00e9 spr\u00e1vy"],"inLanguage":"cs-CZ"},{"@type":"WebPage","@id":"https:\/\/www.smedemokrati.sk\/vedenie-ministerstva-zivotneho-prostredia-tape-v-teme-medveda-hnedeho\/","url":"https:\/\/www.smedemokrati.sk\/vedenie-ministerstva-zivotneho-prostredia-tape-v-teme-medveda-hnedeho\/","name":"Vedenie ministerstva \u017eivotn\u00e9ho prostredia t\u00e1pe v t\u00e9me medve\u010fa hned\u00e9ho - Smedemokrati.sk","isPartOf":{"@id":"https:\/\/www.smedemokrati.sk\/#website"},"primaryImageOfPage":{"@id":"https:\/\/www.smedemokrati.sk\/vedenie-ministerstva-zivotneho-prostredia-tape-v-teme-medveda-hnedeho\/#primaryimage"},"image":{"@id":"https:\/\/www.smedemokrati.sk\/vedenie-ministerstva-zivotneho-prostredia-tape-v-teme-medveda-hnedeho\/#primaryimage"},"thumbnailUrl":"https:\/\/www.smedemokrati.sk\/wp-content\/uploads\/2023\/03\/foto_MKI.png","datePublished":"2024-01-23T18:11:34+00:00","dateModified":"2024-01-24T15:45:21+00:00","breadcrumb":{"@id":"https:\/\/www.smedemokrati.sk\/vedenie-ministerstva-zivotneho-prostredia-tape-v-teme-medveda-hnedeho\/#breadcrumb"},"inLanguage":"cs-CZ","potentialAction":[{"@type":"ReadAction","target":["https:\/\/www.smedemokrati.sk\/vedenie-ministerstva-zivotneho-prostredia-tape-v-teme-medveda-hnedeho\/"]}]},{"@type":"ImageObject","inLanguage":"cs-CZ","@id":"https:\/\/www.smedemokrati.sk\/vedenie-ministerstva-zivotneho-prostredia-tape-v-teme-medveda-hnedeho\/#primaryimage","url":"https:\/\/www.smedemokrati.sk\/wp-content\/uploads\/2023\/03\/foto_MKI.png","contentUrl":"https:\/\/www.smedemokrati.sk\/wp-content\/uploads\/2023\/03\/foto_MKI.png","width":476,"height":380},{"@type":"BreadcrumbList","@id":"https:\/\/www.smedemokrati.sk\/vedenie-ministerstva-zivotneho-prostredia-tape-v-teme-medveda-hnedeho\/#breadcrumb","itemListElement":[{"@type":"ListItem","position":1,"name":"Domovsk\u00e1 str\u00e1nka","item":"https:\/\/www.smedemokrati.sk\/"},{"@type":"ListItem","position":2,"name":"Vedenie ministerstva \u017eivotn\u00e9ho prostredia t\u00e1pe v t\u00e9me medve\u010fa hned\u00e9ho"}]},{"@type":"WebSite","@id":"https:\/\/www.smedemokrati.sk\/#website","url":"https:\/\/www.smedemokrati.sk\/","name":"Smedemokrati.sk","description":"Demokracia a slu\u0161nos\u0165 zv\u00ed\u0165az\u00ed","publisher":{"@id":"https:\/\/www.smedemokrati.sk\/#organization"},"potentialAction":[{"@type":"SearchAction","target":{"@type":"EntryPoint","urlTemplate":"https:\/\/www.smedemokrati.sk\/?s={search_term_string}"},"query-input":{"@type":"PropertyValueSpecification","valueRequired":true,"valueName":"search_term_string"}}],"inLanguage":"cs-CZ"},{"@type":"Organization","@id":"https:\/\/www.smedemokrati.sk\/#organization","name":"Smedemokrati.sk","url":"https:\/\/www.smedemokrati.sk\/","logo":{"@type":"ImageObject","inLanguage":"cs-CZ","@id":"https:\/\/www.smedemokrati.sk\/#\/schema\/logo\/image\/","url":"https:\/\/www.smedemokrati.sk\/wp-content\/uploads\/2023\/04\/ff.002.jpeg","contentUrl":"https:\/\/www.smedemokrati.sk\/wp-content\/uploads\/2023\/04\/ff.002.jpeg","width":640,"height":480,"caption":"Smedemokrati.sk"},"image":{"@id":"https:\/\/www.smedemokrati.sk\/#\/schema\/logo\/image\/"},"sameAs":["https:\/\/www.facebook.com\/smedemokrati2023"]},{"@type":"Person","@id":"https:\/\/www.smedemokrati.sk\/#\/schema\/person\/c60720f4b9955b3c1ed222ebd1fbbc7c","name":"Tom\u00e1\u0161 Koppl","image":{"@type":"ImageObject","inLanguage":"cs-CZ","@id":"https:\/\/secure.gravatar.com\/avatar\/8dfa38373c5e39821baf74c8e867a6f12e12c6dab6559aa999d10703b0b1c4ce?s=96&d=mm&r=g","url":"https:\/\/secure.gravatar.com\/avatar\/8dfa38373c5e39821baf74c8e867a6f12e12c6dab6559aa999d10703b0b1c4ce?s=96&d=mm&r=g","contentUrl":"https:\/\/secure.gravatar.com\/avatar\/8dfa38373c5e39821baf74c8e867a6f12e12c6dab6559aa999d10703b0b1c4ce?s=96&d=mm&r=g","caption":"Tom\u00e1\u0161 Koppl"},"url":"https:\/\/www.smedemokrati.sk\/cs\/author\/tomaskoppl\/"}]}},"_links":{"self":[{"href":"https:\/\/www.smedemokrati.sk\/cs\/wp-json\/wp\/v2\/posts\/2548","targetHints":{"allow":["GET"]}}],"collection":[{"href":"https:\/\/www.smedemokrati.sk\/cs\/wp-json\/wp\/v2\/posts"}],"about":[{"href":"https:\/\/www.smedemokrati.sk\/cs\/wp-json\/wp\/v2\/types\/post"}],"author":[{"embeddable":true,"href":"https:\/\/www.smedemokrati.sk\/cs\/wp-json\/wp\/v2\/users\/7"}],"replies":[{"embeddable":true,"href":"https:\/\/www.smedemokrati.sk\/cs\/wp-json\/wp\/v2\/comments?post=2548"}],"version-history":[{"count":1,"href":"https:\/\/www.smedemokrati.sk\/cs\/wp-json\/wp\/v2\/posts\/2548\/revisions"}],"predecessor-version":[{"id":2549,"href":"https:\/\/www.smedemokrati.sk\/cs\/wp-json\/wp\/v2\/posts\/2548\/revisions\/2549"}],"wp:featuredmedia":[{"embeddable":true,"href":"https:\/\/www.smedemokrati.sk\/cs\/wp-json\/wp\/v2\/media\/140"}],"wp:attachment":[{"href":"https:\/\/www.smedemokrati.sk\/cs\/wp-json\/wp\/v2\/media?parent=2548"}],"wp:term":[{"taxonomy":"category","embeddable":true,"href":"https:\/\/www.smedemokrati.sk\/cs\/wp-json\/wp\/v2\/categories?post=2548"},{"taxonomy":"post_tag","embeddable":true,"href":"https:\/\/www.smedemokrati.sk\/cs\/wp-json\/wp\/v2\/tags?post=2548"}],"curies":[{"name":"wp","href":"https:\/\/api.w.org\/{rel}","templated":true}]}}