{"id":2493,"date":"2024-01-11T11:38:48","date_gmt":"2024-01-11T09:38:48","guid":{"rendered":"https:\/\/www.smedemokrati.sk\/?p=2493"},"modified":"2024-01-16T11:07:58","modified_gmt":"2024-01-16T09:07:58","slug":"taraba-musi-odvolat-pytliaka-z-ktoreho-urobil-riaditela-tatranskeho-narodneho-parku","status":"publish","type":"post","link":"https:\/\/www.smedemokrati.sk\/cs\/taraba-musi-odvolat-pytliaka-z-ktoreho-urobil-riaditela-tatranskeho-narodneho-parku\/","title":{"rendered":"Taraba mus\u00ed odvola\u0165 pytliaka, z ktor\u00e9ho urobil riadite\u013ea Tatransk\u00e9ho n\u00e1rodn\u00e9ho parku"},"content":{"rendered":"<div id=\"fb-root\"><\/div>\n\n<p><strong>Po zisteniach, \u017ee s\u00fa\u010dasn\u00fd riadite\u013e TANAPu Peter Olexa, je pr\u00e1voplatne ods\u00faden\u00fd za pytliactvo vlka drav\u00e9ho, strana Demokrati vyz\u00fdva ministra \u017eivotn\u00e9ho prostredia a podpredsedu vl\u00e1dy SR Tom\u00e1\u0161a Tarabu, aby ho z funkcie okam\u017eite odvolal a za svoju nomin\u00e1ciu sa verejne ospravedlnil. Pod\u013ea Demokratov je absol\u00fatne vyl\u00fa\u010den\u00e9, aby \u010dlovek s takouto minulos\u0165ou d\u00f4veryhodne a svedomito presadzoval ochranu pr\u00edrody v Tatranskom n\u00e1rodnom parku.<\/strong><\/p>\n\n\n\n<p>Strana Demokrati dlhodobo upozor\u0148uje na problematick\u00fa nomin\u00e1ciu vedenia rezortu v osobe Petra Olexu za riadite\u013ea TANAPu.<em>\u00a0\u201eV ochrane pr\u00edrody ide o absol\u00fatne nezn\u00e1me meno. Jeho jedin\u00fdmi predpokladmi na v\u00fdkon pr\u00e1ce s\u00fa, \u017ee kandidoval za stranu \u017divot a susedstvo so \u0161t\u00e1tnym tajomn\u00edkom rezortu Filipom Kuffom. Peter Olexa nepon\u00fakol verejnosti \u017eiadnu v\u00edziu rozvoja TANAPu. Naopak, prich\u00e1dza s kontroverzn\u00fdmi n\u00e1vrhmi, ako chov losov \u010di budovanie parkovac\u00edch miest. To, \u017ee neleg\u00e1lne popravil chr\u00e1nen\u00e9ho vlka drav\u00e9ho je definit\u00edvnym potvrden\u00edm, \u017ee na tejto funkcii nem\u00e1 \u010do robi\u0165,\u201c<\/em>\u00a0zhodnotil Michal Ki\u010da, expert na \u017eivotn\u00e9 prostredie a \u010dlen predsedn\u00edctva strany Demokrati.\u00a0<\/p>\n\n\n\n<p>Peter Olexa mus\u00ed okam\u017eite skon\u010di\u0165. Jeho pytliacka minulos\u0165 a mnoh\u00e9 \u010fal\u0161ie okolnosti ho absol\u00fatne diskredituj\u00fa na to, aby zast\u00e1val z\u00e1ujmy ochrany pr\u00edrody v n\u00e1rodnom parku.\u00a0<em>\u201eAko m\u00f4\u017ee ma\u0165 \u010dlovek, ktor\u00fd by nemohol v s\u00fa\u010dasnosti by\u0165 ani len \u010dlenom str\u00e1\u017ee pr\u00edrody, pod sebou desiatky \u010dlenov str\u00e1\u017ee? Ako m\u00f4\u017ee by\u0165 osoba, ktor\u00e1 je \u010dlenom skupiny na soci\u00e1lnych sie\u0165ach Zjb ochran\u00e1ra, zachr\u00e1ni\u0161 \u010dloveka vo vysokej \u0161t\u00e1tnej funkcii?&#8220;<\/em>\u00a0p\u00fdta sa Michal Ki\u010da.\u00a0\u00a0\u00a0\u00a0\u00a0\u00a0\u00a0<\/p>\n\n\n\n<p>To, \u017ee Olexa zatajil, \u017ee je ods\u00faden\u00fd za pytliactvo pri v\u00fdberovom konan\u00ed zna\u010d\u00ed aj o mor\u00e1lnej nevyzretosti. \u201e<em>Vn\u00edmam to ako fat\u00e1lne zlyhanie ministra Tarabu. Ten je bu\u010f naozaj tot\u00e1lne neschopn\u00fd, ke\u010f\u017ee si nedok\u00e1\u017ee ani len preveri\u0165 minulos\u0165 svojich nominantov, alebo o tom vedel, a t\u00fdm p\u00e1dom je to prejav absol\u00fatnej arogancie<\/em>,\u201d zd\u00f4raznil Ki\u010da.\u00a0<\/p>\n\n\n\n<p><em>\u201eO\u010dak\u00e1vame okam\u017eit\u00e9 odvolanie Petra Olexu z funkcie a ospravedlnenie sa verejnosti za tak toxick\u00fa nomin\u00e1ciu. Ak tak minister Tom\u00e1\u0161 Taraba neurob\u00ed jasne potvrd\u00ed, \u017ee jeho jedinou v\u00edziou je zni\u010di\u0165 a zapreda\u0165 slovensk\u00fa pr\u00edrodu. Viete, ja som po\u013eovn\u00edk a v\u010faka tomuto p\u00e1novi a pre kroky ministra \u017eivotn\u00e9ho prostredia je v komunite obrovsk\u00e9 nap\u00e4tie a nervozita, my po\u013eovn\u00edci c\u00edtime obrovsk\u00fa hanbu.&#8220;<\/em>\u00a0Na z\u00e1ver komentoval Jaroslav Na\u010f, predseda strany Demokrati.<\/p>\n","protected":false},"excerpt":{"rendered":"<p>Po zisteniach, \u017ee s\u00fa\u010dasn\u00fd riadite\u013e TANAPu Peter Olexa, je pr\u00e1voplatne ods\u00faden\u00fd za pytliactvo vlka drav\u00e9ho, strana Demokrati vyz\u00fdva ministra \u017eivotn\u00e9ho prostredia a podpredsedu vl\u00e1dy SR Tom\u00e1\u0161a Tarabu, aby ho z funkcie okam\u017eite odvolal a za svoju nomin\u00e1ciu sa verejne ospravedlnil. Pod\u013ea Demokratov je absol\u00fatne vyl\u00fa\u010den\u00e9, aby \u010dlovek s takouto minulos\u0165ou d\u00f4veryhodne a svedomito presadzoval ochranu [&hellip;]<\/p>\n","protected":false},"author":7,"featured_media":2494,"comment_status":"closed","ping_status":"closed","sticky":false,"template":"","format":"standard","meta":{"_acf_changed":false,"ngg_post_thumbnail":0,"footnotes":""},"categories":[4],"tags":[],"class_list":["post-2493","post","type-post","status-publish","format-standard","has-post-thumbnail","hentry","category-tlacove-spravy"],"acf":[],"yoast_head":"<!-- This site is optimized with the Yoast SEO plugin v27.2 - https:\/\/yoast.com\/product\/yoast-seo-wordpress\/ -->\n<title>Taraba mus\u00ed odvola\u0165 pytliaka, z ktor\u00e9ho urobil riadite\u013ea Tatransk\u00e9ho n\u00e1rodn\u00e9ho parku - Smedemokrati.sk<\/title>\n<meta name=\"robots\" content=\"index, follow, max-snippet:-1, max-image-preview:large, max-video-preview:-1\" \/>\n<link rel=\"canonical\" href=\"https:\/\/www.smedemokrati.sk\/cs\/taraba-musi-odvolat-pytliaka-z-ktoreho-urobil-riaditela-tatranskeho-narodneho-parku\/\" \/>\n<meta property=\"og:locale\" content=\"cs_CZ\" \/>\n<meta property=\"og:locale:alternate\" content=\"en_US\" \/>\n<meta property=\"og:locale:alternate\" content=\"hu_HU\" \/>\n<meta property=\"og:locale:alternate\" content=\"sk_SK\" \/>\n<meta property=\"og:locale:alternate\" content=\"sv_SE\" \/>\n<meta property=\"og:type\" content=\"article\" \/>\n<meta property=\"og:title\" content=\"Taraba mus\u00ed odvola\u0165 pytliaka, z ktor\u00e9ho urobil riadite\u013ea Tatransk\u00e9ho n\u00e1rodn\u00e9ho parku - Smedemokrati.sk\" \/>\n<meta property=\"og:description\" content=\"Po zisteniach, \u017ee s\u00fa\u010dasn\u00fd riadite\u013e TANAPu Peter Olexa, je pr\u00e1voplatne ods\u00faden\u00fd za pytliactvo vlka drav\u00e9ho, strana Demokrati vyz\u00fdva ministra \u017eivotn\u00e9ho prostredia a podpredsedu vl\u00e1dy SR Tom\u00e1\u0161a Tarabu, aby ho z funkcie okam\u017eite odvolal a za svoju nomin\u00e1ciu sa verejne ospravedlnil. Pod\u013ea Demokratov je absol\u00fatne vyl\u00fa\u010den\u00e9, aby \u010dlovek s takouto minulos\u0165ou d\u00f4veryhodne a svedomito presadzoval ochranu [&hellip;]\" \/>\n<meta property=\"og:url\" content=\"https:\/\/www.smedemokrati.sk\/cs\/taraba-musi-odvolat-pytliaka-z-ktoreho-urobil-riaditela-tatranskeho-narodneho-parku\/\" \/>\n<meta property=\"og:site_name\" content=\"Smedemokrati.sk\" \/>\n<meta property=\"article:publisher\" content=\"https:\/\/www.facebook.com\/smedemokrati2023\" \/>\n<meta property=\"article:published_time\" content=\"2024-01-11T09:38:48+00:00\" \/>\n<meta property=\"article:modified_time\" content=\"2024-01-16T09:07:58+00:00\" \/>\n<meta property=\"og:image\" content=\"https:\/\/www.smedemokrati.sk\/wp-content\/uploads\/2024\/01\/413939852_1124540205628862_5756816653039672516_n.jpg\" \/>\n\t<meta property=\"og:image:width\" content=\"1536\" \/>\n\t<meta property=\"og:image:height\" content=\"1081\" \/>\n\t<meta property=\"og:image:type\" content=\"image\/jpeg\" \/>\n<meta name=\"author\" content=\"Tom\u00e1\u0161 Koppl\" \/>\n<meta name=\"twitter:card\" content=\"summary_large_image\" \/>\n<meta name=\"twitter:label1\" content=\"Napsal(a)\" \/>\n\t<meta name=\"twitter:data1\" content=\"Tom\u00e1\u0161 Koppl\" \/>\n\t<meta name=\"twitter:label2\" content=\"Odhadovan\u00e1 doba \u010dten\u00ed\" \/>\n\t<meta name=\"twitter:data2\" content=\"2 minuty\" \/>\n<script type=\"application\/ld+json\" class=\"yoast-schema-graph\">{\"@context\":\"https:\/\/schema.org\",\"@graph\":[{\"@type\":\"Article\",\"@id\":\"https:\/\/www.smedemokrati.sk\/taraba-musi-odvolat-pytliaka-z-ktoreho-urobil-riaditela-tatranskeho-narodneho-parku\/#article\",\"isPartOf\":{\"@id\":\"https:\/\/www.smedemokrati.sk\/taraba-musi-odvolat-pytliaka-z-ktoreho-urobil-riaditela-tatranskeho-narodneho-parku\/\"},\"author\":{\"name\":\"Tom\u00e1\u0161 Koppl\",\"@id\":\"https:\/\/www.smedemokrati.sk\/#\/schema\/person\/c60720f4b9955b3c1ed222ebd1fbbc7c\"},\"headline\":\"Taraba mus\u00ed odvola\u0165 pytliaka, z ktor\u00e9ho urobil riadite\u013ea Tatransk\u00e9ho n\u00e1rodn\u00e9ho parku\",\"datePublished\":\"2024-01-11T09:38:48+00:00\",\"dateModified\":\"2024-01-16T09:07:58+00:00\",\"mainEntityOfPage\":{\"@id\":\"https:\/\/www.smedemokrati.sk\/taraba-musi-odvolat-pytliaka-z-ktoreho-urobil-riaditela-tatranskeho-narodneho-parku\/\"},\"wordCount\":450,\"publisher\":{\"@id\":\"https:\/\/www.smedemokrati.sk\/#organization\"},\"image\":{\"@id\":\"https:\/\/www.smedemokrati.sk\/taraba-musi-odvolat-pytliaka-z-ktoreho-urobil-riaditela-tatranskeho-narodneho-parku\/#primaryimage\"},\"thumbnailUrl\":\"https:\/\/www.smedemokrati.sk\/wp-content\/uploads\/2024\/01\/413939852_1124540205628862_5756816653039672516_n.jpg\",\"articleSection\":[\"Tla\u010dov\u00e9 spr\u00e1vy\"],\"inLanguage\":\"cs-CZ\"},{\"@type\":\"WebPage\",\"@id\":\"https:\/\/www.smedemokrati.sk\/taraba-musi-odvolat-pytliaka-z-ktoreho-urobil-riaditela-tatranskeho-narodneho-parku\/\",\"url\":\"https:\/\/www.smedemokrati.sk\/taraba-musi-odvolat-pytliaka-z-ktoreho-urobil-riaditela-tatranskeho-narodneho-parku\/\",\"name\":\"Taraba mus\u00ed odvola\u0165 pytliaka, z ktor\u00e9ho urobil riadite\u013ea Tatransk\u00e9ho n\u00e1rodn\u00e9ho parku - Smedemokrati.sk\",\"isPartOf\":{\"@id\":\"https:\/\/www.smedemokrati.sk\/#website\"},\"primaryImageOfPage\":{\"@id\":\"https:\/\/www.smedemokrati.sk\/taraba-musi-odvolat-pytliaka-z-ktoreho-urobil-riaditela-tatranskeho-narodneho-parku\/#primaryimage\"},\"image\":{\"@id\":\"https:\/\/www.smedemokrati.sk\/taraba-musi-odvolat-pytliaka-z-ktoreho-urobil-riaditela-tatranskeho-narodneho-parku\/#primaryimage\"},\"thumbnailUrl\":\"https:\/\/www.smedemokrati.sk\/wp-content\/uploads\/2024\/01\/413939852_1124540205628862_5756816653039672516_n.jpg\",\"datePublished\":\"2024-01-11T09:38:48+00:00\",\"dateModified\":\"2024-01-16T09:07:58+00:00\",\"breadcrumb\":{\"@id\":\"https:\/\/www.smedemokrati.sk\/taraba-musi-odvolat-pytliaka-z-ktoreho-urobil-riaditela-tatranskeho-narodneho-parku\/#breadcrumb\"},\"inLanguage\":\"cs-CZ\",\"potentialAction\":[{\"@type\":\"ReadAction\",\"target\":[\"https:\/\/www.smedemokrati.sk\/taraba-musi-odvolat-pytliaka-z-ktoreho-urobil-riaditela-tatranskeho-narodneho-parku\/\"]}]},{\"@type\":\"ImageObject\",\"inLanguage\":\"cs-CZ\",\"@id\":\"https:\/\/www.smedemokrati.sk\/taraba-musi-odvolat-pytliaka-z-ktoreho-urobil-riaditela-tatranskeho-narodneho-parku\/#primaryimage\",\"url\":\"https:\/\/www.smedemokrati.sk\/wp-content\/uploads\/2024\/01\/413939852_1124540205628862_5756816653039672516_n.jpg\",\"contentUrl\":\"https:\/\/www.smedemokrati.sk\/wp-content\/uploads\/2024\/01\/413939852_1124540205628862_5756816653039672516_n.jpg\",\"width\":1536,\"height\":1081},{\"@type\":\"BreadcrumbList\",\"@id\":\"https:\/\/www.smedemokrati.sk\/taraba-musi-odvolat-pytliaka-z-ktoreho-urobil-riaditela-tatranskeho-narodneho-parku\/#breadcrumb\",\"itemListElement\":[{\"@type\":\"ListItem\",\"position\":1,\"name\":\"Domovsk\u00e1 str\u00e1nka\",\"item\":\"https:\/\/www.smedemokrati.sk\/\"},{\"@type\":\"ListItem\",\"position\":2,\"name\":\"Taraba mus\u00ed odvola\u0165 pytliaka, z ktor\u00e9ho urobil riadite\u013ea Tatransk\u00e9ho n\u00e1rodn\u00e9ho parku\"}]},{\"@type\":\"WebSite\",\"@id\":\"https:\/\/www.smedemokrati.sk\/#website\",\"url\":\"https:\/\/www.smedemokrati.sk\/\",\"name\":\"Smedemokrati.sk\",\"description\":\"Demokracia a slu\u0161nos\u0165 zv\u00ed\u0165az\u00ed\",\"publisher\":{\"@id\":\"https:\/\/www.smedemokrati.sk\/#organization\"},\"potentialAction\":[{\"@type\":\"SearchAction\",\"target\":{\"@type\":\"EntryPoint\",\"urlTemplate\":\"https:\/\/www.smedemokrati.sk\/?s={search_term_string}\"},\"query-input\":{\"@type\":\"PropertyValueSpecification\",\"valueRequired\":true,\"valueName\":\"search_term_string\"}}],\"inLanguage\":\"cs-CZ\"},{\"@type\":\"Organization\",\"@id\":\"https:\/\/www.smedemokrati.sk\/#organization\",\"name\":\"Smedemokrati.sk\",\"url\":\"https:\/\/www.smedemokrati.sk\/\",\"logo\":{\"@type\":\"ImageObject\",\"inLanguage\":\"cs-CZ\",\"@id\":\"https:\/\/www.smedemokrati.sk\/#\/schema\/logo\/image\/\",\"url\":\"https:\/\/www.smedemokrati.sk\/wp-content\/uploads\/2023\/04\/ff.002.jpeg\",\"contentUrl\":\"https:\/\/www.smedemokrati.sk\/wp-content\/uploads\/2023\/04\/ff.002.jpeg\",\"width\":640,\"height\":480,\"caption\":\"Smedemokrati.sk\"},\"image\":{\"@id\":\"https:\/\/www.smedemokrati.sk\/#\/schema\/logo\/image\/\"},\"sameAs\":[\"https:\/\/www.facebook.com\/smedemokrati2023\"]},{\"@type\":\"Person\",\"@id\":\"https:\/\/www.smedemokrati.sk\/#\/schema\/person\/c60720f4b9955b3c1ed222ebd1fbbc7c\",\"name\":\"Tom\u00e1\u0161 Koppl\",\"image\":{\"@type\":\"ImageObject\",\"inLanguage\":\"cs-CZ\",\"@id\":\"https:\/\/secure.gravatar.com\/avatar\/8dfa38373c5e39821baf74c8e867a6f12e12c6dab6559aa999d10703b0b1c4ce?s=96&d=mm&r=g\",\"url\":\"https:\/\/secure.gravatar.com\/avatar\/8dfa38373c5e39821baf74c8e867a6f12e12c6dab6559aa999d10703b0b1c4ce?s=96&d=mm&r=g\",\"contentUrl\":\"https:\/\/secure.gravatar.com\/avatar\/8dfa38373c5e39821baf74c8e867a6f12e12c6dab6559aa999d10703b0b1c4ce?s=96&d=mm&r=g\",\"caption\":\"Tom\u00e1\u0161 Koppl\"},\"url\":\"https:\/\/www.smedemokrati.sk\/cs\/author\/tomaskoppl\/\"}]}<\/script>\n<!-- \/ Yoast SEO plugin. -->","yoast_head_json":{"title":"Taraba mus\u00ed odvola\u0165 pytliaka, z ktor\u00e9ho urobil riadite\u013ea Tatransk\u00e9ho n\u00e1rodn\u00e9ho parku - Smedemokrati.sk","robots":{"index":"index","follow":"follow","max-snippet":"max-snippet:-1","max-image-preview":"max-image-preview:large","max-video-preview":"max-video-preview:-1"},"canonical":"https:\/\/www.smedemokrati.sk\/cs\/taraba-musi-odvolat-pytliaka-z-ktoreho-urobil-riaditela-tatranskeho-narodneho-parku\/","og_locale":"cs_CZ","og_type":"article","og_title":"Taraba mus\u00ed odvola\u0165 pytliaka, z ktor\u00e9ho urobil riadite\u013ea Tatransk\u00e9ho n\u00e1rodn\u00e9ho parku - Smedemokrati.sk","og_description":"Po zisteniach, \u017ee s\u00fa\u010dasn\u00fd riadite\u013e TANAPu Peter Olexa, je pr\u00e1voplatne ods\u00faden\u00fd za pytliactvo vlka drav\u00e9ho, strana Demokrati vyz\u00fdva ministra \u017eivotn\u00e9ho prostredia a podpredsedu vl\u00e1dy SR Tom\u00e1\u0161a Tarabu, aby ho z funkcie okam\u017eite odvolal a za svoju nomin\u00e1ciu sa verejne ospravedlnil. Pod\u013ea Demokratov je absol\u00fatne vyl\u00fa\u010den\u00e9, aby \u010dlovek s takouto minulos\u0165ou d\u00f4veryhodne a svedomito presadzoval ochranu [&hellip;]","og_url":"https:\/\/www.smedemokrati.sk\/cs\/taraba-musi-odvolat-pytliaka-z-ktoreho-urobil-riaditela-tatranskeho-narodneho-parku\/","og_site_name":"Smedemokrati.sk","article_publisher":"https:\/\/www.facebook.com\/smedemokrati2023","article_published_time":"2024-01-11T09:38:48+00:00","article_modified_time":"2024-01-16T09:07:58+00:00","og_image":[{"width":1536,"height":1081,"url":"https:\/\/www.smedemokrati.sk\/wp-content\/uploads\/2024\/01\/413939852_1124540205628862_5756816653039672516_n.jpg","type":"image\/jpeg"}],"author":"Tom\u00e1\u0161 Koppl","twitter_card":"summary_large_image","twitter_misc":{"Napsal(a)":"Tom\u00e1\u0161 Koppl","Odhadovan\u00e1 doba \u010dten\u00ed":"2 minuty"},"schema":{"@context":"https:\/\/schema.org","@graph":[{"@type":"Article","@id":"https:\/\/www.smedemokrati.sk\/taraba-musi-odvolat-pytliaka-z-ktoreho-urobil-riaditela-tatranskeho-narodneho-parku\/#article","isPartOf":{"@id":"https:\/\/www.smedemokrati.sk\/taraba-musi-odvolat-pytliaka-z-ktoreho-urobil-riaditela-tatranskeho-narodneho-parku\/"},"author":{"name":"Tom\u00e1\u0161 Koppl","@id":"https:\/\/www.smedemokrati.sk\/#\/schema\/person\/c60720f4b9955b3c1ed222ebd1fbbc7c"},"headline":"Taraba mus\u00ed odvola\u0165 pytliaka, z ktor\u00e9ho urobil riadite\u013ea Tatransk\u00e9ho n\u00e1rodn\u00e9ho parku","datePublished":"2024-01-11T09:38:48+00:00","dateModified":"2024-01-16T09:07:58+00:00","mainEntityOfPage":{"@id":"https:\/\/www.smedemokrati.sk\/taraba-musi-odvolat-pytliaka-z-ktoreho-urobil-riaditela-tatranskeho-narodneho-parku\/"},"wordCount":450,"publisher":{"@id":"https:\/\/www.smedemokrati.sk\/#organization"},"image":{"@id":"https:\/\/www.smedemokrati.sk\/taraba-musi-odvolat-pytliaka-z-ktoreho-urobil-riaditela-tatranskeho-narodneho-parku\/#primaryimage"},"thumbnailUrl":"https:\/\/www.smedemokrati.sk\/wp-content\/uploads\/2024\/01\/413939852_1124540205628862_5756816653039672516_n.jpg","articleSection":["Tla\u010dov\u00e9 spr\u00e1vy"],"inLanguage":"cs-CZ"},{"@type":"WebPage","@id":"https:\/\/www.smedemokrati.sk\/taraba-musi-odvolat-pytliaka-z-ktoreho-urobil-riaditela-tatranskeho-narodneho-parku\/","url":"https:\/\/www.smedemokrati.sk\/taraba-musi-odvolat-pytliaka-z-ktoreho-urobil-riaditela-tatranskeho-narodneho-parku\/","name":"Taraba mus\u00ed odvola\u0165 pytliaka, z ktor\u00e9ho urobil riadite\u013ea Tatransk\u00e9ho n\u00e1rodn\u00e9ho parku - Smedemokrati.sk","isPartOf":{"@id":"https:\/\/www.smedemokrati.sk\/#website"},"primaryImageOfPage":{"@id":"https:\/\/www.smedemokrati.sk\/taraba-musi-odvolat-pytliaka-z-ktoreho-urobil-riaditela-tatranskeho-narodneho-parku\/#primaryimage"},"image":{"@id":"https:\/\/www.smedemokrati.sk\/taraba-musi-odvolat-pytliaka-z-ktoreho-urobil-riaditela-tatranskeho-narodneho-parku\/#primaryimage"},"thumbnailUrl":"https:\/\/www.smedemokrati.sk\/wp-content\/uploads\/2024\/01\/413939852_1124540205628862_5756816653039672516_n.jpg","datePublished":"2024-01-11T09:38:48+00:00","dateModified":"2024-01-16T09:07:58+00:00","breadcrumb":{"@id":"https:\/\/www.smedemokrati.sk\/taraba-musi-odvolat-pytliaka-z-ktoreho-urobil-riaditela-tatranskeho-narodneho-parku\/#breadcrumb"},"inLanguage":"cs-CZ","potentialAction":[{"@type":"ReadAction","target":["https:\/\/www.smedemokrati.sk\/taraba-musi-odvolat-pytliaka-z-ktoreho-urobil-riaditela-tatranskeho-narodneho-parku\/"]}]},{"@type":"ImageObject","inLanguage":"cs-CZ","@id":"https:\/\/www.smedemokrati.sk\/taraba-musi-odvolat-pytliaka-z-ktoreho-urobil-riaditela-tatranskeho-narodneho-parku\/#primaryimage","url":"https:\/\/www.smedemokrati.sk\/wp-content\/uploads\/2024\/01\/413939852_1124540205628862_5756816653039672516_n.jpg","contentUrl":"https:\/\/www.smedemokrati.sk\/wp-content\/uploads\/2024\/01\/413939852_1124540205628862_5756816653039672516_n.jpg","width":1536,"height":1081},{"@type":"BreadcrumbList","@id":"https:\/\/www.smedemokrati.sk\/taraba-musi-odvolat-pytliaka-z-ktoreho-urobil-riaditela-tatranskeho-narodneho-parku\/#breadcrumb","itemListElement":[{"@type":"ListItem","position":1,"name":"Domovsk\u00e1 str\u00e1nka","item":"https:\/\/www.smedemokrati.sk\/"},{"@type":"ListItem","position":2,"name":"Taraba mus\u00ed odvola\u0165 pytliaka, z ktor\u00e9ho urobil riadite\u013ea Tatransk\u00e9ho n\u00e1rodn\u00e9ho parku"}]},{"@type":"WebSite","@id":"https:\/\/www.smedemokrati.sk\/#website","url":"https:\/\/www.smedemokrati.sk\/","name":"Smedemokrati.sk","description":"Demokracia a slu\u0161nos\u0165 zv\u00ed\u0165az\u00ed","publisher":{"@id":"https:\/\/www.smedemokrati.sk\/#organization"},"potentialAction":[{"@type":"SearchAction","target":{"@type":"EntryPoint","urlTemplate":"https:\/\/www.smedemokrati.sk\/?s={search_term_string}"},"query-input":{"@type":"PropertyValueSpecification","valueRequired":true,"valueName":"search_term_string"}}],"inLanguage":"cs-CZ"},{"@type":"Organization","@id":"https:\/\/www.smedemokrati.sk\/#organization","name":"Smedemokrati.sk","url":"https:\/\/www.smedemokrati.sk\/","logo":{"@type":"ImageObject","inLanguage":"cs-CZ","@id":"https:\/\/www.smedemokrati.sk\/#\/schema\/logo\/image\/","url":"https:\/\/www.smedemokrati.sk\/wp-content\/uploads\/2023\/04\/ff.002.jpeg","contentUrl":"https:\/\/www.smedemokrati.sk\/wp-content\/uploads\/2023\/04\/ff.002.jpeg","width":640,"height":480,"caption":"Smedemokrati.sk"},"image":{"@id":"https:\/\/www.smedemokrati.sk\/#\/schema\/logo\/image\/"},"sameAs":["https:\/\/www.facebook.com\/smedemokrati2023"]},{"@type":"Person","@id":"https:\/\/www.smedemokrati.sk\/#\/schema\/person\/c60720f4b9955b3c1ed222ebd1fbbc7c","name":"Tom\u00e1\u0161 Koppl","image":{"@type":"ImageObject","inLanguage":"cs-CZ","@id":"https:\/\/secure.gravatar.com\/avatar\/8dfa38373c5e39821baf74c8e867a6f12e12c6dab6559aa999d10703b0b1c4ce?s=96&d=mm&r=g","url":"https:\/\/secure.gravatar.com\/avatar\/8dfa38373c5e39821baf74c8e867a6f12e12c6dab6559aa999d10703b0b1c4ce?s=96&d=mm&r=g","contentUrl":"https:\/\/secure.gravatar.com\/avatar\/8dfa38373c5e39821baf74c8e867a6f12e12c6dab6559aa999d10703b0b1c4ce?s=96&d=mm&r=g","caption":"Tom\u00e1\u0161 Koppl"},"url":"https:\/\/www.smedemokrati.sk\/cs\/author\/tomaskoppl\/"}]}},"_links":{"self":[{"href":"https:\/\/www.smedemokrati.sk\/cs\/wp-json\/wp\/v2\/posts\/2493","targetHints":{"allow":["GET"]}}],"collection":[{"href":"https:\/\/www.smedemokrati.sk\/cs\/wp-json\/wp\/v2\/posts"}],"about":[{"href":"https:\/\/www.smedemokrati.sk\/cs\/wp-json\/wp\/v2\/types\/post"}],"author":[{"embeddable":true,"href":"https:\/\/www.smedemokrati.sk\/cs\/wp-json\/wp\/v2\/users\/7"}],"replies":[{"embeddable":true,"href":"https:\/\/www.smedemokrati.sk\/cs\/wp-json\/wp\/v2\/comments?post=2493"}],"version-history":[{"count":1,"href":"https:\/\/www.smedemokrati.sk\/cs\/wp-json\/wp\/v2\/posts\/2493\/revisions"}],"predecessor-version":[{"id":2495,"href":"https:\/\/www.smedemokrati.sk\/cs\/wp-json\/wp\/v2\/posts\/2493\/revisions\/2495"}],"wp:featuredmedia":[{"embeddable":true,"href":"https:\/\/www.smedemokrati.sk\/cs\/wp-json\/wp\/v2\/media\/2494"}],"wp:attachment":[{"href":"https:\/\/www.smedemokrati.sk\/cs\/wp-json\/wp\/v2\/media?parent=2493"}],"wp:term":[{"taxonomy":"category","embeddable":true,"href":"https:\/\/www.smedemokrati.sk\/cs\/wp-json\/wp\/v2\/categories?post=2493"},{"taxonomy":"post_tag","embeddable":true,"href":"https:\/\/www.smedemokrati.sk\/cs\/wp-json\/wp\/v2\/tags?post=2493"}],"curies":[{"name":"wp","href":"https:\/\/api.w.org\/{rel}","templated":true}]}}