{"id":2476,"date":"2024-01-08T17:41:52","date_gmt":"2024-01-08T15:41:52","guid":{"rendered":"https:\/\/www.smedemokrati.sk\/?p=2476"},"modified":"2024-01-08T17:41:53","modified_gmt":"2024-01-08T15:41:53","slug":"koalicia-chysta-obrovsku-amnestiu-pre-pachatelov-trestnych-cinov-proti-zivotnemu-prostrediu","status":"publish","type":"post","link":"https:\/\/www.smedemokrati.sk\/cs\/koalicia-chysta-obrovsku-amnestiu-pre-pachatelov-trestnych-cinov-proti-zivotnemu-prostrediu\/","title":{"rendered":"Koal\u00edcia chyst\u00e1 obrovsk\u00fa amnestiu pre p\u00e1chate\u013eov trestn\u00fdch \u010dinov proti \u017eivotn\u00e9mu prostrediu"},"content":{"rendered":"<div id=\"fb-root\"><\/div>\n\n<p><strong>Minister \u017eivotn\u00e9ho prostredia Tom\u00e1\u0161 Taraba a minister vn\u00fatra Mat\u00fa\u0161 \u0160utaj-E\u0161tok ohl\u00e1sili u\u017e\u0161iu spolupr\u00e1cu rezortov pri odha\u013eovan\u00ed environment\u00e1lnej kriminality. V tejto s\u00favislosti v\u0161ak predkladaj\u00fa v parlamente n\u00e1vrhy, ktor\u00e9 sp\u00f4sobia katastrofu pri st\u00edhan\u00ed po\u0161kodzovania \u017eivotn\u00e9ho prostredia. \u0160kandal\u00f3zne n\u00e1vrhy s\u00fa v\u00fdhodn\u00e9 len pre p\u00e1chate\u013eov trestn\u00fdch \u010dinov proti \u017eivotn\u00e9mu prostrediu.\u00a0<\/strong><\/p>\n\n\n\n<p><em>\u201eZmeny sadzieb a hran\u00edc trestnosti, ktor\u00e9 s\u00fa s\u00fa\u010das\u0165ou novely trestn\u00e9ho z\u00e1kona predkladanej bez akejko\u013evek odbornej diskusie s odborn\u00edkmi na environment\u00e1lne a trestn\u00e9 pr\u00e1vo znamenaj\u00fa praktick\u00fa paral\u00fdzu trestn\u00fdch st\u00edhan\u00ed pre po\u0161kodzovanie \u017eivotn\u00e9ho prostredia. S\u00fa toti\u017e extr\u00e9mne benevolentn\u00e9 pre p\u00e1chate\u013eov z\u00e1va\u017enej trestnej \u010dinnosti proti \u017eivotn\u00e9mu prostrediu<\/em>,\u201d uviedol Michal Ki\u010da, \u010dlen predsedn\u00edctva strany Demokrati a odborn\u00edk na pr\u00e1vo \u017eivotn\u00e9ho prostredia.\u00a0<\/p>\n\n\n\n<p>Pod\u013ea n\u00e1vrhov, ktor\u00e9 za\u010dal prerok\u00fava\u0165 parlament, by sa pod\u013ea Ki\u010du odhadom skoro polovica v\u0161etk\u00fdch pr\u00edpadov dostala z kateg\u00f3rie trestn\u00fdch \u010dinov proti \u017eivotn\u00e9mu prostrediu len do kateg\u00f3ri\u00ed priestupkov. Napr\u00edklad, za rozsiahly neleg\u00e1lny v\u00fdrub drev\u00edn v spolo\u010denskej hodnote 33.000 eur, v ktorom aktu\u00e1lne hroz\u00ed p\u00e1chate\u013eovi nepodmiene\u010dn\u00fd trest od\u0148atia slobody na jeden a\u017e p\u00e4\u0165 rokov, by mohol po novom dosta\u0165 pokojne pokutu r\u00e1dovo v stovk\u00e1ch euro, najviac do 9.958,17 euro.&nbsp;<\/p>\n\n\n\n<p>Ki\u010da tie\u017e upozor\u0148uje, \u017ee vl\u00e1da rovnako navrhuje absurdn\u00e9 \u00fapravy z\u00e1konov:\u00a0<em>\u201eK\u00fdm \u00famyseln\u00e9 usmrtenie 17-ich ohrozen\u00fdch v\u00fdrov skaln\u00fdch bude len priestupok, prisvojenie si jedn\u00e9ho zrazen\u00e9ho zajaca, ktor\u00e9 s\u00fa mimochodom premno\u017een\u00e9, bude aj na\u010falej trestn\u00fdm \u010dinom pytliactva,\u201d<\/em>\u00a0doplnil expert na \u017eivotn\u00e9 prostredie za stranu Demokrati.<\/p>\n\n\n\n<p>Tak\u00e9to z\u00e1va\u017en\u00e9 zmeny v trestnej politike znamenaj\u00fa tie\u017e skokov\u00e9 zv\u00fd\u0161enie vybavovanej agendy zo strany Slovenskej in\u0161pekcie \u017eivotn\u00e9ho prostredia a okresn\u00fdch \u00faradov. Nie s\u00fa v\u0161ak podporen\u00e9 \u017eiadnym finan\u010dn\u00fdm a person\u00e1lnym zabezpe\u010den\u00edm. To sp\u00f4sob\u00ed paral\u00fdzu nielen trestn\u00fdch konan\u00ed, ale aj konan\u00ed o priestupkoch a spr\u00e1vnych deliktoch.&nbsp;<\/p>\n\n\n\n<p>Tieto zmeny maj\u00fa pod\u013ea n\u00e1vrhu naviac plati\u0165 aj retroakt\u00edvne. Zmena hran\u00edc trestnosti pre vybran\u00e9 trestn\u00e9 \u010diny proti \u017eivotn\u00e9mu prostrediu toti\u017e sp\u00f4sob\u00ed, \u017ee desiatky ak nie stovky u\u017e aktu\u00e1lne prebiehaj\u00facich trestn\u00fdch st\u00edhan\u00ed bude musie\u0165 by\u0165 zastaven\u00fdch a vec post\u00fapen\u00e1 ako priestupok alebo in\u00fd spr\u00e1vny delikt na spr\u00e1vne konanie, navy\u0161e, so smie\u0161nymi trestami.<\/p>\n\n\n\n<p><em>\u201eJe \u00faplne jedno, \u010do obaja ministri vravia. Jedno s\u00fa ich slov\u00e1, ale druh\u00e9 skutky a legislat\u00edvne n\u00e1vrhy v parlamente. A tie vyslovene motivuj\u00fa p\u00e1chate\u013eov po\u0161kodzova\u0165 \u017eivotn\u00e9 prostredie, paralyzuj\u00fa potieranie environment\u00e1lnej kriminality a mnoh\u00fdch u\u017e st\u00edhan\u00fdch p\u00e1chate\u013eov prakticky amnestuj\u00fa\u201d,\u00a0<\/em>dop\u013a\u0148a Michal Ki\u010da.<\/p>\n\n\n\n<p>Strana Demokrati vyz\u00fdva poslancov, aby kv\u00f4li svojim subjekt\u00edvnym z\u00e1ujmom nesp\u00f4sobili doslova katastrofu pri st\u00edhan\u00ed po\u0161kodzovania \u017eivotn\u00e9ho prostredia a aby nevych\u00e1dzali za ka\u017ed\u00fa cenu v \u00fastrety bezoh\u013eadn\u00fdm p\u00e1chate\u013eom.<\/p>\n","protected":false},"excerpt":{"rendered":"<p>Minister \u017eivotn\u00e9ho prostredia Tom\u00e1\u0161 Taraba a minister vn\u00fatra Mat\u00fa\u0161 \u0160utaj-E\u0161tok ohl\u00e1sili u\u017e\u0161iu spolupr\u00e1cu rezortov pri odha\u013eovan\u00ed environment\u00e1lnej kriminality. V tejto s\u00favislosti v\u0161ak predkladaj\u00fa v parlamente n\u00e1vrhy, ktor\u00e9 sp\u00f4sobia katastrofu pri st\u00edhan\u00ed po\u0161kodzovania \u017eivotn\u00e9ho prostredia. \u0160kandal\u00f3zne n\u00e1vrhy s\u00fa v\u00fdhodn\u00e9 len pre p\u00e1chate\u013eov trestn\u00fdch \u010dinov proti \u017eivotn\u00e9mu prostrediu.\u00a0 \u201eZmeny sadzieb a hran\u00edc trestnosti, ktor\u00e9 s\u00fa s\u00fa\u010das\u0165ou novely [&hellip;]<\/p>\n","protected":false},"author":7,"featured_media":385,"comment_status":"closed","ping_status":"closed","sticky":false,"template":"","format":"standard","meta":{"_acf_changed":false,"ngg_post_thumbnail":0,"footnotes":""},"categories":[4],"tags":[],"class_list":["post-2476","post","type-post","status-publish","format-standard","has-post-thumbnail","hentry","category-tlacove-spravy"],"acf":[],"yoast_head":"<!-- This site is optimized with the Yoast SEO plugin v27.2 - https:\/\/yoast.com\/product\/yoast-seo-wordpress\/ -->\n<title>Koal\u00edcia chyst\u00e1 obrovsk\u00fa amnestiu pre p\u00e1chate\u013eov trestn\u00fdch \u010dinov proti \u017eivotn\u00e9mu prostrediu - Smedemokrati.sk<\/title>\n<meta name=\"robots\" content=\"index, follow, max-snippet:-1, max-image-preview:large, max-video-preview:-1\" \/>\n<link rel=\"canonical\" href=\"https:\/\/www.smedemokrati.sk\/cs\/koalicia-chysta-obrovsku-amnestiu-pre-pachatelov-trestnych-cinov-proti-zivotnemu-prostrediu\/\" \/>\n<meta property=\"og:locale\" content=\"cs_CZ\" \/>\n<meta property=\"og:locale:alternate\" content=\"en_US\" \/>\n<meta property=\"og:locale:alternate\" content=\"hu_HU\" \/>\n<meta property=\"og:locale:alternate\" content=\"sk_SK\" \/>\n<meta property=\"og:locale:alternate\" content=\"sv_SE\" \/>\n<meta property=\"og:type\" content=\"article\" \/>\n<meta property=\"og:title\" content=\"Koal\u00edcia chyst\u00e1 obrovsk\u00fa amnestiu pre p\u00e1chate\u013eov trestn\u00fdch \u010dinov proti \u017eivotn\u00e9mu prostrediu - Smedemokrati.sk\" \/>\n<meta property=\"og:description\" content=\"Minister \u017eivotn\u00e9ho prostredia Tom\u00e1\u0161 Taraba a minister vn\u00fatra Mat\u00fa\u0161 \u0160utaj-E\u0161tok ohl\u00e1sili u\u017e\u0161iu spolupr\u00e1cu rezortov pri odha\u013eovan\u00ed environment\u00e1lnej kriminality. V tejto s\u00favislosti v\u0161ak predkladaj\u00fa v parlamente n\u00e1vrhy, ktor\u00e9 sp\u00f4sobia katastrofu pri st\u00edhan\u00ed po\u0161kodzovania \u017eivotn\u00e9ho prostredia. \u0160kandal\u00f3zne n\u00e1vrhy s\u00fa v\u00fdhodn\u00e9 len pre p\u00e1chate\u013eov trestn\u00fdch \u010dinov proti \u017eivotn\u00e9mu prostrediu.\u00a0 \u201eZmeny sadzieb a hran\u00edc trestnosti, ktor\u00e9 s\u00fa s\u00fa\u010das\u0165ou novely [&hellip;]\" \/>\n<meta property=\"og:url\" content=\"https:\/\/www.smedemokrati.sk\/cs\/koalicia-chysta-obrovsku-amnestiu-pre-pachatelov-trestnych-cinov-proti-zivotnemu-prostrediu\/\" \/>\n<meta property=\"og:site_name\" content=\"Smedemokrati.sk\" \/>\n<meta property=\"article:publisher\" content=\"https:\/\/www.facebook.com\/smedemokrati2023\" \/>\n<meta property=\"article:published_time\" content=\"2024-01-08T15:41:52+00:00\" \/>\n<meta property=\"article:modified_time\" content=\"2024-01-08T15:41:53+00:00\" \/>\n<meta property=\"og:image\" content=\"https:\/\/www.smedemokrati.sk\/wp-content\/uploads\/2023\/04\/MKica.jpg\" \/>\n\t<meta property=\"og:image:width\" content=\"1520\" \/>\n\t<meta property=\"og:image:height\" content=\"1080\" \/>\n\t<meta property=\"og:image:type\" content=\"image\/jpeg\" \/>\n<meta name=\"author\" content=\"Tom\u00e1\u0161 Koppl\" \/>\n<meta name=\"twitter:card\" content=\"summary_large_image\" \/>\n<meta name=\"twitter:label1\" content=\"Napsal(a)\" \/>\n\t<meta name=\"twitter:data1\" content=\"Tom\u00e1\u0161 Koppl\" \/>\n\t<meta name=\"twitter:label2\" content=\"Odhadovan\u00e1 doba \u010dten\u00ed\" \/>\n\t<meta name=\"twitter:data2\" content=\"3 minuty\" \/>\n<script type=\"application\/ld+json\" class=\"yoast-schema-graph\">{\"@context\":\"https:\/\/schema.org\",\"@graph\":[{\"@type\":\"Article\",\"@id\":\"https:\/\/www.smedemokrati.sk\/koalicia-chysta-obrovsku-amnestiu-pre-pachatelov-trestnych-cinov-proti-zivotnemu-prostrediu\/#article\",\"isPartOf\":{\"@id\":\"https:\/\/www.smedemokrati.sk\/koalicia-chysta-obrovsku-amnestiu-pre-pachatelov-trestnych-cinov-proti-zivotnemu-prostrediu\/\"},\"author\":{\"name\":\"Tom\u00e1\u0161 Koppl\",\"@id\":\"https:\/\/www.smedemokrati.sk\/#\/schema\/person\/c60720f4b9955b3c1ed222ebd1fbbc7c\"},\"headline\":\"Koal\u00edcia chyst\u00e1 obrovsk\u00fa amnestiu pre p\u00e1chate\u013eov trestn\u00fdch \u010dinov proti \u017eivotn\u00e9mu prostrediu\",\"datePublished\":\"2024-01-08T15:41:52+00:00\",\"dateModified\":\"2024-01-08T15:41:53+00:00\",\"mainEntityOfPage\":{\"@id\":\"https:\/\/www.smedemokrati.sk\/koalicia-chysta-obrovsku-amnestiu-pre-pachatelov-trestnych-cinov-proti-zivotnemu-prostrediu\/\"},\"wordCount\":537,\"publisher\":{\"@id\":\"https:\/\/www.smedemokrati.sk\/#organization\"},\"image\":{\"@id\":\"https:\/\/www.smedemokrati.sk\/koalicia-chysta-obrovsku-amnestiu-pre-pachatelov-trestnych-cinov-proti-zivotnemu-prostrediu\/#primaryimage\"},\"thumbnailUrl\":\"https:\/\/www.smedemokrati.sk\/wp-content\/uploads\/2023\/04\/MKica.jpg\",\"articleSection\":[\"Tla\u010dov\u00e9 spr\u00e1vy\"],\"inLanguage\":\"cs-CZ\"},{\"@type\":\"WebPage\",\"@id\":\"https:\/\/www.smedemokrati.sk\/koalicia-chysta-obrovsku-amnestiu-pre-pachatelov-trestnych-cinov-proti-zivotnemu-prostrediu\/\",\"url\":\"https:\/\/www.smedemokrati.sk\/koalicia-chysta-obrovsku-amnestiu-pre-pachatelov-trestnych-cinov-proti-zivotnemu-prostrediu\/\",\"name\":\"Koal\u00edcia chyst\u00e1 obrovsk\u00fa amnestiu pre p\u00e1chate\u013eov trestn\u00fdch \u010dinov proti \u017eivotn\u00e9mu prostrediu - Smedemokrati.sk\",\"isPartOf\":{\"@id\":\"https:\/\/www.smedemokrati.sk\/#website\"},\"primaryImageOfPage\":{\"@id\":\"https:\/\/www.smedemokrati.sk\/koalicia-chysta-obrovsku-amnestiu-pre-pachatelov-trestnych-cinov-proti-zivotnemu-prostrediu\/#primaryimage\"},\"image\":{\"@id\":\"https:\/\/www.smedemokrati.sk\/koalicia-chysta-obrovsku-amnestiu-pre-pachatelov-trestnych-cinov-proti-zivotnemu-prostrediu\/#primaryimage\"},\"thumbnailUrl\":\"https:\/\/www.smedemokrati.sk\/wp-content\/uploads\/2023\/04\/MKica.jpg\",\"datePublished\":\"2024-01-08T15:41:52+00:00\",\"dateModified\":\"2024-01-08T15:41:53+00:00\",\"breadcrumb\":{\"@id\":\"https:\/\/www.smedemokrati.sk\/koalicia-chysta-obrovsku-amnestiu-pre-pachatelov-trestnych-cinov-proti-zivotnemu-prostrediu\/#breadcrumb\"},\"inLanguage\":\"cs-CZ\",\"potentialAction\":[{\"@type\":\"ReadAction\",\"target\":[\"https:\/\/www.smedemokrati.sk\/koalicia-chysta-obrovsku-amnestiu-pre-pachatelov-trestnych-cinov-proti-zivotnemu-prostrediu\/\"]}]},{\"@type\":\"ImageObject\",\"inLanguage\":\"cs-CZ\",\"@id\":\"https:\/\/www.smedemokrati.sk\/koalicia-chysta-obrovsku-amnestiu-pre-pachatelov-trestnych-cinov-proti-zivotnemu-prostrediu\/#primaryimage\",\"url\":\"https:\/\/www.smedemokrati.sk\/wp-content\/uploads\/2023\/04\/MKica.jpg\",\"contentUrl\":\"https:\/\/www.smedemokrati.sk\/wp-content\/uploads\/2023\/04\/MKica.jpg\",\"width\":1520,\"height\":1080},{\"@type\":\"BreadcrumbList\",\"@id\":\"https:\/\/www.smedemokrati.sk\/koalicia-chysta-obrovsku-amnestiu-pre-pachatelov-trestnych-cinov-proti-zivotnemu-prostrediu\/#breadcrumb\",\"itemListElement\":[{\"@type\":\"ListItem\",\"position\":1,\"name\":\"Domovsk\u00e1 str\u00e1nka\",\"item\":\"https:\/\/www.smedemokrati.sk\/\"},{\"@type\":\"ListItem\",\"position\":2,\"name\":\"Koal\u00edcia chyst\u00e1 obrovsk\u00fa amnestiu pre p\u00e1chate\u013eov trestn\u00fdch \u010dinov proti \u017eivotn\u00e9mu prostrediu\"}]},{\"@type\":\"WebSite\",\"@id\":\"https:\/\/www.smedemokrati.sk\/#website\",\"url\":\"https:\/\/www.smedemokrati.sk\/\",\"name\":\"Smedemokrati.sk\",\"description\":\"Demokracia a slu\u0161nos\u0165 zv\u00ed\u0165az\u00ed\",\"publisher\":{\"@id\":\"https:\/\/www.smedemokrati.sk\/#organization\"},\"potentialAction\":[{\"@type\":\"SearchAction\",\"target\":{\"@type\":\"EntryPoint\",\"urlTemplate\":\"https:\/\/www.smedemokrati.sk\/?s={search_term_string}\"},\"query-input\":{\"@type\":\"PropertyValueSpecification\",\"valueRequired\":true,\"valueName\":\"search_term_string\"}}],\"inLanguage\":\"cs-CZ\"},{\"@type\":\"Organization\",\"@id\":\"https:\/\/www.smedemokrati.sk\/#organization\",\"name\":\"Smedemokrati.sk\",\"url\":\"https:\/\/www.smedemokrati.sk\/\",\"logo\":{\"@type\":\"ImageObject\",\"inLanguage\":\"cs-CZ\",\"@id\":\"https:\/\/www.smedemokrati.sk\/#\/schema\/logo\/image\/\",\"url\":\"https:\/\/www.smedemokrati.sk\/wp-content\/uploads\/2023\/04\/ff.002.jpeg\",\"contentUrl\":\"https:\/\/www.smedemokrati.sk\/wp-content\/uploads\/2023\/04\/ff.002.jpeg\",\"width\":640,\"height\":480,\"caption\":\"Smedemokrati.sk\"},\"image\":{\"@id\":\"https:\/\/www.smedemokrati.sk\/#\/schema\/logo\/image\/\"},\"sameAs\":[\"https:\/\/www.facebook.com\/smedemokrati2023\"]},{\"@type\":\"Person\",\"@id\":\"https:\/\/www.smedemokrati.sk\/#\/schema\/person\/c60720f4b9955b3c1ed222ebd1fbbc7c\",\"name\":\"Tom\u00e1\u0161 Koppl\",\"image\":{\"@type\":\"ImageObject\",\"inLanguage\":\"cs-CZ\",\"@id\":\"https:\/\/secure.gravatar.com\/avatar\/8dfa38373c5e39821baf74c8e867a6f12e12c6dab6559aa999d10703b0b1c4ce?s=96&d=mm&r=g\",\"url\":\"https:\/\/secure.gravatar.com\/avatar\/8dfa38373c5e39821baf74c8e867a6f12e12c6dab6559aa999d10703b0b1c4ce?s=96&d=mm&r=g\",\"contentUrl\":\"https:\/\/secure.gravatar.com\/avatar\/8dfa38373c5e39821baf74c8e867a6f12e12c6dab6559aa999d10703b0b1c4ce?s=96&d=mm&r=g\",\"caption\":\"Tom\u00e1\u0161 Koppl\"},\"url\":\"https:\/\/www.smedemokrati.sk\/cs\/author\/tomaskoppl\/\"}]}<\/script>\n<!-- \/ Yoast SEO plugin. -->","yoast_head_json":{"title":"Koal\u00edcia chyst\u00e1 obrovsk\u00fa amnestiu pre p\u00e1chate\u013eov trestn\u00fdch \u010dinov proti \u017eivotn\u00e9mu prostrediu - Smedemokrati.sk","robots":{"index":"index","follow":"follow","max-snippet":"max-snippet:-1","max-image-preview":"max-image-preview:large","max-video-preview":"max-video-preview:-1"},"canonical":"https:\/\/www.smedemokrati.sk\/cs\/koalicia-chysta-obrovsku-amnestiu-pre-pachatelov-trestnych-cinov-proti-zivotnemu-prostrediu\/","og_locale":"cs_CZ","og_type":"article","og_title":"Koal\u00edcia chyst\u00e1 obrovsk\u00fa amnestiu pre p\u00e1chate\u013eov trestn\u00fdch \u010dinov proti \u017eivotn\u00e9mu prostrediu - Smedemokrati.sk","og_description":"Minister \u017eivotn\u00e9ho prostredia Tom\u00e1\u0161 Taraba a minister vn\u00fatra Mat\u00fa\u0161 \u0160utaj-E\u0161tok ohl\u00e1sili u\u017e\u0161iu spolupr\u00e1cu rezortov pri odha\u013eovan\u00ed environment\u00e1lnej kriminality. V tejto s\u00favislosti v\u0161ak predkladaj\u00fa v parlamente n\u00e1vrhy, ktor\u00e9 sp\u00f4sobia katastrofu pri st\u00edhan\u00ed po\u0161kodzovania \u017eivotn\u00e9ho prostredia. \u0160kandal\u00f3zne n\u00e1vrhy s\u00fa v\u00fdhodn\u00e9 len pre p\u00e1chate\u013eov trestn\u00fdch \u010dinov proti \u017eivotn\u00e9mu prostrediu.\u00a0 \u201eZmeny sadzieb a hran\u00edc trestnosti, ktor\u00e9 s\u00fa s\u00fa\u010das\u0165ou novely [&hellip;]","og_url":"https:\/\/www.smedemokrati.sk\/cs\/koalicia-chysta-obrovsku-amnestiu-pre-pachatelov-trestnych-cinov-proti-zivotnemu-prostrediu\/","og_site_name":"Smedemokrati.sk","article_publisher":"https:\/\/www.facebook.com\/smedemokrati2023","article_published_time":"2024-01-08T15:41:52+00:00","article_modified_time":"2024-01-08T15:41:53+00:00","og_image":[{"width":1520,"height":1080,"url":"https:\/\/www.smedemokrati.sk\/wp-content\/uploads\/2023\/04\/MKica.jpg","type":"image\/jpeg"}],"author":"Tom\u00e1\u0161 Koppl","twitter_card":"summary_large_image","twitter_misc":{"Napsal(a)":"Tom\u00e1\u0161 Koppl","Odhadovan\u00e1 doba \u010dten\u00ed":"3 minuty"},"schema":{"@context":"https:\/\/schema.org","@graph":[{"@type":"Article","@id":"https:\/\/www.smedemokrati.sk\/koalicia-chysta-obrovsku-amnestiu-pre-pachatelov-trestnych-cinov-proti-zivotnemu-prostrediu\/#article","isPartOf":{"@id":"https:\/\/www.smedemokrati.sk\/koalicia-chysta-obrovsku-amnestiu-pre-pachatelov-trestnych-cinov-proti-zivotnemu-prostrediu\/"},"author":{"name":"Tom\u00e1\u0161 Koppl","@id":"https:\/\/www.smedemokrati.sk\/#\/schema\/person\/c60720f4b9955b3c1ed222ebd1fbbc7c"},"headline":"Koal\u00edcia chyst\u00e1 obrovsk\u00fa amnestiu pre p\u00e1chate\u013eov trestn\u00fdch \u010dinov proti \u017eivotn\u00e9mu prostrediu","datePublished":"2024-01-08T15:41:52+00:00","dateModified":"2024-01-08T15:41:53+00:00","mainEntityOfPage":{"@id":"https:\/\/www.smedemokrati.sk\/koalicia-chysta-obrovsku-amnestiu-pre-pachatelov-trestnych-cinov-proti-zivotnemu-prostrediu\/"},"wordCount":537,"publisher":{"@id":"https:\/\/www.smedemokrati.sk\/#organization"},"image":{"@id":"https:\/\/www.smedemokrati.sk\/koalicia-chysta-obrovsku-amnestiu-pre-pachatelov-trestnych-cinov-proti-zivotnemu-prostrediu\/#primaryimage"},"thumbnailUrl":"https:\/\/www.smedemokrati.sk\/wp-content\/uploads\/2023\/04\/MKica.jpg","articleSection":["Tla\u010dov\u00e9 spr\u00e1vy"],"inLanguage":"cs-CZ"},{"@type":"WebPage","@id":"https:\/\/www.smedemokrati.sk\/koalicia-chysta-obrovsku-amnestiu-pre-pachatelov-trestnych-cinov-proti-zivotnemu-prostrediu\/","url":"https:\/\/www.smedemokrati.sk\/koalicia-chysta-obrovsku-amnestiu-pre-pachatelov-trestnych-cinov-proti-zivotnemu-prostrediu\/","name":"Koal\u00edcia chyst\u00e1 obrovsk\u00fa amnestiu pre p\u00e1chate\u013eov trestn\u00fdch \u010dinov proti \u017eivotn\u00e9mu prostrediu - Smedemokrati.sk","isPartOf":{"@id":"https:\/\/www.smedemokrati.sk\/#website"},"primaryImageOfPage":{"@id":"https:\/\/www.smedemokrati.sk\/koalicia-chysta-obrovsku-amnestiu-pre-pachatelov-trestnych-cinov-proti-zivotnemu-prostrediu\/#primaryimage"},"image":{"@id":"https:\/\/www.smedemokrati.sk\/koalicia-chysta-obrovsku-amnestiu-pre-pachatelov-trestnych-cinov-proti-zivotnemu-prostrediu\/#primaryimage"},"thumbnailUrl":"https:\/\/www.smedemokrati.sk\/wp-content\/uploads\/2023\/04\/MKica.jpg","datePublished":"2024-01-08T15:41:52+00:00","dateModified":"2024-01-08T15:41:53+00:00","breadcrumb":{"@id":"https:\/\/www.smedemokrati.sk\/koalicia-chysta-obrovsku-amnestiu-pre-pachatelov-trestnych-cinov-proti-zivotnemu-prostrediu\/#breadcrumb"},"inLanguage":"cs-CZ","potentialAction":[{"@type":"ReadAction","target":["https:\/\/www.smedemokrati.sk\/koalicia-chysta-obrovsku-amnestiu-pre-pachatelov-trestnych-cinov-proti-zivotnemu-prostrediu\/"]}]},{"@type":"ImageObject","inLanguage":"cs-CZ","@id":"https:\/\/www.smedemokrati.sk\/koalicia-chysta-obrovsku-amnestiu-pre-pachatelov-trestnych-cinov-proti-zivotnemu-prostrediu\/#primaryimage","url":"https:\/\/www.smedemokrati.sk\/wp-content\/uploads\/2023\/04\/MKica.jpg","contentUrl":"https:\/\/www.smedemokrati.sk\/wp-content\/uploads\/2023\/04\/MKica.jpg","width":1520,"height":1080},{"@type":"BreadcrumbList","@id":"https:\/\/www.smedemokrati.sk\/koalicia-chysta-obrovsku-amnestiu-pre-pachatelov-trestnych-cinov-proti-zivotnemu-prostrediu\/#breadcrumb","itemListElement":[{"@type":"ListItem","position":1,"name":"Domovsk\u00e1 str\u00e1nka","item":"https:\/\/www.smedemokrati.sk\/"},{"@type":"ListItem","position":2,"name":"Koal\u00edcia chyst\u00e1 obrovsk\u00fa amnestiu pre p\u00e1chate\u013eov trestn\u00fdch \u010dinov proti \u017eivotn\u00e9mu prostrediu"}]},{"@type":"WebSite","@id":"https:\/\/www.smedemokrati.sk\/#website","url":"https:\/\/www.smedemokrati.sk\/","name":"Smedemokrati.sk","description":"Demokracia a slu\u0161nos\u0165 zv\u00ed\u0165az\u00ed","publisher":{"@id":"https:\/\/www.smedemokrati.sk\/#organization"},"potentialAction":[{"@type":"SearchAction","target":{"@type":"EntryPoint","urlTemplate":"https:\/\/www.smedemokrati.sk\/?s={search_term_string}"},"query-input":{"@type":"PropertyValueSpecification","valueRequired":true,"valueName":"search_term_string"}}],"inLanguage":"cs-CZ"},{"@type":"Organization","@id":"https:\/\/www.smedemokrati.sk\/#organization","name":"Smedemokrati.sk","url":"https:\/\/www.smedemokrati.sk\/","logo":{"@type":"ImageObject","inLanguage":"cs-CZ","@id":"https:\/\/www.smedemokrati.sk\/#\/schema\/logo\/image\/","url":"https:\/\/www.smedemokrati.sk\/wp-content\/uploads\/2023\/04\/ff.002.jpeg","contentUrl":"https:\/\/www.smedemokrati.sk\/wp-content\/uploads\/2023\/04\/ff.002.jpeg","width":640,"height":480,"caption":"Smedemokrati.sk"},"image":{"@id":"https:\/\/www.smedemokrati.sk\/#\/schema\/logo\/image\/"},"sameAs":["https:\/\/www.facebook.com\/smedemokrati2023"]},{"@type":"Person","@id":"https:\/\/www.smedemokrati.sk\/#\/schema\/person\/c60720f4b9955b3c1ed222ebd1fbbc7c","name":"Tom\u00e1\u0161 Koppl","image":{"@type":"ImageObject","inLanguage":"cs-CZ","@id":"https:\/\/secure.gravatar.com\/avatar\/8dfa38373c5e39821baf74c8e867a6f12e12c6dab6559aa999d10703b0b1c4ce?s=96&d=mm&r=g","url":"https:\/\/secure.gravatar.com\/avatar\/8dfa38373c5e39821baf74c8e867a6f12e12c6dab6559aa999d10703b0b1c4ce?s=96&d=mm&r=g","contentUrl":"https:\/\/secure.gravatar.com\/avatar\/8dfa38373c5e39821baf74c8e867a6f12e12c6dab6559aa999d10703b0b1c4ce?s=96&d=mm&r=g","caption":"Tom\u00e1\u0161 Koppl"},"url":"https:\/\/www.smedemokrati.sk\/cs\/author\/tomaskoppl\/"}]}},"_links":{"self":[{"href":"https:\/\/www.smedemokrati.sk\/cs\/wp-json\/wp\/v2\/posts\/2476","targetHints":{"allow":["GET"]}}],"collection":[{"href":"https:\/\/www.smedemokrati.sk\/cs\/wp-json\/wp\/v2\/posts"}],"about":[{"href":"https:\/\/www.smedemokrati.sk\/cs\/wp-json\/wp\/v2\/types\/post"}],"author":[{"embeddable":true,"href":"https:\/\/www.smedemokrati.sk\/cs\/wp-json\/wp\/v2\/users\/7"}],"replies":[{"embeddable":true,"href":"https:\/\/www.smedemokrati.sk\/cs\/wp-json\/wp\/v2\/comments?post=2476"}],"version-history":[{"count":1,"href":"https:\/\/www.smedemokrati.sk\/cs\/wp-json\/wp\/v2\/posts\/2476\/revisions"}],"predecessor-version":[{"id":2477,"href":"https:\/\/www.smedemokrati.sk\/cs\/wp-json\/wp\/v2\/posts\/2476\/revisions\/2477"}],"wp:featuredmedia":[{"embeddable":true,"href":"https:\/\/www.smedemokrati.sk\/cs\/wp-json\/wp\/v2\/media\/385"}],"wp:attachment":[{"href":"https:\/\/www.smedemokrati.sk\/cs\/wp-json\/wp\/v2\/media?parent=2476"}],"wp:term":[{"taxonomy":"category","embeddable":true,"href":"https:\/\/www.smedemokrati.sk\/cs\/wp-json\/wp\/v2\/categories?post=2476"},{"taxonomy":"post_tag","embeddable":true,"href":"https:\/\/www.smedemokrati.sk\/cs\/wp-json\/wp\/v2\/tags?post=2476"}],"curies":[{"name":"wp","href":"https:\/\/api.w.org\/{rel}","templated":true}]}}