{"id":2458,"date":"2023-12-22T15:38:47","date_gmt":"2023-12-22T13:38:47","guid":{"rendered":"https:\/\/www.smedemokrati.sk\/?p=2458"},"modified":"2024-01-05T10:33:10","modified_gmt":"2024-01-05T08:33:10","slug":"vladna-koalicia-na-navrh-ministra-tarabu-prihrala-stovky-milionov-eur-privatizerom","status":"publish","type":"post","link":"https:\/\/www.smedemokrati.sk\/cs\/vladna-koalicia-na-navrh-ministra-tarabu-prihrala-stovky-milionov-eur-privatizerom\/","title":{"rendered":"Vl\u00e1dna koal\u00edcia na n\u00e1vrh ministra Tarabu prihrala stovky mili\u00f3nov eur privatiz\u00e9rom"},"content":{"rendered":"<div id=\"fb-root\"><\/div>\n\n<p><strong>Vl\u00e1dna koal\u00edcia na n\u00e1vrh ministra \u017eivotn\u00e9ho prostredia Tom\u00e1\u0161a Tarabu dne\u0161n\u00fdm schv\u00e1len\u00edm novely z\u00e1kona o niektor\u00fdch opatreniach na \u00faseku environment\u00e1lnej z\u00e1\u0165a\u017ee dala privatiz\u00e9rom \u0161tedr\u00fd predviano\u010dn\u00fd dar\u010dek &#8211; stovky mili\u00f3nov eur. Z\u00e1konom sa toti\u017e pren\u00e1\u0161aj\u00fa n\u00e1klady na ich san\u00e1ciu v omnoho v\u00e4\u010d\u0161ej miere ako doteraz na \u0161t\u00e1t.\u00a0<\/strong><\/p>\n\n\n\n<p>\u201e<em>Schv\u00e1lenie n\u00e1vrhu z\u00e1kona znamen\u00e1, \u017ee podnikate\u013eom, spravidla pr\u00e1vnym n\u00e1stupcom privatiz\u00e9rov b\u00fdval\u00fdch \u0161t\u00e1tnych podnikov, ktor\u00e9 predstavuj\u00fa najv\u00e4\u010d\u0161ie environment\u00e1lne z\u00e1\u0165a\u017ee, vl\u00e1dna koal\u00edcia prihrala stovky mili\u00f3nov eur. Doteraz toti\u017e museli na san\u00e1ciu t\u00fdchto z\u00e1\u0165a\u017e\u00ed vynalo\u017ei\u0165 prostriedky pr\u00e1ve t\u00edto podnikatelia, alebo n\u00e1klady dodato\u010dne \u0161t\u00e1tu refundova\u0165. Predlo\u017een\u00fdm n\u00e1vrhom z\u00e1kona sa ru\u0161\u00ed in\u0161tit\u00fat refund\u00e1cie a t\u00e1 st\u00e1va nevym\u00e1hate\u013enou,<\/em>\u201d uviedol Michal Ki\u010da, advok\u00e1t, environment\u00e1lny expert a \u010dlen predsedn\u00edctva strany Demokrati.<\/p>\n\n\n\n<p>Ako modelov\u00fd pr\u00edklad m\u00f4\u017ee sl\u00fa\u017ei\u0165 are\u00e1l b\u00fdval\u00e9ho Istrochemu. N\u00e1klady na san\u00e1ciu z\u00e1\u0165a\u017ee na jeho \u00fazem\u00ed s\u00fa pribli\u017ene 360 mil. eur. Vlastn\u00edk pozemkov san\u00e1ciu odmieta vykona\u0165. Ak by ju sk\u00f4r \u010di nesk\u00f4r vykonal \u0161t\u00e1t z verejn\u00fdch prostriedkov, pod\u013ea doteraj\u0161ieho mechanizmu by mu vznikol n\u00e1rok na n\u00e1hradu n\u00e1kladov, a to najviac v sume trhovej hodnoty pozemku. Pozemky Istrochemu s\u00fa z h\u013eadiska developingu v Bratislave mimoriadne lukrat\u00edvne. \u201e<em>Po dne\u0161nom schv\u00e1len\u00ed z\u00e1kona bude \u0161t\u00e1t san\u00e1ciu financova\u0165 s\u00e1m a pr\u00e1vnemu n\u00e1stupcovi privatiz\u00e9ra zostan\u00fa lukrat\u00edvne pozemky, o\u010disten\u00e9 od enviroz\u00e1\u0165a\u017ee a teda zhodnoten\u00e9 na \u00fakor \u0161t\u00e1tu, ktor\u00e9 bude m\u00f4c\u0165 n\u00e1sledne pred\u00e1va\u0165 s obrovsk\u00fdm ziskom. Po dne\u0161ku bude ochota developera financova\u0165 san\u00e1ciu z\u00e1\u0165a\u017ee nulov\u00e1,\u201d\u00a0<\/em>vysvet\u013euje Michal Ki\u010da.<\/p>\n\n\n\n<p>E\u0161te hor\u0161\u00edm pr\u00edkladom je Chemko Str\u00e1\u017eske. To malo z\u00e1v\u00e4zok vykona\u0165 san\u00e1ciu environmet\u00e1lnej z\u00e1\u0165a\u017ee priamo v privatiza\u010dnej zmluve. Preto bolo privatizovan\u00e9 aj s obrovskou z\u013eavou. R\u00f4znymi \u0161pekulat\u00edvnymi prevodmi sa nehnute\u013enosti vytunelovali mimo podniku a ten padol do konkurzu. Ak by dnes \u0161t\u00e1t financoval \u010fal\u0161ie stovky mili\u00f3nov eur za san\u00e1ciu, vzniklo by na pozemku aspo\u0148 z\u00e1lo\u017en\u00e9 pr\u00e1vo za san\u00e1ciu na 20 rokov. Na n\u00e1vrh ministra Tarabu sa toto v\u0161etko zru\u0161ilo a v\u0161etky n\u00e1klady bez refund\u00e1cie bude musie\u0165 zn\u00e1\u0161a\u0165 len da\u0148ov\u00fd poplatn\u00edk.&nbsp;<\/p>\n\n\n\n<p>Podnikate\u013esk\u00e9 eldor\u00e1do v praxi: s\u00fakromn\u00fd sektor berie zisk a \u0161t\u00e1t zn\u00e1\u0161a n\u00e1klady v tomto pr\u00edpade dvakr\u00e1t, najsk\u00f4r pri z\u013eave v privatiz\u00e1cii a druh\u00fdkr\u00e1t pri platen\u00ed san\u00e1cie. Z n\u00e1vrhu ministra Tarabu musia ma\u0165 rados\u0165 v\u0161etci \u0161pekulanti, ktor\u00ed by preniesli z\u00e1v\u00e4zky, na ktor\u00e9 sa ich pr\u00e1vni predchodcovia zaviazali v privatiza\u010dn\u00fdch zmluv\u00e1ch a dostali za to obrovsk\u00e9 z\u013eavy v privatiz\u00e1cii, na da\u0148ov\u00e9ho poplatn\u00edka.&nbsp;<\/p>\n\n\n\n<p>\u201e<em>Poslanci odignorovali aj kompromisn\u00e9 rie\u0161enie vo forme pozme\u0148uj\u00faceho n\u00e1vrhu, ktor\u00e9 zachov\u00e1 mechanizmus refund\u00e1cie len pre pozemky, ktor\u00e9 boli predmetom privatiz\u00e1cie. Navrhovali sme im zachova\u0165 mechanizmus n\u00e1hrady vynalo\u017een\u00fdch n\u00e1kladov na san\u00e1ciu zo strany vlastn\u00edka pozemku, av\u0161ak, oproti s\u00fa\u010dasn\u00e9mu stavu by sa jednalo len o tie pozemky, ktor\u00e9 boli predmetom tzv. privatiz\u00e1cie,<\/em>\u201d dop\u013a\u0148a Michal Ki\u010da.<\/p>\n\n\n\n<p>\u0160okuj\u00face je, \u017ee parlament vy\u0161iel v \u00fastrety privatiz\u00e9rom expresne, bez medzirezortn\u00e9ho pripomienkov\u00e9ho konania. Vysvetlenie je nekonkr\u00e9tne &#8211; vraj hrozia zna\u010dn\u00e9 hospod\u00e1rske \u0161kody. Ani to v\u0161ak neobstoj\u00ed. Pr\u00edpadn\u00e9 poh\u013ead\u00e1vky \u0161t\u00e1tu bud\u00fa splatn\u00e9 o 20 rokov, preto jeden mesiac naviac by z poh\u013eadu Demokratov nepredstavoval probl\u00e9m. Vysvetlen\u00edm m\u00f4\u017ee by\u0165, \u017ee vl\u00e1dna koal\u00edcia sa chcela vyhn\u00fa\u0165 rozhodnutiu \u00fastavn\u00e9ho s\u00fadu, ktor\u00fd m\u00f4\u017ee v t\u00fdchto t\u00fd\u017ed\u0148och vyslovi\u0165 s\u00falad mechanizmu povinnosti platenia n\u00e1hrady \u0161t\u00e1tu s \u00fastavou. Po zmene z\u00e1kona \u00fastavn\u00fd s\u00fad bude musie\u0165 konanie zastavi\u0165.&nbsp;<\/p>\n\n\n\n<p>Na Slovensku je pribli\u017ene 2000 pravdepodobn\u00fdch alebo potvrden\u00fdch environment\u00e1lnych z\u00e1\u0165a\u017e\u00ed. N\u00e1klady na ich san\u00e1ciu dosiahnu minim\u00e1lne 2 mld. eur. Z eurofondov (Opera\u010dn\u00fd program Slovensko 2021 \u2013 2027) m\u00f4\u017eeme na san\u00e1cie \u010derpa\u0165 pribli\u017ene 240 mil. eur. N\u00e1vrh vl\u00e1dy vych\u00e1dza v \u00fastrety lobistom a znamen\u00e1 omnoho menej prostriedkov na san\u00e1cie za\u0165a\u017e\u00ed, ke\u010f\u017ee aj In\u0161tit\u00fat environment\u00e1lnej politiky odpor\u00fa\u010dal v\u00e4\u010d\u0161ie zapojenie s\u00fakromn\u00fdch zdrojov, bez ktor\u00fdch to nep\u00f4jde.<\/p>\n\n\n\n<figure class=\"wp-block-video\"><video height=\"1080\" style=\"aspect-ratio: 1920 \/ 1080;\" width=\"1920\" controls src=\"https:\/\/www.smedemokrati.sk\/wp-content\/uploads\/2023\/12\/IMG_7019.mov\"><\/video><\/figure>\n","protected":false},"excerpt":{"rendered":"<p>Vl\u00e1dna koal\u00edcia na n\u00e1vrh ministra \u017eivotn\u00e9ho prostredia Tom\u00e1\u0161a Tarabu dne\u0161n\u00fdm schv\u00e1len\u00edm novely z\u00e1kona o niektor\u00fdch opatreniach na \u00faseku environment\u00e1lnej z\u00e1\u0165a\u017ee dala privatiz\u00e9rom \u0161tedr\u00fd predviano\u010dn\u00fd dar\u010dek &#8211; stovky mili\u00f3nov eur. Z\u00e1konom sa toti\u017e pren\u00e1\u0161aj\u00fa n\u00e1klady na ich san\u00e1ciu v omnoho v\u00e4\u010d\u0161ej miere ako doteraz na \u0161t\u00e1t.\u00a0 \u201eSchv\u00e1lenie n\u00e1vrhu z\u00e1kona znamen\u00e1, \u017ee podnikate\u013eom, spravidla pr\u00e1vnym n\u00e1stupcom privatiz\u00e9rov [&hellip;]<\/p>\n","protected":false},"author":7,"featured_media":2460,"comment_status":"closed","ping_status":"closed","sticky":false,"template":"","format":"standard","meta":{"_acf_changed":false,"ngg_post_thumbnail":0,"footnotes":""},"categories":[4],"tags":[],"class_list":["post-2458","post","type-post","status-publish","format-standard","has-post-thumbnail","hentry","category-tlacove-spravy"],"acf":[],"yoast_head":"<!-- This site is optimized with the Yoast SEO plugin v27.2 - https:\/\/yoast.com\/product\/yoast-seo-wordpress\/ -->\n<title>Vl\u00e1dna koal\u00edcia na n\u00e1vrh ministra Tarabu prihrala stovky mili\u00f3nov eur privatiz\u00e9rom - Smedemokrati.sk<\/title>\n<meta name=\"robots\" content=\"index, follow, max-snippet:-1, max-image-preview:large, max-video-preview:-1\" \/>\n<link rel=\"canonical\" href=\"https:\/\/www.smedemokrati.sk\/cs\/vladna-koalicia-na-navrh-ministra-tarabu-prihrala-stovky-milionov-eur-privatizerom\/\" \/>\n<meta property=\"og:locale\" content=\"cs_CZ\" \/>\n<meta property=\"og:locale:alternate\" content=\"en_US\" \/>\n<meta property=\"og:locale:alternate\" content=\"hu_HU\" \/>\n<meta property=\"og:locale:alternate\" content=\"sk_SK\" \/>\n<meta property=\"og:locale:alternate\" content=\"sv_SE\" \/>\n<meta property=\"og:type\" content=\"article\" \/>\n<meta property=\"og:title\" content=\"Vl\u00e1dna koal\u00edcia na n\u00e1vrh ministra Tarabu prihrala stovky mili\u00f3nov eur privatiz\u00e9rom - Smedemokrati.sk\" \/>\n<meta property=\"og:description\" content=\"Vl\u00e1dna koal\u00edcia na n\u00e1vrh ministra \u017eivotn\u00e9ho prostredia Tom\u00e1\u0161a Tarabu dne\u0161n\u00fdm schv\u00e1len\u00edm novely z\u00e1kona o niektor\u00fdch opatreniach na \u00faseku environment\u00e1lnej z\u00e1\u0165a\u017ee dala privatiz\u00e9rom \u0161tedr\u00fd predviano\u010dn\u00fd dar\u010dek &#8211; stovky mili\u00f3nov eur. Z\u00e1konom sa toti\u017e pren\u00e1\u0161aj\u00fa n\u00e1klady na ich san\u00e1ciu v omnoho v\u00e4\u010d\u0161ej miere ako doteraz na \u0161t\u00e1t.\u00a0 \u201eSchv\u00e1lenie n\u00e1vrhu z\u00e1kona znamen\u00e1, \u017ee podnikate\u013eom, spravidla pr\u00e1vnym n\u00e1stupcom privatiz\u00e9rov [&hellip;]\" \/>\n<meta property=\"og:url\" content=\"https:\/\/www.smedemokrati.sk\/cs\/vladna-koalicia-na-navrh-ministra-tarabu-prihrala-stovky-milionov-eur-privatizerom\/\" \/>\n<meta property=\"og:site_name\" content=\"Smedemokrati.sk\" \/>\n<meta property=\"article:publisher\" content=\"https:\/\/www.facebook.com\/smedemokrati2023\" \/>\n<meta property=\"article:published_time\" content=\"2023-12-22T13:38:47+00:00\" \/>\n<meta property=\"article:modified_time\" content=\"2024-01-05T08:33:10+00:00\" \/>\n<meta property=\"og:image\" content=\"https:\/\/www.smedemokrati.sk\/wp-content\/uploads\/2023\/12\/miso.jpg\" \/>\n\t<meta property=\"og:image:width\" content=\"1904\" \/>\n\t<meta property=\"og:image:height\" content=\"1066\" \/>\n\t<meta property=\"og:image:type\" content=\"image\/jpeg\" \/>\n<meta name=\"author\" content=\"Tom\u00e1\u0161 Koppl\" \/>\n<meta name=\"twitter:card\" content=\"summary_large_image\" \/>\n<meta name=\"twitter:label1\" content=\"Napsal(a)\" \/>\n\t<meta name=\"twitter:data1\" content=\"Tom\u00e1\u0161 Koppl\" \/>\n\t<meta name=\"twitter:label2\" content=\"Odhadovan\u00e1 doba \u010dten\u00ed\" \/>\n\t<meta name=\"twitter:data2\" content=\"3 minuty\" \/>\n<script type=\"application\/ld+json\" class=\"yoast-schema-graph\">{\"@context\":\"https:\/\/schema.org\",\"@graph\":[{\"@type\":\"Article\",\"@id\":\"https:\/\/www.smedemokrati.sk\/vladna-koalicia-na-navrh-ministra-tarabu-prihrala-stovky-milionov-eur-privatizerom\/#article\",\"isPartOf\":{\"@id\":\"https:\/\/www.smedemokrati.sk\/vladna-koalicia-na-navrh-ministra-tarabu-prihrala-stovky-milionov-eur-privatizerom\/\"},\"author\":{\"name\":\"Tom\u00e1\u0161 Koppl\",\"@id\":\"https:\/\/www.smedemokrati.sk\/#\/schema\/person\/c60720f4b9955b3c1ed222ebd1fbbc7c\"},\"headline\":\"Vl\u00e1dna koal\u00edcia na n\u00e1vrh ministra Tarabu prihrala stovky mili\u00f3nov eur privatiz\u00e9rom\",\"datePublished\":\"2023-12-22T13:38:47+00:00\",\"dateModified\":\"2024-01-05T08:33:10+00:00\",\"mainEntityOfPage\":{\"@id\":\"https:\/\/www.smedemokrati.sk\/vladna-koalicia-na-navrh-ministra-tarabu-prihrala-stovky-milionov-eur-privatizerom\/\"},\"wordCount\":807,\"publisher\":{\"@id\":\"https:\/\/www.smedemokrati.sk\/#organization\"},\"image\":{\"@id\":\"https:\/\/www.smedemokrati.sk\/vladna-koalicia-na-navrh-ministra-tarabu-prihrala-stovky-milionov-eur-privatizerom\/#primaryimage\"},\"thumbnailUrl\":\"https:\/\/www.smedemokrati.sk\/wp-content\/uploads\/2023\/12\/miso.jpg\",\"articleSection\":[\"Tla\u010dov\u00e9 spr\u00e1vy\"],\"inLanguage\":\"cs-CZ\"},{\"@type\":\"WebPage\",\"@id\":\"https:\/\/www.smedemokrati.sk\/vladna-koalicia-na-navrh-ministra-tarabu-prihrala-stovky-milionov-eur-privatizerom\/\",\"url\":\"https:\/\/www.smedemokrati.sk\/vladna-koalicia-na-navrh-ministra-tarabu-prihrala-stovky-milionov-eur-privatizerom\/\",\"name\":\"Vl\u00e1dna koal\u00edcia na n\u00e1vrh ministra Tarabu prihrala stovky mili\u00f3nov eur privatiz\u00e9rom - Smedemokrati.sk\",\"isPartOf\":{\"@id\":\"https:\/\/www.smedemokrati.sk\/#website\"},\"primaryImageOfPage\":{\"@id\":\"https:\/\/www.smedemokrati.sk\/vladna-koalicia-na-navrh-ministra-tarabu-prihrala-stovky-milionov-eur-privatizerom\/#primaryimage\"},\"image\":{\"@id\":\"https:\/\/www.smedemokrati.sk\/vladna-koalicia-na-navrh-ministra-tarabu-prihrala-stovky-milionov-eur-privatizerom\/#primaryimage\"},\"thumbnailUrl\":\"https:\/\/www.smedemokrati.sk\/wp-content\/uploads\/2023\/12\/miso.jpg\",\"datePublished\":\"2023-12-22T13:38:47+00:00\",\"dateModified\":\"2024-01-05T08:33:10+00:00\",\"breadcrumb\":{\"@id\":\"https:\/\/www.smedemokrati.sk\/vladna-koalicia-na-navrh-ministra-tarabu-prihrala-stovky-milionov-eur-privatizerom\/#breadcrumb\"},\"inLanguage\":\"cs-CZ\",\"potentialAction\":[{\"@type\":\"ReadAction\",\"target\":[\"https:\/\/www.smedemokrati.sk\/vladna-koalicia-na-navrh-ministra-tarabu-prihrala-stovky-milionov-eur-privatizerom\/\"]}]},{\"@type\":\"ImageObject\",\"inLanguage\":\"cs-CZ\",\"@id\":\"https:\/\/www.smedemokrati.sk\/vladna-koalicia-na-navrh-ministra-tarabu-prihrala-stovky-milionov-eur-privatizerom\/#primaryimage\",\"url\":\"https:\/\/www.smedemokrati.sk\/wp-content\/uploads\/2023\/12\/miso.jpg\",\"contentUrl\":\"https:\/\/www.smedemokrati.sk\/wp-content\/uploads\/2023\/12\/miso.jpg\",\"width\":1904,\"height\":1066},{\"@type\":\"BreadcrumbList\",\"@id\":\"https:\/\/www.smedemokrati.sk\/vladna-koalicia-na-navrh-ministra-tarabu-prihrala-stovky-milionov-eur-privatizerom\/#breadcrumb\",\"itemListElement\":[{\"@type\":\"ListItem\",\"position\":1,\"name\":\"Domovsk\u00e1 str\u00e1nka\",\"item\":\"https:\/\/www.smedemokrati.sk\/\"},{\"@type\":\"ListItem\",\"position\":2,\"name\":\"Vl\u00e1dna koal\u00edcia na n\u00e1vrh ministra Tarabu prihrala stovky mili\u00f3nov eur privatiz\u00e9rom\"}]},{\"@type\":\"WebSite\",\"@id\":\"https:\/\/www.smedemokrati.sk\/#website\",\"url\":\"https:\/\/www.smedemokrati.sk\/\",\"name\":\"Smedemokrati.sk\",\"description\":\"Demokracia a slu\u0161nos\u0165 zv\u00ed\u0165az\u00ed\",\"publisher\":{\"@id\":\"https:\/\/www.smedemokrati.sk\/#organization\"},\"potentialAction\":[{\"@type\":\"SearchAction\",\"target\":{\"@type\":\"EntryPoint\",\"urlTemplate\":\"https:\/\/www.smedemokrati.sk\/?s={search_term_string}\"},\"query-input\":{\"@type\":\"PropertyValueSpecification\",\"valueRequired\":true,\"valueName\":\"search_term_string\"}}],\"inLanguage\":\"cs-CZ\"},{\"@type\":\"Organization\",\"@id\":\"https:\/\/www.smedemokrati.sk\/#organization\",\"name\":\"Smedemokrati.sk\",\"url\":\"https:\/\/www.smedemokrati.sk\/\",\"logo\":{\"@type\":\"ImageObject\",\"inLanguage\":\"cs-CZ\",\"@id\":\"https:\/\/www.smedemokrati.sk\/#\/schema\/logo\/image\/\",\"url\":\"https:\/\/www.smedemokrati.sk\/wp-content\/uploads\/2023\/04\/ff.002.jpeg\",\"contentUrl\":\"https:\/\/www.smedemokrati.sk\/wp-content\/uploads\/2023\/04\/ff.002.jpeg\",\"width\":640,\"height\":480,\"caption\":\"Smedemokrati.sk\"},\"image\":{\"@id\":\"https:\/\/www.smedemokrati.sk\/#\/schema\/logo\/image\/\"},\"sameAs\":[\"https:\/\/www.facebook.com\/smedemokrati2023\"]},{\"@type\":\"Person\",\"@id\":\"https:\/\/www.smedemokrati.sk\/#\/schema\/person\/c60720f4b9955b3c1ed222ebd1fbbc7c\",\"name\":\"Tom\u00e1\u0161 Koppl\",\"image\":{\"@type\":\"ImageObject\",\"inLanguage\":\"cs-CZ\",\"@id\":\"https:\/\/secure.gravatar.com\/avatar\/8dfa38373c5e39821baf74c8e867a6f12e12c6dab6559aa999d10703b0b1c4ce?s=96&d=mm&r=g\",\"url\":\"https:\/\/secure.gravatar.com\/avatar\/8dfa38373c5e39821baf74c8e867a6f12e12c6dab6559aa999d10703b0b1c4ce?s=96&d=mm&r=g\",\"contentUrl\":\"https:\/\/secure.gravatar.com\/avatar\/8dfa38373c5e39821baf74c8e867a6f12e12c6dab6559aa999d10703b0b1c4ce?s=96&d=mm&r=g\",\"caption\":\"Tom\u00e1\u0161 Koppl\"},\"url\":\"https:\/\/www.smedemokrati.sk\/cs\/author\/tomaskoppl\/\"}]}<\/script>\n<!-- \/ Yoast SEO plugin. -->","yoast_head_json":{"title":"Vl\u00e1dna koal\u00edcia na n\u00e1vrh ministra Tarabu prihrala stovky mili\u00f3nov eur privatiz\u00e9rom - Smedemokrati.sk","robots":{"index":"index","follow":"follow","max-snippet":"max-snippet:-1","max-image-preview":"max-image-preview:large","max-video-preview":"max-video-preview:-1"},"canonical":"https:\/\/www.smedemokrati.sk\/cs\/vladna-koalicia-na-navrh-ministra-tarabu-prihrala-stovky-milionov-eur-privatizerom\/","og_locale":"cs_CZ","og_type":"article","og_title":"Vl\u00e1dna koal\u00edcia na n\u00e1vrh ministra Tarabu prihrala stovky mili\u00f3nov eur privatiz\u00e9rom - Smedemokrati.sk","og_description":"Vl\u00e1dna koal\u00edcia na n\u00e1vrh ministra \u017eivotn\u00e9ho prostredia Tom\u00e1\u0161a Tarabu dne\u0161n\u00fdm schv\u00e1len\u00edm novely z\u00e1kona o niektor\u00fdch opatreniach na \u00faseku environment\u00e1lnej z\u00e1\u0165a\u017ee dala privatiz\u00e9rom \u0161tedr\u00fd predviano\u010dn\u00fd dar\u010dek &#8211; stovky mili\u00f3nov eur. Z\u00e1konom sa toti\u017e pren\u00e1\u0161aj\u00fa n\u00e1klady na ich san\u00e1ciu v omnoho v\u00e4\u010d\u0161ej miere ako doteraz na \u0161t\u00e1t.\u00a0 \u201eSchv\u00e1lenie n\u00e1vrhu z\u00e1kona znamen\u00e1, \u017ee podnikate\u013eom, spravidla pr\u00e1vnym n\u00e1stupcom privatiz\u00e9rov [&hellip;]","og_url":"https:\/\/www.smedemokrati.sk\/cs\/vladna-koalicia-na-navrh-ministra-tarabu-prihrala-stovky-milionov-eur-privatizerom\/","og_site_name":"Smedemokrati.sk","article_publisher":"https:\/\/www.facebook.com\/smedemokrati2023","article_published_time":"2023-12-22T13:38:47+00:00","article_modified_time":"2024-01-05T08:33:10+00:00","og_image":[{"width":1904,"height":1066,"url":"https:\/\/www.smedemokrati.sk\/wp-content\/uploads\/2023\/12\/miso.jpg","type":"image\/jpeg"}],"author":"Tom\u00e1\u0161 Koppl","twitter_card":"summary_large_image","twitter_misc":{"Napsal(a)":"Tom\u00e1\u0161 Koppl","Odhadovan\u00e1 doba \u010dten\u00ed":"3 minuty"},"schema":{"@context":"https:\/\/schema.org","@graph":[{"@type":"Article","@id":"https:\/\/www.smedemokrati.sk\/vladna-koalicia-na-navrh-ministra-tarabu-prihrala-stovky-milionov-eur-privatizerom\/#article","isPartOf":{"@id":"https:\/\/www.smedemokrati.sk\/vladna-koalicia-na-navrh-ministra-tarabu-prihrala-stovky-milionov-eur-privatizerom\/"},"author":{"name":"Tom\u00e1\u0161 Koppl","@id":"https:\/\/www.smedemokrati.sk\/#\/schema\/person\/c60720f4b9955b3c1ed222ebd1fbbc7c"},"headline":"Vl\u00e1dna koal\u00edcia na n\u00e1vrh ministra Tarabu prihrala stovky mili\u00f3nov eur privatiz\u00e9rom","datePublished":"2023-12-22T13:38:47+00:00","dateModified":"2024-01-05T08:33:10+00:00","mainEntityOfPage":{"@id":"https:\/\/www.smedemokrati.sk\/vladna-koalicia-na-navrh-ministra-tarabu-prihrala-stovky-milionov-eur-privatizerom\/"},"wordCount":807,"publisher":{"@id":"https:\/\/www.smedemokrati.sk\/#organization"},"image":{"@id":"https:\/\/www.smedemokrati.sk\/vladna-koalicia-na-navrh-ministra-tarabu-prihrala-stovky-milionov-eur-privatizerom\/#primaryimage"},"thumbnailUrl":"https:\/\/www.smedemokrati.sk\/wp-content\/uploads\/2023\/12\/miso.jpg","articleSection":["Tla\u010dov\u00e9 spr\u00e1vy"],"inLanguage":"cs-CZ"},{"@type":"WebPage","@id":"https:\/\/www.smedemokrati.sk\/vladna-koalicia-na-navrh-ministra-tarabu-prihrala-stovky-milionov-eur-privatizerom\/","url":"https:\/\/www.smedemokrati.sk\/vladna-koalicia-na-navrh-ministra-tarabu-prihrala-stovky-milionov-eur-privatizerom\/","name":"Vl\u00e1dna koal\u00edcia na n\u00e1vrh ministra Tarabu prihrala stovky mili\u00f3nov eur privatiz\u00e9rom - Smedemokrati.sk","isPartOf":{"@id":"https:\/\/www.smedemokrati.sk\/#website"},"primaryImageOfPage":{"@id":"https:\/\/www.smedemokrati.sk\/vladna-koalicia-na-navrh-ministra-tarabu-prihrala-stovky-milionov-eur-privatizerom\/#primaryimage"},"image":{"@id":"https:\/\/www.smedemokrati.sk\/vladna-koalicia-na-navrh-ministra-tarabu-prihrala-stovky-milionov-eur-privatizerom\/#primaryimage"},"thumbnailUrl":"https:\/\/www.smedemokrati.sk\/wp-content\/uploads\/2023\/12\/miso.jpg","datePublished":"2023-12-22T13:38:47+00:00","dateModified":"2024-01-05T08:33:10+00:00","breadcrumb":{"@id":"https:\/\/www.smedemokrati.sk\/vladna-koalicia-na-navrh-ministra-tarabu-prihrala-stovky-milionov-eur-privatizerom\/#breadcrumb"},"inLanguage":"cs-CZ","potentialAction":[{"@type":"ReadAction","target":["https:\/\/www.smedemokrati.sk\/vladna-koalicia-na-navrh-ministra-tarabu-prihrala-stovky-milionov-eur-privatizerom\/"]}]},{"@type":"ImageObject","inLanguage":"cs-CZ","@id":"https:\/\/www.smedemokrati.sk\/vladna-koalicia-na-navrh-ministra-tarabu-prihrala-stovky-milionov-eur-privatizerom\/#primaryimage","url":"https:\/\/www.smedemokrati.sk\/wp-content\/uploads\/2023\/12\/miso.jpg","contentUrl":"https:\/\/www.smedemokrati.sk\/wp-content\/uploads\/2023\/12\/miso.jpg","width":1904,"height":1066},{"@type":"BreadcrumbList","@id":"https:\/\/www.smedemokrati.sk\/vladna-koalicia-na-navrh-ministra-tarabu-prihrala-stovky-milionov-eur-privatizerom\/#breadcrumb","itemListElement":[{"@type":"ListItem","position":1,"name":"Domovsk\u00e1 str\u00e1nka","item":"https:\/\/www.smedemokrati.sk\/"},{"@type":"ListItem","position":2,"name":"Vl\u00e1dna koal\u00edcia na n\u00e1vrh ministra Tarabu prihrala stovky mili\u00f3nov eur privatiz\u00e9rom"}]},{"@type":"WebSite","@id":"https:\/\/www.smedemokrati.sk\/#website","url":"https:\/\/www.smedemokrati.sk\/","name":"Smedemokrati.sk","description":"Demokracia a slu\u0161nos\u0165 zv\u00ed\u0165az\u00ed","publisher":{"@id":"https:\/\/www.smedemokrati.sk\/#organization"},"potentialAction":[{"@type":"SearchAction","target":{"@type":"EntryPoint","urlTemplate":"https:\/\/www.smedemokrati.sk\/?s={search_term_string}"},"query-input":{"@type":"PropertyValueSpecification","valueRequired":true,"valueName":"search_term_string"}}],"inLanguage":"cs-CZ"},{"@type":"Organization","@id":"https:\/\/www.smedemokrati.sk\/#organization","name":"Smedemokrati.sk","url":"https:\/\/www.smedemokrati.sk\/","logo":{"@type":"ImageObject","inLanguage":"cs-CZ","@id":"https:\/\/www.smedemokrati.sk\/#\/schema\/logo\/image\/","url":"https:\/\/www.smedemokrati.sk\/wp-content\/uploads\/2023\/04\/ff.002.jpeg","contentUrl":"https:\/\/www.smedemokrati.sk\/wp-content\/uploads\/2023\/04\/ff.002.jpeg","width":640,"height":480,"caption":"Smedemokrati.sk"},"image":{"@id":"https:\/\/www.smedemokrati.sk\/#\/schema\/logo\/image\/"},"sameAs":["https:\/\/www.facebook.com\/smedemokrati2023"]},{"@type":"Person","@id":"https:\/\/www.smedemokrati.sk\/#\/schema\/person\/c60720f4b9955b3c1ed222ebd1fbbc7c","name":"Tom\u00e1\u0161 Koppl","image":{"@type":"ImageObject","inLanguage":"cs-CZ","@id":"https:\/\/secure.gravatar.com\/avatar\/8dfa38373c5e39821baf74c8e867a6f12e12c6dab6559aa999d10703b0b1c4ce?s=96&d=mm&r=g","url":"https:\/\/secure.gravatar.com\/avatar\/8dfa38373c5e39821baf74c8e867a6f12e12c6dab6559aa999d10703b0b1c4ce?s=96&d=mm&r=g","contentUrl":"https:\/\/secure.gravatar.com\/avatar\/8dfa38373c5e39821baf74c8e867a6f12e12c6dab6559aa999d10703b0b1c4ce?s=96&d=mm&r=g","caption":"Tom\u00e1\u0161 Koppl"},"url":"https:\/\/www.smedemokrati.sk\/cs\/author\/tomaskoppl\/"}]}},"_links":{"self":[{"href":"https:\/\/www.smedemokrati.sk\/cs\/wp-json\/wp\/v2\/posts\/2458","targetHints":{"allow":["GET"]}}],"collection":[{"href":"https:\/\/www.smedemokrati.sk\/cs\/wp-json\/wp\/v2\/posts"}],"about":[{"href":"https:\/\/www.smedemokrati.sk\/cs\/wp-json\/wp\/v2\/types\/post"}],"author":[{"embeddable":true,"href":"https:\/\/www.smedemokrati.sk\/cs\/wp-json\/wp\/v2\/users\/7"}],"replies":[{"embeddable":true,"href":"https:\/\/www.smedemokrati.sk\/cs\/wp-json\/wp\/v2\/comments?post=2458"}],"version-history":[{"count":1,"href":"https:\/\/www.smedemokrati.sk\/cs\/wp-json\/wp\/v2\/posts\/2458\/revisions"}],"predecessor-version":[{"id":2461,"href":"https:\/\/www.smedemokrati.sk\/cs\/wp-json\/wp\/v2\/posts\/2458\/revisions\/2461"}],"wp:featuredmedia":[{"embeddable":true,"href":"https:\/\/www.smedemokrati.sk\/cs\/wp-json\/wp\/v2\/media\/2460"}],"wp:attachment":[{"href":"https:\/\/www.smedemokrati.sk\/cs\/wp-json\/wp\/v2\/media?parent=2458"}],"wp:term":[{"taxonomy":"category","embeddable":true,"href":"https:\/\/www.smedemokrati.sk\/cs\/wp-json\/wp\/v2\/categories?post=2458"},{"taxonomy":"post_tag","embeddable":true,"href":"https:\/\/www.smedemokrati.sk\/cs\/wp-json\/wp\/v2\/tags?post=2458"}],"curies":[{"name":"wp","href":"https:\/\/api.w.org\/{rel}","templated":true}]}}