{"id":2425,"date":"2023-12-12T15:43:46","date_gmt":"2023-12-12T13:43:46","guid":{"rendered":"https:\/\/www.smedemokrati.sk\/?p=2425"},"modified":"2023-12-12T15:43:47","modified_gmt":"2023-12-12T13:43:47","slug":"fico-nema-pre-slovensko-viziu-opat-kradne-dochodky-klame-v-rozpocte-a-zadlzuje-krajinu","status":"publish","type":"post","link":"https:\/\/www.smedemokrati.sk\/cs\/fico-nema-pre-slovensko-viziu-opat-kradne-dochodky-klame-v-rozpocte-a-zadlzuje-krajinu\/","title":{"rendered":"Fico nem\u00e1 pre Slovensko v\u00edziu, op\u00e4\u0165 kradne d\u00f4chodky, klame v rozpo\u010dte a zadl\u017euje krajinu"},"content":{"rendered":"<div id=\"fb-root\"><\/div>\n\n<p><em>\u201eFico nem\u00e1 pre Slovensko v\u00edziu, op\u00e4\u0165 kradne d\u00f4chodky, klame v rozpo\u010dte a zadl\u017euje krajinu. N\u00e1vrh \u0161t\u00e1tneho rozpo\u010dtu na bud\u00faci rok, ktor\u00fd dnes schva\u013euje vl\u00e1da, je najhor\u0161\u00edm za posledn\u00fdch 17 rokov. Plynulo nadv\u00e4zuje na nezodpovedn\u00fd, diletantsk\u00fd a majetn\u00edcky pr\u00edstup v\u0161etk\u00fdch Ficov\u00fdch vl\u00e1d k verejn\u00fdm financi\u00e1m a ukazuje, \u017ee Fico nem\u00e1 \u017eiadnu v\u00edziu pre Slovensko. Je to rozpo\u010det, ktor\u00fd siaha tam kam nem\u00e1 a nech\u00e1va tam, kde nemus\u00ed.\u201c<\/em>&nbsp;Hovor\u00ed na margo vl\u00e1dou schv\u00e1len\u00e9ho rozpo\u010dtu podpredseda strany Demokrati Eduard Heger.<\/p>\n\n\n\n<p><em>\u201eVl\u00e1da navrhnut\u00fdm rozpo\u010dtom ober\u00e1 be\u017en\u00fdch \u013eud\u00ed o stovky mili\u00f3nov eur. Chce zv\u00fd\u0161i\u0165 zdravotn\u00e9 odvody z platov o jedno percento. Takto m\u00f4\u017ee ka\u017ed\u00e9mu zamestnancovi na bud\u00faci rok vzia\u0165 v priemere okolo 150 eur. Darmo bude Robert Fico tvrdi\u0165, \u017ee to ide na vrub zamestn\u00e1vate\u013eov a nie zamestnancov, ka\u017ed\u00fd s\u00fadny \u010dlovek vie, \u017ee to spomal\u00ed rast miezd a t\u00fdm p\u00e1dom si to odnes\u00fa zamestnanci. Neschopnos\u0165 hospod\u00e1ri\u0165 pod\u013ea zdrav\u00e9ho sedliackeho rozumu zakr\u00fdva Fico aj t\u00fdm, \u017ee bud\u00facim d\u00f4chodcom znova kradne z ich penzi\u00ed. Takto chce zaplati\u0165 Pellegrinimu \u010das\u0165 prezidentskej kampane za stovky mili\u00f3nov eur. Fico u\u017e raz hasil svoj rozpo\u010det \u00fasporami ob\u010danov v druhom pilieri. Vtedy im zobral z bud\u00facich d\u00f4chodkov viac ako 130 eur mesa\u010dne. Dnes navrhovan\u00fdm zn\u00ed\u017een\u00edm odvodov na povinn\u00e9 sporenie z 5,5 na 4 % z hrub\u00e9ho platu im kradne \u010fal\u0161ie desiatky eur, v niektor\u00fdch pr\u00edpadoch skoro a\u017e 100 eur mesa\u010dne. Fico sa t\u00fdmto z\u00e1sahom sna\u017e\u00ed \u00faplne zni\u010di\u0165 druh\u00fd pilier a ober\u00e1 bud\u00facich d\u00f4chodkov o d\u00f4stojn\u00fa starobu,\u201c<\/em>&nbsp;povedal expremi\u00e9r Eduard Heger.<\/p>\n\n\n\n<p><em>\u201eFico znova podvodn\u00fdmi trikmi kamufluje \u010d\u00edsla v rozpo\u010dte. Viac ako jednu miliardu eur, ktor\u00fa e\u0161te Hegerova vl\u00e1da vyjednala na energopomoc z eurofondov a zn\u00ed\u017eila t\u00fdm deficit rozpo\u010dtu v tomto roku, chce premi\u00e9r rozdeli\u0165 tak, aby sa polovica z toho za\u00fa\u010dtovala na tento a polovica na bud\u00faci rok. \u201eTak\u00fdmto rozpo\u010dtov\u00fdm trikom si chce vylep\u0161i\u0165 bud\u00facoro\u010dn\u00fd rozpo\u010dtov\u00fd deficit, zhor\u0161i\u0165 tohtoro\u010dn\u00fd a tv\u00e1ri\u0165 sa, \u017ee \u0161etr\u00ed,\u201c&nbsp;<\/em>doplnil Heger. Kombin\u00e1ciou penzijnej kr\u00e1de\u017ee a \u00fa\u010dtovn\u00fdch podvodn\u00fdch trikov chce Fico \u201ena\u0161krabka\u0165\u201c miliardu eur na prezidentsk\u00fa kampa\u0148 pre Pellegriniho, aby mu na\u010falej sl\u00fa\u017eil z prezidentsk\u00e9ho pal\u00e1ca. Na cel\u00fd tento \u0161p\u00e1s chce z vrec\u00e1k poctiv\u00fdch pracuj\u00facich vytiahnu\u0165 peniaze na hlavn\u00e9 body kampane, ktor\u00fdmi sa maj\u00fa sta\u0165 z dlhov zaplaten\u00e9 trin\u00e1ste d\u00f4chodky a neadresn\u00e9 dot\u00e1cie na energie.<\/p>\n\n\n\n<p>Roz\u0161afnos\u0165 Fica z pe\u0148az\u00ed n\u00e1s v\u0161etk\u00fdch nem\u00e1 hran\u00edc.&nbsp;<em>\u201eKupuje si \u0148ou aj poslu\u0161nos\u0165 Andreja Danka a jeho kump\u00e1nov vytvoren\u00edm zbyto\u010dn\u00e9ho ministerstva \u0161portu, ktor\u00e9 \u017eia\u013e \u0161portu nepom\u00f4\u017ee a m\u00e1 st\u00e1\u0165 a\u017e 100 mili\u00f3nov eur. Podobn\u00fdch nezmyselnost\u00ed je v navrhnutom rozpo\u010dte viac. Ak Ficovi nezabr\u00e1nime v jeho nesp\u00fatanom fi\u0161k\u00e1lnom alkoholizme, m\u00f4\u017ee dlh Slovenska st\u00fapnu\u0165 po\u010das jeho vl\u00e1dy a\u017e o 25 mili\u00e1rd eur, a to napriek tomu, \u017ee Slovensko u\u017e ne\u010del\u00ed v\u00e1\u017enym kr\u00edzam a rast ekonomiky sa m\u00e1 postupne zvy\u0161ova\u0165. Hroz\u00ed, \u017ee ka\u017ed\u00e9ho jedn\u00e9ho ob\u010dana tejto krajiny, vr\u00e1tane novorodencov a d\u00f4chodcov, zadl\u017e\u00ed skoro o 5 000 eur.\u201c<\/em>&nbsp;uzatvoril Eduard Heger.&nbsp;<\/p>\n","protected":false},"excerpt":{"rendered":"<p>\u201eFico nem\u00e1 pre Slovensko v\u00edziu, op\u00e4\u0165 kradne d\u00f4chodky, klame v rozpo\u010dte a zadl\u017euje krajinu. N\u00e1vrh \u0161t\u00e1tneho rozpo\u010dtu na bud\u00faci rok, ktor\u00fd dnes schva\u013euje vl\u00e1da, je najhor\u0161\u00edm za posledn\u00fdch 17 rokov. Plynulo nadv\u00e4zuje na nezodpovedn\u00fd, diletantsk\u00fd a majetn\u00edcky pr\u00edstup v\u0161etk\u00fdch Ficov\u00fdch vl\u00e1d k verejn\u00fdm financi\u00e1m a ukazuje, \u017ee Fico nem\u00e1 \u017eiadnu v\u00edziu pre Slovensko. Je to [&hellip;]<\/p>\n","protected":false},"author":7,"featured_media":249,"comment_status":"closed","ping_status":"closed","sticky":false,"template":"","format":"standard","meta":{"_acf_changed":false,"ngg_post_thumbnail":0,"footnotes":""},"categories":[4],"tags":[],"class_list":["post-2425","post","type-post","status-publish","format-standard","has-post-thumbnail","hentry","category-tlacove-spravy"],"acf":[],"yoast_head":"<!-- This site is optimized with the Yoast SEO plugin v27.2 - https:\/\/yoast.com\/product\/yoast-seo-wordpress\/ -->\n<title>Fico nem\u00e1 pre Slovensko v\u00edziu, op\u00e4\u0165 kradne d\u00f4chodky, klame v rozpo\u010dte a zadl\u017euje krajinu - Smedemokrati.sk<\/title>\n<meta name=\"robots\" content=\"index, follow, max-snippet:-1, max-image-preview:large, max-video-preview:-1\" \/>\n<link rel=\"canonical\" href=\"https:\/\/www.smedemokrati.sk\/cs\/fico-nema-pre-slovensko-viziu-opat-kradne-dochodky-klame-v-rozpocte-a-zadlzuje-krajinu\/\" \/>\n<meta property=\"og:locale\" content=\"cs_CZ\" \/>\n<meta property=\"og:locale:alternate\" content=\"en_US\" \/>\n<meta property=\"og:locale:alternate\" content=\"hu_HU\" \/>\n<meta property=\"og:locale:alternate\" content=\"sk_SK\" \/>\n<meta property=\"og:locale:alternate\" content=\"sv_SE\" \/>\n<meta property=\"og:type\" content=\"article\" \/>\n<meta property=\"og:title\" content=\"Fico nem\u00e1 pre Slovensko v\u00edziu, op\u00e4\u0165 kradne d\u00f4chodky, klame v rozpo\u010dte a zadl\u017euje krajinu - Smedemokrati.sk\" \/>\n<meta property=\"og:description\" content=\"\u201eFico nem\u00e1 pre Slovensko v\u00edziu, op\u00e4\u0165 kradne d\u00f4chodky, klame v rozpo\u010dte a zadl\u017euje krajinu. N\u00e1vrh \u0161t\u00e1tneho rozpo\u010dtu na bud\u00faci rok, ktor\u00fd dnes schva\u013euje vl\u00e1da, je najhor\u0161\u00edm za posledn\u00fdch 17 rokov. Plynulo nadv\u00e4zuje na nezodpovedn\u00fd, diletantsk\u00fd a majetn\u00edcky pr\u00edstup v\u0161etk\u00fdch Ficov\u00fdch vl\u00e1d k verejn\u00fdm financi\u00e1m a ukazuje, \u017ee Fico nem\u00e1 \u017eiadnu v\u00edziu pre Slovensko. Je to [&hellip;]\" \/>\n<meta property=\"og:url\" content=\"https:\/\/www.smedemokrati.sk\/cs\/fico-nema-pre-slovensko-viziu-opat-kradne-dochodky-klame-v-rozpocte-a-zadlzuje-krajinu\/\" \/>\n<meta property=\"og:site_name\" content=\"Smedemokrati.sk\" \/>\n<meta property=\"article:publisher\" content=\"https:\/\/www.facebook.com\/smedemokrati2023\" \/>\n<meta property=\"article:published_time\" content=\"2023-12-12T13:43:46+00:00\" \/>\n<meta property=\"article:modified_time\" content=\"2023-12-12T13:43:47+00:00\" \/>\n<meta property=\"og:image\" content=\"https:\/\/www.smedemokrati.sk\/wp-content\/uploads\/2023\/04\/EH.jpg\" \/>\n\t<meta property=\"og:image:width\" content=\"1520\" \/>\n\t<meta property=\"og:image:height\" content=\"1080\" \/>\n\t<meta property=\"og:image:type\" content=\"image\/jpeg\" \/>\n<meta name=\"author\" content=\"Tom\u00e1\u0161 Koppl\" \/>\n<meta name=\"twitter:card\" content=\"summary_large_image\" \/>\n<meta name=\"twitter:label1\" content=\"Napsal(a)\" \/>\n\t<meta name=\"twitter:data1\" content=\"Tom\u00e1\u0161 Koppl\" \/>\n\t<meta name=\"twitter:label2\" content=\"Odhadovan\u00e1 doba \u010dten\u00ed\" \/>\n\t<meta name=\"twitter:data2\" content=\"3 minuty\" \/>\n<script type=\"application\/ld+json\" class=\"yoast-schema-graph\">{\"@context\":\"https:\/\/schema.org\",\"@graph\":[{\"@type\":\"Article\",\"@id\":\"https:\/\/www.smedemokrati.sk\/fico-nema-pre-slovensko-viziu-opat-kradne-dochodky-klame-v-rozpocte-a-zadlzuje-krajinu\/#article\",\"isPartOf\":{\"@id\":\"https:\/\/www.smedemokrati.sk\/fico-nema-pre-slovensko-viziu-opat-kradne-dochodky-klame-v-rozpocte-a-zadlzuje-krajinu\/\"},\"author\":{\"name\":\"Tom\u00e1\u0161 Koppl\",\"@id\":\"https:\/\/www.smedemokrati.sk\/#\/schema\/person\/c60720f4b9955b3c1ed222ebd1fbbc7c\"},\"headline\":\"Fico nem\u00e1 pre Slovensko v\u00edziu, op\u00e4\u0165 kradne d\u00f4chodky, klame v rozpo\u010dte a zadl\u017euje krajinu\",\"datePublished\":\"2023-12-12T13:43:46+00:00\",\"dateModified\":\"2023-12-12T13:43:47+00:00\",\"mainEntityOfPage\":{\"@id\":\"https:\/\/www.smedemokrati.sk\/fico-nema-pre-slovensko-viziu-opat-kradne-dochodky-klame-v-rozpocte-a-zadlzuje-krajinu\/\"},\"wordCount\":611,\"publisher\":{\"@id\":\"https:\/\/www.smedemokrati.sk\/#organization\"},\"image\":{\"@id\":\"https:\/\/www.smedemokrati.sk\/fico-nema-pre-slovensko-viziu-opat-kradne-dochodky-klame-v-rozpocte-a-zadlzuje-krajinu\/#primaryimage\"},\"thumbnailUrl\":\"https:\/\/www.smedemokrati.sk\/wp-content\/uploads\/2023\/04\/EH.jpg\",\"articleSection\":[\"Tla\u010dov\u00e9 spr\u00e1vy\"],\"inLanguage\":\"cs-CZ\"},{\"@type\":\"WebPage\",\"@id\":\"https:\/\/www.smedemokrati.sk\/fico-nema-pre-slovensko-viziu-opat-kradne-dochodky-klame-v-rozpocte-a-zadlzuje-krajinu\/\",\"url\":\"https:\/\/www.smedemokrati.sk\/fico-nema-pre-slovensko-viziu-opat-kradne-dochodky-klame-v-rozpocte-a-zadlzuje-krajinu\/\",\"name\":\"Fico nem\u00e1 pre Slovensko v\u00edziu, op\u00e4\u0165 kradne d\u00f4chodky, klame v rozpo\u010dte a zadl\u017euje krajinu - Smedemokrati.sk\",\"isPartOf\":{\"@id\":\"https:\/\/www.smedemokrati.sk\/#website\"},\"primaryImageOfPage\":{\"@id\":\"https:\/\/www.smedemokrati.sk\/fico-nema-pre-slovensko-viziu-opat-kradne-dochodky-klame-v-rozpocte-a-zadlzuje-krajinu\/#primaryimage\"},\"image\":{\"@id\":\"https:\/\/www.smedemokrati.sk\/fico-nema-pre-slovensko-viziu-opat-kradne-dochodky-klame-v-rozpocte-a-zadlzuje-krajinu\/#primaryimage\"},\"thumbnailUrl\":\"https:\/\/www.smedemokrati.sk\/wp-content\/uploads\/2023\/04\/EH.jpg\",\"datePublished\":\"2023-12-12T13:43:46+00:00\",\"dateModified\":\"2023-12-12T13:43:47+00:00\",\"breadcrumb\":{\"@id\":\"https:\/\/www.smedemokrati.sk\/fico-nema-pre-slovensko-viziu-opat-kradne-dochodky-klame-v-rozpocte-a-zadlzuje-krajinu\/#breadcrumb\"},\"inLanguage\":\"cs-CZ\",\"potentialAction\":[{\"@type\":\"ReadAction\",\"target\":[\"https:\/\/www.smedemokrati.sk\/fico-nema-pre-slovensko-viziu-opat-kradne-dochodky-klame-v-rozpocte-a-zadlzuje-krajinu\/\"]}]},{\"@type\":\"ImageObject\",\"inLanguage\":\"cs-CZ\",\"@id\":\"https:\/\/www.smedemokrati.sk\/fico-nema-pre-slovensko-viziu-opat-kradne-dochodky-klame-v-rozpocte-a-zadlzuje-krajinu\/#primaryimage\",\"url\":\"https:\/\/www.smedemokrati.sk\/wp-content\/uploads\/2023\/04\/EH.jpg\",\"contentUrl\":\"https:\/\/www.smedemokrati.sk\/wp-content\/uploads\/2023\/04\/EH.jpg\",\"width\":1520,\"height\":1080},{\"@type\":\"BreadcrumbList\",\"@id\":\"https:\/\/www.smedemokrati.sk\/fico-nema-pre-slovensko-viziu-opat-kradne-dochodky-klame-v-rozpocte-a-zadlzuje-krajinu\/#breadcrumb\",\"itemListElement\":[{\"@type\":\"ListItem\",\"position\":1,\"name\":\"Domovsk\u00e1 str\u00e1nka\",\"item\":\"https:\/\/www.smedemokrati.sk\/\"},{\"@type\":\"ListItem\",\"position\":2,\"name\":\"Fico nem\u00e1 pre Slovensko v\u00edziu, op\u00e4\u0165 kradne d\u00f4chodky, klame v rozpo\u010dte a zadl\u017euje krajinu\"}]},{\"@type\":\"WebSite\",\"@id\":\"https:\/\/www.smedemokrati.sk\/#website\",\"url\":\"https:\/\/www.smedemokrati.sk\/\",\"name\":\"Smedemokrati.sk\",\"description\":\"Demokracia a slu\u0161nos\u0165 zv\u00ed\u0165az\u00ed\",\"publisher\":{\"@id\":\"https:\/\/www.smedemokrati.sk\/#organization\"},\"potentialAction\":[{\"@type\":\"SearchAction\",\"target\":{\"@type\":\"EntryPoint\",\"urlTemplate\":\"https:\/\/www.smedemokrati.sk\/?s={search_term_string}\"},\"query-input\":{\"@type\":\"PropertyValueSpecification\",\"valueRequired\":true,\"valueName\":\"search_term_string\"}}],\"inLanguage\":\"cs-CZ\"},{\"@type\":\"Organization\",\"@id\":\"https:\/\/www.smedemokrati.sk\/#organization\",\"name\":\"Smedemokrati.sk\",\"url\":\"https:\/\/www.smedemokrati.sk\/\",\"logo\":{\"@type\":\"ImageObject\",\"inLanguage\":\"cs-CZ\",\"@id\":\"https:\/\/www.smedemokrati.sk\/#\/schema\/logo\/image\/\",\"url\":\"https:\/\/www.smedemokrati.sk\/wp-content\/uploads\/2023\/04\/ff.002.jpeg\",\"contentUrl\":\"https:\/\/www.smedemokrati.sk\/wp-content\/uploads\/2023\/04\/ff.002.jpeg\",\"width\":640,\"height\":480,\"caption\":\"Smedemokrati.sk\"},\"image\":{\"@id\":\"https:\/\/www.smedemokrati.sk\/#\/schema\/logo\/image\/\"},\"sameAs\":[\"https:\/\/www.facebook.com\/smedemokrati2023\"]},{\"@type\":\"Person\",\"@id\":\"https:\/\/www.smedemokrati.sk\/#\/schema\/person\/c60720f4b9955b3c1ed222ebd1fbbc7c\",\"name\":\"Tom\u00e1\u0161 Koppl\",\"image\":{\"@type\":\"ImageObject\",\"inLanguage\":\"cs-CZ\",\"@id\":\"https:\/\/secure.gravatar.com\/avatar\/8dfa38373c5e39821baf74c8e867a6f12e12c6dab6559aa999d10703b0b1c4ce?s=96&d=mm&r=g\",\"url\":\"https:\/\/secure.gravatar.com\/avatar\/8dfa38373c5e39821baf74c8e867a6f12e12c6dab6559aa999d10703b0b1c4ce?s=96&d=mm&r=g\",\"contentUrl\":\"https:\/\/secure.gravatar.com\/avatar\/8dfa38373c5e39821baf74c8e867a6f12e12c6dab6559aa999d10703b0b1c4ce?s=96&d=mm&r=g\",\"caption\":\"Tom\u00e1\u0161 Koppl\"},\"url\":\"https:\/\/www.smedemokrati.sk\/cs\/author\/tomaskoppl\/\"}]}<\/script>\n<!-- \/ Yoast SEO plugin. -->","yoast_head_json":{"title":"Fico nem\u00e1 pre Slovensko v\u00edziu, op\u00e4\u0165 kradne d\u00f4chodky, klame v rozpo\u010dte a zadl\u017euje krajinu - Smedemokrati.sk","robots":{"index":"index","follow":"follow","max-snippet":"max-snippet:-1","max-image-preview":"max-image-preview:large","max-video-preview":"max-video-preview:-1"},"canonical":"https:\/\/www.smedemokrati.sk\/cs\/fico-nema-pre-slovensko-viziu-opat-kradne-dochodky-klame-v-rozpocte-a-zadlzuje-krajinu\/","og_locale":"cs_CZ","og_type":"article","og_title":"Fico nem\u00e1 pre Slovensko v\u00edziu, op\u00e4\u0165 kradne d\u00f4chodky, klame v rozpo\u010dte a zadl\u017euje krajinu - Smedemokrati.sk","og_description":"\u201eFico nem\u00e1 pre Slovensko v\u00edziu, op\u00e4\u0165 kradne d\u00f4chodky, klame v rozpo\u010dte a zadl\u017euje krajinu. N\u00e1vrh \u0161t\u00e1tneho rozpo\u010dtu na bud\u00faci rok, ktor\u00fd dnes schva\u013euje vl\u00e1da, je najhor\u0161\u00edm za posledn\u00fdch 17 rokov. Plynulo nadv\u00e4zuje na nezodpovedn\u00fd, diletantsk\u00fd a majetn\u00edcky pr\u00edstup v\u0161etk\u00fdch Ficov\u00fdch vl\u00e1d k verejn\u00fdm financi\u00e1m a ukazuje, \u017ee Fico nem\u00e1 \u017eiadnu v\u00edziu pre Slovensko. Je to [&hellip;]","og_url":"https:\/\/www.smedemokrati.sk\/cs\/fico-nema-pre-slovensko-viziu-opat-kradne-dochodky-klame-v-rozpocte-a-zadlzuje-krajinu\/","og_site_name":"Smedemokrati.sk","article_publisher":"https:\/\/www.facebook.com\/smedemokrati2023","article_published_time":"2023-12-12T13:43:46+00:00","article_modified_time":"2023-12-12T13:43:47+00:00","og_image":[{"width":1520,"height":1080,"url":"https:\/\/www.smedemokrati.sk\/wp-content\/uploads\/2023\/04\/EH.jpg","type":"image\/jpeg"}],"author":"Tom\u00e1\u0161 Koppl","twitter_card":"summary_large_image","twitter_misc":{"Napsal(a)":"Tom\u00e1\u0161 Koppl","Odhadovan\u00e1 doba \u010dten\u00ed":"3 minuty"},"schema":{"@context":"https:\/\/schema.org","@graph":[{"@type":"Article","@id":"https:\/\/www.smedemokrati.sk\/fico-nema-pre-slovensko-viziu-opat-kradne-dochodky-klame-v-rozpocte-a-zadlzuje-krajinu\/#article","isPartOf":{"@id":"https:\/\/www.smedemokrati.sk\/fico-nema-pre-slovensko-viziu-opat-kradne-dochodky-klame-v-rozpocte-a-zadlzuje-krajinu\/"},"author":{"name":"Tom\u00e1\u0161 Koppl","@id":"https:\/\/www.smedemokrati.sk\/#\/schema\/person\/c60720f4b9955b3c1ed222ebd1fbbc7c"},"headline":"Fico nem\u00e1 pre Slovensko v\u00edziu, op\u00e4\u0165 kradne d\u00f4chodky, klame v rozpo\u010dte a zadl\u017euje krajinu","datePublished":"2023-12-12T13:43:46+00:00","dateModified":"2023-12-12T13:43:47+00:00","mainEntityOfPage":{"@id":"https:\/\/www.smedemokrati.sk\/fico-nema-pre-slovensko-viziu-opat-kradne-dochodky-klame-v-rozpocte-a-zadlzuje-krajinu\/"},"wordCount":611,"publisher":{"@id":"https:\/\/www.smedemokrati.sk\/#organization"},"image":{"@id":"https:\/\/www.smedemokrati.sk\/fico-nema-pre-slovensko-viziu-opat-kradne-dochodky-klame-v-rozpocte-a-zadlzuje-krajinu\/#primaryimage"},"thumbnailUrl":"https:\/\/www.smedemokrati.sk\/wp-content\/uploads\/2023\/04\/EH.jpg","articleSection":["Tla\u010dov\u00e9 spr\u00e1vy"],"inLanguage":"cs-CZ"},{"@type":"WebPage","@id":"https:\/\/www.smedemokrati.sk\/fico-nema-pre-slovensko-viziu-opat-kradne-dochodky-klame-v-rozpocte-a-zadlzuje-krajinu\/","url":"https:\/\/www.smedemokrati.sk\/fico-nema-pre-slovensko-viziu-opat-kradne-dochodky-klame-v-rozpocte-a-zadlzuje-krajinu\/","name":"Fico nem\u00e1 pre Slovensko v\u00edziu, op\u00e4\u0165 kradne d\u00f4chodky, klame v rozpo\u010dte a zadl\u017euje krajinu - Smedemokrati.sk","isPartOf":{"@id":"https:\/\/www.smedemokrati.sk\/#website"},"primaryImageOfPage":{"@id":"https:\/\/www.smedemokrati.sk\/fico-nema-pre-slovensko-viziu-opat-kradne-dochodky-klame-v-rozpocte-a-zadlzuje-krajinu\/#primaryimage"},"image":{"@id":"https:\/\/www.smedemokrati.sk\/fico-nema-pre-slovensko-viziu-opat-kradne-dochodky-klame-v-rozpocte-a-zadlzuje-krajinu\/#primaryimage"},"thumbnailUrl":"https:\/\/www.smedemokrati.sk\/wp-content\/uploads\/2023\/04\/EH.jpg","datePublished":"2023-12-12T13:43:46+00:00","dateModified":"2023-12-12T13:43:47+00:00","breadcrumb":{"@id":"https:\/\/www.smedemokrati.sk\/fico-nema-pre-slovensko-viziu-opat-kradne-dochodky-klame-v-rozpocte-a-zadlzuje-krajinu\/#breadcrumb"},"inLanguage":"cs-CZ","potentialAction":[{"@type":"ReadAction","target":["https:\/\/www.smedemokrati.sk\/fico-nema-pre-slovensko-viziu-opat-kradne-dochodky-klame-v-rozpocte-a-zadlzuje-krajinu\/"]}]},{"@type":"ImageObject","inLanguage":"cs-CZ","@id":"https:\/\/www.smedemokrati.sk\/fico-nema-pre-slovensko-viziu-opat-kradne-dochodky-klame-v-rozpocte-a-zadlzuje-krajinu\/#primaryimage","url":"https:\/\/www.smedemokrati.sk\/wp-content\/uploads\/2023\/04\/EH.jpg","contentUrl":"https:\/\/www.smedemokrati.sk\/wp-content\/uploads\/2023\/04\/EH.jpg","width":1520,"height":1080},{"@type":"BreadcrumbList","@id":"https:\/\/www.smedemokrati.sk\/fico-nema-pre-slovensko-viziu-opat-kradne-dochodky-klame-v-rozpocte-a-zadlzuje-krajinu\/#breadcrumb","itemListElement":[{"@type":"ListItem","position":1,"name":"Domovsk\u00e1 str\u00e1nka","item":"https:\/\/www.smedemokrati.sk\/"},{"@type":"ListItem","position":2,"name":"Fico nem\u00e1 pre Slovensko v\u00edziu, op\u00e4\u0165 kradne d\u00f4chodky, klame v rozpo\u010dte a zadl\u017euje krajinu"}]},{"@type":"WebSite","@id":"https:\/\/www.smedemokrati.sk\/#website","url":"https:\/\/www.smedemokrati.sk\/","name":"Smedemokrati.sk","description":"Demokracia a slu\u0161nos\u0165 zv\u00ed\u0165az\u00ed","publisher":{"@id":"https:\/\/www.smedemokrati.sk\/#organization"},"potentialAction":[{"@type":"SearchAction","target":{"@type":"EntryPoint","urlTemplate":"https:\/\/www.smedemokrati.sk\/?s={search_term_string}"},"query-input":{"@type":"PropertyValueSpecification","valueRequired":true,"valueName":"search_term_string"}}],"inLanguage":"cs-CZ"},{"@type":"Organization","@id":"https:\/\/www.smedemokrati.sk\/#organization","name":"Smedemokrati.sk","url":"https:\/\/www.smedemokrati.sk\/","logo":{"@type":"ImageObject","inLanguage":"cs-CZ","@id":"https:\/\/www.smedemokrati.sk\/#\/schema\/logo\/image\/","url":"https:\/\/www.smedemokrati.sk\/wp-content\/uploads\/2023\/04\/ff.002.jpeg","contentUrl":"https:\/\/www.smedemokrati.sk\/wp-content\/uploads\/2023\/04\/ff.002.jpeg","width":640,"height":480,"caption":"Smedemokrati.sk"},"image":{"@id":"https:\/\/www.smedemokrati.sk\/#\/schema\/logo\/image\/"},"sameAs":["https:\/\/www.facebook.com\/smedemokrati2023"]},{"@type":"Person","@id":"https:\/\/www.smedemokrati.sk\/#\/schema\/person\/c60720f4b9955b3c1ed222ebd1fbbc7c","name":"Tom\u00e1\u0161 Koppl","image":{"@type":"ImageObject","inLanguage":"cs-CZ","@id":"https:\/\/secure.gravatar.com\/avatar\/8dfa38373c5e39821baf74c8e867a6f12e12c6dab6559aa999d10703b0b1c4ce?s=96&d=mm&r=g","url":"https:\/\/secure.gravatar.com\/avatar\/8dfa38373c5e39821baf74c8e867a6f12e12c6dab6559aa999d10703b0b1c4ce?s=96&d=mm&r=g","contentUrl":"https:\/\/secure.gravatar.com\/avatar\/8dfa38373c5e39821baf74c8e867a6f12e12c6dab6559aa999d10703b0b1c4ce?s=96&d=mm&r=g","caption":"Tom\u00e1\u0161 Koppl"},"url":"https:\/\/www.smedemokrati.sk\/cs\/author\/tomaskoppl\/"}]}},"_links":{"self":[{"href":"https:\/\/www.smedemokrati.sk\/cs\/wp-json\/wp\/v2\/posts\/2425","targetHints":{"allow":["GET"]}}],"collection":[{"href":"https:\/\/www.smedemokrati.sk\/cs\/wp-json\/wp\/v2\/posts"}],"about":[{"href":"https:\/\/www.smedemokrati.sk\/cs\/wp-json\/wp\/v2\/types\/post"}],"author":[{"embeddable":true,"href":"https:\/\/www.smedemokrati.sk\/cs\/wp-json\/wp\/v2\/users\/7"}],"replies":[{"embeddable":true,"href":"https:\/\/www.smedemokrati.sk\/cs\/wp-json\/wp\/v2\/comments?post=2425"}],"version-history":[{"count":1,"href":"https:\/\/www.smedemokrati.sk\/cs\/wp-json\/wp\/v2\/posts\/2425\/revisions"}],"predecessor-version":[{"id":2426,"href":"https:\/\/www.smedemokrati.sk\/cs\/wp-json\/wp\/v2\/posts\/2425\/revisions\/2426"}],"wp:featuredmedia":[{"embeddable":true,"href":"https:\/\/www.smedemokrati.sk\/cs\/wp-json\/wp\/v2\/media\/249"}],"wp:attachment":[{"href":"https:\/\/www.smedemokrati.sk\/cs\/wp-json\/wp\/v2\/media?parent=2425"}],"wp:term":[{"taxonomy":"category","embeddable":true,"href":"https:\/\/www.smedemokrati.sk\/cs\/wp-json\/wp\/v2\/categories?post=2425"},{"taxonomy":"post_tag","embeddable":true,"href":"https:\/\/www.smedemokrati.sk\/cs\/wp-json\/wp\/v2\/tags?post=2425"}],"curies":[{"name":"wp","href":"https:\/\/api.w.org\/{rel}","templated":true}]}}