{"id":241,"date":"2023-04-04T12:46:21","date_gmt":"2023-04-04T12:46:21","guid":{"rendered":"https:\/\/www.smedemokrati.sk\/?p=241"},"modified":"2023-04-12T10:39:53","modified_gmt":"2023-04-12T10:39:53","slug":"preco-ps-pomaha-ficovi-a-extremistom-a-stavia-sa-na-stranu-pellegriniho","status":"publish","type":"post","link":"https:\/\/www.smedemokrati.sk\/cs\/preco-ps-pomaha-ficovi-a-extremistom-a-stavia-sa-na-stranu-pellegriniho\/","title":{"rendered":"Pre\u010do PS pom\u00e1ha Ficovi a extr\u00e9mistom a stavia sa na stranu Pellegriniho?"},"content":{"rendered":"<div id=\"fb-root\"><\/div>\n\n<p>Intenzita lacn\u00fdch a plytk\u00fdch \u00fatokov Progres\u00edvneho Slovenska na premi\u00e9ra a predsedu strany Demokrati Eduarda Hegera naber\u00e1 na sile. Pravdupovediac, nerozumieme, pre\u010do si za svoj cie\u013e vybrali demokratick\u00fdch partnerov. Ich kritika nestoj\u00ed pritom na faktoch, ale ide po ruke zav\u00e1dzaj\u00facej r\u00e9torike predstavite\u013eov Hlasu. Cel\u00e9 tri roky PS poukazuje na to, \u017ee v slovenskej politike h\u013ead\u00e1me nepriate\u013ea tam, kde nie je. Paradoxne, posledn\u00e9 dni robia presne to ist\u00e9.<\/p>\n\n\n\n<p>My Demokrati v politike reprezentujeme slu\u0161n\u00fa a kon\u0161trukt\u00edvnu politiku bez h\u00e1dok. Preto preferujeme spolupr\u00e1cu a sp\u00e1janie demokratick\u00fdch s\u00edl, pomenovanie skuto\u010dn\u00fdch probl\u00e9mov Slovenska a predstavovanie rie\u0161en\u00ed a odmietame, aby sa demokratick\u00e9 spektrum op\u00e4\u0165 zaoberalo h\u00e1dkami a krajinu tak odovzdalo a\u0161piruj\u00facemu dikt\u00e1torovi Ficovi.<\/p>\n\n\n\n<p>\u00datoky na partnerov z demokratick\u00e9ho spektra pom\u00e1haj\u00fa Ficovi a extr\u00e9mistom, \u010d\u00edm ohrozuj\u00fa demokraciu na Slovensku.<\/p>\n\n\n\n<p>Demokracia je spolupr\u00e1ca demokratick\u00fdch s\u00edl. My v tomto duchu kon\u00e1me a do nef\u00e9rov\u00fdch a emot\u00edvnych osobn\u00fdch \u00fatokov sa zatiahnu\u0165 ned\u00e1me.<\/p>\n\n\n\n<p>#smedemokrati #demokrati #spolupracapreslovensko<\/p>\n","protected":false},"excerpt":{"rendered":"<p>Intenzita lacn\u00fdch a plytk\u00fdch \u00fatokov Progres\u00edvneho Slovenska na premi\u00e9ra a predsedu strany Demokrati Eduarda Hegera naber\u00e1 na sile. Pravdupovediac, nerozumieme, pre\u010do si za svoj cie\u013e vybrali demokratick\u00fdch partnerov. Ich kritika nestoj\u00ed pritom na faktoch, ale ide po ruke zav\u00e1dzaj\u00facej r\u00e9torike predstavite\u013eov Hlasu. Cel\u00e9 tri roky PS poukazuje na to, \u017ee v slovenskej politike h\u013ead\u00e1me nepriate\u013ea [&hellip;]<\/p>\n","protected":false},"author":1,"featured_media":408,"comment_status":"closed","ping_status":"closed","sticky":false,"template":"","format":"standard","meta":{"_acf_changed":false,"ngg_post_thumbnail":0,"footnotes":""},"categories":[4],"tags":[],"class_list":["post-241","post","type-post","status-publish","format-standard","has-post-thumbnail","hentry","category-tlacove-spravy"],"acf":[],"yoast_head":"<!-- This site is optimized with the Yoast SEO plugin v27.2 - https:\/\/yoast.com\/product\/yoast-seo-wordpress\/ -->\n<title>Pre\u010do PS pom\u00e1ha Ficovi a extr\u00e9mistom a stavia sa na stranu Pellegriniho? - Smedemokrati.sk<\/title>\n<meta name=\"robots\" content=\"index, follow, max-snippet:-1, max-image-preview:large, max-video-preview:-1\" \/>\n<link rel=\"canonical\" href=\"https:\/\/www.smedemokrati.sk\/cs\/preco-ps-pomaha-ficovi-a-extremistom-a-stavia-sa-na-stranu-pellegriniho\/\" \/>\n<meta property=\"og:locale\" content=\"cs_CZ\" \/>\n<meta property=\"og:locale:alternate\" content=\"en_US\" \/>\n<meta property=\"og:locale:alternate\" content=\"hu_HU\" \/>\n<meta property=\"og:locale:alternate\" content=\"sk_SK\" \/>\n<meta property=\"og:locale:alternate\" content=\"sv_SE\" \/>\n<meta property=\"og:type\" content=\"article\" \/>\n<meta property=\"og:title\" content=\"Pre\u010do PS pom\u00e1ha Ficovi a extr\u00e9mistom a stavia sa na stranu Pellegriniho? - Smedemokrati.sk\" \/>\n<meta property=\"og:description\" content=\"Intenzita lacn\u00fdch a plytk\u00fdch \u00fatokov Progres\u00edvneho Slovenska na premi\u00e9ra a predsedu strany Demokrati Eduarda Hegera naber\u00e1 na sile. Pravdupovediac, nerozumieme, pre\u010do si za svoj cie\u013e vybrali demokratick\u00fdch partnerov. Ich kritika nestoj\u00ed pritom na faktoch, ale ide po ruke zav\u00e1dzaj\u00facej r\u00e9torike predstavite\u013eov Hlasu. Cel\u00e9 tri roky PS poukazuje na to, \u017ee v slovenskej politike h\u013ead\u00e1me nepriate\u013ea [&hellip;]\" \/>\n<meta property=\"og:url\" content=\"https:\/\/www.smedemokrati.sk\/cs\/preco-ps-pomaha-ficovi-a-extremistom-a-stavia-sa-na-stranu-pellegriniho\/\" \/>\n<meta property=\"og:site_name\" content=\"Smedemokrati.sk\" \/>\n<meta property=\"article:publisher\" content=\"https:\/\/www.facebook.com\/smedemokrati2023\" \/>\n<meta property=\"article:published_time\" content=\"2023-04-04T12:46:21+00:00\" \/>\n<meta property=\"article:modified_time\" content=\"2023-04-12T10:39:53+00:00\" \/>\n<meta property=\"og:image\" content=\"https:\/\/www.smedemokrati.sk\/wp-content\/uploads\/2023\/04\/ff.002.jpeg\" \/>\n\t<meta property=\"og:image:width\" content=\"640\" \/>\n\t<meta property=\"og:image:height\" content=\"480\" \/>\n\t<meta property=\"og:image:type\" content=\"image\/jpeg\" \/>\n<meta name=\"author\" content=\"admin\" \/>\n<meta name=\"twitter:card\" content=\"summary_large_image\" \/>\n<meta name=\"twitter:label1\" content=\"Napsal(a)\" \/>\n\t<meta name=\"twitter:data1\" content=\"admin\" \/>\n\t<meta name=\"twitter:label2\" content=\"Odhadovan\u00e1 doba \u010dten\u00ed\" \/>\n\t<meta name=\"twitter:data2\" content=\"1 minuta\" \/>\n<script type=\"application\/ld+json\" class=\"yoast-schema-graph\">{\"@context\":\"https:\/\/schema.org\",\"@graph\":[{\"@type\":\"Article\",\"@id\":\"https:\/\/www.smedemokrati.sk\/preco-ps-pomaha-ficovi-a-extremistom-a-stavia-sa-na-stranu-pellegriniho\/#article\",\"isPartOf\":{\"@id\":\"https:\/\/www.smedemokrati.sk\/preco-ps-pomaha-ficovi-a-extremistom-a-stavia-sa-na-stranu-pellegriniho\/\"},\"author\":{\"name\":\"admin\",\"@id\":\"https:\/\/www.smedemokrati.sk\/#\/schema\/person\/dee9d51e8f3108fd58bc46fcc124934d\"},\"headline\":\"Pre\u010do PS pom\u00e1ha Ficovi a extr\u00e9mistom a stavia sa na stranu Pellegriniho?\",\"datePublished\":\"2023-04-04T12:46:21+00:00\",\"dateModified\":\"2023-04-12T10:39:53+00:00\",\"mainEntityOfPage\":{\"@id\":\"https:\/\/www.smedemokrati.sk\/preco-ps-pomaha-ficovi-a-extremistom-a-stavia-sa-na-stranu-pellegriniho\/\"},\"wordCount\":201,\"publisher\":{\"@id\":\"https:\/\/www.smedemokrati.sk\/#organization\"},\"image\":{\"@id\":\"https:\/\/www.smedemokrati.sk\/preco-ps-pomaha-ficovi-a-extremistom-a-stavia-sa-na-stranu-pellegriniho\/#primaryimage\"},\"thumbnailUrl\":\"https:\/\/www.smedemokrati.sk\/wp-content\/uploads\/2023\/04\/ff.002.jpeg\",\"articleSection\":[\"Tla\u010dov\u00e9 spr\u00e1vy\"],\"inLanguage\":\"cs-CZ\"},{\"@type\":\"WebPage\",\"@id\":\"https:\/\/www.smedemokrati.sk\/preco-ps-pomaha-ficovi-a-extremistom-a-stavia-sa-na-stranu-pellegriniho\/\",\"url\":\"https:\/\/www.smedemokrati.sk\/preco-ps-pomaha-ficovi-a-extremistom-a-stavia-sa-na-stranu-pellegriniho\/\",\"name\":\"Pre\u010do PS pom\u00e1ha Ficovi a extr\u00e9mistom a stavia sa na stranu Pellegriniho? - Smedemokrati.sk\",\"isPartOf\":{\"@id\":\"https:\/\/www.smedemokrati.sk\/#website\"},\"primaryImageOfPage\":{\"@id\":\"https:\/\/www.smedemokrati.sk\/preco-ps-pomaha-ficovi-a-extremistom-a-stavia-sa-na-stranu-pellegriniho\/#primaryimage\"},\"image\":{\"@id\":\"https:\/\/www.smedemokrati.sk\/preco-ps-pomaha-ficovi-a-extremistom-a-stavia-sa-na-stranu-pellegriniho\/#primaryimage\"},\"thumbnailUrl\":\"https:\/\/www.smedemokrati.sk\/wp-content\/uploads\/2023\/04\/ff.002.jpeg\",\"datePublished\":\"2023-04-04T12:46:21+00:00\",\"dateModified\":\"2023-04-12T10:39:53+00:00\",\"breadcrumb\":{\"@id\":\"https:\/\/www.smedemokrati.sk\/preco-ps-pomaha-ficovi-a-extremistom-a-stavia-sa-na-stranu-pellegriniho\/#breadcrumb\"},\"inLanguage\":\"cs-CZ\",\"potentialAction\":[{\"@type\":\"ReadAction\",\"target\":[\"https:\/\/www.smedemokrati.sk\/preco-ps-pomaha-ficovi-a-extremistom-a-stavia-sa-na-stranu-pellegriniho\/\"]}]},{\"@type\":\"ImageObject\",\"inLanguage\":\"cs-CZ\",\"@id\":\"https:\/\/www.smedemokrati.sk\/preco-ps-pomaha-ficovi-a-extremistom-a-stavia-sa-na-stranu-pellegriniho\/#primaryimage\",\"url\":\"https:\/\/www.smedemokrati.sk\/wp-content\/uploads\/2023\/04\/ff.002.jpeg\",\"contentUrl\":\"https:\/\/www.smedemokrati.sk\/wp-content\/uploads\/2023\/04\/ff.002.jpeg\",\"width\":640,\"height\":480},{\"@type\":\"BreadcrumbList\",\"@id\":\"https:\/\/www.smedemokrati.sk\/preco-ps-pomaha-ficovi-a-extremistom-a-stavia-sa-na-stranu-pellegriniho\/#breadcrumb\",\"itemListElement\":[{\"@type\":\"ListItem\",\"position\":1,\"name\":\"Domovsk\u00e1 str\u00e1nka\",\"item\":\"https:\/\/www.smedemokrati.sk\/\"},{\"@type\":\"ListItem\",\"position\":2,\"name\":\"Pre\u010do PS pom\u00e1ha Ficovi a extr\u00e9mistom a stavia sa na stranu Pellegriniho?\"}]},{\"@type\":\"WebSite\",\"@id\":\"https:\/\/www.smedemokrati.sk\/#website\",\"url\":\"https:\/\/www.smedemokrati.sk\/\",\"name\":\"Smedemokrati.sk\",\"description\":\"Demokracia a slu\u0161nos\u0165 zv\u00ed\u0165az\u00ed\",\"publisher\":{\"@id\":\"https:\/\/www.smedemokrati.sk\/#organization\"},\"potentialAction\":[{\"@type\":\"SearchAction\",\"target\":{\"@type\":\"EntryPoint\",\"urlTemplate\":\"https:\/\/www.smedemokrati.sk\/?s={search_term_string}\"},\"query-input\":{\"@type\":\"PropertyValueSpecification\",\"valueRequired\":true,\"valueName\":\"search_term_string\"}}],\"inLanguage\":\"cs-CZ\"},{\"@type\":\"Organization\",\"@id\":\"https:\/\/www.smedemokrati.sk\/#organization\",\"name\":\"Smedemokrati.sk\",\"url\":\"https:\/\/www.smedemokrati.sk\/\",\"logo\":{\"@type\":\"ImageObject\",\"inLanguage\":\"cs-CZ\",\"@id\":\"https:\/\/www.smedemokrati.sk\/#\/schema\/logo\/image\/\",\"url\":\"https:\/\/www.smedemokrati.sk\/wp-content\/uploads\/2023\/04\/ff.002.jpeg\",\"contentUrl\":\"https:\/\/www.smedemokrati.sk\/wp-content\/uploads\/2023\/04\/ff.002.jpeg\",\"width\":640,\"height\":480,\"caption\":\"Smedemokrati.sk\"},\"image\":{\"@id\":\"https:\/\/www.smedemokrati.sk\/#\/schema\/logo\/image\/\"},\"sameAs\":[\"https:\/\/www.facebook.com\/smedemokrati2023\"]},{\"@type\":\"Person\",\"@id\":\"https:\/\/www.smedemokrati.sk\/#\/schema\/person\/dee9d51e8f3108fd58bc46fcc124934d\",\"name\":\"admin\",\"image\":{\"@type\":\"ImageObject\",\"inLanguage\":\"cs-CZ\",\"@id\":\"https:\/\/secure.gravatar.com\/avatar\/d6862d2a795ca0130d2a9b58ff4226e06bc79aa7240e35cbed810a10d01485d3?s=96&d=mm&r=g\",\"url\":\"https:\/\/secure.gravatar.com\/avatar\/d6862d2a795ca0130d2a9b58ff4226e06bc79aa7240e35cbed810a10d01485d3?s=96&d=mm&r=g\",\"contentUrl\":\"https:\/\/secure.gravatar.com\/avatar\/d6862d2a795ca0130d2a9b58ff4226e06bc79aa7240e35cbed810a10d01485d3?s=96&d=mm&r=g\",\"caption\":\"admin\"},\"sameAs\":[\"https:\/\/www.smedemokrati.sk\"],\"url\":\"https:\/\/www.smedemokrati.sk\/cs\/author\/admin\/\"}]}<\/script>\n<!-- \/ Yoast SEO plugin. -->","yoast_head_json":{"title":"Pre\u010do PS pom\u00e1ha Ficovi a extr\u00e9mistom a stavia sa na stranu Pellegriniho? - Smedemokrati.sk","robots":{"index":"index","follow":"follow","max-snippet":"max-snippet:-1","max-image-preview":"max-image-preview:large","max-video-preview":"max-video-preview:-1"},"canonical":"https:\/\/www.smedemokrati.sk\/cs\/preco-ps-pomaha-ficovi-a-extremistom-a-stavia-sa-na-stranu-pellegriniho\/","og_locale":"cs_CZ","og_type":"article","og_title":"Pre\u010do PS pom\u00e1ha Ficovi a extr\u00e9mistom a stavia sa na stranu Pellegriniho? - Smedemokrati.sk","og_description":"Intenzita lacn\u00fdch a plytk\u00fdch \u00fatokov Progres\u00edvneho Slovenska na premi\u00e9ra a predsedu strany Demokrati Eduarda Hegera naber\u00e1 na sile. Pravdupovediac, nerozumieme, pre\u010do si za svoj cie\u013e vybrali demokratick\u00fdch partnerov. Ich kritika nestoj\u00ed pritom na faktoch, ale ide po ruke zav\u00e1dzaj\u00facej r\u00e9torike predstavite\u013eov Hlasu. Cel\u00e9 tri roky PS poukazuje na to, \u017ee v slovenskej politike h\u013ead\u00e1me nepriate\u013ea [&hellip;]","og_url":"https:\/\/www.smedemokrati.sk\/cs\/preco-ps-pomaha-ficovi-a-extremistom-a-stavia-sa-na-stranu-pellegriniho\/","og_site_name":"Smedemokrati.sk","article_publisher":"https:\/\/www.facebook.com\/smedemokrati2023","article_published_time":"2023-04-04T12:46:21+00:00","article_modified_time":"2023-04-12T10:39:53+00:00","og_image":[{"width":640,"height":480,"url":"https:\/\/www.smedemokrati.sk\/wp-content\/uploads\/2023\/04\/ff.002.jpeg","type":"image\/jpeg"}],"author":"admin","twitter_card":"summary_large_image","twitter_misc":{"Napsal(a)":"admin","Odhadovan\u00e1 doba \u010dten\u00ed":"1 minuta"},"schema":{"@context":"https:\/\/schema.org","@graph":[{"@type":"Article","@id":"https:\/\/www.smedemokrati.sk\/preco-ps-pomaha-ficovi-a-extremistom-a-stavia-sa-na-stranu-pellegriniho\/#article","isPartOf":{"@id":"https:\/\/www.smedemokrati.sk\/preco-ps-pomaha-ficovi-a-extremistom-a-stavia-sa-na-stranu-pellegriniho\/"},"author":{"name":"admin","@id":"https:\/\/www.smedemokrati.sk\/#\/schema\/person\/dee9d51e8f3108fd58bc46fcc124934d"},"headline":"Pre\u010do PS pom\u00e1ha Ficovi a extr\u00e9mistom a stavia sa na stranu Pellegriniho?","datePublished":"2023-04-04T12:46:21+00:00","dateModified":"2023-04-12T10:39:53+00:00","mainEntityOfPage":{"@id":"https:\/\/www.smedemokrati.sk\/preco-ps-pomaha-ficovi-a-extremistom-a-stavia-sa-na-stranu-pellegriniho\/"},"wordCount":201,"publisher":{"@id":"https:\/\/www.smedemokrati.sk\/#organization"},"image":{"@id":"https:\/\/www.smedemokrati.sk\/preco-ps-pomaha-ficovi-a-extremistom-a-stavia-sa-na-stranu-pellegriniho\/#primaryimage"},"thumbnailUrl":"https:\/\/www.smedemokrati.sk\/wp-content\/uploads\/2023\/04\/ff.002.jpeg","articleSection":["Tla\u010dov\u00e9 spr\u00e1vy"],"inLanguage":"cs-CZ"},{"@type":"WebPage","@id":"https:\/\/www.smedemokrati.sk\/preco-ps-pomaha-ficovi-a-extremistom-a-stavia-sa-na-stranu-pellegriniho\/","url":"https:\/\/www.smedemokrati.sk\/preco-ps-pomaha-ficovi-a-extremistom-a-stavia-sa-na-stranu-pellegriniho\/","name":"Pre\u010do PS pom\u00e1ha Ficovi a extr\u00e9mistom a stavia sa na stranu Pellegriniho? - Smedemokrati.sk","isPartOf":{"@id":"https:\/\/www.smedemokrati.sk\/#website"},"primaryImageOfPage":{"@id":"https:\/\/www.smedemokrati.sk\/preco-ps-pomaha-ficovi-a-extremistom-a-stavia-sa-na-stranu-pellegriniho\/#primaryimage"},"image":{"@id":"https:\/\/www.smedemokrati.sk\/preco-ps-pomaha-ficovi-a-extremistom-a-stavia-sa-na-stranu-pellegriniho\/#primaryimage"},"thumbnailUrl":"https:\/\/www.smedemokrati.sk\/wp-content\/uploads\/2023\/04\/ff.002.jpeg","datePublished":"2023-04-04T12:46:21+00:00","dateModified":"2023-04-12T10:39:53+00:00","breadcrumb":{"@id":"https:\/\/www.smedemokrati.sk\/preco-ps-pomaha-ficovi-a-extremistom-a-stavia-sa-na-stranu-pellegriniho\/#breadcrumb"},"inLanguage":"cs-CZ","potentialAction":[{"@type":"ReadAction","target":["https:\/\/www.smedemokrati.sk\/preco-ps-pomaha-ficovi-a-extremistom-a-stavia-sa-na-stranu-pellegriniho\/"]}]},{"@type":"ImageObject","inLanguage":"cs-CZ","@id":"https:\/\/www.smedemokrati.sk\/preco-ps-pomaha-ficovi-a-extremistom-a-stavia-sa-na-stranu-pellegriniho\/#primaryimage","url":"https:\/\/www.smedemokrati.sk\/wp-content\/uploads\/2023\/04\/ff.002.jpeg","contentUrl":"https:\/\/www.smedemokrati.sk\/wp-content\/uploads\/2023\/04\/ff.002.jpeg","width":640,"height":480},{"@type":"BreadcrumbList","@id":"https:\/\/www.smedemokrati.sk\/preco-ps-pomaha-ficovi-a-extremistom-a-stavia-sa-na-stranu-pellegriniho\/#breadcrumb","itemListElement":[{"@type":"ListItem","position":1,"name":"Domovsk\u00e1 str\u00e1nka","item":"https:\/\/www.smedemokrati.sk\/"},{"@type":"ListItem","position":2,"name":"Pre\u010do PS pom\u00e1ha Ficovi a extr\u00e9mistom a stavia sa na stranu Pellegriniho?"}]},{"@type":"WebSite","@id":"https:\/\/www.smedemokrati.sk\/#website","url":"https:\/\/www.smedemokrati.sk\/","name":"Smedemokrati.sk","description":"Demokracia a slu\u0161nos\u0165 zv\u00ed\u0165az\u00ed","publisher":{"@id":"https:\/\/www.smedemokrati.sk\/#organization"},"potentialAction":[{"@type":"SearchAction","target":{"@type":"EntryPoint","urlTemplate":"https:\/\/www.smedemokrati.sk\/?s={search_term_string}"},"query-input":{"@type":"PropertyValueSpecification","valueRequired":true,"valueName":"search_term_string"}}],"inLanguage":"cs-CZ"},{"@type":"Organization","@id":"https:\/\/www.smedemokrati.sk\/#organization","name":"Smedemokrati.sk","url":"https:\/\/www.smedemokrati.sk\/","logo":{"@type":"ImageObject","inLanguage":"cs-CZ","@id":"https:\/\/www.smedemokrati.sk\/#\/schema\/logo\/image\/","url":"https:\/\/www.smedemokrati.sk\/wp-content\/uploads\/2023\/04\/ff.002.jpeg","contentUrl":"https:\/\/www.smedemokrati.sk\/wp-content\/uploads\/2023\/04\/ff.002.jpeg","width":640,"height":480,"caption":"Smedemokrati.sk"},"image":{"@id":"https:\/\/www.smedemokrati.sk\/#\/schema\/logo\/image\/"},"sameAs":["https:\/\/www.facebook.com\/smedemokrati2023"]},{"@type":"Person","@id":"https:\/\/www.smedemokrati.sk\/#\/schema\/person\/dee9d51e8f3108fd58bc46fcc124934d","name":"admin","image":{"@type":"ImageObject","inLanguage":"cs-CZ","@id":"https:\/\/secure.gravatar.com\/avatar\/d6862d2a795ca0130d2a9b58ff4226e06bc79aa7240e35cbed810a10d01485d3?s=96&d=mm&r=g","url":"https:\/\/secure.gravatar.com\/avatar\/d6862d2a795ca0130d2a9b58ff4226e06bc79aa7240e35cbed810a10d01485d3?s=96&d=mm&r=g","contentUrl":"https:\/\/secure.gravatar.com\/avatar\/d6862d2a795ca0130d2a9b58ff4226e06bc79aa7240e35cbed810a10d01485d3?s=96&d=mm&r=g","caption":"admin"},"sameAs":["https:\/\/www.smedemokrati.sk"],"url":"https:\/\/www.smedemokrati.sk\/cs\/author\/admin\/"}]}},"_links":{"self":[{"href":"https:\/\/www.smedemokrati.sk\/cs\/wp-json\/wp\/v2\/posts\/241","targetHints":{"allow":["GET"]}}],"collection":[{"href":"https:\/\/www.smedemokrati.sk\/cs\/wp-json\/wp\/v2\/posts"}],"about":[{"href":"https:\/\/www.smedemokrati.sk\/cs\/wp-json\/wp\/v2\/types\/post"}],"author":[{"embeddable":true,"href":"https:\/\/www.smedemokrati.sk\/cs\/wp-json\/wp\/v2\/users\/1"}],"replies":[{"embeddable":true,"href":"https:\/\/www.smedemokrati.sk\/cs\/wp-json\/wp\/v2\/comments?post=241"}],"version-history":[{"count":0,"href":"https:\/\/www.smedemokrati.sk\/cs\/wp-json\/wp\/v2\/posts\/241\/revisions"}],"wp:featuredmedia":[{"embeddable":true,"href":"https:\/\/www.smedemokrati.sk\/cs\/wp-json\/wp\/v2\/media\/408"}],"wp:attachment":[{"href":"https:\/\/www.smedemokrati.sk\/cs\/wp-json\/wp\/v2\/media?parent=241"}],"wp:term":[{"taxonomy":"category","embeddable":true,"href":"https:\/\/www.smedemokrati.sk\/cs\/wp-json\/wp\/v2\/categories?post=241"},{"taxonomy":"post_tag","embeddable":true,"href":"https:\/\/www.smedemokrati.sk\/cs\/wp-json\/wp\/v2\/tags?post=241"}],"curies":[{"name":"wp","href":"https:\/\/api.w.org\/{rel}","templated":true}]}}