{"id":2377,"date":"2023-12-04T12:30:21","date_gmt":"2023-12-04T10:30:21","guid":{"rendered":"https:\/\/www.smedemokrati.sk\/?p=2377"},"modified":"2023-12-04T12:30:22","modified_gmt":"2023-12-04T10:30:22","slug":"vlada-moze-zapricinit-stopnutie-eurofondov-o-vaznosti-situacie-budeme-rokovat-v-bruseli","status":"publish","type":"post","link":"https:\/\/www.smedemokrati.sk\/cs\/vlada-moze-zapricinit-stopnutie-eurofondov-o-vaznosti-situacie-budeme-rokovat-v-bruseli\/","title":{"rendered":"Vl\u00e1da m\u00f4\u017ee zapr\u00ed\u010dini\u0165 stopnutie eurofondov o v\u00e1\u017enosti situ\u00e1cie budeme rokova\u0165 v Bruseli"},"content":{"rendered":"<div id=\"fb-root\"><\/div>\n\n<p><em><strong>Demokrati upozor\u0148uj\u00fa listom Eur\u00f3psku komisiu, \u017ee skuto\u010dn\u00fdm cie\u013eom teraj\u0161ej vl\u00e1dy zru\u0161i\u0165 \u00darad \u0161peci\u00e1lnej prokurat\u00fary a tie\u017e \u0160pecializovan\u00fd trestn\u00fd s\u00fad je zmari\u0165 vy\u0161etrovania z\u00e1va\u017en\u00fdch trestn\u00fdch k\u00e1uz, ktor\u00e9 s\u00fa prepojen\u00e9 na vl\u00e1dy s\u00fa\u010dasn\u00e9ho premi\u00e9ra Fica. Predseda strany Na\u010f vyz\u00fdva na spolo\u010dn\u00fd postup opoz\u00edcie, podpredseda Heger bude o t\u00e9me rokova\u0165 priamo v Bruseli.<\/strong><\/em><\/p>\n\n\n\n<p>V liste, ktor\u00fd strana adresovala komis\u00e1rovi pre spravodlivos\u0165 Didierovi Reyndersovi, predsedn\u00ed\u010dke Eur\u00f3pskej komisie Ursule von den Leyen a tie\u017e Zastupite\u013estvu Eur\u00f3pskej komisie na Slovensku Demokrati jasne opisuj\u00fa pozadie najv\u00e4\u010d\u0161\u00edch k\u00e1uz, ktor\u00e9 s\u00fa priamo sp\u00e1jan\u00e9 s vl\u00e1dnou garnit\u00farou:\u00a0<em>\u201eVy\u0161etrovanie kauzy M\u00fdtnik, V\u00edrus, Dobytk\u00e1r a mnoho \u010fal\u0161\u00edch, bude po zru\u0161en\u00ed t\u00fdchto nez\u00e1visl\u00fdch in\u0161tit\u00faci\u00ed zastaven\u00e9. Slov\u00e1 Roberta Fica, \u017ee \u00darad \u0161peci\u00e1lnej prokurat\u00fary nepotrebujeme s\u00fa oby\u010dajnou propagandou na to, aby bol \u00farad podriaden\u00fd gener\u00e1lnemu prokur\u00e1torovi \u017dilinkovi. Mimochodom, tomu \u017dilinkovi, ktor\u00e9ho v s\u00favislosti s pr\u00e1vnym \u0161t\u00e1tom na Slovensku ozna\u010dila Eur\u00f3pska komisia za probl\u00e9m,\u201c<\/em>\u00a0povedal podpredseda strany Juraj \u0160eliga a zd\u00f4raznil, \u017ee predstavitelia Eur\u00f3pskej komisie potrebuj\u00fa ucelen\u00fd pr\u00e1vny a spolo\u010densk\u00fd kontext, preto sa t\u00e9me intenz\u00edvne a aj takto form\u00e1lne venuj\u00fa.<\/p>\n\n\n\n<p>Predseda Demokratov Jaroslav Na\u010f bude v tejto veci iniciova\u0165 stretnutie z\u00e1stupcov opozi\u010dn\u00fdch str\u00e1n:\u00a0<em>\u201eJe vysoko pravdepodobn\u00e9, \u017ee ak bud\u00fa in\u0161tit\u00facie ako \u0160pecializovan\u00fd trestn\u00fd s\u00fad a \u00darad \u0161peci\u00e1lnej prokurat\u00fary zru\u0161en\u00e9, \u00fania jednoducho prist\u00fapi k tomu, \u017ee n\u00e1m stopne eurofondy, preto\u017ee ide o priame podr\u00fdvanie pr\u00e1vneho \u0161t\u00e1tu. Je to nadstran\u00edcka t\u00e9ma, hovor\u00edme toti\u017e o z\u00e1kladoch slobody a demokracie. Eg\u00e1 pre\u010d a po\u010fme spolo\u010dne kona\u0165,\u201c<\/em>\u00a0povedal Na\u010f a dodal, \u017ee e\u0161te dnes bude kontaktova\u0165 v\u0161etk\u00fdch predstavite\u013eov opoz\u00edcie, aby si dohodli spolo\u010dn\u00fd postup a zmobilizovali svojich voli\u010dov.<\/p>\n\n\n\n<p>Podpredseda Demokratov priamo oslovil predsedn\u00ed\u010dku Eur\u00f3pskej komisie Ursulu von den Leyen a v Bruseli bude rokova\u0165 o nebezpe\u010dn\u00fdch z\u00e1meroch R. Fica:\u00a0<em>\u201ePredsedn\u00ed\u010dku Eur\u00f3pskej komisie som informoval, \u017ee vl\u00e1da chce zru\u0161i\u0165 v\u00fdznamn\u00fa nez\u00e1visl\u00fa in\u0161tit\u00faciu, ktor\u00e1 na Slovensku p\u00f4sob\u00ed vy\u0161e 20 rokov a m\u00e1 svoje opodstatnenie. Tie\u017e som kontaktoval predstavite\u013ea Eur\u00f3pskej \u013eudovej strany, informoval som ho o v\u0161etk\u00fdch \u0161kodliv\u00fdch krokoch, ktor\u00e9 vl\u00e1da pripravuje,\u201c<\/em>\u00a0povedal Heger a dodal, \u017ee e\u0161te dnes odlieta do Bruselu, aby absolvoval s\u00e9riu stretnut\u00ed v tejto veci. Z\u00e1rove\u0148 informoval, \u017ee na zajtra (utorok) m\u00e1 tie\u017e napl\u00e1novan\u00e9 rokovanie s komis\u00e1rom pre spravodlivos\u0165 EK D. Reyndersom.<\/p>\n","protected":false},"excerpt":{"rendered":"<p>Demokrati upozor\u0148uj\u00fa listom Eur\u00f3psku komisiu, \u017ee skuto\u010dn\u00fdm cie\u013eom teraj\u0161ej vl\u00e1dy zru\u0161i\u0165 \u00darad \u0161peci\u00e1lnej prokurat\u00fary a tie\u017e \u0160pecializovan\u00fd trestn\u00fd s\u00fad je zmari\u0165 vy\u0161etrovania z\u00e1va\u017en\u00fdch trestn\u00fdch k\u00e1uz, ktor\u00e9 s\u00fa prepojen\u00e9 na vl\u00e1dy s\u00fa\u010dasn\u00e9ho premi\u00e9ra Fica. Predseda strany Na\u010f vyz\u00fdva na spolo\u010dn\u00fd postup opoz\u00edcie, podpredseda Heger bude o t\u00e9me rokova\u0165 priamo v Bruseli. V liste, ktor\u00fd strana adresovala [&hellip;]<\/p>\n","protected":false},"author":7,"featured_media":2378,"comment_status":"closed","ping_status":"closed","sticky":false,"template":"","format":"standard","meta":{"_acf_changed":false,"ngg_post_thumbnail":0,"footnotes":""},"categories":[4],"tags":[],"class_list":["post-2377","post","type-post","status-publish","format-standard","has-post-thumbnail","hentry","category-tlacove-spravy"],"acf":[],"yoast_head":"<!-- This site is optimized with the Yoast SEO plugin v27.2 - https:\/\/yoast.com\/product\/yoast-seo-wordpress\/ -->\n<title>Vl\u00e1da m\u00f4\u017ee zapr\u00ed\u010dini\u0165 stopnutie eurofondov o v\u00e1\u017enosti situ\u00e1cie budeme rokova\u0165 v Bruseli - Smedemokrati.sk<\/title>\n<meta name=\"robots\" content=\"index, follow, max-snippet:-1, max-image-preview:large, max-video-preview:-1\" \/>\n<link rel=\"canonical\" href=\"https:\/\/www.smedemokrati.sk\/cs\/vlada-moze-zapricinit-stopnutie-eurofondov-o-vaznosti-situacie-budeme-rokovat-v-bruseli\/\" \/>\n<meta property=\"og:locale\" content=\"cs_CZ\" \/>\n<meta property=\"og:locale:alternate\" content=\"en_US\" \/>\n<meta property=\"og:locale:alternate\" content=\"hu_HU\" \/>\n<meta property=\"og:locale:alternate\" content=\"sk_SK\" \/>\n<meta property=\"og:locale:alternate\" content=\"sv_SE\" \/>\n<meta property=\"og:type\" content=\"article\" \/>\n<meta property=\"og:title\" content=\"Vl\u00e1da m\u00f4\u017ee zapr\u00ed\u010dini\u0165 stopnutie eurofondov o v\u00e1\u017enosti situ\u00e1cie budeme rokova\u0165 v Bruseli - Smedemokrati.sk\" \/>\n<meta property=\"og:description\" content=\"Demokrati upozor\u0148uj\u00fa listom Eur\u00f3psku komisiu, \u017ee skuto\u010dn\u00fdm cie\u013eom teraj\u0161ej vl\u00e1dy zru\u0161i\u0165 \u00darad \u0161peci\u00e1lnej prokurat\u00fary a tie\u017e \u0160pecializovan\u00fd trestn\u00fd s\u00fad je zmari\u0165 vy\u0161etrovania z\u00e1va\u017en\u00fdch trestn\u00fdch k\u00e1uz, ktor\u00e9 s\u00fa prepojen\u00e9 na vl\u00e1dy s\u00fa\u010dasn\u00e9ho premi\u00e9ra Fica. Predseda strany Na\u010f vyz\u00fdva na spolo\u010dn\u00fd postup opoz\u00edcie, podpredseda Heger bude o t\u00e9me rokova\u0165 priamo v Bruseli. V liste, ktor\u00fd strana adresovala [&hellip;]\" \/>\n<meta property=\"og:url\" content=\"https:\/\/www.smedemokrati.sk\/cs\/vlada-moze-zapricinit-stopnutie-eurofondov-o-vaznosti-situacie-budeme-rokovat-v-bruseli\/\" \/>\n<meta property=\"og:site_name\" content=\"Smedemokrati.sk\" \/>\n<meta property=\"article:publisher\" content=\"https:\/\/www.facebook.com\/smedemokrati2023\" \/>\n<meta property=\"article:published_time\" content=\"2023-12-04T10:30:21+00:00\" \/>\n<meta property=\"article:modified_time\" content=\"2023-12-04T10:30:22+00:00\" \/>\n<meta property=\"og:image\" content=\"https:\/\/www.smedemokrati.sk\/wp-content\/uploads\/2023\/12\/Screenshot-2023-12-04-at-11.28.54.jpg\" \/>\n\t<meta property=\"og:image:width\" content=\"1805\" \/>\n\t<meta property=\"og:image:height\" content=\"1265\" \/>\n\t<meta property=\"og:image:type\" content=\"image\/jpeg\" \/>\n<meta name=\"author\" content=\"Tom\u00e1\u0161 Koppl\" \/>\n<meta name=\"twitter:card\" content=\"summary_large_image\" \/>\n<meta name=\"twitter:label1\" content=\"Napsal(a)\" \/>\n\t<meta name=\"twitter:data1\" content=\"Tom\u00e1\u0161 Koppl\" \/>\n\t<meta name=\"twitter:label2\" content=\"Odhadovan\u00e1 doba \u010dten\u00ed\" \/>\n\t<meta name=\"twitter:data2\" content=\"2 minuty\" \/>\n<script type=\"application\/ld+json\" class=\"yoast-schema-graph\">{\"@context\":\"https:\/\/schema.org\",\"@graph\":[{\"@type\":\"Article\",\"@id\":\"https:\/\/www.smedemokrati.sk\/vlada-moze-zapricinit-stopnutie-eurofondov-o-vaznosti-situacie-budeme-rokovat-v-bruseli\/#article\",\"isPartOf\":{\"@id\":\"https:\/\/www.smedemokrati.sk\/vlada-moze-zapricinit-stopnutie-eurofondov-o-vaznosti-situacie-budeme-rokovat-v-bruseli\/\"},\"author\":{\"name\":\"Tom\u00e1\u0161 Koppl\",\"@id\":\"https:\/\/www.smedemokrati.sk\/#\/schema\/person\/c60720f4b9955b3c1ed222ebd1fbbc7c\"},\"headline\":\"Vl\u00e1da m\u00f4\u017ee zapr\u00ed\u010dini\u0165 stopnutie eurofondov o v\u00e1\u017enosti situ\u00e1cie budeme rokova\u0165 v Bruseli\",\"datePublished\":\"2023-12-04T10:30:21+00:00\",\"dateModified\":\"2023-12-04T10:30:22+00:00\",\"mainEntityOfPage\":{\"@id\":\"https:\/\/www.smedemokrati.sk\/vlada-moze-zapricinit-stopnutie-eurofondov-o-vaznosti-situacie-budeme-rokovat-v-bruseli\/\"},\"wordCount\":478,\"publisher\":{\"@id\":\"https:\/\/www.smedemokrati.sk\/#organization\"},\"image\":{\"@id\":\"https:\/\/www.smedemokrati.sk\/vlada-moze-zapricinit-stopnutie-eurofondov-o-vaznosti-situacie-budeme-rokovat-v-bruseli\/#primaryimage\"},\"thumbnailUrl\":\"https:\/\/www.smedemokrati.sk\/wp-content\/uploads\/2023\/12\/Screenshot-2023-12-04-at-11.28.54.jpg\",\"articleSection\":[\"Tla\u010dov\u00e9 spr\u00e1vy\"],\"inLanguage\":\"cs-CZ\"},{\"@type\":\"WebPage\",\"@id\":\"https:\/\/www.smedemokrati.sk\/vlada-moze-zapricinit-stopnutie-eurofondov-o-vaznosti-situacie-budeme-rokovat-v-bruseli\/\",\"url\":\"https:\/\/www.smedemokrati.sk\/vlada-moze-zapricinit-stopnutie-eurofondov-o-vaznosti-situacie-budeme-rokovat-v-bruseli\/\",\"name\":\"Vl\u00e1da m\u00f4\u017ee zapr\u00ed\u010dini\u0165 stopnutie eurofondov o v\u00e1\u017enosti situ\u00e1cie budeme rokova\u0165 v Bruseli - Smedemokrati.sk\",\"isPartOf\":{\"@id\":\"https:\/\/www.smedemokrati.sk\/#website\"},\"primaryImageOfPage\":{\"@id\":\"https:\/\/www.smedemokrati.sk\/vlada-moze-zapricinit-stopnutie-eurofondov-o-vaznosti-situacie-budeme-rokovat-v-bruseli\/#primaryimage\"},\"image\":{\"@id\":\"https:\/\/www.smedemokrati.sk\/vlada-moze-zapricinit-stopnutie-eurofondov-o-vaznosti-situacie-budeme-rokovat-v-bruseli\/#primaryimage\"},\"thumbnailUrl\":\"https:\/\/www.smedemokrati.sk\/wp-content\/uploads\/2023\/12\/Screenshot-2023-12-04-at-11.28.54.jpg\",\"datePublished\":\"2023-12-04T10:30:21+00:00\",\"dateModified\":\"2023-12-04T10:30:22+00:00\",\"breadcrumb\":{\"@id\":\"https:\/\/www.smedemokrati.sk\/vlada-moze-zapricinit-stopnutie-eurofondov-o-vaznosti-situacie-budeme-rokovat-v-bruseli\/#breadcrumb\"},\"inLanguage\":\"cs-CZ\",\"potentialAction\":[{\"@type\":\"ReadAction\",\"target\":[\"https:\/\/www.smedemokrati.sk\/vlada-moze-zapricinit-stopnutie-eurofondov-o-vaznosti-situacie-budeme-rokovat-v-bruseli\/\"]}]},{\"@type\":\"ImageObject\",\"inLanguage\":\"cs-CZ\",\"@id\":\"https:\/\/www.smedemokrati.sk\/vlada-moze-zapricinit-stopnutie-eurofondov-o-vaznosti-situacie-budeme-rokovat-v-bruseli\/#primaryimage\",\"url\":\"https:\/\/www.smedemokrati.sk\/wp-content\/uploads\/2023\/12\/Screenshot-2023-12-04-at-11.28.54.jpg\",\"contentUrl\":\"https:\/\/www.smedemokrati.sk\/wp-content\/uploads\/2023\/12\/Screenshot-2023-12-04-at-11.28.54.jpg\",\"width\":1805,\"height\":1265},{\"@type\":\"BreadcrumbList\",\"@id\":\"https:\/\/www.smedemokrati.sk\/vlada-moze-zapricinit-stopnutie-eurofondov-o-vaznosti-situacie-budeme-rokovat-v-bruseli\/#breadcrumb\",\"itemListElement\":[{\"@type\":\"ListItem\",\"position\":1,\"name\":\"Domovsk\u00e1 str\u00e1nka\",\"item\":\"https:\/\/www.smedemokrati.sk\/\"},{\"@type\":\"ListItem\",\"position\":2,\"name\":\"Vl\u00e1da m\u00f4\u017ee zapr\u00ed\u010dini\u0165 stopnutie eurofondov o v\u00e1\u017enosti situ\u00e1cie budeme rokova\u0165 v Bruseli\"}]},{\"@type\":\"WebSite\",\"@id\":\"https:\/\/www.smedemokrati.sk\/#website\",\"url\":\"https:\/\/www.smedemokrati.sk\/\",\"name\":\"Smedemokrati.sk\",\"description\":\"Demokracia a slu\u0161nos\u0165 zv\u00ed\u0165az\u00ed\",\"publisher\":{\"@id\":\"https:\/\/www.smedemokrati.sk\/#organization\"},\"potentialAction\":[{\"@type\":\"SearchAction\",\"target\":{\"@type\":\"EntryPoint\",\"urlTemplate\":\"https:\/\/www.smedemokrati.sk\/?s={search_term_string}\"},\"query-input\":{\"@type\":\"PropertyValueSpecification\",\"valueRequired\":true,\"valueName\":\"search_term_string\"}}],\"inLanguage\":\"cs-CZ\"},{\"@type\":\"Organization\",\"@id\":\"https:\/\/www.smedemokrati.sk\/#organization\",\"name\":\"Smedemokrati.sk\",\"url\":\"https:\/\/www.smedemokrati.sk\/\",\"logo\":{\"@type\":\"ImageObject\",\"inLanguage\":\"cs-CZ\",\"@id\":\"https:\/\/www.smedemokrati.sk\/#\/schema\/logo\/image\/\",\"url\":\"https:\/\/www.smedemokrati.sk\/wp-content\/uploads\/2023\/04\/ff.002.jpeg\",\"contentUrl\":\"https:\/\/www.smedemokrati.sk\/wp-content\/uploads\/2023\/04\/ff.002.jpeg\",\"width\":640,\"height\":480,\"caption\":\"Smedemokrati.sk\"},\"image\":{\"@id\":\"https:\/\/www.smedemokrati.sk\/#\/schema\/logo\/image\/\"},\"sameAs\":[\"https:\/\/www.facebook.com\/smedemokrati2023\"]},{\"@type\":\"Person\",\"@id\":\"https:\/\/www.smedemokrati.sk\/#\/schema\/person\/c60720f4b9955b3c1ed222ebd1fbbc7c\",\"name\":\"Tom\u00e1\u0161 Koppl\",\"image\":{\"@type\":\"ImageObject\",\"inLanguage\":\"cs-CZ\",\"@id\":\"https:\/\/secure.gravatar.com\/avatar\/8dfa38373c5e39821baf74c8e867a6f12e12c6dab6559aa999d10703b0b1c4ce?s=96&d=mm&r=g\",\"url\":\"https:\/\/secure.gravatar.com\/avatar\/8dfa38373c5e39821baf74c8e867a6f12e12c6dab6559aa999d10703b0b1c4ce?s=96&d=mm&r=g\",\"contentUrl\":\"https:\/\/secure.gravatar.com\/avatar\/8dfa38373c5e39821baf74c8e867a6f12e12c6dab6559aa999d10703b0b1c4ce?s=96&d=mm&r=g\",\"caption\":\"Tom\u00e1\u0161 Koppl\"},\"url\":\"https:\/\/www.smedemokrati.sk\/cs\/author\/tomaskoppl\/\"}]}<\/script>\n<!-- \/ Yoast SEO plugin. -->","yoast_head_json":{"title":"Vl\u00e1da m\u00f4\u017ee zapr\u00ed\u010dini\u0165 stopnutie eurofondov o v\u00e1\u017enosti situ\u00e1cie budeme rokova\u0165 v Bruseli - Smedemokrati.sk","robots":{"index":"index","follow":"follow","max-snippet":"max-snippet:-1","max-image-preview":"max-image-preview:large","max-video-preview":"max-video-preview:-1"},"canonical":"https:\/\/www.smedemokrati.sk\/cs\/vlada-moze-zapricinit-stopnutie-eurofondov-o-vaznosti-situacie-budeme-rokovat-v-bruseli\/","og_locale":"cs_CZ","og_type":"article","og_title":"Vl\u00e1da m\u00f4\u017ee zapr\u00ed\u010dini\u0165 stopnutie eurofondov o v\u00e1\u017enosti situ\u00e1cie budeme rokova\u0165 v Bruseli - Smedemokrati.sk","og_description":"Demokrati upozor\u0148uj\u00fa listom Eur\u00f3psku komisiu, \u017ee skuto\u010dn\u00fdm cie\u013eom teraj\u0161ej vl\u00e1dy zru\u0161i\u0165 \u00darad \u0161peci\u00e1lnej prokurat\u00fary a tie\u017e \u0160pecializovan\u00fd trestn\u00fd s\u00fad je zmari\u0165 vy\u0161etrovania z\u00e1va\u017en\u00fdch trestn\u00fdch k\u00e1uz, ktor\u00e9 s\u00fa prepojen\u00e9 na vl\u00e1dy s\u00fa\u010dasn\u00e9ho premi\u00e9ra Fica. Predseda strany Na\u010f vyz\u00fdva na spolo\u010dn\u00fd postup opoz\u00edcie, podpredseda Heger bude o t\u00e9me rokova\u0165 priamo v Bruseli. V liste, ktor\u00fd strana adresovala [&hellip;]","og_url":"https:\/\/www.smedemokrati.sk\/cs\/vlada-moze-zapricinit-stopnutie-eurofondov-o-vaznosti-situacie-budeme-rokovat-v-bruseli\/","og_site_name":"Smedemokrati.sk","article_publisher":"https:\/\/www.facebook.com\/smedemokrati2023","article_published_time":"2023-12-04T10:30:21+00:00","article_modified_time":"2023-12-04T10:30:22+00:00","og_image":[{"width":1805,"height":1265,"url":"https:\/\/www.smedemokrati.sk\/wp-content\/uploads\/2023\/12\/Screenshot-2023-12-04-at-11.28.54.jpg","type":"image\/jpeg"}],"author":"Tom\u00e1\u0161 Koppl","twitter_card":"summary_large_image","twitter_misc":{"Napsal(a)":"Tom\u00e1\u0161 Koppl","Odhadovan\u00e1 doba \u010dten\u00ed":"2 minuty"},"schema":{"@context":"https:\/\/schema.org","@graph":[{"@type":"Article","@id":"https:\/\/www.smedemokrati.sk\/vlada-moze-zapricinit-stopnutie-eurofondov-o-vaznosti-situacie-budeme-rokovat-v-bruseli\/#article","isPartOf":{"@id":"https:\/\/www.smedemokrati.sk\/vlada-moze-zapricinit-stopnutie-eurofondov-o-vaznosti-situacie-budeme-rokovat-v-bruseli\/"},"author":{"name":"Tom\u00e1\u0161 Koppl","@id":"https:\/\/www.smedemokrati.sk\/#\/schema\/person\/c60720f4b9955b3c1ed222ebd1fbbc7c"},"headline":"Vl\u00e1da m\u00f4\u017ee zapr\u00ed\u010dini\u0165 stopnutie eurofondov o v\u00e1\u017enosti situ\u00e1cie budeme rokova\u0165 v Bruseli","datePublished":"2023-12-04T10:30:21+00:00","dateModified":"2023-12-04T10:30:22+00:00","mainEntityOfPage":{"@id":"https:\/\/www.smedemokrati.sk\/vlada-moze-zapricinit-stopnutie-eurofondov-o-vaznosti-situacie-budeme-rokovat-v-bruseli\/"},"wordCount":478,"publisher":{"@id":"https:\/\/www.smedemokrati.sk\/#organization"},"image":{"@id":"https:\/\/www.smedemokrati.sk\/vlada-moze-zapricinit-stopnutie-eurofondov-o-vaznosti-situacie-budeme-rokovat-v-bruseli\/#primaryimage"},"thumbnailUrl":"https:\/\/www.smedemokrati.sk\/wp-content\/uploads\/2023\/12\/Screenshot-2023-12-04-at-11.28.54.jpg","articleSection":["Tla\u010dov\u00e9 spr\u00e1vy"],"inLanguage":"cs-CZ"},{"@type":"WebPage","@id":"https:\/\/www.smedemokrati.sk\/vlada-moze-zapricinit-stopnutie-eurofondov-o-vaznosti-situacie-budeme-rokovat-v-bruseli\/","url":"https:\/\/www.smedemokrati.sk\/vlada-moze-zapricinit-stopnutie-eurofondov-o-vaznosti-situacie-budeme-rokovat-v-bruseli\/","name":"Vl\u00e1da m\u00f4\u017ee zapr\u00ed\u010dini\u0165 stopnutie eurofondov o v\u00e1\u017enosti situ\u00e1cie budeme rokova\u0165 v Bruseli - Smedemokrati.sk","isPartOf":{"@id":"https:\/\/www.smedemokrati.sk\/#website"},"primaryImageOfPage":{"@id":"https:\/\/www.smedemokrati.sk\/vlada-moze-zapricinit-stopnutie-eurofondov-o-vaznosti-situacie-budeme-rokovat-v-bruseli\/#primaryimage"},"image":{"@id":"https:\/\/www.smedemokrati.sk\/vlada-moze-zapricinit-stopnutie-eurofondov-o-vaznosti-situacie-budeme-rokovat-v-bruseli\/#primaryimage"},"thumbnailUrl":"https:\/\/www.smedemokrati.sk\/wp-content\/uploads\/2023\/12\/Screenshot-2023-12-04-at-11.28.54.jpg","datePublished":"2023-12-04T10:30:21+00:00","dateModified":"2023-12-04T10:30:22+00:00","breadcrumb":{"@id":"https:\/\/www.smedemokrati.sk\/vlada-moze-zapricinit-stopnutie-eurofondov-o-vaznosti-situacie-budeme-rokovat-v-bruseli\/#breadcrumb"},"inLanguage":"cs-CZ","potentialAction":[{"@type":"ReadAction","target":["https:\/\/www.smedemokrati.sk\/vlada-moze-zapricinit-stopnutie-eurofondov-o-vaznosti-situacie-budeme-rokovat-v-bruseli\/"]}]},{"@type":"ImageObject","inLanguage":"cs-CZ","@id":"https:\/\/www.smedemokrati.sk\/vlada-moze-zapricinit-stopnutie-eurofondov-o-vaznosti-situacie-budeme-rokovat-v-bruseli\/#primaryimage","url":"https:\/\/www.smedemokrati.sk\/wp-content\/uploads\/2023\/12\/Screenshot-2023-12-04-at-11.28.54.jpg","contentUrl":"https:\/\/www.smedemokrati.sk\/wp-content\/uploads\/2023\/12\/Screenshot-2023-12-04-at-11.28.54.jpg","width":1805,"height":1265},{"@type":"BreadcrumbList","@id":"https:\/\/www.smedemokrati.sk\/vlada-moze-zapricinit-stopnutie-eurofondov-o-vaznosti-situacie-budeme-rokovat-v-bruseli\/#breadcrumb","itemListElement":[{"@type":"ListItem","position":1,"name":"Domovsk\u00e1 str\u00e1nka","item":"https:\/\/www.smedemokrati.sk\/"},{"@type":"ListItem","position":2,"name":"Vl\u00e1da m\u00f4\u017ee zapr\u00ed\u010dini\u0165 stopnutie eurofondov o v\u00e1\u017enosti situ\u00e1cie budeme rokova\u0165 v Bruseli"}]},{"@type":"WebSite","@id":"https:\/\/www.smedemokrati.sk\/#website","url":"https:\/\/www.smedemokrati.sk\/","name":"Smedemokrati.sk","description":"Demokracia a slu\u0161nos\u0165 zv\u00ed\u0165az\u00ed","publisher":{"@id":"https:\/\/www.smedemokrati.sk\/#organization"},"potentialAction":[{"@type":"SearchAction","target":{"@type":"EntryPoint","urlTemplate":"https:\/\/www.smedemokrati.sk\/?s={search_term_string}"},"query-input":{"@type":"PropertyValueSpecification","valueRequired":true,"valueName":"search_term_string"}}],"inLanguage":"cs-CZ"},{"@type":"Organization","@id":"https:\/\/www.smedemokrati.sk\/#organization","name":"Smedemokrati.sk","url":"https:\/\/www.smedemokrati.sk\/","logo":{"@type":"ImageObject","inLanguage":"cs-CZ","@id":"https:\/\/www.smedemokrati.sk\/#\/schema\/logo\/image\/","url":"https:\/\/www.smedemokrati.sk\/wp-content\/uploads\/2023\/04\/ff.002.jpeg","contentUrl":"https:\/\/www.smedemokrati.sk\/wp-content\/uploads\/2023\/04\/ff.002.jpeg","width":640,"height":480,"caption":"Smedemokrati.sk"},"image":{"@id":"https:\/\/www.smedemokrati.sk\/#\/schema\/logo\/image\/"},"sameAs":["https:\/\/www.facebook.com\/smedemokrati2023"]},{"@type":"Person","@id":"https:\/\/www.smedemokrati.sk\/#\/schema\/person\/c60720f4b9955b3c1ed222ebd1fbbc7c","name":"Tom\u00e1\u0161 Koppl","image":{"@type":"ImageObject","inLanguage":"cs-CZ","@id":"https:\/\/secure.gravatar.com\/avatar\/8dfa38373c5e39821baf74c8e867a6f12e12c6dab6559aa999d10703b0b1c4ce?s=96&d=mm&r=g","url":"https:\/\/secure.gravatar.com\/avatar\/8dfa38373c5e39821baf74c8e867a6f12e12c6dab6559aa999d10703b0b1c4ce?s=96&d=mm&r=g","contentUrl":"https:\/\/secure.gravatar.com\/avatar\/8dfa38373c5e39821baf74c8e867a6f12e12c6dab6559aa999d10703b0b1c4ce?s=96&d=mm&r=g","caption":"Tom\u00e1\u0161 Koppl"},"url":"https:\/\/www.smedemokrati.sk\/cs\/author\/tomaskoppl\/"}]}},"_links":{"self":[{"href":"https:\/\/www.smedemokrati.sk\/cs\/wp-json\/wp\/v2\/posts\/2377","targetHints":{"allow":["GET"]}}],"collection":[{"href":"https:\/\/www.smedemokrati.sk\/cs\/wp-json\/wp\/v2\/posts"}],"about":[{"href":"https:\/\/www.smedemokrati.sk\/cs\/wp-json\/wp\/v2\/types\/post"}],"author":[{"embeddable":true,"href":"https:\/\/www.smedemokrati.sk\/cs\/wp-json\/wp\/v2\/users\/7"}],"replies":[{"embeddable":true,"href":"https:\/\/www.smedemokrati.sk\/cs\/wp-json\/wp\/v2\/comments?post=2377"}],"version-history":[{"count":1,"href":"https:\/\/www.smedemokrati.sk\/cs\/wp-json\/wp\/v2\/posts\/2377\/revisions"}],"predecessor-version":[{"id":2379,"href":"https:\/\/www.smedemokrati.sk\/cs\/wp-json\/wp\/v2\/posts\/2377\/revisions\/2379"}],"wp:featuredmedia":[{"embeddable":true,"href":"https:\/\/www.smedemokrati.sk\/cs\/wp-json\/wp\/v2\/media\/2378"}],"wp:attachment":[{"href":"https:\/\/www.smedemokrati.sk\/cs\/wp-json\/wp\/v2\/media?parent=2377"}],"wp:term":[{"taxonomy":"category","embeddable":true,"href":"https:\/\/www.smedemokrati.sk\/cs\/wp-json\/wp\/v2\/categories?post=2377"},{"taxonomy":"post_tag","embeddable":true,"href":"https:\/\/www.smedemokrati.sk\/cs\/wp-json\/wp\/v2\/tags?post=2377"}],"curies":[{"name":"wp","href":"https:\/\/api.w.org\/{rel}","templated":true}]}}