{"id":2320,"date":"2023-11-16T18:42:18","date_gmt":"2023-11-16T16:42:18","guid":{"rendered":"https:\/\/www.smedemokrati.sk\/?p=2320"},"modified":"2023-11-16T18:42:20","modified_gmt":"2023-11-16T16:42:20","slug":"kde-je-robert-fico-teraz-kto-sa-ospravedlni-prokuratorom","status":"publish","type":"post","link":"https:\/\/www.smedemokrati.sk\/cs\/kde-je-robert-fico-teraz-kto-sa-ospravedlni-prokuratorom\/","title":{"rendered":"Kde je Robert Fico teraz, kto sa ospravedln\u00ed prokur\u00e1torom?"},"content":{"rendered":"<div id=\"fb-root\"><\/div>\n\n<p><em><strong>\u010clen predsedn\u00edctva Demokratov komentuje potvrden\u00e9 inform\u00e1cie o manipulovan\u00ed nahr\u00e1vok, ktor\u00fdmi Robert Fico demoloval verejn\u00fa mienku vo svojej predvolebnej kampani.<\/strong><\/em><\/p>\n\n\n\n<p><strong>Juraj<\/strong>&nbsp;<strong>\u0160eliga<\/strong>&nbsp;ozrejmuje, \u017ee i\u0161lo o nahr\u00e1vku v s\u00favislosti s expolicajtom Ku\u010derkom, kde Robert Fico takpovediac, odovzd\u00e1val eses\u00e1cke kab\u00e1ty slu\u0161n\u00fdm prokur\u00e1torom Michalovi \u0160\u00farekovi a Ondrejovi Repovi:&nbsp;<em>\u201cDva roky o sebe t\u00edto prokur\u00e1tori a ich rodiny po\u010d\u00favali, \u017ee s\u00fa gestap\u00e1ci. Kde je teraz Robert Fico a kto sa im ospravedln\u00ed? Dnes je op\u00e4\u0165 potvrden\u00e9, \u017ee predseda vl\u00e1dy je manipul\u00e1tor, klam\u00e1r a zradca vlastn\u00fdch voli\u010dov, na ktor\u00fdch u\u0161il t\u00fato b\u00fadu.\u201d<\/em>&nbsp;\u0160eliga z\u00e1rove\u0148 pripom\u00edna, \u017ee o pochybnosti nahr\u00e1vok hovorili Demokrati u\u017e pred vo\u013ebami a napokon ich potvrdil kriminalistick\u00fd \u00fastav.<\/p>\n\n\n\n<p>Na z\u00e1ver dod\u00e1va, \u017ee strana bude na\u010falej robi\u0165 poctiv\u00fa politiku a cti\u0165 si pravdu. \u0160eliga povzbudil v\u0161etk\u00fdch slu\u0161n\u00fdch sudcov, prokur\u00e1torov, vy\u0161etrovate\u013eov a \u010fal\u0161\u00edch, aby sa nedali zastra\u0161i\u0165 a ak pri v\u00fdkone svojej profesie nar\u00e1\u017eaj\u00fa na ak\u00fako\u013evek nepr\u00e1vos\u0165, strana je pripraven\u00e1 postavi\u0165 sa za nich v spravodlivom boji.<\/p>\n","protected":false},"excerpt":{"rendered":"<p>\u010clen predsedn\u00edctva Demokratov komentuje potvrden\u00e9 inform\u00e1cie o manipulovan\u00ed nahr\u00e1vok, ktor\u00fdmi Robert Fico demoloval verejn\u00fa mienku vo svojej predvolebnej kampani. Juraj&nbsp;\u0160eliga&nbsp;ozrejmuje, \u017ee i\u0161lo o nahr\u00e1vku v s\u00favislosti s expolicajtom Ku\u010derkom, kde Robert Fico takpovediac, odovzd\u00e1val eses\u00e1cke kab\u00e1ty slu\u0161n\u00fdm prokur\u00e1torom Michalovi \u0160\u00farekovi a Ondrejovi Repovi:&nbsp;\u201cDva roky o sebe t\u00edto prokur\u00e1tori a ich rodiny po\u010d\u00favali, \u017ee s\u00fa gestap\u00e1ci. [&hellip;]<\/p>\n","protected":false},"author":7,"featured_media":972,"comment_status":"closed","ping_status":"closed","sticky":false,"template":"","format":"standard","meta":{"_acf_changed":false,"ngg_post_thumbnail":0,"footnotes":""},"categories":[4],"tags":[],"class_list":["post-2320","post","type-post","status-publish","format-standard","has-post-thumbnail","hentry","category-tlacove-spravy"],"acf":[],"yoast_head":"<!-- This site is optimized with the Yoast SEO plugin v27.2 - https:\/\/yoast.com\/product\/yoast-seo-wordpress\/ -->\n<title>Kde je Robert Fico teraz, kto sa ospravedln\u00ed prokur\u00e1torom? - Smedemokrati.sk<\/title>\n<meta name=\"robots\" content=\"index, follow, max-snippet:-1, max-image-preview:large, max-video-preview:-1\" \/>\n<link rel=\"canonical\" href=\"https:\/\/www.smedemokrati.sk\/cs\/kde-je-robert-fico-teraz-kto-sa-ospravedlni-prokuratorom\/\" \/>\n<meta property=\"og:locale\" content=\"cs_CZ\" \/>\n<meta property=\"og:locale:alternate\" content=\"en_US\" \/>\n<meta property=\"og:locale:alternate\" content=\"hu_HU\" \/>\n<meta property=\"og:locale:alternate\" content=\"sk_SK\" \/>\n<meta property=\"og:locale:alternate\" content=\"sv_SE\" \/>\n<meta property=\"og:type\" content=\"article\" \/>\n<meta property=\"og:title\" content=\"Kde je Robert Fico teraz, kto sa ospravedln\u00ed prokur\u00e1torom? - Smedemokrati.sk\" \/>\n<meta property=\"og:description\" content=\"\u010clen predsedn\u00edctva Demokratov komentuje potvrden\u00e9 inform\u00e1cie o manipulovan\u00ed nahr\u00e1vok, ktor\u00fdmi Robert Fico demoloval verejn\u00fa mienku vo svojej predvolebnej kampani. Juraj&nbsp;\u0160eliga&nbsp;ozrejmuje, \u017ee i\u0161lo o nahr\u00e1vku v s\u00favislosti s expolicajtom Ku\u010derkom, kde Robert Fico takpovediac, odovzd\u00e1val eses\u00e1cke kab\u00e1ty slu\u0161n\u00fdm prokur\u00e1torom Michalovi \u0160\u00farekovi a Ondrejovi Repovi:&nbsp;\u201cDva roky o sebe t\u00edto prokur\u00e1tori a ich rodiny po\u010d\u00favali, \u017ee s\u00fa gestap\u00e1ci. [&hellip;]\" \/>\n<meta property=\"og:url\" content=\"https:\/\/www.smedemokrati.sk\/cs\/kde-je-robert-fico-teraz-kto-sa-ospravedlni-prokuratorom\/\" \/>\n<meta property=\"og:site_name\" content=\"Smedemokrati.sk\" \/>\n<meta property=\"article:publisher\" content=\"https:\/\/www.facebook.com\/smedemokrati2023\" \/>\n<meta property=\"article:published_time\" content=\"2023-11-16T16:42:18+00:00\" \/>\n<meta property=\"article:modified_time\" content=\"2023-11-16T16:42:20+00:00\" \/>\n<meta property=\"og:image\" content=\"https:\/\/www.smedemokrati.sk\/wp-content\/uploads\/2023\/04\/Seliga_modal_2x-1.jpg\" \/>\n\t<meta property=\"og:image:width\" content=\"2048\" \/>\n\t<meta property=\"og:image:height\" content=\"1366\" \/>\n\t<meta property=\"og:image:type\" content=\"image\/jpeg\" \/>\n<meta name=\"author\" content=\"Tom\u00e1\u0161 Koppl\" \/>\n<meta name=\"twitter:card\" content=\"summary_large_image\" \/>\n<meta name=\"twitter:label1\" content=\"Napsal(a)\" \/>\n\t<meta name=\"twitter:data1\" content=\"Tom\u00e1\u0161 Koppl\" \/>\n\t<meta name=\"twitter:label2\" content=\"Odhadovan\u00e1 doba \u010dten\u00ed\" \/>\n\t<meta name=\"twitter:data2\" content=\"1 minuta\" \/>\n<script type=\"application\/ld+json\" class=\"yoast-schema-graph\">{\"@context\":\"https:\/\/schema.org\",\"@graph\":[{\"@type\":\"Article\",\"@id\":\"https:\/\/www.smedemokrati.sk\/kde-je-robert-fico-teraz-kto-sa-ospravedlni-prokuratorom\/#article\",\"isPartOf\":{\"@id\":\"https:\/\/www.smedemokrati.sk\/kde-je-robert-fico-teraz-kto-sa-ospravedlni-prokuratorom\/\"},\"author\":{\"name\":\"Tom\u00e1\u0161 Koppl\",\"@id\":\"https:\/\/www.smedemokrati.sk\/#\/schema\/person\/c60720f4b9955b3c1ed222ebd1fbbc7c\"},\"headline\":\"Kde je Robert Fico teraz, kto sa ospravedln\u00ed prokur\u00e1torom?\",\"datePublished\":\"2023-11-16T16:42:18+00:00\",\"dateModified\":\"2023-11-16T16:42:20+00:00\",\"mainEntityOfPage\":{\"@id\":\"https:\/\/www.smedemokrati.sk\/kde-je-robert-fico-teraz-kto-sa-ospravedlni-prokuratorom\/\"},\"wordCount\":214,\"publisher\":{\"@id\":\"https:\/\/www.smedemokrati.sk\/#organization\"},\"image\":{\"@id\":\"https:\/\/www.smedemokrati.sk\/kde-je-robert-fico-teraz-kto-sa-ospravedlni-prokuratorom\/#primaryimage\"},\"thumbnailUrl\":\"https:\/\/www.smedemokrati.sk\/wp-content\/uploads\/2023\/04\/Seliga_modal_2x-1.jpg\",\"articleSection\":[\"Tla\u010dov\u00e9 spr\u00e1vy\"],\"inLanguage\":\"cs-CZ\"},{\"@type\":\"WebPage\",\"@id\":\"https:\/\/www.smedemokrati.sk\/kde-je-robert-fico-teraz-kto-sa-ospravedlni-prokuratorom\/\",\"url\":\"https:\/\/www.smedemokrati.sk\/kde-je-robert-fico-teraz-kto-sa-ospravedlni-prokuratorom\/\",\"name\":\"Kde je Robert Fico teraz, kto sa ospravedln\u00ed prokur\u00e1torom? - Smedemokrati.sk\",\"isPartOf\":{\"@id\":\"https:\/\/www.smedemokrati.sk\/#website\"},\"primaryImageOfPage\":{\"@id\":\"https:\/\/www.smedemokrati.sk\/kde-je-robert-fico-teraz-kto-sa-ospravedlni-prokuratorom\/#primaryimage\"},\"image\":{\"@id\":\"https:\/\/www.smedemokrati.sk\/kde-je-robert-fico-teraz-kto-sa-ospravedlni-prokuratorom\/#primaryimage\"},\"thumbnailUrl\":\"https:\/\/www.smedemokrati.sk\/wp-content\/uploads\/2023\/04\/Seliga_modal_2x-1.jpg\",\"datePublished\":\"2023-11-16T16:42:18+00:00\",\"dateModified\":\"2023-11-16T16:42:20+00:00\",\"breadcrumb\":{\"@id\":\"https:\/\/www.smedemokrati.sk\/kde-je-robert-fico-teraz-kto-sa-ospravedlni-prokuratorom\/#breadcrumb\"},\"inLanguage\":\"cs-CZ\",\"potentialAction\":[{\"@type\":\"ReadAction\",\"target\":[\"https:\/\/www.smedemokrati.sk\/kde-je-robert-fico-teraz-kto-sa-ospravedlni-prokuratorom\/\"]}]},{\"@type\":\"ImageObject\",\"inLanguage\":\"cs-CZ\",\"@id\":\"https:\/\/www.smedemokrati.sk\/kde-je-robert-fico-teraz-kto-sa-ospravedlni-prokuratorom\/#primaryimage\",\"url\":\"https:\/\/www.smedemokrati.sk\/wp-content\/uploads\/2023\/04\/Seliga_modal_2x-1.jpg\",\"contentUrl\":\"https:\/\/www.smedemokrati.sk\/wp-content\/uploads\/2023\/04\/Seliga_modal_2x-1.jpg\",\"width\":2048,\"height\":1366},{\"@type\":\"BreadcrumbList\",\"@id\":\"https:\/\/www.smedemokrati.sk\/kde-je-robert-fico-teraz-kto-sa-ospravedlni-prokuratorom\/#breadcrumb\",\"itemListElement\":[{\"@type\":\"ListItem\",\"position\":1,\"name\":\"Domovsk\u00e1 str\u00e1nka\",\"item\":\"https:\/\/www.smedemokrati.sk\/\"},{\"@type\":\"ListItem\",\"position\":2,\"name\":\"Kde je Robert Fico teraz, kto sa ospravedln\u00ed prokur\u00e1torom?\"}]},{\"@type\":\"WebSite\",\"@id\":\"https:\/\/www.smedemokrati.sk\/#website\",\"url\":\"https:\/\/www.smedemokrati.sk\/\",\"name\":\"Smedemokrati.sk\",\"description\":\"Demokracia a slu\u0161nos\u0165 zv\u00ed\u0165az\u00ed\",\"publisher\":{\"@id\":\"https:\/\/www.smedemokrati.sk\/#organization\"},\"potentialAction\":[{\"@type\":\"SearchAction\",\"target\":{\"@type\":\"EntryPoint\",\"urlTemplate\":\"https:\/\/www.smedemokrati.sk\/?s={search_term_string}\"},\"query-input\":{\"@type\":\"PropertyValueSpecification\",\"valueRequired\":true,\"valueName\":\"search_term_string\"}}],\"inLanguage\":\"cs-CZ\"},{\"@type\":\"Organization\",\"@id\":\"https:\/\/www.smedemokrati.sk\/#organization\",\"name\":\"Smedemokrati.sk\",\"url\":\"https:\/\/www.smedemokrati.sk\/\",\"logo\":{\"@type\":\"ImageObject\",\"inLanguage\":\"cs-CZ\",\"@id\":\"https:\/\/www.smedemokrati.sk\/#\/schema\/logo\/image\/\",\"url\":\"https:\/\/www.smedemokrati.sk\/wp-content\/uploads\/2023\/04\/ff.002.jpeg\",\"contentUrl\":\"https:\/\/www.smedemokrati.sk\/wp-content\/uploads\/2023\/04\/ff.002.jpeg\",\"width\":640,\"height\":480,\"caption\":\"Smedemokrati.sk\"},\"image\":{\"@id\":\"https:\/\/www.smedemokrati.sk\/#\/schema\/logo\/image\/\"},\"sameAs\":[\"https:\/\/www.facebook.com\/smedemokrati2023\"]},{\"@type\":\"Person\",\"@id\":\"https:\/\/www.smedemokrati.sk\/#\/schema\/person\/c60720f4b9955b3c1ed222ebd1fbbc7c\",\"name\":\"Tom\u00e1\u0161 Koppl\",\"image\":{\"@type\":\"ImageObject\",\"inLanguage\":\"cs-CZ\",\"@id\":\"https:\/\/secure.gravatar.com\/avatar\/8dfa38373c5e39821baf74c8e867a6f12e12c6dab6559aa999d10703b0b1c4ce?s=96&d=mm&r=g\",\"url\":\"https:\/\/secure.gravatar.com\/avatar\/8dfa38373c5e39821baf74c8e867a6f12e12c6dab6559aa999d10703b0b1c4ce?s=96&d=mm&r=g\",\"contentUrl\":\"https:\/\/secure.gravatar.com\/avatar\/8dfa38373c5e39821baf74c8e867a6f12e12c6dab6559aa999d10703b0b1c4ce?s=96&d=mm&r=g\",\"caption\":\"Tom\u00e1\u0161 Koppl\"},\"url\":\"https:\/\/www.smedemokrati.sk\/cs\/author\/tomaskoppl\/\"}]}<\/script>\n<!-- \/ Yoast SEO plugin. -->","yoast_head_json":{"title":"Kde je Robert Fico teraz, kto sa ospravedln\u00ed prokur\u00e1torom? - Smedemokrati.sk","robots":{"index":"index","follow":"follow","max-snippet":"max-snippet:-1","max-image-preview":"max-image-preview:large","max-video-preview":"max-video-preview:-1"},"canonical":"https:\/\/www.smedemokrati.sk\/cs\/kde-je-robert-fico-teraz-kto-sa-ospravedlni-prokuratorom\/","og_locale":"cs_CZ","og_type":"article","og_title":"Kde je Robert Fico teraz, kto sa ospravedln\u00ed prokur\u00e1torom? - Smedemokrati.sk","og_description":"\u010clen predsedn\u00edctva Demokratov komentuje potvrden\u00e9 inform\u00e1cie o manipulovan\u00ed nahr\u00e1vok, ktor\u00fdmi Robert Fico demoloval verejn\u00fa mienku vo svojej predvolebnej kampani. Juraj&nbsp;\u0160eliga&nbsp;ozrejmuje, \u017ee i\u0161lo o nahr\u00e1vku v s\u00favislosti s expolicajtom Ku\u010derkom, kde Robert Fico takpovediac, odovzd\u00e1val eses\u00e1cke kab\u00e1ty slu\u0161n\u00fdm prokur\u00e1torom Michalovi \u0160\u00farekovi a Ondrejovi Repovi:&nbsp;\u201cDva roky o sebe t\u00edto prokur\u00e1tori a ich rodiny po\u010d\u00favali, \u017ee s\u00fa gestap\u00e1ci. [&hellip;]","og_url":"https:\/\/www.smedemokrati.sk\/cs\/kde-je-robert-fico-teraz-kto-sa-ospravedlni-prokuratorom\/","og_site_name":"Smedemokrati.sk","article_publisher":"https:\/\/www.facebook.com\/smedemokrati2023","article_published_time":"2023-11-16T16:42:18+00:00","article_modified_time":"2023-11-16T16:42:20+00:00","og_image":[{"width":2048,"height":1366,"url":"https:\/\/www.smedemokrati.sk\/wp-content\/uploads\/2023\/04\/Seliga_modal_2x-1.jpg","type":"image\/jpeg"}],"author":"Tom\u00e1\u0161 Koppl","twitter_card":"summary_large_image","twitter_misc":{"Napsal(a)":"Tom\u00e1\u0161 Koppl","Odhadovan\u00e1 doba \u010dten\u00ed":"1 minuta"},"schema":{"@context":"https:\/\/schema.org","@graph":[{"@type":"Article","@id":"https:\/\/www.smedemokrati.sk\/kde-je-robert-fico-teraz-kto-sa-ospravedlni-prokuratorom\/#article","isPartOf":{"@id":"https:\/\/www.smedemokrati.sk\/kde-je-robert-fico-teraz-kto-sa-ospravedlni-prokuratorom\/"},"author":{"name":"Tom\u00e1\u0161 Koppl","@id":"https:\/\/www.smedemokrati.sk\/#\/schema\/person\/c60720f4b9955b3c1ed222ebd1fbbc7c"},"headline":"Kde je Robert Fico teraz, kto sa ospravedln\u00ed prokur\u00e1torom?","datePublished":"2023-11-16T16:42:18+00:00","dateModified":"2023-11-16T16:42:20+00:00","mainEntityOfPage":{"@id":"https:\/\/www.smedemokrati.sk\/kde-je-robert-fico-teraz-kto-sa-ospravedlni-prokuratorom\/"},"wordCount":214,"publisher":{"@id":"https:\/\/www.smedemokrati.sk\/#organization"},"image":{"@id":"https:\/\/www.smedemokrati.sk\/kde-je-robert-fico-teraz-kto-sa-ospravedlni-prokuratorom\/#primaryimage"},"thumbnailUrl":"https:\/\/www.smedemokrati.sk\/wp-content\/uploads\/2023\/04\/Seliga_modal_2x-1.jpg","articleSection":["Tla\u010dov\u00e9 spr\u00e1vy"],"inLanguage":"cs-CZ"},{"@type":"WebPage","@id":"https:\/\/www.smedemokrati.sk\/kde-je-robert-fico-teraz-kto-sa-ospravedlni-prokuratorom\/","url":"https:\/\/www.smedemokrati.sk\/kde-je-robert-fico-teraz-kto-sa-ospravedlni-prokuratorom\/","name":"Kde je Robert Fico teraz, kto sa ospravedln\u00ed prokur\u00e1torom? - Smedemokrati.sk","isPartOf":{"@id":"https:\/\/www.smedemokrati.sk\/#website"},"primaryImageOfPage":{"@id":"https:\/\/www.smedemokrati.sk\/kde-je-robert-fico-teraz-kto-sa-ospravedlni-prokuratorom\/#primaryimage"},"image":{"@id":"https:\/\/www.smedemokrati.sk\/kde-je-robert-fico-teraz-kto-sa-ospravedlni-prokuratorom\/#primaryimage"},"thumbnailUrl":"https:\/\/www.smedemokrati.sk\/wp-content\/uploads\/2023\/04\/Seliga_modal_2x-1.jpg","datePublished":"2023-11-16T16:42:18+00:00","dateModified":"2023-11-16T16:42:20+00:00","breadcrumb":{"@id":"https:\/\/www.smedemokrati.sk\/kde-je-robert-fico-teraz-kto-sa-ospravedlni-prokuratorom\/#breadcrumb"},"inLanguage":"cs-CZ","potentialAction":[{"@type":"ReadAction","target":["https:\/\/www.smedemokrati.sk\/kde-je-robert-fico-teraz-kto-sa-ospravedlni-prokuratorom\/"]}]},{"@type":"ImageObject","inLanguage":"cs-CZ","@id":"https:\/\/www.smedemokrati.sk\/kde-je-robert-fico-teraz-kto-sa-ospravedlni-prokuratorom\/#primaryimage","url":"https:\/\/www.smedemokrati.sk\/wp-content\/uploads\/2023\/04\/Seliga_modal_2x-1.jpg","contentUrl":"https:\/\/www.smedemokrati.sk\/wp-content\/uploads\/2023\/04\/Seliga_modal_2x-1.jpg","width":2048,"height":1366},{"@type":"BreadcrumbList","@id":"https:\/\/www.smedemokrati.sk\/kde-je-robert-fico-teraz-kto-sa-ospravedlni-prokuratorom\/#breadcrumb","itemListElement":[{"@type":"ListItem","position":1,"name":"Domovsk\u00e1 str\u00e1nka","item":"https:\/\/www.smedemokrati.sk\/"},{"@type":"ListItem","position":2,"name":"Kde je Robert Fico teraz, kto sa ospravedln\u00ed prokur\u00e1torom?"}]},{"@type":"WebSite","@id":"https:\/\/www.smedemokrati.sk\/#website","url":"https:\/\/www.smedemokrati.sk\/","name":"Smedemokrati.sk","description":"Demokracia a slu\u0161nos\u0165 zv\u00ed\u0165az\u00ed","publisher":{"@id":"https:\/\/www.smedemokrati.sk\/#organization"},"potentialAction":[{"@type":"SearchAction","target":{"@type":"EntryPoint","urlTemplate":"https:\/\/www.smedemokrati.sk\/?s={search_term_string}"},"query-input":{"@type":"PropertyValueSpecification","valueRequired":true,"valueName":"search_term_string"}}],"inLanguage":"cs-CZ"},{"@type":"Organization","@id":"https:\/\/www.smedemokrati.sk\/#organization","name":"Smedemokrati.sk","url":"https:\/\/www.smedemokrati.sk\/","logo":{"@type":"ImageObject","inLanguage":"cs-CZ","@id":"https:\/\/www.smedemokrati.sk\/#\/schema\/logo\/image\/","url":"https:\/\/www.smedemokrati.sk\/wp-content\/uploads\/2023\/04\/ff.002.jpeg","contentUrl":"https:\/\/www.smedemokrati.sk\/wp-content\/uploads\/2023\/04\/ff.002.jpeg","width":640,"height":480,"caption":"Smedemokrati.sk"},"image":{"@id":"https:\/\/www.smedemokrati.sk\/#\/schema\/logo\/image\/"},"sameAs":["https:\/\/www.facebook.com\/smedemokrati2023"]},{"@type":"Person","@id":"https:\/\/www.smedemokrati.sk\/#\/schema\/person\/c60720f4b9955b3c1ed222ebd1fbbc7c","name":"Tom\u00e1\u0161 Koppl","image":{"@type":"ImageObject","inLanguage":"cs-CZ","@id":"https:\/\/secure.gravatar.com\/avatar\/8dfa38373c5e39821baf74c8e867a6f12e12c6dab6559aa999d10703b0b1c4ce?s=96&d=mm&r=g","url":"https:\/\/secure.gravatar.com\/avatar\/8dfa38373c5e39821baf74c8e867a6f12e12c6dab6559aa999d10703b0b1c4ce?s=96&d=mm&r=g","contentUrl":"https:\/\/secure.gravatar.com\/avatar\/8dfa38373c5e39821baf74c8e867a6f12e12c6dab6559aa999d10703b0b1c4ce?s=96&d=mm&r=g","caption":"Tom\u00e1\u0161 Koppl"},"url":"https:\/\/www.smedemokrati.sk\/cs\/author\/tomaskoppl\/"}]}},"_links":{"self":[{"href":"https:\/\/www.smedemokrati.sk\/cs\/wp-json\/wp\/v2\/posts\/2320","targetHints":{"allow":["GET"]}}],"collection":[{"href":"https:\/\/www.smedemokrati.sk\/cs\/wp-json\/wp\/v2\/posts"}],"about":[{"href":"https:\/\/www.smedemokrati.sk\/cs\/wp-json\/wp\/v2\/types\/post"}],"author":[{"embeddable":true,"href":"https:\/\/www.smedemokrati.sk\/cs\/wp-json\/wp\/v2\/users\/7"}],"replies":[{"embeddable":true,"href":"https:\/\/www.smedemokrati.sk\/cs\/wp-json\/wp\/v2\/comments?post=2320"}],"version-history":[{"count":1,"href":"https:\/\/www.smedemokrati.sk\/cs\/wp-json\/wp\/v2\/posts\/2320\/revisions"}],"predecessor-version":[{"id":2321,"href":"https:\/\/www.smedemokrati.sk\/cs\/wp-json\/wp\/v2\/posts\/2320\/revisions\/2321"}],"wp:featuredmedia":[{"embeddable":true,"href":"https:\/\/www.smedemokrati.sk\/cs\/wp-json\/wp\/v2\/media\/972"}],"wp:attachment":[{"href":"https:\/\/www.smedemokrati.sk\/cs\/wp-json\/wp\/v2\/media?parent=2320"}],"wp:term":[{"taxonomy":"category","embeddable":true,"href":"https:\/\/www.smedemokrati.sk\/cs\/wp-json\/wp\/v2\/categories?post=2320"},{"taxonomy":"post_tag","embeddable":true,"href":"https:\/\/www.smedemokrati.sk\/cs\/wp-json\/wp\/v2\/tags?post=2320"}],"curies":[{"name":"wp","href":"https:\/\/api.w.org\/{rel}","templated":true}]}}