{"id":2059,"date":"2023-09-26T13:27:37","date_gmt":"2023-09-26T11:27:37","guid":{"rendered":"https:\/\/www.smedemokrati.sk\/?p=2059"},"modified":"2023-09-26T13:27:37","modified_gmt":"2023-09-26T11:27:37","slug":"seliga-podava-trestne-oznamenie-vo-veci-zneuzivania-pravomoci-verejneho-cinitela-a-podozreni-okolo-zilinku","status":"publish","type":"post","link":"https:\/\/www.smedemokrati.sk\/cs\/seliga-podava-trestne-oznamenie-vo-veci-zneuzivania-pravomoci-verejneho-cinitela-a-podozreni-okolo-zilinku\/","title":{"rendered":"\u0160eliga pod\u00e1va trestn\u00e9 ozn\u00e1menie vo veci zneu\u017e\u00edvania pr\u00e1vomoci verejn\u00e9ho \u010dinite\u013ea a podozren\u00ed okolo \u017dilinku"},"content":{"rendered":"<div id=\"fb-root\"><\/div>\n\n<p>Poslanec NR SR a \u010dlen predsedn\u00edctva strany Demokrati Juraj \u0160eliga pod\u00e1va podanie na N\u00e1rodn\u00fa krimin\u00e1lnu agent\u00faru v s\u00favislosti s podozreniami na zneu\u017eitie pr\u00e1vomoci verejn\u00e9ho \u010dinite\u013ea. Ide o podozrenia z krivenia spravodlivosti na gener\u00e1lnej prokurat\u00fare pri dispropor\u010dnej aplik\u00e1cii paragrafu 363.<\/p>\n\n\n\n<p>\u201cTento krok zva\u017eujem u\u017e ve\u013emi dlh\u00fd \u010das. Dlhodobo upozor\u0148ujem na to, \u017ee na gener\u00e1lnej prokurat\u00fare sa dej\u00fa veci, ktor\u00e9 s\u00fa mimoriadne podozriv\u00e9 &#8211; paragraf 363 sa pou\u017e\u00edva tak, ako to z\u00e1kon nepredpoklad\u00e1 a v niektor\u00fdch pr\u00edpadoch je, pod\u013ea m\u00f4jho n\u00e1zoru, kriven\u00e1 spravodlivos\u0165. O tom hovor\u00ed aj \u00fastavn\u00fd s\u00fad.&nbsp;<\/p>\n\n\n\n<p>Juraj \u0160eliga uviedol, \u017ee podozrenia o kriven\u00ed spravodlivosti na gener\u00e1lnej prokurat\u00fare sa sna\u017eil rie\u0161i\u0165 r\u00f4znymi sp\u00f4sobmi. \u201cInformoval som prezidentku SR, zvol\u00e1val som mimoriadne \u00fastavnopr\u00e1vne v\u00fdbory NR SR, verejne som upozor\u0148oval na konanie, ktor\u00e9 je, pod\u013ea m\u00f4jho n\u00e1zoru v rozpore so z\u00e1konom.<\/p>\n\n\n\n<p>\u0160eliga pripom\u00edna, \u017ee Maro\u0161 \u017dilinka odmieta odpoveda\u0165 prezidentke, odmieta pr\u00eds\u0165 na v\u00fdbor a miesto toho ute\u010die na dovolenku, odmieta odpoveda\u0165 na z\u00e1va\u017en\u00e9 ot\u00e1zky novin\u00e1rom aj verejnosti. \u201cAk nechce odpoveda\u0165 prezidentke, poslancom, novin\u00e1rom a verejnosti, tak jedin\u00e1 mo\u017enos\u0165, ktor\u00e1 na ost\u00e1va je, aby odpovedal pol\u00edcii,\u201d<\/p>\n\n\n\n<p><strong>\u201cPr\u00e1ve preto sme, spolu s kolegami, pripravili podanie na N\u00e1rodn\u00fa krimin\u00e1lnu agent\u00faru v s\u00favislosti s podozreniami na zneu\u017eitie pr\u00e1vomoci verejn\u00e9ho \u010dinite\u013ea,\u201d informoval \u0160eliga.<\/strong><\/p>\n\n\n\n<p>\u0160eliga povedal, \u017ee posledn\u00e1 kvapka bola, ke\u010f v\u010dera dostali nov\u00e9 inform\u00e1cie o tom, \u017ee gener\u00e1lna prokurat\u00fara rozhoduje v\u00fdrazne dispropor\u010dne.&nbsp;<strong>\u201cPo na\u0161ej v\u010deraj\u0161ej tla\u010dovej konferencii, sme obdr\u017eali \u010fal\u0161ie inform\u00e1cie o tom, \u017ee v j\u00fani 2021 gener\u00e1lna prokurat\u00fara odmietla aplikova\u0165 paragraf 363 z d\u00f4vodu, \u017ee v pr\u00edpade nebolo vznesen\u00e9 obvinenie. Je to len dva mesiace pred t\u00fdm, kedy \u017dilinka s Kanderom zru\u0161ili vy\u0161etrovanie t\u00edmu Obl\u00fak, bez toho, aby bol ktoko\u013evek obvinen\u00ed,\u201d vyhl\u00e1sil \u0160eliga. T\u00edm Obl\u00fak mal pod\u013ea podozren\u00ed diskreditova\u0165 vy\u0161etrovanie z\u00e1va\u017enej korupcie nominantov Smeru a pod\u013ea inform\u00e1ci\u00ed sa mal Obl\u00fak na \u010dele s Dianou Santusovou koordinova\u0165 priamo s gener\u00e1lnou prokurat\u00farou,\u201d<\/strong>&nbsp;povedal \u0160eliga<\/p>\n\n\n\n<p>\u201cJedenkr\u00e1t rozhodn\u00fa tak a v druhom pr\u00edpade, rozhodn\u00fa opa\u010dne. Pre\u010do? Koho chr\u00e1nia na gener\u00e1lnej prokurat\u00fare?\u201d p\u00fdta sa \u0160eliga.&nbsp;<strong>\u201cVyp\u00fdtali sme si ofici\u00e1lne \u0161tatistiky z ministerstva spravodlivosti a tie hovoria ve\u013emi jasne. Doteraz to bolo \u00faplne prv\u00e9 rozhodnutie, vo veci \u201ct\u00edmu Obl\u00fak\u201d, kedy gener\u00e1lna prokurat\u00fara zru\u0161ila vy\u0161etrovanie bez vznesenia obvinenia. Neviem \u010do viac m\u00e1me urobi\u0165, aby sa tieto veci vy\u0161etrovali a bola zjednan\u00e1 spravodlivos\u0165. Aj preto pod\u00e1vame toto trestn\u00e9 ozn\u00e1menie, pre podozrenie, \u017ee tu m\u00f4\u017ee by\u0165 organizovan\u00e1 skupina, ktor\u00e1 zneu\u017eila pr\u00e1vomoc verejn\u00e9ho \u010dinite\u013ea,\u201d<\/strong>&nbsp;kon\u0161tatuje \u0160eliga.<\/p>\n\n\n\n<p>\u0160eliga apeluje na vodi\u010dov, aby v sobotu pri\u0161li voli\u0165 a volili demokratick\u00e9 strany. \u201c<strong>30. septembra p\u00f4jde aj o to, \u010di zv\u00ed\u0165az\u00ed spravodlivos\u0165 a pr\u00e1vny \u0161t\u00e1t. Ak chcete, aby vy\u0161etrovanie najv\u00e4\u010d\u0161ej korupcie pokra\u010dovalo, pr\u00ed\u010fte voli\u0165 a vo\u013ete demokratick\u00e9 strany, vo\u013ete Demokratov.<\/strong>&nbsp;Je to jednoduch\u00e9, ak chcete, aby sa tieto podozrenia zo zneu\u017e\u00edvania pr\u00e1vomoci vy\u0161etrili pr\u00ed\u010fte voli\u0165, ak sa dostane Fico k moci, v\u0161etko bude zameten\u00e9 pod koberec. Toto je vo\u013eba pred ktorou stoj\u00edme.\u201d uzavrel \u0160eliga.<\/p>\n","protected":false},"excerpt":{"rendered":"<p>Poslanec NR SR a \u010dlen predsedn\u00edctva strany Demokrati Juraj \u0160eliga pod\u00e1va podanie na N\u00e1rodn\u00fa krimin\u00e1lnu agent\u00faru v s\u00favislosti s podozreniami na zneu\u017eitie pr\u00e1vomoci verejn\u00e9ho \u010dinite\u013ea. Ide o podozrenia z krivenia spravodlivosti na gener\u00e1lnej prokurat\u00fare pri dispropor\u010dnej aplik\u00e1cii paragrafu 363. \u201cTento krok zva\u017eujem u\u017e ve\u013emi dlh\u00fd \u010das. Dlhodobo upozor\u0148ujem na to, \u017ee na gener\u00e1lnej prokurat\u00fare sa [&hellip;]<\/p>\n","protected":false},"author":7,"featured_media":972,"comment_status":"closed","ping_status":"closed","sticky":false,"template":"","format":"standard","meta":{"_acf_changed":false,"ngg_post_thumbnail":0,"footnotes":""},"categories":[4],"tags":[],"class_list":["post-2059","post","type-post","status-publish","format-standard","has-post-thumbnail","hentry","category-tlacove-spravy"],"acf":[],"yoast_head":"<!-- This site is optimized with the Yoast SEO plugin v27.2 - https:\/\/yoast.com\/product\/yoast-seo-wordpress\/ -->\n<title>\u0160eliga pod\u00e1va trestn\u00e9 ozn\u00e1menie vo veci zneu\u017e\u00edvania pr\u00e1vomoci verejn\u00e9ho \u010dinite\u013ea a podozren\u00ed okolo \u017dilinku - Smedemokrati.sk<\/title>\n<meta name=\"robots\" content=\"index, follow, max-snippet:-1, max-image-preview:large, max-video-preview:-1\" \/>\n<link rel=\"canonical\" href=\"https:\/\/www.smedemokrati.sk\/cs\/seliga-podava-trestne-oznamenie-vo-veci-zneuzivania-pravomoci-verejneho-cinitela-a-podozreni-okolo-zilinku\/\" \/>\n<meta property=\"og:locale\" content=\"cs_CZ\" \/>\n<meta property=\"og:locale:alternate\" content=\"en_US\" \/>\n<meta property=\"og:locale:alternate\" content=\"hu_HU\" \/>\n<meta property=\"og:locale:alternate\" content=\"sk_SK\" \/>\n<meta property=\"og:locale:alternate\" content=\"sv_SE\" \/>\n<meta property=\"og:type\" content=\"article\" \/>\n<meta property=\"og:title\" content=\"\u0160eliga pod\u00e1va trestn\u00e9 ozn\u00e1menie vo veci zneu\u017e\u00edvania pr\u00e1vomoci verejn\u00e9ho \u010dinite\u013ea a podozren\u00ed okolo \u017dilinku - Smedemokrati.sk\" \/>\n<meta property=\"og:description\" content=\"Poslanec NR SR a \u010dlen predsedn\u00edctva strany Demokrati Juraj \u0160eliga pod\u00e1va podanie na N\u00e1rodn\u00fa krimin\u00e1lnu agent\u00faru v s\u00favislosti s podozreniami na zneu\u017eitie pr\u00e1vomoci verejn\u00e9ho \u010dinite\u013ea. Ide o podozrenia z krivenia spravodlivosti na gener\u00e1lnej prokurat\u00fare pri dispropor\u010dnej aplik\u00e1cii paragrafu 363. \u201cTento krok zva\u017eujem u\u017e ve\u013emi dlh\u00fd \u010das. Dlhodobo upozor\u0148ujem na to, \u017ee na gener\u00e1lnej prokurat\u00fare sa [&hellip;]\" \/>\n<meta property=\"og:url\" content=\"https:\/\/www.smedemokrati.sk\/cs\/seliga-podava-trestne-oznamenie-vo-veci-zneuzivania-pravomoci-verejneho-cinitela-a-podozreni-okolo-zilinku\/\" \/>\n<meta property=\"og:site_name\" content=\"Smedemokrati.sk\" \/>\n<meta property=\"article:publisher\" content=\"https:\/\/www.facebook.com\/smedemokrati2023\" \/>\n<meta property=\"article:published_time\" content=\"2023-09-26T11:27:37+00:00\" \/>\n<meta property=\"og:image\" content=\"https:\/\/www.smedemokrati.sk\/wp-content\/uploads\/2023\/04\/Seliga_modal_2x-1.jpg\" \/>\n\t<meta property=\"og:image:width\" content=\"2048\" \/>\n\t<meta property=\"og:image:height\" content=\"1366\" \/>\n\t<meta property=\"og:image:type\" content=\"image\/jpeg\" \/>\n<meta name=\"author\" content=\"Tom\u00e1\u0161 Koppl\" \/>\n<meta name=\"twitter:card\" content=\"summary_large_image\" \/>\n<meta name=\"twitter:label1\" content=\"Napsal(a)\" \/>\n\t<meta name=\"twitter:data1\" content=\"Tom\u00e1\u0161 Koppl\" \/>\n\t<meta name=\"twitter:label2\" content=\"Odhadovan\u00e1 doba \u010dten\u00ed\" \/>\n\t<meta name=\"twitter:data2\" content=\"3 minuty\" \/>\n<script type=\"application\/ld+json\" class=\"yoast-schema-graph\">{\"@context\":\"https:\/\/schema.org\",\"@graph\":[{\"@type\":\"Article\",\"@id\":\"https:\/\/www.smedemokrati.sk\/seliga-podava-trestne-oznamenie-vo-veci-zneuzivania-pravomoci-verejneho-cinitela-a-podozreni-okolo-zilinku\/#article\",\"isPartOf\":{\"@id\":\"https:\/\/www.smedemokrati.sk\/seliga-podava-trestne-oznamenie-vo-veci-zneuzivania-pravomoci-verejneho-cinitela-a-podozreni-okolo-zilinku\/\"},\"author\":{\"name\":\"Tom\u00e1\u0161 Koppl\",\"@id\":\"https:\/\/www.smedemokrati.sk\/#\/schema\/person\/c60720f4b9955b3c1ed222ebd1fbbc7c\"},\"headline\":\"\u0160eliga pod\u00e1va trestn\u00e9 ozn\u00e1menie vo veci zneu\u017e\u00edvania pr\u00e1vomoci verejn\u00e9ho \u010dinite\u013ea a podozren\u00ed okolo \u017dilinku\",\"datePublished\":\"2023-09-26T11:27:37+00:00\",\"mainEntityOfPage\":{\"@id\":\"https:\/\/www.smedemokrati.sk\/seliga-podava-trestne-oznamenie-vo-veci-zneuzivania-pravomoci-verejneho-cinitela-a-podozreni-okolo-zilinku\/\"},\"wordCount\":618,\"publisher\":{\"@id\":\"https:\/\/www.smedemokrati.sk\/#organization\"},\"image\":{\"@id\":\"https:\/\/www.smedemokrati.sk\/seliga-podava-trestne-oznamenie-vo-veci-zneuzivania-pravomoci-verejneho-cinitela-a-podozreni-okolo-zilinku\/#primaryimage\"},\"thumbnailUrl\":\"https:\/\/www.smedemokrati.sk\/wp-content\/uploads\/2023\/04\/Seliga_modal_2x-1.jpg\",\"articleSection\":[\"Tla\u010dov\u00e9 spr\u00e1vy\"],\"inLanguage\":\"cs-CZ\"},{\"@type\":\"WebPage\",\"@id\":\"https:\/\/www.smedemokrati.sk\/seliga-podava-trestne-oznamenie-vo-veci-zneuzivania-pravomoci-verejneho-cinitela-a-podozreni-okolo-zilinku\/\",\"url\":\"https:\/\/www.smedemokrati.sk\/seliga-podava-trestne-oznamenie-vo-veci-zneuzivania-pravomoci-verejneho-cinitela-a-podozreni-okolo-zilinku\/\",\"name\":\"\u0160eliga pod\u00e1va trestn\u00e9 ozn\u00e1menie vo veci zneu\u017e\u00edvania pr\u00e1vomoci verejn\u00e9ho \u010dinite\u013ea a podozren\u00ed okolo \u017dilinku - Smedemokrati.sk\",\"isPartOf\":{\"@id\":\"https:\/\/www.smedemokrati.sk\/#website\"},\"primaryImageOfPage\":{\"@id\":\"https:\/\/www.smedemokrati.sk\/seliga-podava-trestne-oznamenie-vo-veci-zneuzivania-pravomoci-verejneho-cinitela-a-podozreni-okolo-zilinku\/#primaryimage\"},\"image\":{\"@id\":\"https:\/\/www.smedemokrati.sk\/seliga-podava-trestne-oznamenie-vo-veci-zneuzivania-pravomoci-verejneho-cinitela-a-podozreni-okolo-zilinku\/#primaryimage\"},\"thumbnailUrl\":\"https:\/\/www.smedemokrati.sk\/wp-content\/uploads\/2023\/04\/Seliga_modal_2x-1.jpg\",\"datePublished\":\"2023-09-26T11:27:37+00:00\",\"breadcrumb\":{\"@id\":\"https:\/\/www.smedemokrati.sk\/seliga-podava-trestne-oznamenie-vo-veci-zneuzivania-pravomoci-verejneho-cinitela-a-podozreni-okolo-zilinku\/#breadcrumb\"},\"inLanguage\":\"cs-CZ\",\"potentialAction\":[{\"@type\":\"ReadAction\",\"target\":[\"https:\/\/www.smedemokrati.sk\/seliga-podava-trestne-oznamenie-vo-veci-zneuzivania-pravomoci-verejneho-cinitela-a-podozreni-okolo-zilinku\/\"]}]},{\"@type\":\"ImageObject\",\"inLanguage\":\"cs-CZ\",\"@id\":\"https:\/\/www.smedemokrati.sk\/seliga-podava-trestne-oznamenie-vo-veci-zneuzivania-pravomoci-verejneho-cinitela-a-podozreni-okolo-zilinku\/#primaryimage\",\"url\":\"https:\/\/www.smedemokrati.sk\/wp-content\/uploads\/2023\/04\/Seliga_modal_2x-1.jpg\",\"contentUrl\":\"https:\/\/www.smedemokrati.sk\/wp-content\/uploads\/2023\/04\/Seliga_modal_2x-1.jpg\",\"width\":2048,\"height\":1366},{\"@type\":\"BreadcrumbList\",\"@id\":\"https:\/\/www.smedemokrati.sk\/seliga-podava-trestne-oznamenie-vo-veci-zneuzivania-pravomoci-verejneho-cinitela-a-podozreni-okolo-zilinku\/#breadcrumb\",\"itemListElement\":[{\"@type\":\"ListItem\",\"position\":1,\"name\":\"Domovsk\u00e1 str\u00e1nka\",\"item\":\"https:\/\/www.smedemokrati.sk\/\"},{\"@type\":\"ListItem\",\"position\":2,\"name\":\"\u0160eliga pod\u00e1va trestn\u00e9 ozn\u00e1menie vo veci zneu\u017e\u00edvania pr\u00e1vomoci verejn\u00e9ho \u010dinite\u013ea a podozren\u00ed okolo \u017dilinku\"}]},{\"@type\":\"WebSite\",\"@id\":\"https:\/\/www.smedemokrati.sk\/#website\",\"url\":\"https:\/\/www.smedemokrati.sk\/\",\"name\":\"Smedemokrati.sk\",\"description\":\"Demokracia a slu\u0161nos\u0165 zv\u00ed\u0165az\u00ed\",\"publisher\":{\"@id\":\"https:\/\/www.smedemokrati.sk\/#organization\"},\"potentialAction\":[{\"@type\":\"SearchAction\",\"target\":{\"@type\":\"EntryPoint\",\"urlTemplate\":\"https:\/\/www.smedemokrati.sk\/?s={search_term_string}\"},\"query-input\":{\"@type\":\"PropertyValueSpecification\",\"valueRequired\":true,\"valueName\":\"search_term_string\"}}],\"inLanguage\":\"cs-CZ\"},{\"@type\":\"Organization\",\"@id\":\"https:\/\/www.smedemokrati.sk\/#organization\",\"name\":\"Smedemokrati.sk\",\"url\":\"https:\/\/www.smedemokrati.sk\/\",\"logo\":{\"@type\":\"ImageObject\",\"inLanguage\":\"cs-CZ\",\"@id\":\"https:\/\/www.smedemokrati.sk\/#\/schema\/logo\/image\/\",\"url\":\"https:\/\/www.smedemokrati.sk\/wp-content\/uploads\/2023\/04\/ff.002.jpeg\",\"contentUrl\":\"https:\/\/www.smedemokrati.sk\/wp-content\/uploads\/2023\/04\/ff.002.jpeg\",\"width\":640,\"height\":480,\"caption\":\"Smedemokrati.sk\"},\"image\":{\"@id\":\"https:\/\/www.smedemokrati.sk\/#\/schema\/logo\/image\/\"},\"sameAs\":[\"https:\/\/www.facebook.com\/smedemokrati2023\"]},{\"@type\":\"Person\",\"@id\":\"https:\/\/www.smedemokrati.sk\/#\/schema\/person\/c60720f4b9955b3c1ed222ebd1fbbc7c\",\"name\":\"Tom\u00e1\u0161 Koppl\",\"image\":{\"@type\":\"ImageObject\",\"inLanguage\":\"cs-CZ\",\"@id\":\"https:\/\/secure.gravatar.com\/avatar\/8dfa38373c5e39821baf74c8e867a6f12e12c6dab6559aa999d10703b0b1c4ce?s=96&d=mm&r=g\",\"url\":\"https:\/\/secure.gravatar.com\/avatar\/8dfa38373c5e39821baf74c8e867a6f12e12c6dab6559aa999d10703b0b1c4ce?s=96&d=mm&r=g\",\"contentUrl\":\"https:\/\/secure.gravatar.com\/avatar\/8dfa38373c5e39821baf74c8e867a6f12e12c6dab6559aa999d10703b0b1c4ce?s=96&d=mm&r=g\",\"caption\":\"Tom\u00e1\u0161 Koppl\"},\"url\":\"https:\/\/www.smedemokrati.sk\/cs\/author\/tomaskoppl\/\"}]}<\/script>\n<!-- \/ Yoast SEO plugin. -->","yoast_head_json":{"title":"\u0160eliga pod\u00e1va trestn\u00e9 ozn\u00e1menie vo veci zneu\u017e\u00edvania pr\u00e1vomoci verejn\u00e9ho \u010dinite\u013ea a podozren\u00ed okolo \u017dilinku - Smedemokrati.sk","robots":{"index":"index","follow":"follow","max-snippet":"max-snippet:-1","max-image-preview":"max-image-preview:large","max-video-preview":"max-video-preview:-1"},"canonical":"https:\/\/www.smedemokrati.sk\/cs\/seliga-podava-trestne-oznamenie-vo-veci-zneuzivania-pravomoci-verejneho-cinitela-a-podozreni-okolo-zilinku\/","og_locale":"cs_CZ","og_type":"article","og_title":"\u0160eliga pod\u00e1va trestn\u00e9 ozn\u00e1menie vo veci zneu\u017e\u00edvania pr\u00e1vomoci verejn\u00e9ho \u010dinite\u013ea a podozren\u00ed okolo \u017dilinku - Smedemokrati.sk","og_description":"Poslanec NR SR a \u010dlen predsedn\u00edctva strany Demokrati Juraj \u0160eliga pod\u00e1va podanie na N\u00e1rodn\u00fa krimin\u00e1lnu agent\u00faru v s\u00favislosti s podozreniami na zneu\u017eitie pr\u00e1vomoci verejn\u00e9ho \u010dinite\u013ea. Ide o podozrenia z krivenia spravodlivosti na gener\u00e1lnej prokurat\u00fare pri dispropor\u010dnej aplik\u00e1cii paragrafu 363. \u201cTento krok zva\u017eujem u\u017e ve\u013emi dlh\u00fd \u010das. Dlhodobo upozor\u0148ujem na to, \u017ee na gener\u00e1lnej prokurat\u00fare sa [&hellip;]","og_url":"https:\/\/www.smedemokrati.sk\/cs\/seliga-podava-trestne-oznamenie-vo-veci-zneuzivania-pravomoci-verejneho-cinitela-a-podozreni-okolo-zilinku\/","og_site_name":"Smedemokrati.sk","article_publisher":"https:\/\/www.facebook.com\/smedemokrati2023","article_published_time":"2023-09-26T11:27:37+00:00","og_image":[{"width":2048,"height":1366,"url":"https:\/\/www.smedemokrati.sk\/wp-content\/uploads\/2023\/04\/Seliga_modal_2x-1.jpg","type":"image\/jpeg"}],"author":"Tom\u00e1\u0161 Koppl","twitter_card":"summary_large_image","twitter_misc":{"Napsal(a)":"Tom\u00e1\u0161 Koppl","Odhadovan\u00e1 doba \u010dten\u00ed":"3 minuty"},"schema":{"@context":"https:\/\/schema.org","@graph":[{"@type":"Article","@id":"https:\/\/www.smedemokrati.sk\/seliga-podava-trestne-oznamenie-vo-veci-zneuzivania-pravomoci-verejneho-cinitela-a-podozreni-okolo-zilinku\/#article","isPartOf":{"@id":"https:\/\/www.smedemokrati.sk\/seliga-podava-trestne-oznamenie-vo-veci-zneuzivania-pravomoci-verejneho-cinitela-a-podozreni-okolo-zilinku\/"},"author":{"name":"Tom\u00e1\u0161 Koppl","@id":"https:\/\/www.smedemokrati.sk\/#\/schema\/person\/c60720f4b9955b3c1ed222ebd1fbbc7c"},"headline":"\u0160eliga pod\u00e1va trestn\u00e9 ozn\u00e1menie vo veci zneu\u017e\u00edvania pr\u00e1vomoci verejn\u00e9ho \u010dinite\u013ea a podozren\u00ed okolo \u017dilinku","datePublished":"2023-09-26T11:27:37+00:00","mainEntityOfPage":{"@id":"https:\/\/www.smedemokrati.sk\/seliga-podava-trestne-oznamenie-vo-veci-zneuzivania-pravomoci-verejneho-cinitela-a-podozreni-okolo-zilinku\/"},"wordCount":618,"publisher":{"@id":"https:\/\/www.smedemokrati.sk\/#organization"},"image":{"@id":"https:\/\/www.smedemokrati.sk\/seliga-podava-trestne-oznamenie-vo-veci-zneuzivania-pravomoci-verejneho-cinitela-a-podozreni-okolo-zilinku\/#primaryimage"},"thumbnailUrl":"https:\/\/www.smedemokrati.sk\/wp-content\/uploads\/2023\/04\/Seliga_modal_2x-1.jpg","articleSection":["Tla\u010dov\u00e9 spr\u00e1vy"],"inLanguage":"cs-CZ"},{"@type":"WebPage","@id":"https:\/\/www.smedemokrati.sk\/seliga-podava-trestne-oznamenie-vo-veci-zneuzivania-pravomoci-verejneho-cinitela-a-podozreni-okolo-zilinku\/","url":"https:\/\/www.smedemokrati.sk\/seliga-podava-trestne-oznamenie-vo-veci-zneuzivania-pravomoci-verejneho-cinitela-a-podozreni-okolo-zilinku\/","name":"\u0160eliga pod\u00e1va trestn\u00e9 ozn\u00e1menie vo veci zneu\u017e\u00edvania pr\u00e1vomoci verejn\u00e9ho \u010dinite\u013ea a podozren\u00ed okolo \u017dilinku - Smedemokrati.sk","isPartOf":{"@id":"https:\/\/www.smedemokrati.sk\/#website"},"primaryImageOfPage":{"@id":"https:\/\/www.smedemokrati.sk\/seliga-podava-trestne-oznamenie-vo-veci-zneuzivania-pravomoci-verejneho-cinitela-a-podozreni-okolo-zilinku\/#primaryimage"},"image":{"@id":"https:\/\/www.smedemokrati.sk\/seliga-podava-trestne-oznamenie-vo-veci-zneuzivania-pravomoci-verejneho-cinitela-a-podozreni-okolo-zilinku\/#primaryimage"},"thumbnailUrl":"https:\/\/www.smedemokrati.sk\/wp-content\/uploads\/2023\/04\/Seliga_modal_2x-1.jpg","datePublished":"2023-09-26T11:27:37+00:00","breadcrumb":{"@id":"https:\/\/www.smedemokrati.sk\/seliga-podava-trestne-oznamenie-vo-veci-zneuzivania-pravomoci-verejneho-cinitela-a-podozreni-okolo-zilinku\/#breadcrumb"},"inLanguage":"cs-CZ","potentialAction":[{"@type":"ReadAction","target":["https:\/\/www.smedemokrati.sk\/seliga-podava-trestne-oznamenie-vo-veci-zneuzivania-pravomoci-verejneho-cinitela-a-podozreni-okolo-zilinku\/"]}]},{"@type":"ImageObject","inLanguage":"cs-CZ","@id":"https:\/\/www.smedemokrati.sk\/seliga-podava-trestne-oznamenie-vo-veci-zneuzivania-pravomoci-verejneho-cinitela-a-podozreni-okolo-zilinku\/#primaryimage","url":"https:\/\/www.smedemokrati.sk\/wp-content\/uploads\/2023\/04\/Seliga_modal_2x-1.jpg","contentUrl":"https:\/\/www.smedemokrati.sk\/wp-content\/uploads\/2023\/04\/Seliga_modal_2x-1.jpg","width":2048,"height":1366},{"@type":"BreadcrumbList","@id":"https:\/\/www.smedemokrati.sk\/seliga-podava-trestne-oznamenie-vo-veci-zneuzivania-pravomoci-verejneho-cinitela-a-podozreni-okolo-zilinku\/#breadcrumb","itemListElement":[{"@type":"ListItem","position":1,"name":"Domovsk\u00e1 str\u00e1nka","item":"https:\/\/www.smedemokrati.sk\/"},{"@type":"ListItem","position":2,"name":"\u0160eliga pod\u00e1va trestn\u00e9 ozn\u00e1menie vo veci zneu\u017e\u00edvania pr\u00e1vomoci verejn\u00e9ho \u010dinite\u013ea a podozren\u00ed okolo \u017dilinku"}]},{"@type":"WebSite","@id":"https:\/\/www.smedemokrati.sk\/#website","url":"https:\/\/www.smedemokrati.sk\/","name":"Smedemokrati.sk","description":"Demokracia a slu\u0161nos\u0165 zv\u00ed\u0165az\u00ed","publisher":{"@id":"https:\/\/www.smedemokrati.sk\/#organization"},"potentialAction":[{"@type":"SearchAction","target":{"@type":"EntryPoint","urlTemplate":"https:\/\/www.smedemokrati.sk\/?s={search_term_string}"},"query-input":{"@type":"PropertyValueSpecification","valueRequired":true,"valueName":"search_term_string"}}],"inLanguage":"cs-CZ"},{"@type":"Organization","@id":"https:\/\/www.smedemokrati.sk\/#organization","name":"Smedemokrati.sk","url":"https:\/\/www.smedemokrati.sk\/","logo":{"@type":"ImageObject","inLanguage":"cs-CZ","@id":"https:\/\/www.smedemokrati.sk\/#\/schema\/logo\/image\/","url":"https:\/\/www.smedemokrati.sk\/wp-content\/uploads\/2023\/04\/ff.002.jpeg","contentUrl":"https:\/\/www.smedemokrati.sk\/wp-content\/uploads\/2023\/04\/ff.002.jpeg","width":640,"height":480,"caption":"Smedemokrati.sk"},"image":{"@id":"https:\/\/www.smedemokrati.sk\/#\/schema\/logo\/image\/"},"sameAs":["https:\/\/www.facebook.com\/smedemokrati2023"]},{"@type":"Person","@id":"https:\/\/www.smedemokrati.sk\/#\/schema\/person\/c60720f4b9955b3c1ed222ebd1fbbc7c","name":"Tom\u00e1\u0161 Koppl","image":{"@type":"ImageObject","inLanguage":"cs-CZ","@id":"https:\/\/secure.gravatar.com\/avatar\/8dfa38373c5e39821baf74c8e867a6f12e12c6dab6559aa999d10703b0b1c4ce?s=96&d=mm&r=g","url":"https:\/\/secure.gravatar.com\/avatar\/8dfa38373c5e39821baf74c8e867a6f12e12c6dab6559aa999d10703b0b1c4ce?s=96&d=mm&r=g","contentUrl":"https:\/\/secure.gravatar.com\/avatar\/8dfa38373c5e39821baf74c8e867a6f12e12c6dab6559aa999d10703b0b1c4ce?s=96&d=mm&r=g","caption":"Tom\u00e1\u0161 Koppl"},"url":"https:\/\/www.smedemokrati.sk\/cs\/author\/tomaskoppl\/"}]}},"_links":{"self":[{"href":"https:\/\/www.smedemokrati.sk\/cs\/wp-json\/wp\/v2\/posts\/2059","targetHints":{"allow":["GET"]}}],"collection":[{"href":"https:\/\/www.smedemokrati.sk\/cs\/wp-json\/wp\/v2\/posts"}],"about":[{"href":"https:\/\/www.smedemokrati.sk\/cs\/wp-json\/wp\/v2\/types\/post"}],"author":[{"embeddable":true,"href":"https:\/\/www.smedemokrati.sk\/cs\/wp-json\/wp\/v2\/users\/7"}],"replies":[{"embeddable":true,"href":"https:\/\/www.smedemokrati.sk\/cs\/wp-json\/wp\/v2\/comments?post=2059"}],"version-history":[{"count":1,"href":"https:\/\/www.smedemokrati.sk\/cs\/wp-json\/wp\/v2\/posts\/2059\/revisions"}],"predecessor-version":[{"id":2060,"href":"https:\/\/www.smedemokrati.sk\/cs\/wp-json\/wp\/v2\/posts\/2059\/revisions\/2060"}],"wp:featuredmedia":[{"embeddable":true,"href":"https:\/\/www.smedemokrati.sk\/cs\/wp-json\/wp\/v2\/media\/972"}],"wp:attachment":[{"href":"https:\/\/www.smedemokrati.sk\/cs\/wp-json\/wp\/v2\/media?parent=2059"}],"wp:term":[{"taxonomy":"category","embeddable":true,"href":"https:\/\/www.smedemokrati.sk\/cs\/wp-json\/wp\/v2\/categories?post=2059"},{"taxonomy":"post_tag","embeddable":true,"href":"https:\/\/www.smedemokrati.sk\/cs\/wp-json\/wp\/v2\/tags?post=2059"}],"curies":[{"name":"wp","href":"https:\/\/api.w.org\/{rel}","templated":true}]}}