{"id":1876,"date":"2023-09-04T12:26:00","date_gmt":"2023-09-04T10:26:00","guid":{"rendered":"https:\/\/www.smedemokrati.sk\/?p=1876"},"modified":"2023-09-12T11:06:38","modified_gmt":"2023-09-12T09:06:38","slug":"fico-je-bezpecnostnou-hrozbou-zbierame-podpisy-na-zvolanie-mimoriadnej-schodze-nr-sr","status":"publish","type":"post","link":"https:\/\/www.smedemokrati.sk\/cs\/fico-je-bezpecnostnou-hrozbou-zbierame-podpisy-na-zvolanie-mimoriadnej-schodze-nr-sr\/","title":{"rendered":"Fico je bezpe\u010dnostnou hrozbou. Zbierame podpisy na zvolanie mimoriadnej sch\u00f4dze NR SR"},"content":{"rendered":"<div id=\"fb-root\"><\/div>\n\n<p><strong>Fico je bezpe\u010dnostnou hrozbou. Zbierame podpisy na zvolanie mimoriadnej sch\u00f4dze NR SR.<\/strong><\/p>\n\n\n\n<p>Slovensk\u00e1 spolo\u010dnos\u0165 mesiac pred vo\u013ebami \u010del\u00ed stra\u0161eniu a klamstv\u00e1m Roberta Fica, ktor\u00e9mu ide o v\u0161etko. Povedal to podpredseda strany Demokrati Jaroslav Na\u010f na tla\u010dovej konferencii.&nbsp;<strong>\u201eAle aj Slovensku ide v t\u00fdchto vo\u013eb\u00e1ch o v\u0161etko,\u201d<\/strong>&nbsp;pokra\u010duje Na\u010f.&nbsp;<strong>\u201eIde o na\u0161e bud\u00face zahrani\u010dnopolitick\u00e9 smerovanie, o na\u0161u slobodu a bezpe\u010dnos\u0165. Fico, Danko, Pellegrini a extr\u00e9misti robia v\u0161etko pre to, aby sme opustili existen\u010dn\u00fa nevyhnutnos\u0165 Slovenskej republiky &#8211; jasn\u00e9 zahrani\u010dnopolitick\u00e9 smerovanie a \u010dlenstvo v E\u00da a NATO. Robia v\u0161etko pre to, aby Slovensko uniesli na v\u00fdchod,\u201c<\/strong>&nbsp;hovor\u00ed Jaroslav Na\u010f a z\u00e1rove\u0148 pripom\u00edna, \u017ee \u201cFico dnes tvrd\u00ed, \u017ee mier ide z v\u00fdchodu a naz\u00fdva na\u0161ich spojencov okupantmi.\u201d<\/p>\n\n\n\n<p>Jaroslav Na\u010f hovor\u00ed, \u017ee nastal \u010das, aby sa aj \u010fal\u0161ie demokratick\u00e9 strany &#8211; PS, SaS, KDH, O\u013dANO &#8211; jasne postavili za ochranu slovensk\u00e9ho \u010dlenstva v E\u00da a NATO. \u201eDemokrati s\u00fa dnes jedin\u00ed, ktor\u00ed sa bez v\u00e1hania postavili Ficovi a povedali jasn\u00e9 nie jeho klamstv\u00e1m. Nastal \u010das spravi\u0165 \u010fal\u0161\u00ed krok.&nbsp;<strong>Iniciujeme zvolanie mimoriadnej sch\u00f4dze NR SR, na ktorej budeme \u017eiada\u0165 prijatie uznesenia, ktor\u00e9 jasne povie, \u017ee \u017eiadna alternat\u00edva k \u010dlenstvu Slovenska v E\u00da a NATO neexistuje.<\/strong>&nbsp;Kto hovor\u00ed opak, je bu\u010f zradcom Slovenskej republiky, alebo je straten\u00fd v geopolitick\u00fdch re\u00e1li\u00e1ch. V\u0161etky Demokratick\u00e9 strany tak dostan\u00fa priestor, aby jasne vyjadrili svoje postoje k tejto pre Slovensko existen\u010dnej t\u00e9me,\u201c vyhl\u00e1sil Na\u010f, pod\u013ea ktor\u00e9ho je Robert Fico bezpe\u010dnostnou hrozbou pre Slovensko.<\/p>\n\n\n\n<p>\u010clen predsedn\u00edctva strany Demokrati a poslanec NR SR Juraj \u0160eliga hovor\u00ed, \u017ee Demokrati s\u00fa jedin\u00ed, ktor\u00ed doteraz preuk\u00e1zali, \u017ee s\u00fa odhodlan\u00ed bojova\u0165 za Slovensko a postavi\u0165 sa Ficovmu stra\u0161eniu a klamstv\u00e1m.&nbsp;<strong>\u201eJe \u010das, aby sa SaS, PS, O\u013dANO \u010di KDH jasne a bez vajatania postavili Ficovi, preto\u017ee nem\u00f4\u017eeme dovoli\u0165, aby politika strachu a klamstva zv\u00ed\u0165azila. Ver\u00edm, \u017ee tieto strany podporia zvolanie mimoriadnej sch\u00f4dze a zahlasuj\u00fa za uznesenie,\u201c<\/strong>&nbsp;vyhl\u00e1sil \u0160eliga.<\/p>\n\n\n\n<p>\u0160eliga sa z\u00e1rove\u0148 p\u00fdta, \u010di s\u00fa\u010dasn\u00e1 situ\u00e1cia s migr\u00e1ciou nie je pomoc Viktora Orb\u00e1na Robertovi Ficovi v predvolebnej kampani. \u201eFico chod\u00ed na stretnutia do Budape\u0161ti, ma\u010farsk\u00fd minister zahrani\u010dia Szijj\u00e1rt\u00f3 sa vyjadruje, \u017ee Ga\u0161parove obvinenie malo politick\u00fd mot\u00edv a podobne.&nbsp;<strong>Len ned\u00e1vno bolo v Ma\u010farsku prepusten\u00fdch 1400 prev\u00e1dza\u010dov. P\u00fdtam sa to ve\u013emi jasne, \u010di Orb\u00e1n nechce Ficovi prihra\u0165 volebn\u00fa t\u00e9mu a zasiahnu\u0165 tak do priebehu volieb na Slovensku. Toto jasne odmietame a aj o tom budeme diskutova\u0165 na mimoriadnej sch\u00f4dzi NR SR.\u201c<\/strong><\/p>\n\n\n\n<p><strong>\u201eSme doslova na kri\u017eovatke. Je na n\u00e1s, kam chceme po vo\u013eb\u00e1ch patri\u0165. Ke\u010f chceme n\u00e1dej na to, \u017ee Slovensko bude ak po 30. septembri \u010dlenom E\u00da a NATO, ke\u010f chceme vidie\u0165 funguj\u00face in\u0161tit\u00facie a v nich politikov, ktor\u00ed sl\u00fa\u017eia \u013eu\u010fom, tak sa pozerajme na stranu Demokrati.<\/strong> Pr\u00ed\u010fme 30. septembra voli\u0165 a rozhodnime ako bude vyzera\u0165 Slovensko a kam bude patri\u0165,\u201c povedala volebn\u00e1 l\u00edderka Demokratov Andrea Letanovsk\u00e1.<\/p>\n\n\n\n<p>Jasn\u00e9 a nespochybnite\u013en\u00e9 zahrani\u010dnopolitick\u00e9 smerovanie Slovenska a ukotvenie v E\u00da a NATO je pre stranu Demokrati najd\u00f4le\u017eitej\u0161ia t\u00e9ma. \u201e\u010ci chceme hovori\u0165 o zdravotn\u00edctve, \u0161kolstve, ochrane \u017eivotn\u00e9ho prostredia, cestovn\u00fdch l\u00edstkoch \u010di digitaliz\u00e1cii, v\u0161etko z\u00e1le\u017e\u00ed od n\u00e1\u0161ho \u010dlenstva v E\u00da a NATO.&nbsp;<strong>My v strane Demokrati sme odhodlan\u00ed bojova\u0165 za bezpe\u010dnos\u0165 Slovenska a zotrvanie v euroatlantick\u00fdch \u0161trukt\u00farach. Sme na\u010falej odhodlan\u00ed bojova\u0165 proti snah\u00e1m Roberta Fica a \u010fal\u0161\u00edch, zatiahnu\u0165 Slovensko na v\u00fdchod. Z tejto poz\u00edcie neuhneme ani o milimeter,\u201c<\/strong>&nbsp;uzavrel Na\u010f.<\/p>\n","protected":false},"excerpt":{"rendered":"<p>Fico je bezpe\u010dnostnou hrozbou. Zbierame podpisy na zvolanie mimoriadnej sch\u00f4dze NR SR. Slovensk\u00e1 spolo\u010dnos\u0165 mesiac pred vo\u013ebami \u010del\u00ed stra\u0161eniu a klamstv\u00e1m Roberta Fica, ktor\u00e9mu ide o v\u0161etko. Povedal to podpredseda strany Demokrati Jaroslav Na\u010f na tla\u010dovej konferencii.&nbsp;\u201eAle aj Slovensku ide v t\u00fdchto vo\u013eb\u00e1ch o v\u0161etko,\u201d&nbsp;pokra\u010duje Na\u010f.&nbsp;\u201eIde o na\u0161e bud\u00face zahrani\u010dnopolitick\u00e9 smerovanie, o na\u0161u slobodu a [&hellip;]<\/p>\n","protected":false},"author":7,"featured_media":1877,"comment_status":"closed","ping_status":"closed","sticky":false,"template":"","format":"standard","meta":{"_acf_changed":false,"ngg_post_thumbnail":0,"footnotes":""},"categories":[4],"tags":[],"class_list":["post-1876","post","type-post","status-publish","format-standard","has-post-thumbnail","hentry","category-tlacove-spravy"],"acf":[],"yoast_head":"<!-- This site is optimized with the Yoast SEO plugin v27.2 - https:\/\/yoast.com\/product\/yoast-seo-wordpress\/ -->\n<title>Fico je bezpe\u010dnostnou hrozbou. Zbierame podpisy na zvolanie mimoriadnej sch\u00f4dze NR SR - Smedemokrati.sk<\/title>\n<meta name=\"robots\" content=\"index, follow, max-snippet:-1, max-image-preview:large, max-video-preview:-1\" \/>\n<link rel=\"canonical\" href=\"https:\/\/www.smedemokrati.sk\/cs\/fico-je-bezpecnostnou-hrozbou-zbierame-podpisy-na-zvolanie-mimoriadnej-schodze-nr-sr\/\" \/>\n<meta property=\"og:locale\" content=\"cs_CZ\" \/>\n<meta property=\"og:locale:alternate\" content=\"en_US\" \/>\n<meta property=\"og:locale:alternate\" content=\"hu_HU\" \/>\n<meta property=\"og:locale:alternate\" content=\"sk_SK\" \/>\n<meta property=\"og:locale:alternate\" content=\"sv_SE\" \/>\n<meta property=\"og:type\" content=\"article\" \/>\n<meta property=\"og:title\" content=\"Fico je bezpe\u010dnostnou hrozbou. Zbierame podpisy na zvolanie mimoriadnej sch\u00f4dze NR SR - Smedemokrati.sk\" \/>\n<meta property=\"og:description\" content=\"Fico je bezpe\u010dnostnou hrozbou. Zbierame podpisy na zvolanie mimoriadnej sch\u00f4dze NR SR. Slovensk\u00e1 spolo\u010dnos\u0165 mesiac pred vo\u013ebami \u010del\u00ed stra\u0161eniu a klamstv\u00e1m Roberta Fica, ktor\u00e9mu ide o v\u0161etko. Povedal to podpredseda strany Demokrati Jaroslav Na\u010f na tla\u010dovej konferencii.&nbsp;\u201eAle aj Slovensku ide v t\u00fdchto vo\u013eb\u00e1ch o v\u0161etko,\u201d&nbsp;pokra\u010duje Na\u010f.&nbsp;\u201eIde o na\u0161e bud\u00face zahrani\u010dnopolitick\u00e9 smerovanie, o na\u0161u slobodu a [&hellip;]\" \/>\n<meta property=\"og:url\" content=\"https:\/\/www.smedemokrati.sk\/cs\/fico-je-bezpecnostnou-hrozbou-zbierame-podpisy-na-zvolanie-mimoriadnej-schodze-nr-sr\/\" \/>\n<meta property=\"og:site_name\" content=\"Smedemokrati.sk\" \/>\n<meta property=\"article:publisher\" content=\"https:\/\/www.facebook.com\/smedemokrati2023\" \/>\n<meta property=\"article:published_time\" content=\"2023-09-04T10:26:00+00:00\" \/>\n<meta property=\"article:modified_time\" content=\"2023-09-12T09:06:38+00:00\" \/>\n<meta property=\"og:image\" content=\"https:\/\/www.smedemokrati.sk\/wp-content\/uploads\/2023\/09\/aaa.jpg\" \/>\n\t<meta property=\"og:image:width\" content=\"2047\" \/>\n\t<meta property=\"og:image:height\" content=\"1112\" \/>\n\t<meta property=\"og:image:type\" content=\"image\/jpeg\" \/>\n<meta name=\"author\" content=\"Tom\u00e1\u0161 Koppl\" \/>\n<meta name=\"twitter:card\" content=\"summary_large_image\" \/>\n<meta name=\"twitter:label1\" content=\"Napsal(a)\" \/>\n\t<meta name=\"twitter:data1\" content=\"Tom\u00e1\u0161 Koppl\" \/>\n\t<meta name=\"twitter:label2\" content=\"Odhadovan\u00e1 doba \u010dten\u00ed\" \/>\n\t<meta name=\"twitter:data2\" content=\"3 minuty\" \/>\n<script type=\"application\/ld+json\" class=\"yoast-schema-graph\">{\"@context\":\"https:\/\/schema.org\",\"@graph\":[{\"@type\":\"Article\",\"@id\":\"https:\/\/www.smedemokrati.sk\/fico-je-bezpecnostnou-hrozbou-zbierame-podpisy-na-zvolanie-mimoriadnej-schodze-nr-sr\/#article\",\"isPartOf\":{\"@id\":\"https:\/\/www.smedemokrati.sk\/fico-je-bezpecnostnou-hrozbou-zbierame-podpisy-na-zvolanie-mimoriadnej-schodze-nr-sr\/\"},\"author\":{\"name\":\"Tom\u00e1\u0161 Koppl\",\"@id\":\"https:\/\/www.smedemokrati.sk\/#\/schema\/person\/c60720f4b9955b3c1ed222ebd1fbbc7c\"},\"headline\":\"Fico je bezpe\u010dnostnou hrozbou. Zbierame podpisy na zvolanie mimoriadnej sch\u00f4dze NR SR\",\"datePublished\":\"2023-09-04T10:26:00+00:00\",\"dateModified\":\"2023-09-12T09:06:38+00:00\",\"mainEntityOfPage\":{\"@id\":\"https:\/\/www.smedemokrati.sk\/fico-je-bezpecnostnou-hrozbou-zbierame-podpisy-na-zvolanie-mimoriadnej-schodze-nr-sr\/\"},\"wordCount\":661,\"publisher\":{\"@id\":\"https:\/\/www.smedemokrati.sk\/#organization\"},\"image\":{\"@id\":\"https:\/\/www.smedemokrati.sk\/fico-je-bezpecnostnou-hrozbou-zbierame-podpisy-na-zvolanie-mimoriadnej-schodze-nr-sr\/#primaryimage\"},\"thumbnailUrl\":\"https:\/\/www.smedemokrati.sk\/wp-content\/uploads\/2023\/09\/aaa.jpg\",\"articleSection\":[\"Tla\u010dov\u00e9 spr\u00e1vy\"],\"inLanguage\":\"cs-CZ\"},{\"@type\":\"WebPage\",\"@id\":\"https:\/\/www.smedemokrati.sk\/fico-je-bezpecnostnou-hrozbou-zbierame-podpisy-na-zvolanie-mimoriadnej-schodze-nr-sr\/\",\"url\":\"https:\/\/www.smedemokrati.sk\/fico-je-bezpecnostnou-hrozbou-zbierame-podpisy-na-zvolanie-mimoriadnej-schodze-nr-sr\/\",\"name\":\"Fico je bezpe\u010dnostnou hrozbou. Zbierame podpisy na zvolanie mimoriadnej sch\u00f4dze NR SR - Smedemokrati.sk\",\"isPartOf\":{\"@id\":\"https:\/\/www.smedemokrati.sk\/#website\"},\"primaryImageOfPage\":{\"@id\":\"https:\/\/www.smedemokrati.sk\/fico-je-bezpecnostnou-hrozbou-zbierame-podpisy-na-zvolanie-mimoriadnej-schodze-nr-sr\/#primaryimage\"},\"image\":{\"@id\":\"https:\/\/www.smedemokrati.sk\/fico-je-bezpecnostnou-hrozbou-zbierame-podpisy-na-zvolanie-mimoriadnej-schodze-nr-sr\/#primaryimage\"},\"thumbnailUrl\":\"https:\/\/www.smedemokrati.sk\/wp-content\/uploads\/2023\/09\/aaa.jpg\",\"datePublished\":\"2023-09-04T10:26:00+00:00\",\"dateModified\":\"2023-09-12T09:06:38+00:00\",\"breadcrumb\":{\"@id\":\"https:\/\/www.smedemokrati.sk\/fico-je-bezpecnostnou-hrozbou-zbierame-podpisy-na-zvolanie-mimoriadnej-schodze-nr-sr\/#breadcrumb\"},\"inLanguage\":\"cs-CZ\",\"potentialAction\":[{\"@type\":\"ReadAction\",\"target\":[\"https:\/\/www.smedemokrati.sk\/fico-je-bezpecnostnou-hrozbou-zbierame-podpisy-na-zvolanie-mimoriadnej-schodze-nr-sr\/\"]}]},{\"@type\":\"ImageObject\",\"inLanguage\":\"cs-CZ\",\"@id\":\"https:\/\/www.smedemokrati.sk\/fico-je-bezpecnostnou-hrozbou-zbierame-podpisy-na-zvolanie-mimoriadnej-schodze-nr-sr\/#primaryimage\",\"url\":\"https:\/\/www.smedemokrati.sk\/wp-content\/uploads\/2023\/09\/aaa.jpg\",\"contentUrl\":\"https:\/\/www.smedemokrati.sk\/wp-content\/uploads\/2023\/09\/aaa.jpg\",\"width\":2047,\"height\":1112},{\"@type\":\"BreadcrumbList\",\"@id\":\"https:\/\/www.smedemokrati.sk\/fico-je-bezpecnostnou-hrozbou-zbierame-podpisy-na-zvolanie-mimoriadnej-schodze-nr-sr\/#breadcrumb\",\"itemListElement\":[{\"@type\":\"ListItem\",\"position\":1,\"name\":\"Domovsk\u00e1 str\u00e1nka\",\"item\":\"https:\/\/www.smedemokrati.sk\/\"},{\"@type\":\"ListItem\",\"position\":2,\"name\":\"Fico je bezpe\u010dnostnou hrozbou. Zbierame podpisy na zvolanie mimoriadnej sch\u00f4dze NR SR\"}]},{\"@type\":\"WebSite\",\"@id\":\"https:\/\/www.smedemokrati.sk\/#website\",\"url\":\"https:\/\/www.smedemokrati.sk\/\",\"name\":\"Smedemokrati.sk\",\"description\":\"Demokracia a slu\u0161nos\u0165 zv\u00ed\u0165az\u00ed\",\"publisher\":{\"@id\":\"https:\/\/www.smedemokrati.sk\/#organization\"},\"potentialAction\":[{\"@type\":\"SearchAction\",\"target\":{\"@type\":\"EntryPoint\",\"urlTemplate\":\"https:\/\/www.smedemokrati.sk\/?s={search_term_string}\"},\"query-input\":{\"@type\":\"PropertyValueSpecification\",\"valueRequired\":true,\"valueName\":\"search_term_string\"}}],\"inLanguage\":\"cs-CZ\"},{\"@type\":\"Organization\",\"@id\":\"https:\/\/www.smedemokrati.sk\/#organization\",\"name\":\"Smedemokrati.sk\",\"url\":\"https:\/\/www.smedemokrati.sk\/\",\"logo\":{\"@type\":\"ImageObject\",\"inLanguage\":\"cs-CZ\",\"@id\":\"https:\/\/www.smedemokrati.sk\/#\/schema\/logo\/image\/\",\"url\":\"https:\/\/www.smedemokrati.sk\/wp-content\/uploads\/2023\/04\/ff.002.jpeg\",\"contentUrl\":\"https:\/\/www.smedemokrati.sk\/wp-content\/uploads\/2023\/04\/ff.002.jpeg\",\"width\":640,\"height\":480,\"caption\":\"Smedemokrati.sk\"},\"image\":{\"@id\":\"https:\/\/www.smedemokrati.sk\/#\/schema\/logo\/image\/\"},\"sameAs\":[\"https:\/\/www.facebook.com\/smedemokrati2023\"]},{\"@type\":\"Person\",\"@id\":\"https:\/\/www.smedemokrati.sk\/#\/schema\/person\/c60720f4b9955b3c1ed222ebd1fbbc7c\",\"name\":\"Tom\u00e1\u0161 Koppl\",\"image\":{\"@type\":\"ImageObject\",\"inLanguage\":\"cs-CZ\",\"@id\":\"https:\/\/secure.gravatar.com\/avatar\/8dfa38373c5e39821baf74c8e867a6f12e12c6dab6559aa999d10703b0b1c4ce?s=96&d=mm&r=g\",\"url\":\"https:\/\/secure.gravatar.com\/avatar\/8dfa38373c5e39821baf74c8e867a6f12e12c6dab6559aa999d10703b0b1c4ce?s=96&d=mm&r=g\",\"contentUrl\":\"https:\/\/secure.gravatar.com\/avatar\/8dfa38373c5e39821baf74c8e867a6f12e12c6dab6559aa999d10703b0b1c4ce?s=96&d=mm&r=g\",\"caption\":\"Tom\u00e1\u0161 Koppl\"},\"url\":\"https:\/\/www.smedemokrati.sk\/cs\/author\/tomaskoppl\/\"}]}<\/script>\n<!-- \/ Yoast SEO plugin. -->","yoast_head_json":{"title":"Fico je bezpe\u010dnostnou hrozbou. Zbierame podpisy na zvolanie mimoriadnej sch\u00f4dze NR SR - Smedemokrati.sk","robots":{"index":"index","follow":"follow","max-snippet":"max-snippet:-1","max-image-preview":"max-image-preview:large","max-video-preview":"max-video-preview:-1"},"canonical":"https:\/\/www.smedemokrati.sk\/cs\/fico-je-bezpecnostnou-hrozbou-zbierame-podpisy-na-zvolanie-mimoriadnej-schodze-nr-sr\/","og_locale":"cs_CZ","og_type":"article","og_title":"Fico je bezpe\u010dnostnou hrozbou. Zbierame podpisy na zvolanie mimoriadnej sch\u00f4dze NR SR - Smedemokrati.sk","og_description":"Fico je bezpe\u010dnostnou hrozbou. Zbierame podpisy na zvolanie mimoriadnej sch\u00f4dze NR SR. Slovensk\u00e1 spolo\u010dnos\u0165 mesiac pred vo\u013ebami \u010del\u00ed stra\u0161eniu a klamstv\u00e1m Roberta Fica, ktor\u00e9mu ide o v\u0161etko. Povedal to podpredseda strany Demokrati Jaroslav Na\u010f na tla\u010dovej konferencii.&nbsp;\u201eAle aj Slovensku ide v t\u00fdchto vo\u013eb\u00e1ch o v\u0161etko,\u201d&nbsp;pokra\u010duje Na\u010f.&nbsp;\u201eIde o na\u0161e bud\u00face zahrani\u010dnopolitick\u00e9 smerovanie, o na\u0161u slobodu a [&hellip;]","og_url":"https:\/\/www.smedemokrati.sk\/cs\/fico-je-bezpecnostnou-hrozbou-zbierame-podpisy-na-zvolanie-mimoriadnej-schodze-nr-sr\/","og_site_name":"Smedemokrati.sk","article_publisher":"https:\/\/www.facebook.com\/smedemokrati2023","article_published_time":"2023-09-04T10:26:00+00:00","article_modified_time":"2023-09-12T09:06:38+00:00","og_image":[{"width":2047,"height":1112,"url":"https:\/\/www.smedemokrati.sk\/wp-content\/uploads\/2023\/09\/aaa.jpg","type":"image\/jpeg"}],"author":"Tom\u00e1\u0161 Koppl","twitter_card":"summary_large_image","twitter_misc":{"Napsal(a)":"Tom\u00e1\u0161 Koppl","Odhadovan\u00e1 doba \u010dten\u00ed":"3 minuty"},"schema":{"@context":"https:\/\/schema.org","@graph":[{"@type":"Article","@id":"https:\/\/www.smedemokrati.sk\/fico-je-bezpecnostnou-hrozbou-zbierame-podpisy-na-zvolanie-mimoriadnej-schodze-nr-sr\/#article","isPartOf":{"@id":"https:\/\/www.smedemokrati.sk\/fico-je-bezpecnostnou-hrozbou-zbierame-podpisy-na-zvolanie-mimoriadnej-schodze-nr-sr\/"},"author":{"name":"Tom\u00e1\u0161 Koppl","@id":"https:\/\/www.smedemokrati.sk\/#\/schema\/person\/c60720f4b9955b3c1ed222ebd1fbbc7c"},"headline":"Fico je bezpe\u010dnostnou hrozbou. Zbierame podpisy na zvolanie mimoriadnej sch\u00f4dze NR SR","datePublished":"2023-09-04T10:26:00+00:00","dateModified":"2023-09-12T09:06:38+00:00","mainEntityOfPage":{"@id":"https:\/\/www.smedemokrati.sk\/fico-je-bezpecnostnou-hrozbou-zbierame-podpisy-na-zvolanie-mimoriadnej-schodze-nr-sr\/"},"wordCount":661,"publisher":{"@id":"https:\/\/www.smedemokrati.sk\/#organization"},"image":{"@id":"https:\/\/www.smedemokrati.sk\/fico-je-bezpecnostnou-hrozbou-zbierame-podpisy-na-zvolanie-mimoriadnej-schodze-nr-sr\/#primaryimage"},"thumbnailUrl":"https:\/\/www.smedemokrati.sk\/wp-content\/uploads\/2023\/09\/aaa.jpg","articleSection":["Tla\u010dov\u00e9 spr\u00e1vy"],"inLanguage":"cs-CZ"},{"@type":"WebPage","@id":"https:\/\/www.smedemokrati.sk\/fico-je-bezpecnostnou-hrozbou-zbierame-podpisy-na-zvolanie-mimoriadnej-schodze-nr-sr\/","url":"https:\/\/www.smedemokrati.sk\/fico-je-bezpecnostnou-hrozbou-zbierame-podpisy-na-zvolanie-mimoriadnej-schodze-nr-sr\/","name":"Fico je bezpe\u010dnostnou hrozbou. Zbierame podpisy na zvolanie mimoriadnej sch\u00f4dze NR SR - Smedemokrati.sk","isPartOf":{"@id":"https:\/\/www.smedemokrati.sk\/#website"},"primaryImageOfPage":{"@id":"https:\/\/www.smedemokrati.sk\/fico-je-bezpecnostnou-hrozbou-zbierame-podpisy-na-zvolanie-mimoriadnej-schodze-nr-sr\/#primaryimage"},"image":{"@id":"https:\/\/www.smedemokrati.sk\/fico-je-bezpecnostnou-hrozbou-zbierame-podpisy-na-zvolanie-mimoriadnej-schodze-nr-sr\/#primaryimage"},"thumbnailUrl":"https:\/\/www.smedemokrati.sk\/wp-content\/uploads\/2023\/09\/aaa.jpg","datePublished":"2023-09-04T10:26:00+00:00","dateModified":"2023-09-12T09:06:38+00:00","breadcrumb":{"@id":"https:\/\/www.smedemokrati.sk\/fico-je-bezpecnostnou-hrozbou-zbierame-podpisy-na-zvolanie-mimoriadnej-schodze-nr-sr\/#breadcrumb"},"inLanguage":"cs-CZ","potentialAction":[{"@type":"ReadAction","target":["https:\/\/www.smedemokrati.sk\/fico-je-bezpecnostnou-hrozbou-zbierame-podpisy-na-zvolanie-mimoriadnej-schodze-nr-sr\/"]}]},{"@type":"ImageObject","inLanguage":"cs-CZ","@id":"https:\/\/www.smedemokrati.sk\/fico-je-bezpecnostnou-hrozbou-zbierame-podpisy-na-zvolanie-mimoriadnej-schodze-nr-sr\/#primaryimage","url":"https:\/\/www.smedemokrati.sk\/wp-content\/uploads\/2023\/09\/aaa.jpg","contentUrl":"https:\/\/www.smedemokrati.sk\/wp-content\/uploads\/2023\/09\/aaa.jpg","width":2047,"height":1112},{"@type":"BreadcrumbList","@id":"https:\/\/www.smedemokrati.sk\/fico-je-bezpecnostnou-hrozbou-zbierame-podpisy-na-zvolanie-mimoriadnej-schodze-nr-sr\/#breadcrumb","itemListElement":[{"@type":"ListItem","position":1,"name":"Domovsk\u00e1 str\u00e1nka","item":"https:\/\/www.smedemokrati.sk\/"},{"@type":"ListItem","position":2,"name":"Fico je bezpe\u010dnostnou hrozbou. Zbierame podpisy na zvolanie mimoriadnej sch\u00f4dze NR SR"}]},{"@type":"WebSite","@id":"https:\/\/www.smedemokrati.sk\/#website","url":"https:\/\/www.smedemokrati.sk\/","name":"Smedemokrati.sk","description":"Demokracia a slu\u0161nos\u0165 zv\u00ed\u0165az\u00ed","publisher":{"@id":"https:\/\/www.smedemokrati.sk\/#organization"},"potentialAction":[{"@type":"SearchAction","target":{"@type":"EntryPoint","urlTemplate":"https:\/\/www.smedemokrati.sk\/?s={search_term_string}"},"query-input":{"@type":"PropertyValueSpecification","valueRequired":true,"valueName":"search_term_string"}}],"inLanguage":"cs-CZ"},{"@type":"Organization","@id":"https:\/\/www.smedemokrati.sk\/#organization","name":"Smedemokrati.sk","url":"https:\/\/www.smedemokrati.sk\/","logo":{"@type":"ImageObject","inLanguage":"cs-CZ","@id":"https:\/\/www.smedemokrati.sk\/#\/schema\/logo\/image\/","url":"https:\/\/www.smedemokrati.sk\/wp-content\/uploads\/2023\/04\/ff.002.jpeg","contentUrl":"https:\/\/www.smedemokrati.sk\/wp-content\/uploads\/2023\/04\/ff.002.jpeg","width":640,"height":480,"caption":"Smedemokrati.sk"},"image":{"@id":"https:\/\/www.smedemokrati.sk\/#\/schema\/logo\/image\/"},"sameAs":["https:\/\/www.facebook.com\/smedemokrati2023"]},{"@type":"Person","@id":"https:\/\/www.smedemokrati.sk\/#\/schema\/person\/c60720f4b9955b3c1ed222ebd1fbbc7c","name":"Tom\u00e1\u0161 Koppl","image":{"@type":"ImageObject","inLanguage":"cs-CZ","@id":"https:\/\/secure.gravatar.com\/avatar\/8dfa38373c5e39821baf74c8e867a6f12e12c6dab6559aa999d10703b0b1c4ce?s=96&d=mm&r=g","url":"https:\/\/secure.gravatar.com\/avatar\/8dfa38373c5e39821baf74c8e867a6f12e12c6dab6559aa999d10703b0b1c4ce?s=96&d=mm&r=g","contentUrl":"https:\/\/secure.gravatar.com\/avatar\/8dfa38373c5e39821baf74c8e867a6f12e12c6dab6559aa999d10703b0b1c4ce?s=96&d=mm&r=g","caption":"Tom\u00e1\u0161 Koppl"},"url":"https:\/\/www.smedemokrati.sk\/cs\/author\/tomaskoppl\/"}]}},"_links":{"self":[{"href":"https:\/\/www.smedemokrati.sk\/cs\/wp-json\/wp\/v2\/posts\/1876","targetHints":{"allow":["GET"]}}],"collection":[{"href":"https:\/\/www.smedemokrati.sk\/cs\/wp-json\/wp\/v2\/posts"}],"about":[{"href":"https:\/\/www.smedemokrati.sk\/cs\/wp-json\/wp\/v2\/types\/post"}],"author":[{"embeddable":true,"href":"https:\/\/www.smedemokrati.sk\/cs\/wp-json\/wp\/v2\/users\/7"}],"replies":[{"embeddable":true,"href":"https:\/\/www.smedemokrati.sk\/cs\/wp-json\/wp\/v2\/comments?post=1876"}],"version-history":[{"count":2,"href":"https:\/\/www.smedemokrati.sk\/cs\/wp-json\/wp\/v2\/posts\/1876\/revisions"}],"predecessor-version":[{"id":1950,"href":"https:\/\/www.smedemokrati.sk\/cs\/wp-json\/wp\/v2\/posts\/1876\/revisions\/1950"}],"wp:featuredmedia":[{"embeddable":true,"href":"https:\/\/www.smedemokrati.sk\/cs\/wp-json\/wp\/v2\/media\/1877"}],"wp:attachment":[{"href":"https:\/\/www.smedemokrati.sk\/cs\/wp-json\/wp\/v2\/media?parent=1876"}],"wp:term":[{"taxonomy":"category","embeddable":true,"href":"https:\/\/www.smedemokrati.sk\/cs\/wp-json\/wp\/v2\/categories?post=1876"},{"taxonomy":"post_tag","embeddable":true,"href":"https:\/\/www.smedemokrati.sk\/cs\/wp-json\/wp\/v2\/tags?post=1876"}],"curies":[{"name":"wp","href":"https:\/\/api.w.org\/{rel}","templated":true}]}}