{"id":1780,"date":"2023-08-21T13:50:33","date_gmt":"2023-08-21T11:50:33","guid":{"rendered":"https:\/\/www.smedemokrati.sk\/?p=1780"},"modified":"2023-08-22T13:04:37","modified_gmt":"2023-08-22T11:04:37","slug":"jedinym-cielom-tejto-schodze-je-spolitizovat-policiu","status":"publish","type":"post","link":"https:\/\/www.smedemokrati.sk\/cs\/jedinym-cielom-tejto-schodze-je-spolitizovat-policiu\/","title":{"rendered":"Jedin\u00fdm cie\u013eom tejto sch\u00f4dze je spolitizova\u0165 pol\u00edciu"},"content":{"rendered":"<div id=\"fb-root\"><\/div>\n\n<p>\u201e<strong>Jedin\u00fdm cie\u013eom tejto mimoriadnej sch\u00f4dze bolo spolitizova\u0165 pol\u00edciu<\/strong>, som r\u00e1d, \u017ee sa ju nepodarilo otvori\u0165,\u201d vyhl\u00e1sil poslanec NR SR zo strany Demokrati Juraj \u0160eliga. Fico chcel prik\u00e1za\u0165 vl\u00e1de vstupova\u0165 do vy\u0161etrovan\u00ed a po\u0161pini\u0165 policajn\u00fd zbor a zatiahnu\u0165 ho do politick\u00e9ho z\u00e1pasu,\u201d doplnil \u0160eliga.<\/p>\n\n\n\n<p>Pod\u013ea \u0160eligu je smutn\u00e9, \u017ee toto v\u0161etko sa deje v de\u0148 55. v\u00fdro\u010dia okup\u00e1cie \u010ceskoslovenska. \u201e<strong>Dnes sa novodob\u00ed Bi\u013eakovia tla\u010dia k moci, aby diktovali kto m\u00e1 by\u0165 a kto nem\u00e1 by\u0165 vy\u0161etrovan\u00ed.<\/strong>&nbsp;Aby diktovali, \u010do je a \u010do nie je pravda. Aby ur\u010dovali, ak\u00fdm sp\u00f4sobom bude Slovensko vazalom Ruska a kon\u0161pir\u00e1ci\u00ed, a ak\u00fdm sp\u00f4sobom sa bud\u00fa obmedzova\u0165 m\u00e9dia. Toto v\u0161etko n\u00e1m hroz\u00ed, ak sa Smer 30. septembra dostane k moci. Strana Demokrati toto ve\u013emi jednozna\u010dne odmieta.&nbsp;<strong>Sme odhodlan\u00ed pokra\u010dova\u0165 v boji za Slovensko. Lebo \u013eudia ako Fico, Pellegrini \u010di Uhr\u00edk, nechc\u00fa ni\u010d in\u00e9, ako normaliz\u00e1ciu &#8211; zru\u0161i\u0165 \u0160TS a \u00da\u0160P, zastavi\u0165 vy\u0161etrovania a najnov\u0161ie zavies\u0165 svojim \u013eu\u010fom trestnopr\u00e1vnu imunitu.<\/strong>&nbsp;Som r\u00e1d, \u017ee nateraz sa n\u00e1m to podarilo zastavi\u0165,\u201d vyhl\u00e1sil \u0160eliga.<\/p>\n\n\n\n<p>\u201e<strong>Aj 55 rokov po okup\u00e1cii st\u00e1le \u010del\u00edme \u013eu\u010fom, ktor\u00ed s\u00fa tie\u0148om Krem\u013ea a s\u00fa novodob\u00fdmi kolaborantami. Chc\u00fa Slovensko pod putinovsk\u00fdm dikt\u00e1tom. Strana Demokrati je garanciou odporu vo\u010di t\u00fdmto dne\u0161n\u00fdm vlastizradcom,<\/strong>\u201d povedal poslanec NR SR a \u010dlen predsedn\u00edctva Demokratov J\u00e1n Budaj.\u201c<strong>Z posledn\u00e9ho prieskumu m\u00f4\u017eeme vidie\u0165, \u017ee n\u00e1m hroz\u00ed vl\u00e1da Smerohlasu, fa\u0161istov a Sme rodina &#8211; s \u00fastavnou v\u00e4\u010d\u0161inou. Dne\u0161n\u00e1 mimoriadna sch\u00f4dza bola zhmotnenie tejto koal\u00edcie.<\/strong>&nbsp;Ak by tak\u00e1to koal\u00edcia po vo\u013eb\u00e1ch zostavila vl\u00e1du, tak Slovensko by \u010dakalo to najhor\u0161ie obdobie v hist\u00f3rii. Ver\u00edm, \u017ee toto si uvedomuj\u00fa aj voli\u010di, ktor\u00ed s\u00fa dnes nerozhodnut\u00ed a 30. septembra vyu\u017eij\u00fa svoje volebn\u00e9 pr\u00e1vo tak, aby mohla vznikn\u00fa\u0165 slu\u0161n\u00e1 a demokratick\u00e1 vl\u00e1da,\u201d povedal na z\u00e1ver podpredseda Demokratov Jaroslav Na\u010f.<\/p>\n","protected":false},"excerpt":{"rendered":"<p>\u201eJedin\u00fdm cie\u013eom tejto mimoriadnej sch\u00f4dze bolo spolitizova\u0165 pol\u00edciu, som r\u00e1d, \u017ee sa ju nepodarilo otvori\u0165,\u201d vyhl\u00e1sil poslanec NR SR zo strany Demokrati Juraj \u0160eliga. Fico chcel prik\u00e1za\u0165 vl\u00e1de vstupova\u0165 do vy\u0161etrovan\u00ed a po\u0161pini\u0165 policajn\u00fd zbor a zatiahnu\u0165 ho do politick\u00e9ho z\u00e1pasu,\u201d doplnil \u0160eliga. Pod\u013ea \u0160eligu je smutn\u00e9, \u017ee toto v\u0161etko sa deje v de\u0148 55. [&hellip;]<\/p>\n","protected":false},"author":7,"featured_media":1781,"comment_status":"closed","ping_status":"closed","sticky":false,"template":"","format":"standard","meta":{"_acf_changed":false,"ngg_post_thumbnail":0,"footnotes":""},"categories":[4],"tags":[],"class_list":["post-1780","post","type-post","status-publish","format-standard","has-post-thumbnail","hentry","category-tlacove-spravy"],"acf":[],"yoast_head":"<!-- This site is optimized with the Yoast SEO plugin v27.2 - https:\/\/yoast.com\/product\/yoast-seo-wordpress\/ -->\n<title>Jedin\u00fdm cie\u013eom tejto sch\u00f4dze je spolitizova\u0165 pol\u00edciu - Smedemokrati.sk<\/title>\n<meta name=\"robots\" content=\"index, follow, max-snippet:-1, max-image-preview:large, max-video-preview:-1\" \/>\n<link rel=\"canonical\" href=\"https:\/\/www.smedemokrati.sk\/cs\/jedinym-cielom-tejto-schodze-je-spolitizovat-policiu\/\" \/>\n<meta property=\"og:locale\" content=\"cs_CZ\" \/>\n<meta property=\"og:locale:alternate\" content=\"en_US\" \/>\n<meta property=\"og:locale:alternate\" content=\"hu_HU\" \/>\n<meta property=\"og:locale:alternate\" content=\"sk_SK\" \/>\n<meta property=\"og:locale:alternate\" content=\"sv_SE\" \/>\n<meta property=\"og:type\" content=\"article\" \/>\n<meta property=\"og:title\" content=\"Jedin\u00fdm cie\u013eom tejto sch\u00f4dze je spolitizova\u0165 pol\u00edciu - Smedemokrati.sk\" \/>\n<meta property=\"og:description\" content=\"\u201eJedin\u00fdm cie\u013eom tejto mimoriadnej sch\u00f4dze bolo spolitizova\u0165 pol\u00edciu, som r\u00e1d, \u017ee sa ju nepodarilo otvori\u0165,\u201d vyhl\u00e1sil poslanec NR SR zo strany Demokrati Juraj \u0160eliga. Fico chcel prik\u00e1za\u0165 vl\u00e1de vstupova\u0165 do vy\u0161etrovan\u00ed a po\u0161pini\u0165 policajn\u00fd zbor a zatiahnu\u0165 ho do politick\u00e9ho z\u00e1pasu,\u201d doplnil \u0160eliga. Pod\u013ea \u0160eligu je smutn\u00e9, \u017ee toto v\u0161etko sa deje v de\u0148 55. [&hellip;]\" \/>\n<meta property=\"og:url\" content=\"https:\/\/www.smedemokrati.sk\/cs\/jedinym-cielom-tejto-schodze-je-spolitizovat-policiu\/\" \/>\n<meta property=\"og:site_name\" content=\"Smedemokrati.sk\" \/>\n<meta property=\"article:publisher\" content=\"https:\/\/www.facebook.com\/smedemokrati2023\" \/>\n<meta property=\"article:published_time\" content=\"2023-08-21T11:50:33+00:00\" \/>\n<meta property=\"article:modified_time\" content=\"2023-08-22T11:04:37+00:00\" \/>\n<meta property=\"og:image\" content=\"https:\/\/www.smedemokrati.sk\/wp-content\/uploads\/2023\/08\/000.jpg\" \/>\n\t<meta property=\"og:image:width\" content=\"1666\" \/>\n\t<meta property=\"og:image:height\" content=\"940\" \/>\n\t<meta property=\"og:image:type\" content=\"image\/jpeg\" \/>\n<meta name=\"author\" content=\"Tom\u00e1\u0161 Koppl\" \/>\n<meta name=\"twitter:card\" content=\"summary_large_image\" \/>\n<meta name=\"twitter:label1\" content=\"Napsal(a)\" \/>\n\t<meta name=\"twitter:data1\" content=\"Tom\u00e1\u0161 Koppl\" \/>\n\t<meta name=\"twitter:label2\" content=\"Odhadovan\u00e1 doba \u010dten\u00ed\" \/>\n\t<meta name=\"twitter:data2\" content=\"2 minuty\" \/>\n<script type=\"application\/ld+json\" class=\"yoast-schema-graph\">{\"@context\":\"https:\/\/schema.org\",\"@graph\":[{\"@type\":\"Article\",\"@id\":\"https:\/\/www.smedemokrati.sk\/jedinym-cielom-tejto-schodze-je-spolitizovat-policiu\/#article\",\"isPartOf\":{\"@id\":\"https:\/\/www.smedemokrati.sk\/jedinym-cielom-tejto-schodze-je-spolitizovat-policiu\/\"},\"author\":{\"name\":\"Tom\u00e1\u0161 Koppl\",\"@id\":\"https:\/\/www.smedemokrati.sk\/#\/schema\/person\/c60720f4b9955b3c1ed222ebd1fbbc7c\"},\"headline\":\"Jedin\u00fdm cie\u013eom tejto sch\u00f4dze je spolitizova\u0165 pol\u00edciu\",\"datePublished\":\"2023-08-21T11:50:33+00:00\",\"dateModified\":\"2023-08-22T11:04:37+00:00\",\"mainEntityOfPage\":{\"@id\":\"https:\/\/www.smedemokrati.sk\/jedinym-cielom-tejto-schodze-je-spolitizovat-policiu\/\"},\"wordCount\":370,\"publisher\":{\"@id\":\"https:\/\/www.smedemokrati.sk\/#organization\"},\"image\":{\"@id\":\"https:\/\/www.smedemokrati.sk\/jedinym-cielom-tejto-schodze-je-spolitizovat-policiu\/#primaryimage\"},\"thumbnailUrl\":\"https:\/\/www.smedemokrati.sk\/wp-content\/uploads\/2023\/08\/000.jpg\",\"articleSection\":[\"Tla\u010dov\u00e9 spr\u00e1vy\"],\"inLanguage\":\"cs-CZ\"},{\"@type\":\"WebPage\",\"@id\":\"https:\/\/www.smedemokrati.sk\/jedinym-cielom-tejto-schodze-je-spolitizovat-policiu\/\",\"url\":\"https:\/\/www.smedemokrati.sk\/jedinym-cielom-tejto-schodze-je-spolitizovat-policiu\/\",\"name\":\"Jedin\u00fdm cie\u013eom tejto sch\u00f4dze je spolitizova\u0165 pol\u00edciu - Smedemokrati.sk\",\"isPartOf\":{\"@id\":\"https:\/\/www.smedemokrati.sk\/#website\"},\"primaryImageOfPage\":{\"@id\":\"https:\/\/www.smedemokrati.sk\/jedinym-cielom-tejto-schodze-je-spolitizovat-policiu\/#primaryimage\"},\"image\":{\"@id\":\"https:\/\/www.smedemokrati.sk\/jedinym-cielom-tejto-schodze-je-spolitizovat-policiu\/#primaryimage\"},\"thumbnailUrl\":\"https:\/\/www.smedemokrati.sk\/wp-content\/uploads\/2023\/08\/000.jpg\",\"datePublished\":\"2023-08-21T11:50:33+00:00\",\"dateModified\":\"2023-08-22T11:04:37+00:00\",\"breadcrumb\":{\"@id\":\"https:\/\/www.smedemokrati.sk\/jedinym-cielom-tejto-schodze-je-spolitizovat-policiu\/#breadcrumb\"},\"inLanguage\":\"cs-CZ\",\"potentialAction\":[{\"@type\":\"ReadAction\",\"target\":[\"https:\/\/www.smedemokrati.sk\/jedinym-cielom-tejto-schodze-je-spolitizovat-policiu\/\"]}]},{\"@type\":\"ImageObject\",\"inLanguage\":\"cs-CZ\",\"@id\":\"https:\/\/www.smedemokrati.sk\/jedinym-cielom-tejto-schodze-je-spolitizovat-policiu\/#primaryimage\",\"url\":\"https:\/\/www.smedemokrati.sk\/wp-content\/uploads\/2023\/08\/000.jpg\",\"contentUrl\":\"https:\/\/www.smedemokrati.sk\/wp-content\/uploads\/2023\/08\/000.jpg\",\"width\":1666,\"height\":940},{\"@type\":\"BreadcrumbList\",\"@id\":\"https:\/\/www.smedemokrati.sk\/jedinym-cielom-tejto-schodze-je-spolitizovat-policiu\/#breadcrumb\",\"itemListElement\":[{\"@type\":\"ListItem\",\"position\":1,\"name\":\"Domovsk\u00e1 str\u00e1nka\",\"item\":\"https:\/\/www.smedemokrati.sk\/\"},{\"@type\":\"ListItem\",\"position\":2,\"name\":\"Jedin\u00fdm cie\u013eom tejto sch\u00f4dze je spolitizova\u0165 pol\u00edciu\"}]},{\"@type\":\"WebSite\",\"@id\":\"https:\/\/www.smedemokrati.sk\/#website\",\"url\":\"https:\/\/www.smedemokrati.sk\/\",\"name\":\"Smedemokrati.sk\",\"description\":\"Demokracia a slu\u0161nos\u0165 zv\u00ed\u0165az\u00ed\",\"publisher\":{\"@id\":\"https:\/\/www.smedemokrati.sk\/#organization\"},\"potentialAction\":[{\"@type\":\"SearchAction\",\"target\":{\"@type\":\"EntryPoint\",\"urlTemplate\":\"https:\/\/www.smedemokrati.sk\/?s={search_term_string}\"},\"query-input\":{\"@type\":\"PropertyValueSpecification\",\"valueRequired\":true,\"valueName\":\"search_term_string\"}}],\"inLanguage\":\"cs-CZ\"},{\"@type\":\"Organization\",\"@id\":\"https:\/\/www.smedemokrati.sk\/#organization\",\"name\":\"Smedemokrati.sk\",\"url\":\"https:\/\/www.smedemokrati.sk\/\",\"logo\":{\"@type\":\"ImageObject\",\"inLanguage\":\"cs-CZ\",\"@id\":\"https:\/\/www.smedemokrati.sk\/#\/schema\/logo\/image\/\",\"url\":\"https:\/\/www.smedemokrati.sk\/wp-content\/uploads\/2023\/04\/ff.002.jpeg\",\"contentUrl\":\"https:\/\/www.smedemokrati.sk\/wp-content\/uploads\/2023\/04\/ff.002.jpeg\",\"width\":640,\"height\":480,\"caption\":\"Smedemokrati.sk\"},\"image\":{\"@id\":\"https:\/\/www.smedemokrati.sk\/#\/schema\/logo\/image\/\"},\"sameAs\":[\"https:\/\/www.facebook.com\/smedemokrati2023\"]},{\"@type\":\"Person\",\"@id\":\"https:\/\/www.smedemokrati.sk\/#\/schema\/person\/c60720f4b9955b3c1ed222ebd1fbbc7c\",\"name\":\"Tom\u00e1\u0161 Koppl\",\"image\":{\"@type\":\"ImageObject\",\"inLanguage\":\"cs-CZ\",\"@id\":\"https:\/\/secure.gravatar.com\/avatar\/8dfa38373c5e39821baf74c8e867a6f12e12c6dab6559aa999d10703b0b1c4ce?s=96&d=mm&r=g\",\"url\":\"https:\/\/secure.gravatar.com\/avatar\/8dfa38373c5e39821baf74c8e867a6f12e12c6dab6559aa999d10703b0b1c4ce?s=96&d=mm&r=g\",\"contentUrl\":\"https:\/\/secure.gravatar.com\/avatar\/8dfa38373c5e39821baf74c8e867a6f12e12c6dab6559aa999d10703b0b1c4ce?s=96&d=mm&r=g\",\"caption\":\"Tom\u00e1\u0161 Koppl\"},\"url\":\"https:\/\/www.smedemokrati.sk\/cs\/author\/tomaskoppl\/\"}]}<\/script>\n<!-- \/ Yoast SEO plugin. -->","yoast_head_json":{"title":"Jedin\u00fdm cie\u013eom tejto sch\u00f4dze je spolitizova\u0165 pol\u00edciu - Smedemokrati.sk","robots":{"index":"index","follow":"follow","max-snippet":"max-snippet:-1","max-image-preview":"max-image-preview:large","max-video-preview":"max-video-preview:-1"},"canonical":"https:\/\/www.smedemokrati.sk\/cs\/jedinym-cielom-tejto-schodze-je-spolitizovat-policiu\/","og_locale":"cs_CZ","og_type":"article","og_title":"Jedin\u00fdm cie\u013eom tejto sch\u00f4dze je spolitizova\u0165 pol\u00edciu - Smedemokrati.sk","og_description":"\u201eJedin\u00fdm cie\u013eom tejto mimoriadnej sch\u00f4dze bolo spolitizova\u0165 pol\u00edciu, som r\u00e1d, \u017ee sa ju nepodarilo otvori\u0165,\u201d vyhl\u00e1sil poslanec NR SR zo strany Demokrati Juraj \u0160eliga. Fico chcel prik\u00e1za\u0165 vl\u00e1de vstupova\u0165 do vy\u0161etrovan\u00ed a po\u0161pini\u0165 policajn\u00fd zbor a zatiahnu\u0165 ho do politick\u00e9ho z\u00e1pasu,\u201d doplnil \u0160eliga. Pod\u013ea \u0160eligu je smutn\u00e9, \u017ee toto v\u0161etko sa deje v de\u0148 55. [&hellip;]","og_url":"https:\/\/www.smedemokrati.sk\/cs\/jedinym-cielom-tejto-schodze-je-spolitizovat-policiu\/","og_site_name":"Smedemokrati.sk","article_publisher":"https:\/\/www.facebook.com\/smedemokrati2023","article_published_time":"2023-08-21T11:50:33+00:00","article_modified_time":"2023-08-22T11:04:37+00:00","og_image":[{"width":1666,"height":940,"url":"https:\/\/www.smedemokrati.sk\/wp-content\/uploads\/2023\/08\/000.jpg","type":"image\/jpeg"}],"author":"Tom\u00e1\u0161 Koppl","twitter_card":"summary_large_image","twitter_misc":{"Napsal(a)":"Tom\u00e1\u0161 Koppl","Odhadovan\u00e1 doba \u010dten\u00ed":"2 minuty"},"schema":{"@context":"https:\/\/schema.org","@graph":[{"@type":"Article","@id":"https:\/\/www.smedemokrati.sk\/jedinym-cielom-tejto-schodze-je-spolitizovat-policiu\/#article","isPartOf":{"@id":"https:\/\/www.smedemokrati.sk\/jedinym-cielom-tejto-schodze-je-spolitizovat-policiu\/"},"author":{"name":"Tom\u00e1\u0161 Koppl","@id":"https:\/\/www.smedemokrati.sk\/#\/schema\/person\/c60720f4b9955b3c1ed222ebd1fbbc7c"},"headline":"Jedin\u00fdm cie\u013eom tejto sch\u00f4dze je spolitizova\u0165 pol\u00edciu","datePublished":"2023-08-21T11:50:33+00:00","dateModified":"2023-08-22T11:04:37+00:00","mainEntityOfPage":{"@id":"https:\/\/www.smedemokrati.sk\/jedinym-cielom-tejto-schodze-je-spolitizovat-policiu\/"},"wordCount":370,"publisher":{"@id":"https:\/\/www.smedemokrati.sk\/#organization"},"image":{"@id":"https:\/\/www.smedemokrati.sk\/jedinym-cielom-tejto-schodze-je-spolitizovat-policiu\/#primaryimage"},"thumbnailUrl":"https:\/\/www.smedemokrati.sk\/wp-content\/uploads\/2023\/08\/000.jpg","articleSection":["Tla\u010dov\u00e9 spr\u00e1vy"],"inLanguage":"cs-CZ"},{"@type":"WebPage","@id":"https:\/\/www.smedemokrati.sk\/jedinym-cielom-tejto-schodze-je-spolitizovat-policiu\/","url":"https:\/\/www.smedemokrati.sk\/jedinym-cielom-tejto-schodze-je-spolitizovat-policiu\/","name":"Jedin\u00fdm cie\u013eom tejto sch\u00f4dze je spolitizova\u0165 pol\u00edciu - Smedemokrati.sk","isPartOf":{"@id":"https:\/\/www.smedemokrati.sk\/#website"},"primaryImageOfPage":{"@id":"https:\/\/www.smedemokrati.sk\/jedinym-cielom-tejto-schodze-je-spolitizovat-policiu\/#primaryimage"},"image":{"@id":"https:\/\/www.smedemokrati.sk\/jedinym-cielom-tejto-schodze-je-spolitizovat-policiu\/#primaryimage"},"thumbnailUrl":"https:\/\/www.smedemokrati.sk\/wp-content\/uploads\/2023\/08\/000.jpg","datePublished":"2023-08-21T11:50:33+00:00","dateModified":"2023-08-22T11:04:37+00:00","breadcrumb":{"@id":"https:\/\/www.smedemokrati.sk\/jedinym-cielom-tejto-schodze-je-spolitizovat-policiu\/#breadcrumb"},"inLanguage":"cs-CZ","potentialAction":[{"@type":"ReadAction","target":["https:\/\/www.smedemokrati.sk\/jedinym-cielom-tejto-schodze-je-spolitizovat-policiu\/"]}]},{"@type":"ImageObject","inLanguage":"cs-CZ","@id":"https:\/\/www.smedemokrati.sk\/jedinym-cielom-tejto-schodze-je-spolitizovat-policiu\/#primaryimage","url":"https:\/\/www.smedemokrati.sk\/wp-content\/uploads\/2023\/08\/000.jpg","contentUrl":"https:\/\/www.smedemokrati.sk\/wp-content\/uploads\/2023\/08\/000.jpg","width":1666,"height":940},{"@type":"BreadcrumbList","@id":"https:\/\/www.smedemokrati.sk\/jedinym-cielom-tejto-schodze-je-spolitizovat-policiu\/#breadcrumb","itemListElement":[{"@type":"ListItem","position":1,"name":"Domovsk\u00e1 str\u00e1nka","item":"https:\/\/www.smedemokrati.sk\/"},{"@type":"ListItem","position":2,"name":"Jedin\u00fdm cie\u013eom tejto sch\u00f4dze je spolitizova\u0165 pol\u00edciu"}]},{"@type":"WebSite","@id":"https:\/\/www.smedemokrati.sk\/#website","url":"https:\/\/www.smedemokrati.sk\/","name":"Smedemokrati.sk","description":"Demokracia a slu\u0161nos\u0165 zv\u00ed\u0165az\u00ed","publisher":{"@id":"https:\/\/www.smedemokrati.sk\/#organization"},"potentialAction":[{"@type":"SearchAction","target":{"@type":"EntryPoint","urlTemplate":"https:\/\/www.smedemokrati.sk\/?s={search_term_string}"},"query-input":{"@type":"PropertyValueSpecification","valueRequired":true,"valueName":"search_term_string"}}],"inLanguage":"cs-CZ"},{"@type":"Organization","@id":"https:\/\/www.smedemokrati.sk\/#organization","name":"Smedemokrati.sk","url":"https:\/\/www.smedemokrati.sk\/","logo":{"@type":"ImageObject","inLanguage":"cs-CZ","@id":"https:\/\/www.smedemokrati.sk\/#\/schema\/logo\/image\/","url":"https:\/\/www.smedemokrati.sk\/wp-content\/uploads\/2023\/04\/ff.002.jpeg","contentUrl":"https:\/\/www.smedemokrati.sk\/wp-content\/uploads\/2023\/04\/ff.002.jpeg","width":640,"height":480,"caption":"Smedemokrati.sk"},"image":{"@id":"https:\/\/www.smedemokrati.sk\/#\/schema\/logo\/image\/"},"sameAs":["https:\/\/www.facebook.com\/smedemokrati2023"]},{"@type":"Person","@id":"https:\/\/www.smedemokrati.sk\/#\/schema\/person\/c60720f4b9955b3c1ed222ebd1fbbc7c","name":"Tom\u00e1\u0161 Koppl","image":{"@type":"ImageObject","inLanguage":"cs-CZ","@id":"https:\/\/secure.gravatar.com\/avatar\/8dfa38373c5e39821baf74c8e867a6f12e12c6dab6559aa999d10703b0b1c4ce?s=96&d=mm&r=g","url":"https:\/\/secure.gravatar.com\/avatar\/8dfa38373c5e39821baf74c8e867a6f12e12c6dab6559aa999d10703b0b1c4ce?s=96&d=mm&r=g","contentUrl":"https:\/\/secure.gravatar.com\/avatar\/8dfa38373c5e39821baf74c8e867a6f12e12c6dab6559aa999d10703b0b1c4ce?s=96&d=mm&r=g","caption":"Tom\u00e1\u0161 Koppl"},"url":"https:\/\/www.smedemokrati.sk\/cs\/author\/tomaskoppl\/"}]}},"_links":{"self":[{"href":"https:\/\/www.smedemokrati.sk\/cs\/wp-json\/wp\/v2\/posts\/1780","targetHints":{"allow":["GET"]}}],"collection":[{"href":"https:\/\/www.smedemokrati.sk\/cs\/wp-json\/wp\/v2\/posts"}],"about":[{"href":"https:\/\/www.smedemokrati.sk\/cs\/wp-json\/wp\/v2\/types\/post"}],"author":[{"embeddable":true,"href":"https:\/\/www.smedemokrati.sk\/cs\/wp-json\/wp\/v2\/users\/7"}],"replies":[{"embeddable":true,"href":"https:\/\/www.smedemokrati.sk\/cs\/wp-json\/wp\/v2\/comments?post=1780"}],"version-history":[{"count":2,"href":"https:\/\/www.smedemokrati.sk\/cs\/wp-json\/wp\/v2\/posts\/1780\/revisions"}],"predecessor-version":[{"id":1783,"href":"https:\/\/www.smedemokrati.sk\/cs\/wp-json\/wp\/v2\/posts\/1780\/revisions\/1783"}],"wp:featuredmedia":[{"embeddable":true,"href":"https:\/\/www.smedemokrati.sk\/cs\/wp-json\/wp\/v2\/media\/1781"}],"wp:attachment":[{"href":"https:\/\/www.smedemokrati.sk\/cs\/wp-json\/wp\/v2\/media?parent=1780"}],"wp:term":[{"taxonomy":"category","embeddable":true,"href":"https:\/\/www.smedemokrati.sk\/cs\/wp-json\/wp\/v2\/categories?post=1780"},{"taxonomy":"post_tag","embeddable":true,"href":"https:\/\/www.smedemokrati.sk\/cs\/wp-json\/wp\/v2\/tags?post=1780"}],"curies":[{"name":"wp","href":"https:\/\/api.w.org\/{rel}","templated":true}]}}