{"id":1751,"date":"2023-08-18T12:52:36","date_gmt":"2023-08-18T10:52:36","guid":{"rendered":"https:\/\/www.smedemokrati.sk\/?p=1751"},"modified":"2023-08-21T13:49:52","modified_gmt":"2023-08-21T11:49:52","slug":"ak-bude-schodza-otvorena-predlozime-nove-znenie-uznesenia","status":"publish","type":"post","link":"https:\/\/www.smedemokrati.sk\/cs\/ak-bude-schodza-otvorena-predlozime-nove-znenie-uznesenia\/","title":{"rendered":"Ak bude sch\u00f4dza otvoren\u00e1, predlo\u017e\u00edme nov\u00e9 znenie uznesenia"},"content":{"rendered":"<div id=\"fb-root\"><\/div>\n\n<p>Poslanci za stranu Demokrati, ktor\u00fdch je v s\u00fa\u010dasnosti 15, sa fyzicky z\u00fa\u010dastnia pondelkovej mimoriadnej sch\u00f4dze, no nezahlasuj\u00fa za schv\u00e1lenie jej programu. Povedal to poslanec NR SR Juraj \u0160eliga (Demokrati) na piatkovej tla\u010dovej konferencii. Demokrati deklarovali, \u017ee s\u00fa odhodlan\u00ed na\u010falej bojova\u0165 proti Ficovi a ak sa mimoriadna sch\u00f4dza otvor\u00ed, predlo\u017eia na \u0148u vlastn\u00e9 znenie uznesenia. O znen\u00ed uznesenia chceli Demokrati v piatok rokova\u0165 s demokratick\u00fdmi stranami. \u0160eliga sa z\u00e1rove\u0148 vyjadril, \u017ee re\u0161pektuje v\u00f4\u013eu ostatn\u00fdch demokratick\u00fdch str\u00e1n nespolupracova\u0165, no pova\u017euje to za nezodpovedn\u00e9 vo\u010di ob\u010danom Slovenska.<\/p>\n\n\n\n<p>\u201e<strong>Budeme na mimoriadnej sch\u00f4dzi pr\u00edtomn\u00ed, no nepodpor\u00edme jej otvorenie<\/strong>. Ignor\u00e1cia Fica&nbsp;nezastav\u00ed. Na\u0161ich 15 poslancov je pripraven\u00fdch bojova\u0165 za Slovensko,\u201d povedal \u010dlen predsedn\u00edctva Demokratov Juraj \u0160eliga.<\/p>\n\n\n\n<p>\u0160eliga informoval, \u017ee demokratick\u00e9 strany sa dnes nedostavili na rokovanie o spolo\u010dnom postupe. Na tomto stretnut\u00ed sa Demokrati chceli rozpr\u00e1va\u0165 o novom znen\u00ed uznesenia ktor\u00e9 chceli spolo\u010dne s \u010fal\u0161\u00edmi stranami predlo\u017ei\u0165 v pr\u00edpade, ak bude sch\u00f4dza otvoren\u00e1.&nbsp;<strong>\u201eVe\u013emi jasne hovor\u00edme, \u017ee Demokrati s\u00fa dnes jedin\u00e1 politick\u00e1 strana, ktor\u00e1 sa otvorene stavia Robertovi Ficovi. Jedin\u00e1 strana, ktor\u00e1 chce, aby doba \u017dilinkovania skon\u010dila a m\u00e1 pl\u00e1n na reformu prokurat\u00fary. My jasne hovor\u00edme, \u017ee s Hlasom nie, \u017ee so Smerom nie. Nekr\u00fatime sa ako KDH, alebo PS,<\/strong>\u201d povedal \u0160eliga.<\/p>\n\n\n\n<p><strong>\u201eMy sme na stretnut\u00ed so stranami nechceli politik\u00e1r\u010di\u0165. Chceli sme sa dohodn\u00fa\u0165 na spolo\u010dnom postupe, preto\u017ee to pova\u017eujeme za d\u00f4le\u017eit\u00e9! V pr\u00edpade, ak sa mimoriadna sch\u00f4dza otvor\u00ed, predlo\u017e\u00edme na \u0148u vlastn\u00e9 znenie uznesenia. V n\u00e1vrhu nov\u00e9ho znenia uznesenia kon\u0161tatujeme, \u017ee Fico \u0161\u00edri kon\u0161pir\u00e1cie, na Slovensku sa \u017eiadny prevrat nedeje a z\u00e1rove\u0148 \u017eiadame vl\u00e1du, aby za\u010dala pracova\u0165 na komplexnej reforme prokurat\u00fary,\u201d<\/strong>informoval \u0160eliga.<\/p>\n\n\n\n<p>\u201cV\u010dera sme boli na v\u00fdjazde v \u0160ali a diskutovali sme s ob\u010danmi. P\u00fdtali sme sa ich, \u010di si myslia, \u017ee na Slovensku m\u00e1me prevrat. Niektor\u00ed sa smiali a niektor\u00ed si \u0165ukali na \u010delo,\u201d uviedla volebn\u00e1 l\u00edderka Demokratov Andrea Letanovsk\u00e1.&nbsp;<\/p>\n\n\n\n<p>Letanovsk\u00e1 pripomenula, \u017ee sa bl\u00ed\u017ei v\u00fdro\u010die vp\u00e1du vojsk Var\u0161avskej zmluvy na \u00fazemie \u010cSR. \u201eSovietsky re\u017eim pripravil svojich ob\u010danov o slobodu voli\u0165, slobodu cestova\u0165, podnika\u0165, rozv\u00edja\u0165 svoj talent a by\u0165 \u00faspe\u0161n\u00fd.&nbsp;<strong>Tak\u00e1 bola predstava re\u017eimu o demokracii. A podobn\u00fa predstavu m\u00e1 aj Robert Fico: \u201aNesiahajte mi na mojich \u013eud\u00ed, na moje biznisy, na moje vz\u0165ahy a bude pokoj.&#8216; Inak je to pod\u013ea neho prevrat,\u201d<\/strong>&nbsp;povedala Letanovsk\u00e1.<\/p>\n\n\n\n<p>\u201e<strong>Robert Fico definit\u00edvne potvrdil, \u017ee je novodob\u00fd Vladim\u00edr Me\u010diar. Ne\u0161t\u00edti sa ofici\u00e1lne po\u017eadova\u0165 vykopnutie, pre neho, nepohodln\u00fdch vy\u0161etrovate\u013eov. Demokratick\u00e9 strany sa musia Ficovi jasne postavi\u0165.<\/strong>&nbsp;Ak si na\u0161i kolegovia myslia, \u017ee teraz je \u010das str\u010di\u0165 hlavu do piesku a sna\u017ei\u0165 sa by\u0165 za pekn\u00fdch, tak sa rozhodne m\u00fdlia. Demokratick\u00e9 strany musia spolupracova\u0165 a \u0165aha\u0165 za jeden povraz proti zlu. Preto\u017ee, netreba zab\u00fada\u0165, \u017ee Fico sa u\u017e plne koordinuje s ostatn\u00fdmi stranami a to je ve\u013emi nebezpe\u010dn\u00e9.\u201d povedal podpredseda Demokratov Jaroslav Na\u010f.<\/p>\n\n\n\n<figure class=\"wp-block-image size-large\"><img decoding=\"async\" width=\"723\" height=\"1024\" src=\"https:\/\/www.smedemokrati.sk\/wp-content\/uploads\/2023\/08\/a-1-723x1024.jpg\" alt=\"\" class=\"wp-image-1752\" srcset=\"https:\/\/www.smedemokrati.sk\/wp-content\/uploads\/2023\/08\/a-1-723x1024.jpg 723w, https:\/\/www.smedemokrati.sk\/wp-content\/uploads\/2023\/08\/a-1-212x300.jpg 212w, https:\/\/www.smedemokrati.sk\/wp-content\/uploads\/2023\/08\/a-1-768x1087.jpg 768w, https:\/\/www.smedemokrati.sk\/wp-content\/uploads\/2023\/08\/a-1-1085x1536.jpg 1085w, https:\/\/www.smedemokrati.sk\/wp-content\/uploads\/2023\/08\/a-1-1447x2048.jpg 1447w, https:\/\/www.smedemokrati.sk\/wp-content\/uploads\/2023\/08\/a-1-scaled.jpg 1809w\" sizes=\"(max-width: 723px) 100vw, 723px\" \/><\/figure>\n\n\n\n<figure class=\"wp-block-image size-large\"><img decoding=\"async\" width=\"723\" height=\"1024\" src=\"https:\/\/www.smedemokrati.sk\/wp-content\/uploads\/2023\/08\/b-723x1024.jpg\" alt=\"\" class=\"wp-image-1753\" srcset=\"https:\/\/www.smedemokrati.sk\/wp-content\/uploads\/2023\/08\/b-723x1024.jpg 723w, https:\/\/www.smedemokrati.sk\/wp-content\/uploads\/2023\/08\/b-212x300.jpg 212w, https:\/\/www.smedemokrati.sk\/wp-content\/uploads\/2023\/08\/b-768x1087.jpg 768w, https:\/\/www.smedemokrati.sk\/wp-content\/uploads\/2023\/08\/b-1085x1536.jpg 1085w, https:\/\/www.smedemokrati.sk\/wp-content\/uploads\/2023\/08\/b-1447x2048.jpg 1447w, https:\/\/www.smedemokrati.sk\/wp-content\/uploads\/2023\/08\/b-scaled.jpg 1809w\" sizes=\"(max-width: 723px) 100vw, 723px\" \/><\/figure>\n\n\n\n<figure class=\"wp-block-image size-large\"><img decoding=\"async\" width=\"723\" height=\"1024\" src=\"https:\/\/www.smedemokrati.sk\/wp-content\/uploads\/2023\/08\/c-723x1024.jpg\" alt=\"\" class=\"wp-image-1754\" srcset=\"https:\/\/www.smedemokrati.sk\/wp-content\/uploads\/2023\/08\/c-723x1024.jpg 723w, https:\/\/www.smedemokrati.sk\/wp-content\/uploads\/2023\/08\/c-212x300.jpg 212w, https:\/\/www.smedemokrati.sk\/wp-content\/uploads\/2023\/08\/c-768x1087.jpg 768w, https:\/\/www.smedemokrati.sk\/wp-content\/uploads\/2023\/08\/c-1085x1536.jpg 1085w, https:\/\/www.smedemokrati.sk\/wp-content\/uploads\/2023\/08\/c-1447x2048.jpg 1447w, https:\/\/www.smedemokrati.sk\/wp-content\/uploads\/2023\/08\/c-scaled.jpg 1809w\" sizes=\"(max-width: 723px) 100vw, 723px\" \/><\/figure>\n","protected":false},"excerpt":{"rendered":"<p>Poslanci za stranu Demokrati, ktor\u00fdch je v s\u00fa\u010dasnosti 15, sa fyzicky z\u00fa\u010dastnia pondelkovej mimoriadnej sch\u00f4dze, no nezahlasuj\u00fa za schv\u00e1lenie jej programu. Povedal to poslanec NR SR Juraj \u0160eliga (Demokrati) na piatkovej tla\u010dovej konferencii. Demokrati deklarovali, \u017ee s\u00fa odhodlan\u00ed na\u010falej bojova\u0165 proti Ficovi a ak sa mimoriadna sch\u00f4dza otvor\u00ed, predlo\u017eia na \u0148u vlastn\u00e9 znenie uznesenia. O [&hellip;]<\/p>\n","protected":false},"author":7,"featured_media":1755,"comment_status":"closed","ping_status":"closed","sticky":false,"template":"","format":"standard","meta":{"_acf_changed":false,"ngg_post_thumbnail":0,"footnotes":""},"categories":[4],"tags":[],"class_list":["post-1751","post","type-post","status-publish","format-standard","has-post-thumbnail","hentry","category-tlacove-spravy"],"acf":[],"yoast_head":"<!-- This site is optimized with the Yoast SEO plugin v27.2 - https:\/\/yoast.com\/product\/yoast-seo-wordpress\/ -->\n<title>Ak bude sch\u00f4dza otvoren\u00e1, predlo\u017e\u00edme nov\u00e9 znenie uznesenia - Smedemokrati.sk<\/title>\n<meta name=\"robots\" content=\"index, follow, max-snippet:-1, max-image-preview:large, max-video-preview:-1\" \/>\n<link rel=\"canonical\" href=\"https:\/\/www.smedemokrati.sk\/cs\/ak-bude-schodza-otvorena-predlozime-nove-znenie-uznesenia\/\" \/>\n<meta property=\"og:locale\" content=\"cs_CZ\" \/>\n<meta property=\"og:locale:alternate\" content=\"en_US\" \/>\n<meta property=\"og:locale:alternate\" content=\"hu_HU\" \/>\n<meta property=\"og:locale:alternate\" content=\"sk_SK\" \/>\n<meta property=\"og:locale:alternate\" content=\"sv_SE\" \/>\n<meta property=\"og:type\" content=\"article\" \/>\n<meta property=\"og:title\" content=\"Ak bude sch\u00f4dza otvoren\u00e1, predlo\u017e\u00edme nov\u00e9 znenie uznesenia - Smedemokrati.sk\" \/>\n<meta property=\"og:description\" content=\"Poslanci za stranu Demokrati, ktor\u00fdch je v s\u00fa\u010dasnosti 15, sa fyzicky z\u00fa\u010dastnia pondelkovej mimoriadnej sch\u00f4dze, no nezahlasuj\u00fa za schv\u00e1lenie jej programu. Povedal to poslanec NR SR Juraj \u0160eliga (Demokrati) na piatkovej tla\u010dovej konferencii. Demokrati deklarovali, \u017ee s\u00fa odhodlan\u00ed na\u010falej bojova\u0165 proti Ficovi a ak sa mimoriadna sch\u00f4dza otvor\u00ed, predlo\u017eia na \u0148u vlastn\u00e9 znenie uznesenia. O [&hellip;]\" \/>\n<meta property=\"og:url\" content=\"https:\/\/www.smedemokrati.sk\/cs\/ak-bude-schodza-otvorena-predlozime-nove-znenie-uznesenia\/\" \/>\n<meta property=\"og:site_name\" content=\"Smedemokrati.sk\" \/>\n<meta property=\"article:publisher\" content=\"https:\/\/www.facebook.com\/smedemokrati2023\" \/>\n<meta property=\"article:published_time\" content=\"2023-08-18T10:52:36+00:00\" \/>\n<meta property=\"article:modified_time\" content=\"2023-08-21T11:49:52+00:00\" \/>\n<meta property=\"og:image\" content=\"https:\/\/www.smedemokrati.sk\/wp-content\/uploads\/2023\/08\/01.jpg\" \/>\n\t<meta property=\"og:image:width\" content=\"1399\" \/>\n\t<meta property=\"og:image:height\" content=\"870\" \/>\n\t<meta property=\"og:image:type\" content=\"image\/jpeg\" \/>\n<meta name=\"author\" content=\"Tom\u00e1\u0161 Koppl\" \/>\n<meta name=\"twitter:card\" content=\"summary_large_image\" \/>\n<meta name=\"twitter:label1\" content=\"Napsal(a)\" \/>\n\t<meta name=\"twitter:data1\" content=\"Tom\u00e1\u0161 Koppl\" \/>\n\t<meta name=\"twitter:label2\" content=\"Odhadovan\u00e1 doba \u010dten\u00ed\" \/>\n\t<meta name=\"twitter:data2\" content=\"4 minuty\" \/>\n<script type=\"application\/ld+json\" class=\"yoast-schema-graph\">{\"@context\":\"https:\/\/schema.org\",\"@graph\":[{\"@type\":\"Article\",\"@id\":\"https:\/\/www.smedemokrati.sk\/ak-bude-schodza-otvorena-predlozime-nove-znenie-uznesenia\/#article\",\"isPartOf\":{\"@id\":\"https:\/\/www.smedemokrati.sk\/ak-bude-schodza-otvorena-predlozime-nove-znenie-uznesenia\/\"},\"author\":{\"name\":\"Tom\u00e1\u0161 Koppl\",\"@id\":\"https:\/\/www.smedemokrati.sk\/#\/schema\/person\/c60720f4b9955b3c1ed222ebd1fbbc7c\"},\"headline\":\"Ak bude sch\u00f4dza otvoren\u00e1, predlo\u017e\u00edme nov\u00e9 znenie uznesenia\",\"datePublished\":\"2023-08-18T10:52:36+00:00\",\"dateModified\":\"2023-08-21T11:49:52+00:00\",\"mainEntityOfPage\":{\"@id\":\"https:\/\/www.smedemokrati.sk\/ak-bude-schodza-otvorena-predlozime-nove-znenie-uznesenia\/\"},\"wordCount\":554,\"publisher\":{\"@id\":\"https:\/\/www.smedemokrati.sk\/#organization\"},\"image\":{\"@id\":\"https:\/\/www.smedemokrati.sk\/ak-bude-schodza-otvorena-predlozime-nove-znenie-uznesenia\/#primaryimage\"},\"thumbnailUrl\":\"https:\/\/www.smedemokrati.sk\/wp-content\/uploads\/2023\/08\/01.jpg\",\"articleSection\":[\"Tla\u010dov\u00e9 spr\u00e1vy\"],\"inLanguage\":\"cs-CZ\"},{\"@type\":\"WebPage\",\"@id\":\"https:\/\/www.smedemokrati.sk\/ak-bude-schodza-otvorena-predlozime-nove-znenie-uznesenia\/\",\"url\":\"https:\/\/www.smedemokrati.sk\/ak-bude-schodza-otvorena-predlozime-nove-znenie-uznesenia\/\",\"name\":\"Ak bude sch\u00f4dza otvoren\u00e1, predlo\u017e\u00edme nov\u00e9 znenie uznesenia - Smedemokrati.sk\",\"isPartOf\":{\"@id\":\"https:\/\/www.smedemokrati.sk\/#website\"},\"primaryImageOfPage\":{\"@id\":\"https:\/\/www.smedemokrati.sk\/ak-bude-schodza-otvorena-predlozime-nove-znenie-uznesenia\/#primaryimage\"},\"image\":{\"@id\":\"https:\/\/www.smedemokrati.sk\/ak-bude-schodza-otvorena-predlozime-nove-znenie-uznesenia\/#primaryimage\"},\"thumbnailUrl\":\"https:\/\/www.smedemokrati.sk\/wp-content\/uploads\/2023\/08\/01.jpg\",\"datePublished\":\"2023-08-18T10:52:36+00:00\",\"dateModified\":\"2023-08-21T11:49:52+00:00\",\"breadcrumb\":{\"@id\":\"https:\/\/www.smedemokrati.sk\/ak-bude-schodza-otvorena-predlozime-nove-znenie-uznesenia\/#breadcrumb\"},\"inLanguage\":\"cs-CZ\",\"potentialAction\":[{\"@type\":\"ReadAction\",\"target\":[\"https:\/\/www.smedemokrati.sk\/ak-bude-schodza-otvorena-predlozime-nove-znenie-uznesenia\/\"]}]},{\"@type\":\"ImageObject\",\"inLanguage\":\"cs-CZ\",\"@id\":\"https:\/\/www.smedemokrati.sk\/ak-bude-schodza-otvorena-predlozime-nove-znenie-uznesenia\/#primaryimage\",\"url\":\"https:\/\/www.smedemokrati.sk\/wp-content\/uploads\/2023\/08\/01.jpg\",\"contentUrl\":\"https:\/\/www.smedemokrati.sk\/wp-content\/uploads\/2023\/08\/01.jpg\",\"width\":1399,\"height\":870},{\"@type\":\"BreadcrumbList\",\"@id\":\"https:\/\/www.smedemokrati.sk\/ak-bude-schodza-otvorena-predlozime-nove-znenie-uznesenia\/#breadcrumb\",\"itemListElement\":[{\"@type\":\"ListItem\",\"position\":1,\"name\":\"Domovsk\u00e1 str\u00e1nka\",\"item\":\"https:\/\/www.smedemokrati.sk\/\"},{\"@type\":\"ListItem\",\"position\":2,\"name\":\"Ak bude sch\u00f4dza otvoren\u00e1, predlo\u017e\u00edme nov\u00e9 znenie uznesenia\"}]},{\"@type\":\"WebSite\",\"@id\":\"https:\/\/www.smedemokrati.sk\/#website\",\"url\":\"https:\/\/www.smedemokrati.sk\/\",\"name\":\"Smedemokrati.sk\",\"description\":\"Demokracia a slu\u0161nos\u0165 zv\u00ed\u0165az\u00ed\",\"publisher\":{\"@id\":\"https:\/\/www.smedemokrati.sk\/#organization\"},\"potentialAction\":[{\"@type\":\"SearchAction\",\"target\":{\"@type\":\"EntryPoint\",\"urlTemplate\":\"https:\/\/www.smedemokrati.sk\/?s={search_term_string}\"},\"query-input\":{\"@type\":\"PropertyValueSpecification\",\"valueRequired\":true,\"valueName\":\"search_term_string\"}}],\"inLanguage\":\"cs-CZ\"},{\"@type\":\"Organization\",\"@id\":\"https:\/\/www.smedemokrati.sk\/#organization\",\"name\":\"Smedemokrati.sk\",\"url\":\"https:\/\/www.smedemokrati.sk\/\",\"logo\":{\"@type\":\"ImageObject\",\"inLanguage\":\"cs-CZ\",\"@id\":\"https:\/\/www.smedemokrati.sk\/#\/schema\/logo\/image\/\",\"url\":\"https:\/\/www.smedemokrati.sk\/wp-content\/uploads\/2023\/04\/ff.002.jpeg\",\"contentUrl\":\"https:\/\/www.smedemokrati.sk\/wp-content\/uploads\/2023\/04\/ff.002.jpeg\",\"width\":640,\"height\":480,\"caption\":\"Smedemokrati.sk\"},\"image\":{\"@id\":\"https:\/\/www.smedemokrati.sk\/#\/schema\/logo\/image\/\"},\"sameAs\":[\"https:\/\/www.facebook.com\/smedemokrati2023\"]},{\"@type\":\"Person\",\"@id\":\"https:\/\/www.smedemokrati.sk\/#\/schema\/person\/c60720f4b9955b3c1ed222ebd1fbbc7c\",\"name\":\"Tom\u00e1\u0161 Koppl\",\"image\":{\"@type\":\"ImageObject\",\"inLanguage\":\"cs-CZ\",\"@id\":\"https:\/\/secure.gravatar.com\/avatar\/8dfa38373c5e39821baf74c8e867a6f12e12c6dab6559aa999d10703b0b1c4ce?s=96&d=mm&r=g\",\"url\":\"https:\/\/secure.gravatar.com\/avatar\/8dfa38373c5e39821baf74c8e867a6f12e12c6dab6559aa999d10703b0b1c4ce?s=96&d=mm&r=g\",\"contentUrl\":\"https:\/\/secure.gravatar.com\/avatar\/8dfa38373c5e39821baf74c8e867a6f12e12c6dab6559aa999d10703b0b1c4ce?s=96&d=mm&r=g\",\"caption\":\"Tom\u00e1\u0161 Koppl\"},\"url\":\"https:\/\/www.smedemokrati.sk\/cs\/author\/tomaskoppl\/\"}]}<\/script>\n<!-- \/ Yoast SEO plugin. -->","yoast_head_json":{"title":"Ak bude sch\u00f4dza otvoren\u00e1, predlo\u017e\u00edme nov\u00e9 znenie uznesenia - Smedemokrati.sk","robots":{"index":"index","follow":"follow","max-snippet":"max-snippet:-1","max-image-preview":"max-image-preview:large","max-video-preview":"max-video-preview:-1"},"canonical":"https:\/\/www.smedemokrati.sk\/cs\/ak-bude-schodza-otvorena-predlozime-nove-znenie-uznesenia\/","og_locale":"cs_CZ","og_type":"article","og_title":"Ak bude sch\u00f4dza otvoren\u00e1, predlo\u017e\u00edme nov\u00e9 znenie uznesenia - Smedemokrati.sk","og_description":"Poslanci za stranu Demokrati, ktor\u00fdch je v s\u00fa\u010dasnosti 15, sa fyzicky z\u00fa\u010dastnia pondelkovej mimoriadnej sch\u00f4dze, no nezahlasuj\u00fa za schv\u00e1lenie jej programu. Povedal to poslanec NR SR Juraj \u0160eliga (Demokrati) na piatkovej tla\u010dovej konferencii. Demokrati deklarovali, \u017ee s\u00fa odhodlan\u00ed na\u010falej bojova\u0165 proti Ficovi a ak sa mimoriadna sch\u00f4dza otvor\u00ed, predlo\u017eia na \u0148u vlastn\u00e9 znenie uznesenia. O [&hellip;]","og_url":"https:\/\/www.smedemokrati.sk\/cs\/ak-bude-schodza-otvorena-predlozime-nove-znenie-uznesenia\/","og_site_name":"Smedemokrati.sk","article_publisher":"https:\/\/www.facebook.com\/smedemokrati2023","article_published_time":"2023-08-18T10:52:36+00:00","article_modified_time":"2023-08-21T11:49:52+00:00","og_image":[{"width":1399,"height":870,"url":"https:\/\/www.smedemokrati.sk\/wp-content\/uploads\/2023\/08\/01.jpg","type":"image\/jpeg"}],"author":"Tom\u00e1\u0161 Koppl","twitter_card":"summary_large_image","twitter_misc":{"Napsal(a)":"Tom\u00e1\u0161 Koppl","Odhadovan\u00e1 doba \u010dten\u00ed":"4 minuty"},"schema":{"@context":"https:\/\/schema.org","@graph":[{"@type":"Article","@id":"https:\/\/www.smedemokrati.sk\/ak-bude-schodza-otvorena-predlozime-nove-znenie-uznesenia\/#article","isPartOf":{"@id":"https:\/\/www.smedemokrati.sk\/ak-bude-schodza-otvorena-predlozime-nove-znenie-uznesenia\/"},"author":{"name":"Tom\u00e1\u0161 Koppl","@id":"https:\/\/www.smedemokrati.sk\/#\/schema\/person\/c60720f4b9955b3c1ed222ebd1fbbc7c"},"headline":"Ak bude sch\u00f4dza otvoren\u00e1, predlo\u017e\u00edme nov\u00e9 znenie uznesenia","datePublished":"2023-08-18T10:52:36+00:00","dateModified":"2023-08-21T11:49:52+00:00","mainEntityOfPage":{"@id":"https:\/\/www.smedemokrati.sk\/ak-bude-schodza-otvorena-predlozime-nove-znenie-uznesenia\/"},"wordCount":554,"publisher":{"@id":"https:\/\/www.smedemokrati.sk\/#organization"},"image":{"@id":"https:\/\/www.smedemokrati.sk\/ak-bude-schodza-otvorena-predlozime-nove-znenie-uznesenia\/#primaryimage"},"thumbnailUrl":"https:\/\/www.smedemokrati.sk\/wp-content\/uploads\/2023\/08\/01.jpg","articleSection":["Tla\u010dov\u00e9 spr\u00e1vy"],"inLanguage":"cs-CZ"},{"@type":"WebPage","@id":"https:\/\/www.smedemokrati.sk\/ak-bude-schodza-otvorena-predlozime-nove-znenie-uznesenia\/","url":"https:\/\/www.smedemokrati.sk\/ak-bude-schodza-otvorena-predlozime-nove-znenie-uznesenia\/","name":"Ak bude sch\u00f4dza otvoren\u00e1, predlo\u017e\u00edme nov\u00e9 znenie uznesenia - Smedemokrati.sk","isPartOf":{"@id":"https:\/\/www.smedemokrati.sk\/#website"},"primaryImageOfPage":{"@id":"https:\/\/www.smedemokrati.sk\/ak-bude-schodza-otvorena-predlozime-nove-znenie-uznesenia\/#primaryimage"},"image":{"@id":"https:\/\/www.smedemokrati.sk\/ak-bude-schodza-otvorena-predlozime-nove-znenie-uznesenia\/#primaryimage"},"thumbnailUrl":"https:\/\/www.smedemokrati.sk\/wp-content\/uploads\/2023\/08\/01.jpg","datePublished":"2023-08-18T10:52:36+00:00","dateModified":"2023-08-21T11:49:52+00:00","breadcrumb":{"@id":"https:\/\/www.smedemokrati.sk\/ak-bude-schodza-otvorena-predlozime-nove-znenie-uznesenia\/#breadcrumb"},"inLanguage":"cs-CZ","potentialAction":[{"@type":"ReadAction","target":["https:\/\/www.smedemokrati.sk\/ak-bude-schodza-otvorena-predlozime-nove-znenie-uznesenia\/"]}]},{"@type":"ImageObject","inLanguage":"cs-CZ","@id":"https:\/\/www.smedemokrati.sk\/ak-bude-schodza-otvorena-predlozime-nove-znenie-uznesenia\/#primaryimage","url":"https:\/\/www.smedemokrati.sk\/wp-content\/uploads\/2023\/08\/01.jpg","contentUrl":"https:\/\/www.smedemokrati.sk\/wp-content\/uploads\/2023\/08\/01.jpg","width":1399,"height":870},{"@type":"BreadcrumbList","@id":"https:\/\/www.smedemokrati.sk\/ak-bude-schodza-otvorena-predlozime-nove-znenie-uznesenia\/#breadcrumb","itemListElement":[{"@type":"ListItem","position":1,"name":"Domovsk\u00e1 str\u00e1nka","item":"https:\/\/www.smedemokrati.sk\/"},{"@type":"ListItem","position":2,"name":"Ak bude sch\u00f4dza otvoren\u00e1, predlo\u017e\u00edme nov\u00e9 znenie uznesenia"}]},{"@type":"WebSite","@id":"https:\/\/www.smedemokrati.sk\/#website","url":"https:\/\/www.smedemokrati.sk\/","name":"Smedemokrati.sk","description":"Demokracia a slu\u0161nos\u0165 zv\u00ed\u0165az\u00ed","publisher":{"@id":"https:\/\/www.smedemokrati.sk\/#organization"},"potentialAction":[{"@type":"SearchAction","target":{"@type":"EntryPoint","urlTemplate":"https:\/\/www.smedemokrati.sk\/?s={search_term_string}"},"query-input":{"@type":"PropertyValueSpecification","valueRequired":true,"valueName":"search_term_string"}}],"inLanguage":"cs-CZ"},{"@type":"Organization","@id":"https:\/\/www.smedemokrati.sk\/#organization","name":"Smedemokrati.sk","url":"https:\/\/www.smedemokrati.sk\/","logo":{"@type":"ImageObject","inLanguage":"cs-CZ","@id":"https:\/\/www.smedemokrati.sk\/#\/schema\/logo\/image\/","url":"https:\/\/www.smedemokrati.sk\/wp-content\/uploads\/2023\/04\/ff.002.jpeg","contentUrl":"https:\/\/www.smedemokrati.sk\/wp-content\/uploads\/2023\/04\/ff.002.jpeg","width":640,"height":480,"caption":"Smedemokrati.sk"},"image":{"@id":"https:\/\/www.smedemokrati.sk\/#\/schema\/logo\/image\/"},"sameAs":["https:\/\/www.facebook.com\/smedemokrati2023"]},{"@type":"Person","@id":"https:\/\/www.smedemokrati.sk\/#\/schema\/person\/c60720f4b9955b3c1ed222ebd1fbbc7c","name":"Tom\u00e1\u0161 Koppl","image":{"@type":"ImageObject","inLanguage":"cs-CZ","@id":"https:\/\/secure.gravatar.com\/avatar\/8dfa38373c5e39821baf74c8e867a6f12e12c6dab6559aa999d10703b0b1c4ce?s=96&d=mm&r=g","url":"https:\/\/secure.gravatar.com\/avatar\/8dfa38373c5e39821baf74c8e867a6f12e12c6dab6559aa999d10703b0b1c4ce?s=96&d=mm&r=g","contentUrl":"https:\/\/secure.gravatar.com\/avatar\/8dfa38373c5e39821baf74c8e867a6f12e12c6dab6559aa999d10703b0b1c4ce?s=96&d=mm&r=g","caption":"Tom\u00e1\u0161 Koppl"},"url":"https:\/\/www.smedemokrati.sk\/cs\/author\/tomaskoppl\/"}]}},"_links":{"self":[{"href":"https:\/\/www.smedemokrati.sk\/cs\/wp-json\/wp\/v2\/posts\/1751","targetHints":{"allow":["GET"]}}],"collection":[{"href":"https:\/\/www.smedemokrati.sk\/cs\/wp-json\/wp\/v2\/posts"}],"about":[{"href":"https:\/\/www.smedemokrati.sk\/cs\/wp-json\/wp\/v2\/types\/post"}],"author":[{"embeddable":true,"href":"https:\/\/www.smedemokrati.sk\/cs\/wp-json\/wp\/v2\/users\/7"}],"replies":[{"embeddable":true,"href":"https:\/\/www.smedemokrati.sk\/cs\/wp-json\/wp\/v2\/comments?post=1751"}],"version-history":[{"count":2,"href":"https:\/\/www.smedemokrati.sk\/cs\/wp-json\/wp\/v2\/posts\/1751\/revisions"}],"predecessor-version":[{"id":1779,"href":"https:\/\/www.smedemokrati.sk\/cs\/wp-json\/wp\/v2\/posts\/1751\/revisions\/1779"}],"wp:featuredmedia":[{"embeddable":true,"href":"https:\/\/www.smedemokrati.sk\/cs\/wp-json\/wp\/v2\/media\/1755"}],"wp:attachment":[{"href":"https:\/\/www.smedemokrati.sk\/cs\/wp-json\/wp\/v2\/media?parent=1751"}],"wp:term":[{"taxonomy":"category","embeddable":true,"href":"https:\/\/www.smedemokrati.sk\/cs\/wp-json\/wp\/v2\/categories?post=1751"},{"taxonomy":"post_tag","embeddable":true,"href":"https:\/\/www.smedemokrati.sk\/cs\/wp-json\/wp\/v2\/tags?post=1751"}],"curies":[{"name":"wp","href":"https:\/\/api.w.org\/{rel}","templated":true}]}}