{"id":1736,"date":"2023-08-17T14:52:34","date_gmt":"2023-08-17T12:52:34","guid":{"rendered":"https:\/\/www.smedemokrati.sk\/?p=1736"},"modified":"2023-08-17T14:52:35","modified_gmt":"2023-08-17T12:52:35","slug":"prevrat-sa-deje-len-vo-ficovej-hlave","status":"publish","type":"post","link":"https:\/\/www.smedemokrati.sk\/cs\/prevrat-sa-deje-len-vo-ficovej-hlave\/","title":{"rendered":"Prevrat sa deje len vo Ficovej hlave"},"content":{"rendered":"<div id=\"fb-root\"><\/div>\n\n<p><strong>E. Heger:<\/strong><\/p>\n\n\n\n<p>Sta\u010dilo, p\u00e1n Fico! Spochyb\u0148ujete z\u00e1kladn\u00e9 in\u0161tit\u00facie pr\u00e1vneho \u0161t\u00e1tu! Hovor\u00edte, \u017ee sa tu niekto boj\u00ed o \u201csvoj zadok\u201d.&nbsp;<strong>Ak sa tu niekto o boj\u00ed o \u201csvoj zadok\u201d, tak ste to vy, p\u00e1n Fico, p\u00e1n Kali\u0148\u00e1k, spolu s va\u0161im stran\u00edkom Tiborom Ga\u0161parom a va\u0161im rodinn\u00fdm priate\u013eom p\u00e1nom B\u00f6dorom.<\/strong><\/p>\n\n\n\n<p>\u017diadny prevrat sa nekon\u00e1. V\u00fdkon spravodlivosti nie je \u017eiadny prevrat.&nbsp;<strong>Op\u00e4\u0165 bl\u00faznite a vyplak\u00e1vate, lebo ste vybudovali mon\u0161tru\u00f3zny korup\u010dn\u00fd syst\u00e9m a prepojenia ka\u017ed\u00fd de\u0148 viac a viac smeruj\u00fa k v\u00e1m.<\/strong>&nbsp;<\/p>\n\n\n\n<p><strong>Prevrat sa tu sna\u017e\u00edte urobi\u0165 vy. U\u017e tri roky.&nbsp;<\/strong>P\u00e1n Fico, my sa nenech\u00e1me vami vystra\u0161i\u0165, preto\u017ee vieme, \u010do by sa stalo, keby ste sa dostali k moci. V\u0161etko by ste zastavili, zru\u0161ili a zni\u010dili. Len preto, aby ste boli vy a va\u0161i nominanti beztrestn\u00ed.<\/p>\n\n\n\n<p>Nechajme pol\u00edciu kona\u0165. Spravodlivos\u0165 patr\u00ed do r\u00fak O\u010cTK, nechajme nech s\u00fady rozhodn\u00fa. Lebo takto to m\u00e1 fungova\u0165 v pr\u00e1vnom \u0161t\u00e1te a my chceme, aby Slovensko bolo pr\u00e1vny \u0161t\u00e1t.<\/p>\n\n\n\n<p><strong>P\u00e1n Fico, n\u00e1s nezastra\u0161\u00edte, my v strane Demokrati sme odhodlan\u00ed bojova\u0165 za spravodlivos\u0165!<\/strong><\/p>\n\n\n\n<p><strong>A. Letanovsk\u00e1:<\/strong><\/p>\n\n\n\n<p><strong>Robert Fico stra\u0161\u00ed a odp\u00fatava pozornos\u0165 od vlastn\u00fdch k\u00e1uz. Je pre\u0148ho typick\u00e9, \u017ee spochyb\u0148uje konanie pol\u00edcie a in\u0161tit\u00faci\u00ed, ke\u010f sa mu to hod\u00ed. Robert Fico panik\u00e1ri a je to prejav jeho vlastn\u00e9ho strachu. Teraz mus\u00edme uk\u00e1za\u0165, \u017ee sa neboj\u00edme a \u017ee sme pripraven\u00ed zabojova\u0165 za na\u0161u bud\u00facnos\u0165.<\/strong><\/p>\n\n\n\n<p><strong>J. \u0160eliga:<\/strong><\/p>\n\n\n\n<p>D\u00e1my a p\u00e1ni, pr\u00e1ve som dopozeral tla\u010dov\u00fa besedu&nbsp;<strong>Roberta Fica a jeho kolegov a mus\u00edm poveda\u0165 jednu vec: prevrat sa deje iba v hlave Roberta Fica. Na Slovensku nie je \u017eiadny \u0161t\u00e1tny prevrat. Tieto re\u010di, ktor\u00e9 hovor\u00ed predseda Fico, sme tu po\u010d\u00favali u\u017e viackr\u00e1t, naposledy v roku 2018, ke\u010f sa tv\u00e1ril, \u017ee dla\u017eobn\u00e9 kocky na n\u00e1mest\u00ed ohrozuj\u00fa \u00farad vl\u00e1dy.&nbsp;<\/strong><\/p>\n\n\n\n<p><strong>To, \u010do rob\u00ed Robert Fico, je mimoriadne nebezpe\u010dn\u00e9. Stra\u0161\u00ed \u013eud\u00ed, zastra\u0161uje vy\u0161etrovate\u013eov, prokur\u00e1torov a sudcov a pritom oni si maj\u00fa robi\u0165 iba svoju robotu. Je tu policajt, nad n\u00edm je prokur\u00e1tor, nad n\u00edm je sudca a nikto sa im do toho nem\u00e1 stara\u0165. A u\u017e vonkoncom nie Fico, ktor\u00fd tvrd\u00ed, \u017ee ke\u010f vy\u0161etruj\u00fa podozriv\u00e9 konania, ktor\u00e9 m\u00f4\u017eu s\u00favisie\u0165 aj s n\u00edm, tak ide o \u0161t\u00e1tny prevrat.<\/strong><\/p>\n\n\n\n<p>Toto nesmieme dovoli\u0165, lebo tu ide o viac ako o nejak\u00e9 vy\u0161etrovanie. Tu ide o to, \u010do sa stane s na\u0161ou krajinou po 30. septembri. Lebo ak sa Fico a spol. dostan\u00fa k moci, zastavia v\u0161etky vy\u0161etrovania, zru\u0161ia \u00darad \u0161peci\u00e1lnej prokurat\u00fary, \u0160pecializovan\u00fd trestn\u00fd s\u00fad a v\u0161etky tieto in\u0161tit\u00facie. Len preto, aby on bol beztrestn\u00fd, aby jeho nominanti boli beztrestn\u00ed. Je ochotn\u00fd z\u00e1js\u0165 tak \u010faleko, \u017ee tu bude t\u00e1ra\u0165 somariny o \u0161t\u00e1tnom prevrate, ale my nebudeme ticho, nebudeme ustupova\u0165. Pr\u00e1ve naopak. Teraz je \u010das sa postavi\u0165 \u013eu\u010fom, ako je Robert Fico.<\/p>\n","protected":false},"excerpt":{"rendered":"<p>E. Heger: Sta\u010dilo, p\u00e1n Fico! Spochyb\u0148ujete z\u00e1kladn\u00e9 in\u0161tit\u00facie pr\u00e1vneho \u0161t\u00e1tu! Hovor\u00edte, \u017ee sa tu niekto boj\u00ed o \u201csvoj zadok\u201d.&nbsp;Ak sa tu niekto o boj\u00ed o \u201csvoj zadok\u201d, tak ste to vy, p\u00e1n Fico, p\u00e1n Kali\u0148\u00e1k, spolu s va\u0161im stran\u00edkom Tiborom Ga\u0161parom a va\u0161im rodinn\u00fdm priate\u013eom p\u00e1nom B\u00f6dorom. \u017diadny prevrat sa nekon\u00e1. V\u00fdkon spravodlivosti nie je [&hellip;]<\/p>\n","protected":false},"author":7,"featured_media":1737,"comment_status":"closed","ping_status":"closed","sticky":false,"template":"","format":"standard","meta":{"_acf_changed":false,"ngg_post_thumbnail":0,"footnotes":""},"categories":[4],"tags":[],"class_list":["post-1736","post","type-post","status-publish","format-standard","has-post-thumbnail","hentry","category-tlacove-spravy"],"acf":[],"yoast_head":"<!-- This site is optimized with the Yoast SEO plugin v27.2 - https:\/\/yoast.com\/product\/yoast-seo-wordpress\/ -->\n<title>Prevrat sa deje len vo Ficovej hlave - Smedemokrati.sk<\/title>\n<meta name=\"robots\" content=\"index, follow, max-snippet:-1, max-image-preview:large, max-video-preview:-1\" \/>\n<link rel=\"canonical\" href=\"https:\/\/www.smedemokrati.sk\/cs\/prevrat-sa-deje-len-vo-ficovej-hlave\/\" \/>\n<meta property=\"og:locale\" content=\"cs_CZ\" \/>\n<meta property=\"og:locale:alternate\" content=\"en_US\" \/>\n<meta property=\"og:locale:alternate\" content=\"hu_HU\" \/>\n<meta property=\"og:locale:alternate\" content=\"sk_SK\" \/>\n<meta property=\"og:locale:alternate\" content=\"sv_SE\" \/>\n<meta property=\"og:type\" content=\"article\" \/>\n<meta property=\"og:title\" content=\"Prevrat sa deje len vo Ficovej hlave - Smedemokrati.sk\" \/>\n<meta property=\"og:description\" content=\"E. Heger: Sta\u010dilo, p\u00e1n Fico! Spochyb\u0148ujete z\u00e1kladn\u00e9 in\u0161tit\u00facie pr\u00e1vneho \u0161t\u00e1tu! Hovor\u00edte, \u017ee sa tu niekto boj\u00ed o \u201csvoj zadok\u201d.&nbsp;Ak sa tu niekto o boj\u00ed o \u201csvoj zadok\u201d, tak ste to vy, p\u00e1n Fico, p\u00e1n Kali\u0148\u00e1k, spolu s va\u0161im stran\u00edkom Tiborom Ga\u0161parom a va\u0161im rodinn\u00fdm priate\u013eom p\u00e1nom B\u00f6dorom. \u017diadny prevrat sa nekon\u00e1. V\u00fdkon spravodlivosti nie je [&hellip;]\" \/>\n<meta property=\"og:url\" content=\"https:\/\/www.smedemokrati.sk\/cs\/prevrat-sa-deje-len-vo-ficovej-hlave\/\" \/>\n<meta property=\"og:site_name\" content=\"Smedemokrati.sk\" \/>\n<meta property=\"article:publisher\" content=\"https:\/\/www.facebook.com\/smedemokrati2023\" \/>\n<meta property=\"article:published_time\" content=\"2023-08-17T12:52:34+00:00\" \/>\n<meta property=\"article:modified_time\" content=\"2023-08-17T12:52:35+00:00\" \/>\n<meta property=\"og:image\" content=\"https:\/\/www.smedemokrati.sk\/wp-content\/uploads\/2023\/08\/555.jpg\" \/>\n\t<meta property=\"og:image:width\" content=\"694\" \/>\n\t<meta property=\"og:image:height\" content=\"498\" \/>\n\t<meta property=\"og:image:type\" content=\"image\/jpeg\" \/>\n<meta name=\"author\" content=\"Tom\u00e1\u0161 Koppl\" \/>\n<meta name=\"twitter:card\" content=\"summary_large_image\" \/>\n<meta name=\"twitter:label1\" content=\"Napsal(a)\" \/>\n\t<meta name=\"twitter:data1\" content=\"Tom\u00e1\u0161 Koppl\" \/>\n\t<meta name=\"twitter:label2\" content=\"Odhadovan\u00e1 doba \u010dten\u00ed\" \/>\n\t<meta name=\"twitter:data2\" content=\"3 minuty\" \/>\n<script type=\"application\/ld+json\" class=\"yoast-schema-graph\">{\"@context\":\"https:\/\/schema.org\",\"@graph\":[{\"@type\":\"Article\",\"@id\":\"https:\/\/www.smedemokrati.sk\/prevrat-sa-deje-len-vo-ficovej-hlave\/#article\",\"isPartOf\":{\"@id\":\"https:\/\/www.smedemokrati.sk\/prevrat-sa-deje-len-vo-ficovej-hlave\/\"},\"author\":{\"name\":\"Tom\u00e1\u0161 Koppl\",\"@id\":\"https:\/\/www.smedemokrati.sk\/#\/schema\/person\/c60720f4b9955b3c1ed222ebd1fbbc7c\"},\"headline\":\"Prevrat sa deje len vo Ficovej hlave\",\"datePublished\":\"2023-08-17T12:52:34+00:00\",\"dateModified\":\"2023-08-17T12:52:35+00:00\",\"mainEntityOfPage\":{\"@id\":\"https:\/\/www.smedemokrati.sk\/prevrat-sa-deje-len-vo-ficovej-hlave\/\"},\"wordCount\":547,\"publisher\":{\"@id\":\"https:\/\/www.smedemokrati.sk\/#organization\"},\"image\":{\"@id\":\"https:\/\/www.smedemokrati.sk\/prevrat-sa-deje-len-vo-ficovej-hlave\/#primaryimage\"},\"thumbnailUrl\":\"https:\/\/www.smedemokrati.sk\/wp-content\/uploads\/2023\/08\/555.jpg\",\"articleSection\":[\"Tla\u010dov\u00e9 spr\u00e1vy\"],\"inLanguage\":\"cs-CZ\"},{\"@type\":\"WebPage\",\"@id\":\"https:\/\/www.smedemokrati.sk\/prevrat-sa-deje-len-vo-ficovej-hlave\/\",\"url\":\"https:\/\/www.smedemokrati.sk\/prevrat-sa-deje-len-vo-ficovej-hlave\/\",\"name\":\"Prevrat sa deje len vo Ficovej hlave - Smedemokrati.sk\",\"isPartOf\":{\"@id\":\"https:\/\/www.smedemokrati.sk\/#website\"},\"primaryImageOfPage\":{\"@id\":\"https:\/\/www.smedemokrati.sk\/prevrat-sa-deje-len-vo-ficovej-hlave\/#primaryimage\"},\"image\":{\"@id\":\"https:\/\/www.smedemokrati.sk\/prevrat-sa-deje-len-vo-ficovej-hlave\/#primaryimage\"},\"thumbnailUrl\":\"https:\/\/www.smedemokrati.sk\/wp-content\/uploads\/2023\/08\/555.jpg\",\"datePublished\":\"2023-08-17T12:52:34+00:00\",\"dateModified\":\"2023-08-17T12:52:35+00:00\",\"breadcrumb\":{\"@id\":\"https:\/\/www.smedemokrati.sk\/prevrat-sa-deje-len-vo-ficovej-hlave\/#breadcrumb\"},\"inLanguage\":\"cs-CZ\",\"potentialAction\":[{\"@type\":\"ReadAction\",\"target\":[\"https:\/\/www.smedemokrati.sk\/prevrat-sa-deje-len-vo-ficovej-hlave\/\"]}]},{\"@type\":\"ImageObject\",\"inLanguage\":\"cs-CZ\",\"@id\":\"https:\/\/www.smedemokrati.sk\/prevrat-sa-deje-len-vo-ficovej-hlave\/#primaryimage\",\"url\":\"https:\/\/www.smedemokrati.sk\/wp-content\/uploads\/2023\/08\/555.jpg\",\"contentUrl\":\"https:\/\/www.smedemokrati.sk\/wp-content\/uploads\/2023\/08\/555.jpg\",\"width\":694,\"height\":498},{\"@type\":\"BreadcrumbList\",\"@id\":\"https:\/\/www.smedemokrati.sk\/prevrat-sa-deje-len-vo-ficovej-hlave\/#breadcrumb\",\"itemListElement\":[{\"@type\":\"ListItem\",\"position\":1,\"name\":\"Domovsk\u00e1 str\u00e1nka\",\"item\":\"https:\/\/www.smedemokrati.sk\/\"},{\"@type\":\"ListItem\",\"position\":2,\"name\":\"Prevrat sa deje len vo Ficovej hlave\"}]},{\"@type\":\"WebSite\",\"@id\":\"https:\/\/www.smedemokrati.sk\/#website\",\"url\":\"https:\/\/www.smedemokrati.sk\/\",\"name\":\"Smedemokrati.sk\",\"description\":\"Demokracia a slu\u0161nos\u0165 zv\u00ed\u0165az\u00ed\",\"publisher\":{\"@id\":\"https:\/\/www.smedemokrati.sk\/#organization\"},\"potentialAction\":[{\"@type\":\"SearchAction\",\"target\":{\"@type\":\"EntryPoint\",\"urlTemplate\":\"https:\/\/www.smedemokrati.sk\/?s={search_term_string}\"},\"query-input\":{\"@type\":\"PropertyValueSpecification\",\"valueRequired\":true,\"valueName\":\"search_term_string\"}}],\"inLanguage\":\"cs-CZ\"},{\"@type\":\"Organization\",\"@id\":\"https:\/\/www.smedemokrati.sk\/#organization\",\"name\":\"Smedemokrati.sk\",\"url\":\"https:\/\/www.smedemokrati.sk\/\",\"logo\":{\"@type\":\"ImageObject\",\"inLanguage\":\"cs-CZ\",\"@id\":\"https:\/\/www.smedemokrati.sk\/#\/schema\/logo\/image\/\",\"url\":\"https:\/\/www.smedemokrati.sk\/wp-content\/uploads\/2023\/04\/ff.002.jpeg\",\"contentUrl\":\"https:\/\/www.smedemokrati.sk\/wp-content\/uploads\/2023\/04\/ff.002.jpeg\",\"width\":640,\"height\":480,\"caption\":\"Smedemokrati.sk\"},\"image\":{\"@id\":\"https:\/\/www.smedemokrati.sk\/#\/schema\/logo\/image\/\"},\"sameAs\":[\"https:\/\/www.facebook.com\/smedemokrati2023\"]},{\"@type\":\"Person\",\"@id\":\"https:\/\/www.smedemokrati.sk\/#\/schema\/person\/c60720f4b9955b3c1ed222ebd1fbbc7c\",\"name\":\"Tom\u00e1\u0161 Koppl\",\"image\":{\"@type\":\"ImageObject\",\"inLanguage\":\"cs-CZ\",\"@id\":\"https:\/\/secure.gravatar.com\/avatar\/8dfa38373c5e39821baf74c8e867a6f12e12c6dab6559aa999d10703b0b1c4ce?s=96&d=mm&r=g\",\"url\":\"https:\/\/secure.gravatar.com\/avatar\/8dfa38373c5e39821baf74c8e867a6f12e12c6dab6559aa999d10703b0b1c4ce?s=96&d=mm&r=g\",\"contentUrl\":\"https:\/\/secure.gravatar.com\/avatar\/8dfa38373c5e39821baf74c8e867a6f12e12c6dab6559aa999d10703b0b1c4ce?s=96&d=mm&r=g\",\"caption\":\"Tom\u00e1\u0161 Koppl\"},\"url\":\"https:\/\/www.smedemokrati.sk\/cs\/author\/tomaskoppl\/\"}]}<\/script>\n<!-- \/ Yoast SEO plugin. -->","yoast_head_json":{"title":"Prevrat sa deje len vo Ficovej hlave - Smedemokrati.sk","robots":{"index":"index","follow":"follow","max-snippet":"max-snippet:-1","max-image-preview":"max-image-preview:large","max-video-preview":"max-video-preview:-1"},"canonical":"https:\/\/www.smedemokrati.sk\/cs\/prevrat-sa-deje-len-vo-ficovej-hlave\/","og_locale":"cs_CZ","og_type":"article","og_title":"Prevrat sa deje len vo Ficovej hlave - Smedemokrati.sk","og_description":"E. Heger: Sta\u010dilo, p\u00e1n Fico! Spochyb\u0148ujete z\u00e1kladn\u00e9 in\u0161tit\u00facie pr\u00e1vneho \u0161t\u00e1tu! Hovor\u00edte, \u017ee sa tu niekto boj\u00ed o \u201csvoj zadok\u201d.&nbsp;Ak sa tu niekto o boj\u00ed o \u201csvoj zadok\u201d, tak ste to vy, p\u00e1n Fico, p\u00e1n Kali\u0148\u00e1k, spolu s va\u0161im stran\u00edkom Tiborom Ga\u0161parom a va\u0161im rodinn\u00fdm priate\u013eom p\u00e1nom B\u00f6dorom. \u017diadny prevrat sa nekon\u00e1. V\u00fdkon spravodlivosti nie je [&hellip;]","og_url":"https:\/\/www.smedemokrati.sk\/cs\/prevrat-sa-deje-len-vo-ficovej-hlave\/","og_site_name":"Smedemokrati.sk","article_publisher":"https:\/\/www.facebook.com\/smedemokrati2023","article_published_time":"2023-08-17T12:52:34+00:00","article_modified_time":"2023-08-17T12:52:35+00:00","og_image":[{"width":694,"height":498,"url":"https:\/\/www.smedemokrati.sk\/wp-content\/uploads\/2023\/08\/555.jpg","type":"image\/jpeg"}],"author":"Tom\u00e1\u0161 Koppl","twitter_card":"summary_large_image","twitter_misc":{"Napsal(a)":"Tom\u00e1\u0161 Koppl","Odhadovan\u00e1 doba \u010dten\u00ed":"3 minuty"},"schema":{"@context":"https:\/\/schema.org","@graph":[{"@type":"Article","@id":"https:\/\/www.smedemokrati.sk\/prevrat-sa-deje-len-vo-ficovej-hlave\/#article","isPartOf":{"@id":"https:\/\/www.smedemokrati.sk\/prevrat-sa-deje-len-vo-ficovej-hlave\/"},"author":{"name":"Tom\u00e1\u0161 Koppl","@id":"https:\/\/www.smedemokrati.sk\/#\/schema\/person\/c60720f4b9955b3c1ed222ebd1fbbc7c"},"headline":"Prevrat sa deje len vo Ficovej hlave","datePublished":"2023-08-17T12:52:34+00:00","dateModified":"2023-08-17T12:52:35+00:00","mainEntityOfPage":{"@id":"https:\/\/www.smedemokrati.sk\/prevrat-sa-deje-len-vo-ficovej-hlave\/"},"wordCount":547,"publisher":{"@id":"https:\/\/www.smedemokrati.sk\/#organization"},"image":{"@id":"https:\/\/www.smedemokrati.sk\/prevrat-sa-deje-len-vo-ficovej-hlave\/#primaryimage"},"thumbnailUrl":"https:\/\/www.smedemokrati.sk\/wp-content\/uploads\/2023\/08\/555.jpg","articleSection":["Tla\u010dov\u00e9 spr\u00e1vy"],"inLanguage":"cs-CZ"},{"@type":"WebPage","@id":"https:\/\/www.smedemokrati.sk\/prevrat-sa-deje-len-vo-ficovej-hlave\/","url":"https:\/\/www.smedemokrati.sk\/prevrat-sa-deje-len-vo-ficovej-hlave\/","name":"Prevrat sa deje len vo Ficovej hlave - Smedemokrati.sk","isPartOf":{"@id":"https:\/\/www.smedemokrati.sk\/#website"},"primaryImageOfPage":{"@id":"https:\/\/www.smedemokrati.sk\/prevrat-sa-deje-len-vo-ficovej-hlave\/#primaryimage"},"image":{"@id":"https:\/\/www.smedemokrati.sk\/prevrat-sa-deje-len-vo-ficovej-hlave\/#primaryimage"},"thumbnailUrl":"https:\/\/www.smedemokrati.sk\/wp-content\/uploads\/2023\/08\/555.jpg","datePublished":"2023-08-17T12:52:34+00:00","dateModified":"2023-08-17T12:52:35+00:00","breadcrumb":{"@id":"https:\/\/www.smedemokrati.sk\/prevrat-sa-deje-len-vo-ficovej-hlave\/#breadcrumb"},"inLanguage":"cs-CZ","potentialAction":[{"@type":"ReadAction","target":["https:\/\/www.smedemokrati.sk\/prevrat-sa-deje-len-vo-ficovej-hlave\/"]}]},{"@type":"ImageObject","inLanguage":"cs-CZ","@id":"https:\/\/www.smedemokrati.sk\/prevrat-sa-deje-len-vo-ficovej-hlave\/#primaryimage","url":"https:\/\/www.smedemokrati.sk\/wp-content\/uploads\/2023\/08\/555.jpg","contentUrl":"https:\/\/www.smedemokrati.sk\/wp-content\/uploads\/2023\/08\/555.jpg","width":694,"height":498},{"@type":"BreadcrumbList","@id":"https:\/\/www.smedemokrati.sk\/prevrat-sa-deje-len-vo-ficovej-hlave\/#breadcrumb","itemListElement":[{"@type":"ListItem","position":1,"name":"Domovsk\u00e1 str\u00e1nka","item":"https:\/\/www.smedemokrati.sk\/"},{"@type":"ListItem","position":2,"name":"Prevrat sa deje len vo Ficovej hlave"}]},{"@type":"WebSite","@id":"https:\/\/www.smedemokrati.sk\/#website","url":"https:\/\/www.smedemokrati.sk\/","name":"Smedemokrati.sk","description":"Demokracia a slu\u0161nos\u0165 zv\u00ed\u0165az\u00ed","publisher":{"@id":"https:\/\/www.smedemokrati.sk\/#organization"},"potentialAction":[{"@type":"SearchAction","target":{"@type":"EntryPoint","urlTemplate":"https:\/\/www.smedemokrati.sk\/?s={search_term_string}"},"query-input":{"@type":"PropertyValueSpecification","valueRequired":true,"valueName":"search_term_string"}}],"inLanguage":"cs-CZ"},{"@type":"Organization","@id":"https:\/\/www.smedemokrati.sk\/#organization","name":"Smedemokrati.sk","url":"https:\/\/www.smedemokrati.sk\/","logo":{"@type":"ImageObject","inLanguage":"cs-CZ","@id":"https:\/\/www.smedemokrati.sk\/#\/schema\/logo\/image\/","url":"https:\/\/www.smedemokrati.sk\/wp-content\/uploads\/2023\/04\/ff.002.jpeg","contentUrl":"https:\/\/www.smedemokrati.sk\/wp-content\/uploads\/2023\/04\/ff.002.jpeg","width":640,"height":480,"caption":"Smedemokrati.sk"},"image":{"@id":"https:\/\/www.smedemokrati.sk\/#\/schema\/logo\/image\/"},"sameAs":["https:\/\/www.facebook.com\/smedemokrati2023"]},{"@type":"Person","@id":"https:\/\/www.smedemokrati.sk\/#\/schema\/person\/c60720f4b9955b3c1ed222ebd1fbbc7c","name":"Tom\u00e1\u0161 Koppl","image":{"@type":"ImageObject","inLanguage":"cs-CZ","@id":"https:\/\/secure.gravatar.com\/avatar\/8dfa38373c5e39821baf74c8e867a6f12e12c6dab6559aa999d10703b0b1c4ce?s=96&d=mm&r=g","url":"https:\/\/secure.gravatar.com\/avatar\/8dfa38373c5e39821baf74c8e867a6f12e12c6dab6559aa999d10703b0b1c4ce?s=96&d=mm&r=g","contentUrl":"https:\/\/secure.gravatar.com\/avatar\/8dfa38373c5e39821baf74c8e867a6f12e12c6dab6559aa999d10703b0b1c4ce?s=96&d=mm&r=g","caption":"Tom\u00e1\u0161 Koppl"},"url":"https:\/\/www.smedemokrati.sk\/cs\/author\/tomaskoppl\/"}]}},"_links":{"self":[{"href":"https:\/\/www.smedemokrati.sk\/cs\/wp-json\/wp\/v2\/posts\/1736","targetHints":{"allow":["GET"]}}],"collection":[{"href":"https:\/\/www.smedemokrati.sk\/cs\/wp-json\/wp\/v2\/posts"}],"about":[{"href":"https:\/\/www.smedemokrati.sk\/cs\/wp-json\/wp\/v2\/types\/post"}],"author":[{"embeddable":true,"href":"https:\/\/www.smedemokrati.sk\/cs\/wp-json\/wp\/v2\/users\/7"}],"replies":[{"embeddable":true,"href":"https:\/\/www.smedemokrati.sk\/cs\/wp-json\/wp\/v2\/comments?post=1736"}],"version-history":[{"count":1,"href":"https:\/\/www.smedemokrati.sk\/cs\/wp-json\/wp\/v2\/posts\/1736\/revisions"}],"predecessor-version":[{"id":1738,"href":"https:\/\/www.smedemokrati.sk\/cs\/wp-json\/wp\/v2\/posts\/1736\/revisions\/1738"}],"wp:featuredmedia":[{"embeddable":true,"href":"https:\/\/www.smedemokrati.sk\/cs\/wp-json\/wp\/v2\/media\/1737"}],"wp:attachment":[{"href":"https:\/\/www.smedemokrati.sk\/cs\/wp-json\/wp\/v2\/media?parent=1736"}],"wp:term":[{"taxonomy":"category","embeddable":true,"href":"https:\/\/www.smedemokrati.sk\/cs\/wp-json\/wp\/v2\/categories?post=1736"},{"taxonomy":"post_tag","embeddable":true,"href":"https:\/\/www.smedemokrati.sk\/cs\/wp-json\/wp\/v2\/tags?post=1736"}],"curies":[{"name":"wp","href":"https:\/\/api.w.org\/{rel}","templated":true}]}}