{"id":1655,"date":"2023-08-07T14:14:22","date_gmt":"2023-08-07T12:14:22","guid":{"rendered":"https:\/\/www.smedemokrati.sk\/?p=1655"},"modified":"2023-08-07T14:14:24","modified_gmt":"2023-08-07T12:14:24","slug":"trestne-stihanie-za-nazor-slovensko-akutne-potrebuje-reformu-prokuratury","status":"publish","type":"post","link":"https:\/\/www.smedemokrati.sk\/cs\/trestne-stihanie-za-nazor-slovensko-akutne-potrebuje-reformu-prokuratury\/","title":{"rendered":"Trestn\u00e9 st\u00edhanie za n\u00e1zor? Slovensko ak\u00fatne potrebuje reformu prokurat\u00fary"},"content":{"rendered":"<div id=\"fb-root\"><\/div>\n\n<p>Poslanec NR SR a \u010dlen predsedn\u00edctva strany Demokrati Juraj \u0160eliga \u010del\u00ed vy\u0161etrovaniu za ohov\u00e1ranie gener\u00e1lneho prokur\u00e1tora Maro\u0161a \u017dilinku. Poslanec to pova\u017euje za absurdn\u00e9 a hovor\u00ed, \u017ee toto je \u010fal\u0161ia uk\u00e1\u017eka toho, pre\u010do prokurat\u00fara potrebuje reformu. \u0160eliga z\u00e1rove\u0148 predstavil n\u00e1vrh reformy prokurat\u00fary, ktor\u00e1 bude s\u00fa\u010das\u0165ou volebn\u00e9ho programu Demokratov. Volebn\u00e1 l\u00edderka strany Andrea Letanovsk\u00e1 pova\u017euje trestn\u00e9 ozn\u00e1menie za uk\u00e1\u017eku toho, \u010do m\u00f4\u017ee nasledova\u0165 po vo\u013eb\u00e1ch.<\/p>\n\n\n\n<p><strong>\u201eRoky upozor\u0148ujeme na to, ako Maro\u0161 \u017dilinka zneu\u017e\u00edva paragraf 363, \u010do potvrdil aj \u00dastavn\u00fd s\u00fad, ktor\u00fd na\u0161iel 26 poru\u0161en\u00ed z\u00e1kona. Upozor\u0148ujem na to, ako na samotnej gener\u00e1lnej prokurat\u00fare manipuluj\u00fa s nahr\u00e1vkami vy\u0161etrovate\u013eov. Dlhodobo vyz\u00fdvam Maro\u0161a \u017dilinku, aby sa venoval podstatn\u00fdm veciam. A ak\u00e1 je odpove\u010f? Trestn\u00e9 ozn\u00e1menie a vy\u0161etrovanie za ohov\u00e1ranie len pre to, \u017ee som o \u0148om povedal, \u017ee je zbabelec. Pova\u017eujem to za tr\u00e1pny pokus o zastra\u0161enie,\u201c<\/strong> povedal Juraj \u0160eliga.<\/p>\n\n\n\n<p>Pod\u013ea \u0160eligu Slovensko ak\u00fatne potrebuje reformu prokurat\u00fary. <strong>\u201eV strane Demokrati presne vieme, \u010do treba s prokurat\u00farou urobi\u0165. Mus\u00edme zru\u0161i\u0165 sovietsky syst\u00e9m prokurat\u00fary a decentralizova\u0165 moc, aby gener\u00e1lny prokur\u00e1tor nebol v\u0161emocn\u00fd. Cie\u013eom je zv\u00fd\u0161i\u0165 transparentnos\u0165, jasne definova\u0165 pr\u00e1vomoci a zodpovednos\u0165 prokur\u00e1torov a zv\u00fd\u0161i\u0165 efekt\u00edvnos\u0165 trestn\u00e9ho st\u00edhania,\u201c<\/strong> povedal \u0160eliga a z\u00e1rove\u0148 predstavil konkr\u00e9tne zmeny, ktor\u00e9 Demokrati Bud\u00fa presadzova\u0165.<\/p>\n\n\n\n<p><strong>\u201eMus\u00edme skoncova\u0165 so sovietskym modelom prokurat\u00fary. Skr\u00e1time funk\u010dn\u00e9 obdobie gener\u00e1lneho prokur\u00e1tora a z\u00e1rove\u0148 bude odvolate\u013en\u00fd a zru\u0161\u00edme paragraf 363 trestn\u00e9ho poriadku. Nie je toti\u017e mo\u017en\u00e9, aby jeden \u010dlovek dr\u017eal v ruk\u00e1ch moc cel\u00e9ho syst\u00e9mu spravodlivosti. \u010ealej presad\u00edme novelu trestn\u00e9ho poriadku a z\u00e1kona, ktorej s\u00fa\u010das\u0165ou bude napr\u00edklad zn\u00ed\u017eenie trestov, aby sa u\u017e nest\u00e1valo, \u017ee niekto za majetkov\u00fa trestn\u00fa \u010dinnos\u0165 dostane 8 rokov a niekto za to, \u017ee u neho na\u0161li marihuanu dostane 12,\u201c<\/strong> zd\u00f4razni\u0165 \u0160eliga.<\/p>\n\n\n\n<p><strong>\u201eOsobitn\u00e1 kapitola je \u00a7 363. \u017dilinkova gener\u00e1lna prokurat\u00fara aj dnes dok\u00e1zala, \u017ee zasahuje do \u017eiv\u00fdch pr\u00edpadov a nahr\u00e1dza s\u00fad. O \u010dom inom bolo dne\u0161n\u00e9 zru\u0161enie obvinenia Kali\u0148\u00e1kovi? Fakt sa zd\u00e1, \u017ee \u017dilinka je Ficov at\u00f3mov\u00fd kufr\u00edk. Inak si to neviem vysvetli\u0165.\u201c<\/strong> hovor\u00ed Juraj \u0160eliga\u00a0<\/p>\n\n\n\n<p>Pod\u013ea volebnej l\u00edderky Demokratov Andrey Letanovskej je toto ochutn\u00e1vka politick\u00fdch procesov, ktor\u00e9 n\u00e1s m\u00f4\u017eu \u010daka\u0165 po vo\u013eb\u00e1ch. <strong>\u201eSta\u010d\u00ed nepr\u00eds\u0165 voli\u0165. Sta\u010d\u00ed, ke\u010f nech\u00e1te rozhodn\u00fa\u0165 za seba t\u00fdch, ktor\u00ed ur\u010dite voli\u0165 pr\u00eddu. Budeme sa po vo\u013eb\u00e1ch b\u00e1\u0165 poveda\u0165 svoj n\u00e1zor? Chc\u00fa n\u00e1m zak\u00e1za\u0165 slobodne sa vyjadrova\u0165? Ka\u017ed\u00fd, kto verejne kritizuje pr\u00e1cu gener\u00e1lneho prokur\u00e1tora, sa m\u00e1 b\u00e1\u0165 st\u00edhania a vl\u00e1\u010denia po s\u00fadoch?\u201c<\/strong> p\u00fdta sa Letanovsk\u00e1.<\/p>\n\n\n\n<p>Demokrati pod\u013ea Letanovskej pon\u00fakaj\u00fa n\u00e1dej na vznik demokratickej a funk\u010dnej vl\u00e1dy bez Smeru a Hlasu. <strong>\u201ePrin\u00e1\u0161ame do parlamentu a vl\u00e1dy siln\u00fd t\u00edm osobnost\u00ed so sk\u00fasenos\u0165ami s vl\u00e1dnut\u00edm v \u0165a\u017ek\u00fdch \u010dasoch a presadzovan\u00edm dobr\u00fdch z\u00e1konov ako Jaro Na\u010f, Jana \u017dit\u0148ansk\u00e1, Juraj \u0160eliga, Karel Hirman, Jozef Mih\u00e1l, Miro Koll\u00e1r, Edo Heger. Pr\u00ed\u010fte preto 30. septembra voli\u0165, aby ste vy rozhodli. Rozhodujete za seba a svoje deti. Potrebujeme pokojn\u00fa, odborn\u00fa vl\u00e1da, ktor\u00e1 bude Slov\u00e1kom sl\u00fa\u017ei\u0165,\u201c<\/strong> povedala<\/p>\n","protected":false},"excerpt":{"rendered":"<p>Poslanec NR SR a \u010dlen predsedn\u00edctva strany Demokrati Juraj \u0160eliga \u010del\u00ed vy\u0161etrovaniu za ohov\u00e1ranie gener\u00e1lneho prokur\u00e1tora Maro\u0161a \u017dilinku. Poslanec to pova\u017euje za absurdn\u00e9 a hovor\u00ed, \u017ee toto je \u010fal\u0161ia uk\u00e1\u017eka toho, pre\u010do prokurat\u00fara potrebuje reformu. \u0160eliga z\u00e1rove\u0148 predstavil n\u00e1vrh reformy prokurat\u00fary, ktor\u00e1 bude s\u00fa\u010das\u0165ou volebn\u00e9ho programu Demokratov. Volebn\u00e1 l\u00edderka strany Andrea Letanovsk\u00e1 pova\u017euje trestn\u00e9 ozn\u00e1menie [&hellip;]<\/p>\n","protected":false},"author":7,"featured_media":1656,"comment_status":"closed","ping_status":"closed","sticky":false,"template":"","format":"standard","meta":{"_acf_changed":false,"ngg_post_thumbnail":0,"footnotes":""},"categories":[4],"tags":[],"class_list":["post-1655","post","type-post","status-publish","format-standard","has-post-thumbnail","hentry","category-tlacove-spravy"],"acf":[],"yoast_head":"<!-- This site is optimized with the Yoast SEO plugin v27.2 - https:\/\/yoast.com\/product\/yoast-seo-wordpress\/ -->\n<title>Trestn\u00e9 st\u00edhanie za n\u00e1zor? Slovensko ak\u00fatne potrebuje reformu prokurat\u00fary - Smedemokrati.sk<\/title>\n<meta name=\"robots\" content=\"index, follow, max-snippet:-1, max-image-preview:large, max-video-preview:-1\" \/>\n<link rel=\"canonical\" href=\"https:\/\/www.smedemokrati.sk\/cs\/trestne-stihanie-za-nazor-slovensko-akutne-potrebuje-reformu-prokuratury\/\" \/>\n<meta property=\"og:locale\" content=\"cs_CZ\" \/>\n<meta property=\"og:locale:alternate\" content=\"en_US\" \/>\n<meta property=\"og:locale:alternate\" content=\"hu_HU\" \/>\n<meta property=\"og:locale:alternate\" content=\"sk_SK\" \/>\n<meta property=\"og:locale:alternate\" content=\"sv_SE\" \/>\n<meta property=\"og:type\" content=\"article\" \/>\n<meta property=\"og:title\" content=\"Trestn\u00e9 st\u00edhanie za n\u00e1zor? Slovensko ak\u00fatne potrebuje reformu prokurat\u00fary - Smedemokrati.sk\" \/>\n<meta property=\"og:description\" content=\"Poslanec NR SR a \u010dlen predsedn\u00edctva strany Demokrati Juraj \u0160eliga \u010del\u00ed vy\u0161etrovaniu za ohov\u00e1ranie gener\u00e1lneho prokur\u00e1tora Maro\u0161a \u017dilinku. Poslanec to pova\u017euje za absurdn\u00e9 a hovor\u00ed, \u017ee toto je \u010fal\u0161ia uk\u00e1\u017eka toho, pre\u010do prokurat\u00fara potrebuje reformu. \u0160eliga z\u00e1rove\u0148 predstavil n\u00e1vrh reformy prokurat\u00fary, ktor\u00e1 bude s\u00fa\u010das\u0165ou volebn\u00e9ho programu Demokratov. Volebn\u00e1 l\u00edderka strany Andrea Letanovsk\u00e1 pova\u017euje trestn\u00e9 ozn\u00e1menie [&hellip;]\" \/>\n<meta property=\"og:url\" content=\"https:\/\/www.smedemokrati.sk\/cs\/trestne-stihanie-za-nazor-slovensko-akutne-potrebuje-reformu-prokuratury\/\" \/>\n<meta property=\"og:site_name\" content=\"Smedemokrati.sk\" \/>\n<meta property=\"article:publisher\" content=\"https:\/\/www.facebook.com\/smedemokrati2023\" \/>\n<meta property=\"article:published_time\" content=\"2023-08-07T12:14:22+00:00\" \/>\n<meta property=\"article:modified_time\" content=\"2023-08-07T12:14:24+00:00\" \/>\n<meta property=\"og:image\" content=\"https:\/\/www.smedemokrati.sk\/wp-content\/uploads\/2023\/08\/a.jpg\" \/>\n\t<meta property=\"og:image:width\" content=\"1317\" \/>\n\t<meta property=\"og:image:height\" content=\"1015\" \/>\n\t<meta property=\"og:image:type\" content=\"image\/jpeg\" \/>\n<meta name=\"author\" content=\"Tom\u00e1\u0161 Koppl\" \/>\n<meta name=\"twitter:card\" content=\"summary_large_image\" \/>\n<meta name=\"twitter:label1\" content=\"Napsal(a)\" \/>\n\t<meta name=\"twitter:data1\" content=\"Tom\u00e1\u0161 Koppl\" \/>\n\t<meta name=\"twitter:label2\" content=\"Odhadovan\u00e1 doba \u010dten\u00ed\" \/>\n\t<meta name=\"twitter:data2\" content=\"3 minuty\" \/>\n<script type=\"application\/ld+json\" class=\"yoast-schema-graph\">{\"@context\":\"https:\/\/schema.org\",\"@graph\":[{\"@type\":\"Article\",\"@id\":\"https:\/\/www.smedemokrati.sk\/trestne-stihanie-za-nazor-slovensko-akutne-potrebuje-reformu-prokuratury\/#article\",\"isPartOf\":{\"@id\":\"https:\/\/www.smedemokrati.sk\/trestne-stihanie-za-nazor-slovensko-akutne-potrebuje-reformu-prokuratury\/\"},\"author\":{\"name\":\"Tom\u00e1\u0161 Koppl\",\"@id\":\"https:\/\/www.smedemokrati.sk\/#\/schema\/person\/c60720f4b9955b3c1ed222ebd1fbbc7c\"},\"headline\":\"Trestn\u00e9 st\u00edhanie za n\u00e1zor? Slovensko ak\u00fatne potrebuje reformu prokurat\u00fary\",\"datePublished\":\"2023-08-07T12:14:22+00:00\",\"dateModified\":\"2023-08-07T12:14:24+00:00\",\"mainEntityOfPage\":{\"@id\":\"https:\/\/www.smedemokrati.sk\/trestne-stihanie-za-nazor-slovensko-akutne-potrebuje-reformu-prokuratury\/\"},\"wordCount\":603,\"publisher\":{\"@id\":\"https:\/\/www.smedemokrati.sk\/#organization\"},\"image\":{\"@id\":\"https:\/\/www.smedemokrati.sk\/trestne-stihanie-za-nazor-slovensko-akutne-potrebuje-reformu-prokuratury\/#primaryimage\"},\"thumbnailUrl\":\"https:\/\/www.smedemokrati.sk\/wp-content\/uploads\/2023\/08\/a.jpg\",\"articleSection\":[\"Tla\u010dov\u00e9 spr\u00e1vy\"],\"inLanguage\":\"cs-CZ\"},{\"@type\":\"WebPage\",\"@id\":\"https:\/\/www.smedemokrati.sk\/trestne-stihanie-za-nazor-slovensko-akutne-potrebuje-reformu-prokuratury\/\",\"url\":\"https:\/\/www.smedemokrati.sk\/trestne-stihanie-za-nazor-slovensko-akutne-potrebuje-reformu-prokuratury\/\",\"name\":\"Trestn\u00e9 st\u00edhanie za n\u00e1zor? Slovensko ak\u00fatne potrebuje reformu prokurat\u00fary - Smedemokrati.sk\",\"isPartOf\":{\"@id\":\"https:\/\/www.smedemokrati.sk\/#website\"},\"primaryImageOfPage\":{\"@id\":\"https:\/\/www.smedemokrati.sk\/trestne-stihanie-za-nazor-slovensko-akutne-potrebuje-reformu-prokuratury\/#primaryimage\"},\"image\":{\"@id\":\"https:\/\/www.smedemokrati.sk\/trestne-stihanie-za-nazor-slovensko-akutne-potrebuje-reformu-prokuratury\/#primaryimage\"},\"thumbnailUrl\":\"https:\/\/www.smedemokrati.sk\/wp-content\/uploads\/2023\/08\/a.jpg\",\"datePublished\":\"2023-08-07T12:14:22+00:00\",\"dateModified\":\"2023-08-07T12:14:24+00:00\",\"breadcrumb\":{\"@id\":\"https:\/\/www.smedemokrati.sk\/trestne-stihanie-za-nazor-slovensko-akutne-potrebuje-reformu-prokuratury\/#breadcrumb\"},\"inLanguage\":\"cs-CZ\",\"potentialAction\":[{\"@type\":\"ReadAction\",\"target\":[\"https:\/\/www.smedemokrati.sk\/trestne-stihanie-za-nazor-slovensko-akutne-potrebuje-reformu-prokuratury\/\"]}]},{\"@type\":\"ImageObject\",\"inLanguage\":\"cs-CZ\",\"@id\":\"https:\/\/www.smedemokrati.sk\/trestne-stihanie-za-nazor-slovensko-akutne-potrebuje-reformu-prokuratury\/#primaryimage\",\"url\":\"https:\/\/www.smedemokrati.sk\/wp-content\/uploads\/2023\/08\/a.jpg\",\"contentUrl\":\"https:\/\/www.smedemokrati.sk\/wp-content\/uploads\/2023\/08\/a.jpg\",\"width\":1317,\"height\":1015},{\"@type\":\"BreadcrumbList\",\"@id\":\"https:\/\/www.smedemokrati.sk\/trestne-stihanie-za-nazor-slovensko-akutne-potrebuje-reformu-prokuratury\/#breadcrumb\",\"itemListElement\":[{\"@type\":\"ListItem\",\"position\":1,\"name\":\"Domovsk\u00e1 str\u00e1nka\",\"item\":\"https:\/\/www.smedemokrati.sk\/\"},{\"@type\":\"ListItem\",\"position\":2,\"name\":\"Trestn\u00e9 st\u00edhanie za n\u00e1zor? Slovensko ak\u00fatne potrebuje reformu prokurat\u00fary\"}]},{\"@type\":\"WebSite\",\"@id\":\"https:\/\/www.smedemokrati.sk\/#website\",\"url\":\"https:\/\/www.smedemokrati.sk\/\",\"name\":\"Smedemokrati.sk\",\"description\":\"Demokracia a slu\u0161nos\u0165 zv\u00ed\u0165az\u00ed\",\"publisher\":{\"@id\":\"https:\/\/www.smedemokrati.sk\/#organization\"},\"potentialAction\":[{\"@type\":\"SearchAction\",\"target\":{\"@type\":\"EntryPoint\",\"urlTemplate\":\"https:\/\/www.smedemokrati.sk\/?s={search_term_string}\"},\"query-input\":{\"@type\":\"PropertyValueSpecification\",\"valueRequired\":true,\"valueName\":\"search_term_string\"}}],\"inLanguage\":\"cs-CZ\"},{\"@type\":\"Organization\",\"@id\":\"https:\/\/www.smedemokrati.sk\/#organization\",\"name\":\"Smedemokrati.sk\",\"url\":\"https:\/\/www.smedemokrati.sk\/\",\"logo\":{\"@type\":\"ImageObject\",\"inLanguage\":\"cs-CZ\",\"@id\":\"https:\/\/www.smedemokrati.sk\/#\/schema\/logo\/image\/\",\"url\":\"https:\/\/www.smedemokrati.sk\/wp-content\/uploads\/2023\/04\/ff.002.jpeg\",\"contentUrl\":\"https:\/\/www.smedemokrati.sk\/wp-content\/uploads\/2023\/04\/ff.002.jpeg\",\"width\":640,\"height\":480,\"caption\":\"Smedemokrati.sk\"},\"image\":{\"@id\":\"https:\/\/www.smedemokrati.sk\/#\/schema\/logo\/image\/\"},\"sameAs\":[\"https:\/\/www.facebook.com\/smedemokrati2023\"]},{\"@type\":\"Person\",\"@id\":\"https:\/\/www.smedemokrati.sk\/#\/schema\/person\/c60720f4b9955b3c1ed222ebd1fbbc7c\",\"name\":\"Tom\u00e1\u0161 Koppl\",\"image\":{\"@type\":\"ImageObject\",\"inLanguage\":\"cs-CZ\",\"@id\":\"https:\/\/secure.gravatar.com\/avatar\/8dfa38373c5e39821baf74c8e867a6f12e12c6dab6559aa999d10703b0b1c4ce?s=96&d=mm&r=g\",\"url\":\"https:\/\/secure.gravatar.com\/avatar\/8dfa38373c5e39821baf74c8e867a6f12e12c6dab6559aa999d10703b0b1c4ce?s=96&d=mm&r=g\",\"contentUrl\":\"https:\/\/secure.gravatar.com\/avatar\/8dfa38373c5e39821baf74c8e867a6f12e12c6dab6559aa999d10703b0b1c4ce?s=96&d=mm&r=g\",\"caption\":\"Tom\u00e1\u0161 Koppl\"},\"url\":\"https:\/\/www.smedemokrati.sk\/cs\/author\/tomaskoppl\/\"}]}<\/script>\n<!-- \/ Yoast SEO plugin. -->","yoast_head_json":{"title":"Trestn\u00e9 st\u00edhanie za n\u00e1zor? Slovensko ak\u00fatne potrebuje reformu prokurat\u00fary - Smedemokrati.sk","robots":{"index":"index","follow":"follow","max-snippet":"max-snippet:-1","max-image-preview":"max-image-preview:large","max-video-preview":"max-video-preview:-1"},"canonical":"https:\/\/www.smedemokrati.sk\/cs\/trestne-stihanie-za-nazor-slovensko-akutne-potrebuje-reformu-prokuratury\/","og_locale":"cs_CZ","og_type":"article","og_title":"Trestn\u00e9 st\u00edhanie za n\u00e1zor? Slovensko ak\u00fatne potrebuje reformu prokurat\u00fary - Smedemokrati.sk","og_description":"Poslanec NR SR a \u010dlen predsedn\u00edctva strany Demokrati Juraj \u0160eliga \u010del\u00ed vy\u0161etrovaniu za ohov\u00e1ranie gener\u00e1lneho prokur\u00e1tora Maro\u0161a \u017dilinku. Poslanec to pova\u017euje za absurdn\u00e9 a hovor\u00ed, \u017ee toto je \u010fal\u0161ia uk\u00e1\u017eka toho, pre\u010do prokurat\u00fara potrebuje reformu. \u0160eliga z\u00e1rove\u0148 predstavil n\u00e1vrh reformy prokurat\u00fary, ktor\u00e1 bude s\u00fa\u010das\u0165ou volebn\u00e9ho programu Demokratov. Volebn\u00e1 l\u00edderka strany Andrea Letanovsk\u00e1 pova\u017euje trestn\u00e9 ozn\u00e1menie [&hellip;]","og_url":"https:\/\/www.smedemokrati.sk\/cs\/trestne-stihanie-za-nazor-slovensko-akutne-potrebuje-reformu-prokuratury\/","og_site_name":"Smedemokrati.sk","article_publisher":"https:\/\/www.facebook.com\/smedemokrati2023","article_published_time":"2023-08-07T12:14:22+00:00","article_modified_time":"2023-08-07T12:14:24+00:00","og_image":[{"width":1317,"height":1015,"url":"https:\/\/www.smedemokrati.sk\/wp-content\/uploads\/2023\/08\/a.jpg","type":"image\/jpeg"}],"author":"Tom\u00e1\u0161 Koppl","twitter_card":"summary_large_image","twitter_misc":{"Napsal(a)":"Tom\u00e1\u0161 Koppl","Odhadovan\u00e1 doba \u010dten\u00ed":"3 minuty"},"schema":{"@context":"https:\/\/schema.org","@graph":[{"@type":"Article","@id":"https:\/\/www.smedemokrati.sk\/trestne-stihanie-za-nazor-slovensko-akutne-potrebuje-reformu-prokuratury\/#article","isPartOf":{"@id":"https:\/\/www.smedemokrati.sk\/trestne-stihanie-za-nazor-slovensko-akutne-potrebuje-reformu-prokuratury\/"},"author":{"name":"Tom\u00e1\u0161 Koppl","@id":"https:\/\/www.smedemokrati.sk\/#\/schema\/person\/c60720f4b9955b3c1ed222ebd1fbbc7c"},"headline":"Trestn\u00e9 st\u00edhanie za n\u00e1zor? Slovensko ak\u00fatne potrebuje reformu prokurat\u00fary","datePublished":"2023-08-07T12:14:22+00:00","dateModified":"2023-08-07T12:14:24+00:00","mainEntityOfPage":{"@id":"https:\/\/www.smedemokrati.sk\/trestne-stihanie-za-nazor-slovensko-akutne-potrebuje-reformu-prokuratury\/"},"wordCount":603,"publisher":{"@id":"https:\/\/www.smedemokrati.sk\/#organization"},"image":{"@id":"https:\/\/www.smedemokrati.sk\/trestne-stihanie-za-nazor-slovensko-akutne-potrebuje-reformu-prokuratury\/#primaryimage"},"thumbnailUrl":"https:\/\/www.smedemokrati.sk\/wp-content\/uploads\/2023\/08\/a.jpg","articleSection":["Tla\u010dov\u00e9 spr\u00e1vy"],"inLanguage":"cs-CZ"},{"@type":"WebPage","@id":"https:\/\/www.smedemokrati.sk\/trestne-stihanie-za-nazor-slovensko-akutne-potrebuje-reformu-prokuratury\/","url":"https:\/\/www.smedemokrati.sk\/trestne-stihanie-za-nazor-slovensko-akutne-potrebuje-reformu-prokuratury\/","name":"Trestn\u00e9 st\u00edhanie za n\u00e1zor? Slovensko ak\u00fatne potrebuje reformu prokurat\u00fary - Smedemokrati.sk","isPartOf":{"@id":"https:\/\/www.smedemokrati.sk\/#website"},"primaryImageOfPage":{"@id":"https:\/\/www.smedemokrati.sk\/trestne-stihanie-za-nazor-slovensko-akutne-potrebuje-reformu-prokuratury\/#primaryimage"},"image":{"@id":"https:\/\/www.smedemokrati.sk\/trestne-stihanie-za-nazor-slovensko-akutne-potrebuje-reformu-prokuratury\/#primaryimage"},"thumbnailUrl":"https:\/\/www.smedemokrati.sk\/wp-content\/uploads\/2023\/08\/a.jpg","datePublished":"2023-08-07T12:14:22+00:00","dateModified":"2023-08-07T12:14:24+00:00","breadcrumb":{"@id":"https:\/\/www.smedemokrati.sk\/trestne-stihanie-za-nazor-slovensko-akutne-potrebuje-reformu-prokuratury\/#breadcrumb"},"inLanguage":"cs-CZ","potentialAction":[{"@type":"ReadAction","target":["https:\/\/www.smedemokrati.sk\/trestne-stihanie-za-nazor-slovensko-akutne-potrebuje-reformu-prokuratury\/"]}]},{"@type":"ImageObject","inLanguage":"cs-CZ","@id":"https:\/\/www.smedemokrati.sk\/trestne-stihanie-za-nazor-slovensko-akutne-potrebuje-reformu-prokuratury\/#primaryimage","url":"https:\/\/www.smedemokrati.sk\/wp-content\/uploads\/2023\/08\/a.jpg","contentUrl":"https:\/\/www.smedemokrati.sk\/wp-content\/uploads\/2023\/08\/a.jpg","width":1317,"height":1015},{"@type":"BreadcrumbList","@id":"https:\/\/www.smedemokrati.sk\/trestne-stihanie-za-nazor-slovensko-akutne-potrebuje-reformu-prokuratury\/#breadcrumb","itemListElement":[{"@type":"ListItem","position":1,"name":"Domovsk\u00e1 str\u00e1nka","item":"https:\/\/www.smedemokrati.sk\/"},{"@type":"ListItem","position":2,"name":"Trestn\u00e9 st\u00edhanie za n\u00e1zor? Slovensko ak\u00fatne potrebuje reformu prokurat\u00fary"}]},{"@type":"WebSite","@id":"https:\/\/www.smedemokrati.sk\/#website","url":"https:\/\/www.smedemokrati.sk\/","name":"Smedemokrati.sk","description":"Demokracia a slu\u0161nos\u0165 zv\u00ed\u0165az\u00ed","publisher":{"@id":"https:\/\/www.smedemokrati.sk\/#organization"},"potentialAction":[{"@type":"SearchAction","target":{"@type":"EntryPoint","urlTemplate":"https:\/\/www.smedemokrati.sk\/?s={search_term_string}"},"query-input":{"@type":"PropertyValueSpecification","valueRequired":true,"valueName":"search_term_string"}}],"inLanguage":"cs-CZ"},{"@type":"Organization","@id":"https:\/\/www.smedemokrati.sk\/#organization","name":"Smedemokrati.sk","url":"https:\/\/www.smedemokrati.sk\/","logo":{"@type":"ImageObject","inLanguage":"cs-CZ","@id":"https:\/\/www.smedemokrati.sk\/#\/schema\/logo\/image\/","url":"https:\/\/www.smedemokrati.sk\/wp-content\/uploads\/2023\/04\/ff.002.jpeg","contentUrl":"https:\/\/www.smedemokrati.sk\/wp-content\/uploads\/2023\/04\/ff.002.jpeg","width":640,"height":480,"caption":"Smedemokrati.sk"},"image":{"@id":"https:\/\/www.smedemokrati.sk\/#\/schema\/logo\/image\/"},"sameAs":["https:\/\/www.facebook.com\/smedemokrati2023"]},{"@type":"Person","@id":"https:\/\/www.smedemokrati.sk\/#\/schema\/person\/c60720f4b9955b3c1ed222ebd1fbbc7c","name":"Tom\u00e1\u0161 Koppl","image":{"@type":"ImageObject","inLanguage":"cs-CZ","@id":"https:\/\/secure.gravatar.com\/avatar\/8dfa38373c5e39821baf74c8e867a6f12e12c6dab6559aa999d10703b0b1c4ce?s=96&d=mm&r=g","url":"https:\/\/secure.gravatar.com\/avatar\/8dfa38373c5e39821baf74c8e867a6f12e12c6dab6559aa999d10703b0b1c4ce?s=96&d=mm&r=g","contentUrl":"https:\/\/secure.gravatar.com\/avatar\/8dfa38373c5e39821baf74c8e867a6f12e12c6dab6559aa999d10703b0b1c4ce?s=96&d=mm&r=g","caption":"Tom\u00e1\u0161 Koppl"},"url":"https:\/\/www.smedemokrati.sk\/cs\/author\/tomaskoppl\/"}]}},"_links":{"self":[{"href":"https:\/\/www.smedemokrati.sk\/cs\/wp-json\/wp\/v2\/posts\/1655","targetHints":{"allow":["GET"]}}],"collection":[{"href":"https:\/\/www.smedemokrati.sk\/cs\/wp-json\/wp\/v2\/posts"}],"about":[{"href":"https:\/\/www.smedemokrati.sk\/cs\/wp-json\/wp\/v2\/types\/post"}],"author":[{"embeddable":true,"href":"https:\/\/www.smedemokrati.sk\/cs\/wp-json\/wp\/v2\/users\/7"}],"replies":[{"embeddable":true,"href":"https:\/\/www.smedemokrati.sk\/cs\/wp-json\/wp\/v2\/comments?post=1655"}],"version-history":[{"count":1,"href":"https:\/\/www.smedemokrati.sk\/cs\/wp-json\/wp\/v2\/posts\/1655\/revisions"}],"predecessor-version":[{"id":1657,"href":"https:\/\/www.smedemokrati.sk\/cs\/wp-json\/wp\/v2\/posts\/1655\/revisions\/1657"}],"wp:featuredmedia":[{"embeddable":true,"href":"https:\/\/www.smedemokrati.sk\/cs\/wp-json\/wp\/v2\/media\/1656"}],"wp:attachment":[{"href":"https:\/\/www.smedemokrati.sk\/cs\/wp-json\/wp\/v2\/media?parent=1655"}],"wp:term":[{"taxonomy":"category","embeddable":true,"href":"https:\/\/www.smedemokrati.sk\/cs\/wp-json\/wp\/v2\/categories?post=1655"},{"taxonomy":"post_tag","embeddable":true,"href":"https:\/\/www.smedemokrati.sk\/cs\/wp-json\/wp\/v2\/tags?post=1655"}],"curies":[{"name":"wp","href":"https:\/\/api.w.org\/{rel}","templated":true}]}}