{"id":1644,"date":"2023-08-04T23:37:44","date_gmt":"2023-08-04T21:37:44","guid":{"rendered":"https:\/\/www.smedemokrati.sk\/?p=1644"},"modified":"2023-08-04T23:37:45","modified_gmt":"2023-08-04T21:37:45","slug":"ziadame-vysvetlenie-postupu-ministra-biresa-ohladom-gmo","status":"publish","type":"post","link":"https:\/\/www.smedemokrati.sk\/cs\/ziadame-vysvetlenie-postupu-ministra-biresa-ohladom-gmo\/","title":{"rendered":"\u017diadame vysvetlenie postupu ministra B\u00edre\u0161a oh\u013eadom GMO"},"content":{"rendered":"<div id=\"fb-root\"><\/div>\n\n<p>Michal Ki\u010da (Demokrati):\u00a0<strong>\u201e\u017diadame vysvetlenie postupu ministra B\u00edre\u0161a oh\u013eadom GMO.<\/strong><\/p>\n\n\n\n<p><strong>Minister p\u00f4dohospod\u00e1rstva a rozvoja vidieka SR Jozef B\u00edre\u0161 na zasadnut\u00ed Rady ministrov E\u00da pre p\u00f4dohospod\u00e1rstvo pred nieko\u013ek\u00fdmi d\u0148ami v mene Slovenska podporil legislat\u00edvu umo\u017e\u0148uj\u00facu uv\u00e1dzanie takzvan\u00fdch nov\u00fdch gen\u00f3mov\u00fdch techn\u00edk pri produkcii potrav\u00edn.\u00a0<\/strong><\/p>\n\n\n\n<p><strong>N\u00e1vrh Eur\u00f3pskej komisie odmietalo pod na\u0161\u00edm veden\u00edm aj Ministerstvo \u017eivotn\u00e9ho prostredia SR, ob\u010dianska iniciat\u00edva Slovensko bez GMO, Slovensk\u00fd v\u010del\u00e1rsky zv\u00e4z ako aj z\u00e1stupcovia vidieckych organiz\u00e1ci\u00ed, ekologick\u00fdch farm\u00e1rov \u010di po\u013eovn\u00edkov. Poprel t\u00fdm aj stanovisko svojho vlastn\u00e9ho rezortu, ktor\u00fd sa vo\u010di tomuto n\u00e1vrhu e\u0161te doned\u00e1vna st\u00e1val kriticky.<\/strong><\/p>\n\n\n\n<p><strong>Napr\u00edklad e\u0161te v marci som sa pripojil k iniciat\u00edve rak\u00faskej feder\u00e1lnej ministerky pre \u017eivotn\u00e9 prostredie, ktor\u00e1 tak\u00fdto legislat\u00edvny n\u00e1vrh rovnako odmietla.<\/strong><\/p>\n\n\n\n<p><strong>Nov\u00e9 gen\u00f3mov\u00e9 techniky s\u00fa kateg\u00f3riou GMO, ktor\u00e9 s\u00fa st\u00e1le spojen\u00e9 so z\u00e1va\u017en\u00fdmi rizikami. Preto je namieste vysok\u00e1 opatrnos\u0165. Pokia\u013e nevieme \u00faplne vyl\u00fa\u010di\u0165 potenci\u00e1lne dopady na \u017eivotn\u00e9 prostredie a zdravie obyvate\u013eov, je tak\u00fdto n\u00e1vrh pred\u010dasn\u00fd.&nbsp;<\/strong><\/p>\n\n\n\n<p><strong>Postup ministra B\u00edre\u0161a vn\u00edmam kriticky. Naviac, \u00fapln\u00fa zmenu svojho postoja nejak\u00fdm sp\u00f4sobom nevysvetlil.<\/strong><\/p>\n\n\n\n<p><strong>Spolu s poslancami za Demokratov budeme \u017eiada\u0165 vysvetlenie jeho konania a priprav\u00edme \u010fal\u0161ie kroky.\u201c<\/strong><\/p>\n","protected":false},"excerpt":{"rendered":"<p>Michal Ki\u010da (Demokrati):\u00a0\u201e\u017diadame vysvetlenie postupu ministra B\u00edre\u0161a oh\u013eadom GMO. Minister p\u00f4dohospod\u00e1rstva a rozvoja vidieka SR Jozef B\u00edre\u0161 na zasadnut\u00ed Rady ministrov E\u00da pre p\u00f4dohospod\u00e1rstvo pred nieko\u013ek\u00fdmi d\u0148ami v mene Slovenska podporil legislat\u00edvu umo\u017e\u0148uj\u00facu uv\u00e1dzanie takzvan\u00fdch nov\u00fdch gen\u00f3mov\u00fdch techn\u00edk pri produkcii potrav\u00edn.\u00a0 N\u00e1vrh Eur\u00f3pskej komisie odmietalo pod na\u0161\u00edm veden\u00edm aj Ministerstvo \u017eivotn\u00e9ho prostredia SR, ob\u010dianska iniciat\u00edva [&hellip;]<\/p>\n","protected":false},"author":7,"featured_media":385,"comment_status":"closed","ping_status":"closed","sticky":false,"template":"","format":"standard","meta":{"_acf_changed":false,"ngg_post_thumbnail":0,"footnotes":""},"categories":[4],"tags":[],"class_list":["post-1644","post","type-post","status-publish","format-standard","has-post-thumbnail","hentry","category-tlacove-spravy"],"acf":[],"yoast_head":"<!-- This site is optimized with the Yoast SEO plugin v27.2 - https:\/\/yoast.com\/product\/yoast-seo-wordpress\/ -->\n<title>\u017diadame vysvetlenie postupu ministra B\u00edre\u0161a oh\u013eadom GMO - Smedemokrati.sk<\/title>\n<meta name=\"robots\" content=\"index, follow, max-snippet:-1, max-image-preview:large, max-video-preview:-1\" \/>\n<link rel=\"canonical\" href=\"https:\/\/www.smedemokrati.sk\/cs\/ziadame-vysvetlenie-postupu-ministra-biresa-ohladom-gmo\/\" \/>\n<meta property=\"og:locale\" content=\"cs_CZ\" \/>\n<meta property=\"og:locale:alternate\" content=\"en_US\" \/>\n<meta property=\"og:locale:alternate\" content=\"hu_HU\" \/>\n<meta property=\"og:locale:alternate\" content=\"sk_SK\" \/>\n<meta property=\"og:locale:alternate\" content=\"sv_SE\" \/>\n<meta property=\"og:type\" content=\"article\" \/>\n<meta property=\"og:title\" content=\"\u017diadame vysvetlenie postupu ministra B\u00edre\u0161a oh\u013eadom GMO - Smedemokrati.sk\" \/>\n<meta property=\"og:description\" content=\"Michal Ki\u010da (Demokrati):\u00a0\u201e\u017diadame vysvetlenie postupu ministra B\u00edre\u0161a oh\u013eadom GMO. Minister p\u00f4dohospod\u00e1rstva a rozvoja vidieka SR Jozef B\u00edre\u0161 na zasadnut\u00ed Rady ministrov E\u00da pre p\u00f4dohospod\u00e1rstvo pred nieko\u013ek\u00fdmi d\u0148ami v mene Slovenska podporil legislat\u00edvu umo\u017e\u0148uj\u00facu uv\u00e1dzanie takzvan\u00fdch nov\u00fdch gen\u00f3mov\u00fdch techn\u00edk pri produkcii potrav\u00edn.\u00a0 N\u00e1vrh Eur\u00f3pskej komisie odmietalo pod na\u0161\u00edm veden\u00edm aj Ministerstvo \u017eivotn\u00e9ho prostredia SR, ob\u010dianska iniciat\u00edva [&hellip;]\" \/>\n<meta property=\"og:url\" content=\"https:\/\/www.smedemokrati.sk\/cs\/ziadame-vysvetlenie-postupu-ministra-biresa-ohladom-gmo\/\" \/>\n<meta property=\"og:site_name\" content=\"Smedemokrati.sk\" \/>\n<meta property=\"article:publisher\" content=\"https:\/\/www.facebook.com\/smedemokrati2023\" \/>\n<meta property=\"article:published_time\" content=\"2023-08-04T21:37:44+00:00\" \/>\n<meta property=\"article:modified_time\" content=\"2023-08-04T21:37:45+00:00\" \/>\n<meta property=\"og:image\" content=\"https:\/\/www.smedemokrati.sk\/wp-content\/uploads\/2023\/04\/MKica.jpg\" \/>\n\t<meta property=\"og:image:width\" content=\"1520\" \/>\n\t<meta property=\"og:image:height\" content=\"1080\" \/>\n\t<meta property=\"og:image:type\" content=\"image\/jpeg\" \/>\n<meta name=\"author\" content=\"Tom\u00e1\u0161 Koppl\" \/>\n<meta name=\"twitter:card\" content=\"summary_large_image\" \/>\n<meta name=\"twitter:label1\" content=\"Napsal(a)\" \/>\n\t<meta name=\"twitter:data1\" content=\"Tom\u00e1\u0161 Koppl\" \/>\n\t<meta name=\"twitter:label2\" content=\"Odhadovan\u00e1 doba \u010dten\u00ed\" \/>\n\t<meta name=\"twitter:data2\" content=\"1 minuta\" \/>\n<script type=\"application\/ld+json\" class=\"yoast-schema-graph\">{\"@context\":\"https:\/\/schema.org\",\"@graph\":[{\"@type\":\"Article\",\"@id\":\"https:\/\/www.smedemokrati.sk\/ziadame-vysvetlenie-postupu-ministra-biresa-ohladom-gmo\/#article\",\"isPartOf\":{\"@id\":\"https:\/\/www.smedemokrati.sk\/ziadame-vysvetlenie-postupu-ministra-biresa-ohladom-gmo\/\"},\"author\":{\"name\":\"Tom\u00e1\u0161 Koppl\",\"@id\":\"https:\/\/www.smedemokrati.sk\/#\/schema\/person\/c60720f4b9955b3c1ed222ebd1fbbc7c\"},\"headline\":\"\u017diadame vysvetlenie postupu ministra B\u00edre\u0161a oh\u013eadom GMO\",\"datePublished\":\"2023-08-04T21:37:44+00:00\",\"dateModified\":\"2023-08-04T21:37:45+00:00\",\"mainEntityOfPage\":{\"@id\":\"https:\/\/www.smedemokrati.sk\/ziadame-vysvetlenie-postupu-ministra-biresa-ohladom-gmo\/\"},\"wordCount\":252,\"publisher\":{\"@id\":\"https:\/\/www.smedemokrati.sk\/#organization\"},\"image\":{\"@id\":\"https:\/\/www.smedemokrati.sk\/ziadame-vysvetlenie-postupu-ministra-biresa-ohladom-gmo\/#primaryimage\"},\"thumbnailUrl\":\"https:\/\/www.smedemokrati.sk\/wp-content\/uploads\/2023\/04\/MKica.jpg\",\"articleSection\":[\"Tla\u010dov\u00e9 spr\u00e1vy\"],\"inLanguage\":\"cs-CZ\"},{\"@type\":\"WebPage\",\"@id\":\"https:\/\/www.smedemokrati.sk\/ziadame-vysvetlenie-postupu-ministra-biresa-ohladom-gmo\/\",\"url\":\"https:\/\/www.smedemokrati.sk\/ziadame-vysvetlenie-postupu-ministra-biresa-ohladom-gmo\/\",\"name\":\"\u017diadame vysvetlenie postupu ministra B\u00edre\u0161a oh\u013eadom GMO - Smedemokrati.sk\",\"isPartOf\":{\"@id\":\"https:\/\/www.smedemokrati.sk\/#website\"},\"primaryImageOfPage\":{\"@id\":\"https:\/\/www.smedemokrati.sk\/ziadame-vysvetlenie-postupu-ministra-biresa-ohladom-gmo\/#primaryimage\"},\"image\":{\"@id\":\"https:\/\/www.smedemokrati.sk\/ziadame-vysvetlenie-postupu-ministra-biresa-ohladom-gmo\/#primaryimage\"},\"thumbnailUrl\":\"https:\/\/www.smedemokrati.sk\/wp-content\/uploads\/2023\/04\/MKica.jpg\",\"datePublished\":\"2023-08-04T21:37:44+00:00\",\"dateModified\":\"2023-08-04T21:37:45+00:00\",\"breadcrumb\":{\"@id\":\"https:\/\/www.smedemokrati.sk\/ziadame-vysvetlenie-postupu-ministra-biresa-ohladom-gmo\/#breadcrumb\"},\"inLanguage\":\"cs-CZ\",\"potentialAction\":[{\"@type\":\"ReadAction\",\"target\":[\"https:\/\/www.smedemokrati.sk\/ziadame-vysvetlenie-postupu-ministra-biresa-ohladom-gmo\/\"]}]},{\"@type\":\"ImageObject\",\"inLanguage\":\"cs-CZ\",\"@id\":\"https:\/\/www.smedemokrati.sk\/ziadame-vysvetlenie-postupu-ministra-biresa-ohladom-gmo\/#primaryimage\",\"url\":\"https:\/\/www.smedemokrati.sk\/wp-content\/uploads\/2023\/04\/MKica.jpg\",\"contentUrl\":\"https:\/\/www.smedemokrati.sk\/wp-content\/uploads\/2023\/04\/MKica.jpg\",\"width\":1520,\"height\":1080},{\"@type\":\"BreadcrumbList\",\"@id\":\"https:\/\/www.smedemokrati.sk\/ziadame-vysvetlenie-postupu-ministra-biresa-ohladom-gmo\/#breadcrumb\",\"itemListElement\":[{\"@type\":\"ListItem\",\"position\":1,\"name\":\"Domovsk\u00e1 str\u00e1nka\",\"item\":\"https:\/\/www.smedemokrati.sk\/\"},{\"@type\":\"ListItem\",\"position\":2,\"name\":\"\u017diadame vysvetlenie postupu ministra B\u00edre\u0161a oh\u013eadom GMO\"}]},{\"@type\":\"WebSite\",\"@id\":\"https:\/\/www.smedemokrati.sk\/#website\",\"url\":\"https:\/\/www.smedemokrati.sk\/\",\"name\":\"Smedemokrati.sk\",\"description\":\"Demokracia a slu\u0161nos\u0165 zv\u00ed\u0165az\u00ed\",\"publisher\":{\"@id\":\"https:\/\/www.smedemokrati.sk\/#organization\"},\"potentialAction\":[{\"@type\":\"SearchAction\",\"target\":{\"@type\":\"EntryPoint\",\"urlTemplate\":\"https:\/\/www.smedemokrati.sk\/?s={search_term_string}\"},\"query-input\":{\"@type\":\"PropertyValueSpecification\",\"valueRequired\":true,\"valueName\":\"search_term_string\"}}],\"inLanguage\":\"cs-CZ\"},{\"@type\":\"Organization\",\"@id\":\"https:\/\/www.smedemokrati.sk\/#organization\",\"name\":\"Smedemokrati.sk\",\"url\":\"https:\/\/www.smedemokrati.sk\/\",\"logo\":{\"@type\":\"ImageObject\",\"inLanguage\":\"cs-CZ\",\"@id\":\"https:\/\/www.smedemokrati.sk\/#\/schema\/logo\/image\/\",\"url\":\"https:\/\/www.smedemokrati.sk\/wp-content\/uploads\/2023\/04\/ff.002.jpeg\",\"contentUrl\":\"https:\/\/www.smedemokrati.sk\/wp-content\/uploads\/2023\/04\/ff.002.jpeg\",\"width\":640,\"height\":480,\"caption\":\"Smedemokrati.sk\"},\"image\":{\"@id\":\"https:\/\/www.smedemokrati.sk\/#\/schema\/logo\/image\/\"},\"sameAs\":[\"https:\/\/www.facebook.com\/smedemokrati2023\"]},{\"@type\":\"Person\",\"@id\":\"https:\/\/www.smedemokrati.sk\/#\/schema\/person\/c60720f4b9955b3c1ed222ebd1fbbc7c\",\"name\":\"Tom\u00e1\u0161 Koppl\",\"image\":{\"@type\":\"ImageObject\",\"inLanguage\":\"cs-CZ\",\"@id\":\"https:\/\/secure.gravatar.com\/avatar\/8dfa38373c5e39821baf74c8e867a6f12e12c6dab6559aa999d10703b0b1c4ce?s=96&d=mm&r=g\",\"url\":\"https:\/\/secure.gravatar.com\/avatar\/8dfa38373c5e39821baf74c8e867a6f12e12c6dab6559aa999d10703b0b1c4ce?s=96&d=mm&r=g\",\"contentUrl\":\"https:\/\/secure.gravatar.com\/avatar\/8dfa38373c5e39821baf74c8e867a6f12e12c6dab6559aa999d10703b0b1c4ce?s=96&d=mm&r=g\",\"caption\":\"Tom\u00e1\u0161 Koppl\"},\"url\":\"https:\/\/www.smedemokrati.sk\/cs\/author\/tomaskoppl\/\"}]}<\/script>\n<!-- \/ Yoast SEO plugin. -->","yoast_head_json":{"title":"\u017diadame vysvetlenie postupu ministra B\u00edre\u0161a oh\u013eadom GMO - Smedemokrati.sk","robots":{"index":"index","follow":"follow","max-snippet":"max-snippet:-1","max-image-preview":"max-image-preview:large","max-video-preview":"max-video-preview:-1"},"canonical":"https:\/\/www.smedemokrati.sk\/cs\/ziadame-vysvetlenie-postupu-ministra-biresa-ohladom-gmo\/","og_locale":"cs_CZ","og_type":"article","og_title":"\u017diadame vysvetlenie postupu ministra B\u00edre\u0161a oh\u013eadom GMO - Smedemokrati.sk","og_description":"Michal Ki\u010da (Demokrati):\u00a0\u201e\u017diadame vysvetlenie postupu ministra B\u00edre\u0161a oh\u013eadom GMO. Minister p\u00f4dohospod\u00e1rstva a rozvoja vidieka SR Jozef B\u00edre\u0161 na zasadnut\u00ed Rady ministrov E\u00da pre p\u00f4dohospod\u00e1rstvo pred nieko\u013ek\u00fdmi d\u0148ami v mene Slovenska podporil legislat\u00edvu umo\u017e\u0148uj\u00facu uv\u00e1dzanie takzvan\u00fdch nov\u00fdch gen\u00f3mov\u00fdch techn\u00edk pri produkcii potrav\u00edn.\u00a0 N\u00e1vrh Eur\u00f3pskej komisie odmietalo pod na\u0161\u00edm veden\u00edm aj Ministerstvo \u017eivotn\u00e9ho prostredia SR, ob\u010dianska iniciat\u00edva [&hellip;]","og_url":"https:\/\/www.smedemokrati.sk\/cs\/ziadame-vysvetlenie-postupu-ministra-biresa-ohladom-gmo\/","og_site_name":"Smedemokrati.sk","article_publisher":"https:\/\/www.facebook.com\/smedemokrati2023","article_published_time":"2023-08-04T21:37:44+00:00","article_modified_time":"2023-08-04T21:37:45+00:00","og_image":[{"width":1520,"height":1080,"url":"https:\/\/www.smedemokrati.sk\/wp-content\/uploads\/2023\/04\/MKica.jpg","type":"image\/jpeg"}],"author":"Tom\u00e1\u0161 Koppl","twitter_card":"summary_large_image","twitter_misc":{"Napsal(a)":"Tom\u00e1\u0161 Koppl","Odhadovan\u00e1 doba \u010dten\u00ed":"1 minuta"},"schema":{"@context":"https:\/\/schema.org","@graph":[{"@type":"Article","@id":"https:\/\/www.smedemokrati.sk\/ziadame-vysvetlenie-postupu-ministra-biresa-ohladom-gmo\/#article","isPartOf":{"@id":"https:\/\/www.smedemokrati.sk\/ziadame-vysvetlenie-postupu-ministra-biresa-ohladom-gmo\/"},"author":{"name":"Tom\u00e1\u0161 Koppl","@id":"https:\/\/www.smedemokrati.sk\/#\/schema\/person\/c60720f4b9955b3c1ed222ebd1fbbc7c"},"headline":"\u017diadame vysvetlenie postupu ministra B\u00edre\u0161a oh\u013eadom GMO","datePublished":"2023-08-04T21:37:44+00:00","dateModified":"2023-08-04T21:37:45+00:00","mainEntityOfPage":{"@id":"https:\/\/www.smedemokrati.sk\/ziadame-vysvetlenie-postupu-ministra-biresa-ohladom-gmo\/"},"wordCount":252,"publisher":{"@id":"https:\/\/www.smedemokrati.sk\/#organization"},"image":{"@id":"https:\/\/www.smedemokrati.sk\/ziadame-vysvetlenie-postupu-ministra-biresa-ohladom-gmo\/#primaryimage"},"thumbnailUrl":"https:\/\/www.smedemokrati.sk\/wp-content\/uploads\/2023\/04\/MKica.jpg","articleSection":["Tla\u010dov\u00e9 spr\u00e1vy"],"inLanguage":"cs-CZ"},{"@type":"WebPage","@id":"https:\/\/www.smedemokrati.sk\/ziadame-vysvetlenie-postupu-ministra-biresa-ohladom-gmo\/","url":"https:\/\/www.smedemokrati.sk\/ziadame-vysvetlenie-postupu-ministra-biresa-ohladom-gmo\/","name":"\u017diadame vysvetlenie postupu ministra B\u00edre\u0161a oh\u013eadom GMO - Smedemokrati.sk","isPartOf":{"@id":"https:\/\/www.smedemokrati.sk\/#website"},"primaryImageOfPage":{"@id":"https:\/\/www.smedemokrati.sk\/ziadame-vysvetlenie-postupu-ministra-biresa-ohladom-gmo\/#primaryimage"},"image":{"@id":"https:\/\/www.smedemokrati.sk\/ziadame-vysvetlenie-postupu-ministra-biresa-ohladom-gmo\/#primaryimage"},"thumbnailUrl":"https:\/\/www.smedemokrati.sk\/wp-content\/uploads\/2023\/04\/MKica.jpg","datePublished":"2023-08-04T21:37:44+00:00","dateModified":"2023-08-04T21:37:45+00:00","breadcrumb":{"@id":"https:\/\/www.smedemokrati.sk\/ziadame-vysvetlenie-postupu-ministra-biresa-ohladom-gmo\/#breadcrumb"},"inLanguage":"cs-CZ","potentialAction":[{"@type":"ReadAction","target":["https:\/\/www.smedemokrati.sk\/ziadame-vysvetlenie-postupu-ministra-biresa-ohladom-gmo\/"]}]},{"@type":"ImageObject","inLanguage":"cs-CZ","@id":"https:\/\/www.smedemokrati.sk\/ziadame-vysvetlenie-postupu-ministra-biresa-ohladom-gmo\/#primaryimage","url":"https:\/\/www.smedemokrati.sk\/wp-content\/uploads\/2023\/04\/MKica.jpg","contentUrl":"https:\/\/www.smedemokrati.sk\/wp-content\/uploads\/2023\/04\/MKica.jpg","width":1520,"height":1080},{"@type":"BreadcrumbList","@id":"https:\/\/www.smedemokrati.sk\/ziadame-vysvetlenie-postupu-ministra-biresa-ohladom-gmo\/#breadcrumb","itemListElement":[{"@type":"ListItem","position":1,"name":"Domovsk\u00e1 str\u00e1nka","item":"https:\/\/www.smedemokrati.sk\/"},{"@type":"ListItem","position":2,"name":"\u017diadame vysvetlenie postupu ministra B\u00edre\u0161a oh\u013eadom GMO"}]},{"@type":"WebSite","@id":"https:\/\/www.smedemokrati.sk\/#website","url":"https:\/\/www.smedemokrati.sk\/","name":"Smedemokrati.sk","description":"Demokracia a slu\u0161nos\u0165 zv\u00ed\u0165az\u00ed","publisher":{"@id":"https:\/\/www.smedemokrati.sk\/#organization"},"potentialAction":[{"@type":"SearchAction","target":{"@type":"EntryPoint","urlTemplate":"https:\/\/www.smedemokrati.sk\/?s={search_term_string}"},"query-input":{"@type":"PropertyValueSpecification","valueRequired":true,"valueName":"search_term_string"}}],"inLanguage":"cs-CZ"},{"@type":"Organization","@id":"https:\/\/www.smedemokrati.sk\/#organization","name":"Smedemokrati.sk","url":"https:\/\/www.smedemokrati.sk\/","logo":{"@type":"ImageObject","inLanguage":"cs-CZ","@id":"https:\/\/www.smedemokrati.sk\/#\/schema\/logo\/image\/","url":"https:\/\/www.smedemokrati.sk\/wp-content\/uploads\/2023\/04\/ff.002.jpeg","contentUrl":"https:\/\/www.smedemokrati.sk\/wp-content\/uploads\/2023\/04\/ff.002.jpeg","width":640,"height":480,"caption":"Smedemokrati.sk"},"image":{"@id":"https:\/\/www.smedemokrati.sk\/#\/schema\/logo\/image\/"},"sameAs":["https:\/\/www.facebook.com\/smedemokrati2023"]},{"@type":"Person","@id":"https:\/\/www.smedemokrati.sk\/#\/schema\/person\/c60720f4b9955b3c1ed222ebd1fbbc7c","name":"Tom\u00e1\u0161 Koppl","image":{"@type":"ImageObject","inLanguage":"cs-CZ","@id":"https:\/\/secure.gravatar.com\/avatar\/8dfa38373c5e39821baf74c8e867a6f12e12c6dab6559aa999d10703b0b1c4ce?s=96&d=mm&r=g","url":"https:\/\/secure.gravatar.com\/avatar\/8dfa38373c5e39821baf74c8e867a6f12e12c6dab6559aa999d10703b0b1c4ce?s=96&d=mm&r=g","contentUrl":"https:\/\/secure.gravatar.com\/avatar\/8dfa38373c5e39821baf74c8e867a6f12e12c6dab6559aa999d10703b0b1c4ce?s=96&d=mm&r=g","caption":"Tom\u00e1\u0161 Koppl"},"url":"https:\/\/www.smedemokrati.sk\/cs\/author\/tomaskoppl\/"}]}},"_links":{"self":[{"href":"https:\/\/www.smedemokrati.sk\/cs\/wp-json\/wp\/v2\/posts\/1644","targetHints":{"allow":["GET"]}}],"collection":[{"href":"https:\/\/www.smedemokrati.sk\/cs\/wp-json\/wp\/v2\/posts"}],"about":[{"href":"https:\/\/www.smedemokrati.sk\/cs\/wp-json\/wp\/v2\/types\/post"}],"author":[{"embeddable":true,"href":"https:\/\/www.smedemokrati.sk\/cs\/wp-json\/wp\/v2\/users\/7"}],"replies":[{"embeddable":true,"href":"https:\/\/www.smedemokrati.sk\/cs\/wp-json\/wp\/v2\/comments?post=1644"}],"version-history":[{"count":1,"href":"https:\/\/www.smedemokrati.sk\/cs\/wp-json\/wp\/v2\/posts\/1644\/revisions"}],"predecessor-version":[{"id":1645,"href":"https:\/\/www.smedemokrati.sk\/cs\/wp-json\/wp\/v2\/posts\/1644\/revisions\/1645"}],"wp:featuredmedia":[{"embeddable":true,"href":"https:\/\/www.smedemokrati.sk\/cs\/wp-json\/wp\/v2\/media\/385"}],"wp:attachment":[{"href":"https:\/\/www.smedemokrati.sk\/cs\/wp-json\/wp\/v2\/media?parent=1644"}],"wp:term":[{"taxonomy":"category","embeddable":true,"href":"https:\/\/www.smedemokrati.sk\/cs\/wp-json\/wp\/v2\/categories?post=1644"},{"taxonomy":"post_tag","embeddable":true,"href":"https:\/\/www.smedemokrati.sk\/cs\/wp-json\/wp\/v2\/tags?post=1644"}],"curies":[{"name":"wp","href":"https:\/\/api.w.org\/{rel}","templated":true}]}}