{"id":1614,"date":"2023-08-01T14:59:17","date_gmt":"2023-08-01T12:59:17","guid":{"rendered":"https:\/\/www.smedemokrati.sk\/?p=1614"},"modified":"2023-08-01T14:59:18","modified_gmt":"2023-08-01T12:59:18","slug":"j-nadovi-sa-podaril-unikat-v-modernych-dejinach-ozbrojenych-sil","status":"publish","type":"post","link":"https:\/\/www.smedemokrati.sk\/cs\/j-nadovi-sa-podaril-unikat-v-modernych-dejinach-ozbrojenych-sil\/","title":{"rendered":"J. Na\u010fovi sa podaril unik\u00e1t v modern\u00fdch dejin\u00e1ch ozbrojen\u00fdch s\u00edl"},"content":{"rendered":"<div id=\"fb-root\"><\/div>\n\n<p>Oddnes na Slovensko postupne prich\u00e1dza nemeck\u00fd syst\u00e9m protivzdu\u0161nej obrany MANTIS, ktor\u00e9ho darovanie vyrokoval b\u00fdval\u00fd minister obrany a kandid\u00e1t strany Demokrati vo vo\u013eb\u00e1ch do NR SR Jaroslav Na\u010f. Doposia\u013e podobn\u00fdm syst\u00e9mom slovensk\u00e9 ozbrojen\u00e9 sily nedisponovali, navy\u0161e, rezortu sa pod veden\u00edm J. Na\u010fa podarilo z\u00edska\u0165 tento prvok protivzdu\u0161nej obrany v hodnote vy\u0161e 200 mil. eur od Nemecka natrvalo a zadarmo a to vr\u00e1tane mun\u00edcie a potrebn\u00e9ho v\u00fdcviku pre na\u0161ich vojakov.<\/p>\n\n\n\n<p><strong>\u201ePr\u00edchod MANTISu na Slovensko je jasn\u00fd d\u00f4kaz re\u0161pektu spojencov a v\u00fdborn\u00fdch vz\u0165ahov, ktor\u00e9 sa nerodia zo d\u0148a na de\u0148. Tie\u017e to hovor\u00ed o tom, \u017ee ak dobr\u00fd mana\u017e\u00e9r d\u00e1va energiu do re\u00e1lne prospe\u0161n\u00fdch projektov a nie vlastn\u00fdch k\u0161eftov, ako tomu bolo v minulosti, daj\u00fa sa robi\u0165 ve\u013ek\u00e9 veci. A presne v tom, chceme pokra\u010dova\u0165,\u201c<\/strong>\u00a0povedal podpredseda Demokratov Jaroslav Na\u010f.<\/p>\n\n\n\n<p>Niekdaj\u0161\u00ed minister obrany sa dnes z\u00e1rove\u0148 z\u00fa\u010dastnil na odovzdan\u00ed prv\u00fdch dvoch h\u00fafnic Zuzana 2, ktor\u00e9 si pre Ukrajinu objednali D\u00e1nsko, Nemecko a N\u00f3rsko. Kontrakt e\u0161te minul\u00fd rok vyrokoval J. Na\u010f pre \u0161t\u00e1tnu akciov\u00fa spolo\u010dnos\u0165 Kon\u0161trukta-DEFENCE, ktor\u00e1 dokopy vyrob\u00ed 16 ks samohybn\u00fdch kan\u00f3nov\u00fdch h\u00fafnic za 92 mil. eur.\u00a0<strong>\u201eTo, \u017ee sa n\u00e1m podarilo vyrokova\u0165 tak\u00fdto kontrakt je doslova unik\u00e1t. Nepozn\u00e1m toti\u017e v modernej hist\u00f3rii pr\u00edpad, aby sa 3 krajiny spojili a dali kontrakt v oblasti obrann\u00e9ho priemyslu v podstate konkuren\u010dnej spolo\u010dnosti a podporili tak hospod\u00e1rstvo inej krajiny. Slovensk\u00e9 podniky obrann\u00e9ho priemyslu s\u00fa dnes v\u010faka kvalitn\u00fdm v\u00fdrobkom, ale tie\u017e na\u0161ej prezent\u00e1ci\u00ed a vytrval\u00fdch rokovaniach zavalen\u00e9 pr\u00e1cou, \u010do s\u00fa skvel\u00e9 spr\u00e1vy pre na\u0161u ekonomiku,\u201c<\/strong>\u00a0povedal Na\u010f a dodal, \u017ee to op\u00e4\u0165 sved\u010d\u00ed o v\u00fdborn\u00fdch zahrani\u010dn\u00fdch vz\u0165ahoch, spr\u00e1vnom zahrani\u010dno-politickom smerovan\u00ed a ocenen\u00ed na\u0161ej pomoci smerom k Ukrajine.<\/p>\n","protected":false},"excerpt":{"rendered":"<p>Oddnes na Slovensko postupne prich\u00e1dza nemeck\u00fd syst\u00e9m protivzdu\u0161nej obrany MANTIS, ktor\u00e9ho darovanie vyrokoval b\u00fdval\u00fd minister obrany a kandid\u00e1t strany Demokrati vo vo\u013eb\u00e1ch do NR SR Jaroslav Na\u010f. Doposia\u013e podobn\u00fdm syst\u00e9mom slovensk\u00e9 ozbrojen\u00e9 sily nedisponovali, navy\u0161e, rezortu sa pod veden\u00edm J. Na\u010fa podarilo z\u00edska\u0165 tento prvok protivzdu\u0161nej obrany v hodnote vy\u0161e 200 mil. eur od Nemecka [&hellip;]<\/p>\n","protected":false},"author":7,"featured_media":413,"comment_status":"closed","ping_status":"closed","sticky":false,"template":"","format":"standard","meta":{"_acf_changed":false,"ngg_post_thumbnail":0,"footnotes":""},"categories":[4],"tags":[],"class_list":["post-1614","post","type-post","status-publish","format-standard","has-post-thumbnail","hentry","category-tlacove-spravy"],"acf":[],"yoast_head":"<!-- This site is optimized with the Yoast SEO plugin v27.2 - https:\/\/yoast.com\/product\/yoast-seo-wordpress\/ -->\n<title>J. Na\u010fovi sa podaril unik\u00e1t v modern\u00fdch dejin\u00e1ch ozbrojen\u00fdch s\u00edl - Smedemokrati.sk<\/title>\n<meta name=\"robots\" content=\"index, follow, max-snippet:-1, max-image-preview:large, max-video-preview:-1\" \/>\n<link rel=\"canonical\" href=\"https:\/\/www.smedemokrati.sk\/cs\/j-nadovi-sa-podaril-unikat-v-modernych-dejinach-ozbrojenych-sil\/\" \/>\n<meta property=\"og:locale\" content=\"cs_CZ\" \/>\n<meta property=\"og:locale:alternate\" content=\"en_US\" \/>\n<meta property=\"og:locale:alternate\" content=\"hu_HU\" \/>\n<meta property=\"og:locale:alternate\" content=\"sk_SK\" \/>\n<meta property=\"og:locale:alternate\" content=\"sv_SE\" \/>\n<meta property=\"og:type\" content=\"article\" \/>\n<meta property=\"og:title\" content=\"J. Na\u010fovi sa podaril unik\u00e1t v modern\u00fdch dejin\u00e1ch ozbrojen\u00fdch s\u00edl - Smedemokrati.sk\" \/>\n<meta property=\"og:description\" content=\"Oddnes na Slovensko postupne prich\u00e1dza nemeck\u00fd syst\u00e9m protivzdu\u0161nej obrany MANTIS, ktor\u00e9ho darovanie vyrokoval b\u00fdval\u00fd minister obrany a kandid\u00e1t strany Demokrati vo vo\u013eb\u00e1ch do NR SR Jaroslav Na\u010f. Doposia\u013e podobn\u00fdm syst\u00e9mom slovensk\u00e9 ozbrojen\u00e9 sily nedisponovali, navy\u0161e, rezortu sa pod veden\u00edm J. Na\u010fa podarilo z\u00edska\u0165 tento prvok protivzdu\u0161nej obrany v hodnote vy\u0161e 200 mil. eur od Nemecka [&hellip;]\" \/>\n<meta property=\"og:url\" content=\"https:\/\/www.smedemokrati.sk\/cs\/j-nadovi-sa-podaril-unikat-v-modernych-dejinach-ozbrojenych-sil\/\" \/>\n<meta property=\"og:site_name\" content=\"Smedemokrati.sk\" \/>\n<meta property=\"article:publisher\" content=\"https:\/\/www.facebook.com\/smedemokrati2023\" \/>\n<meta property=\"article:published_time\" content=\"2023-08-01T12:59:17+00:00\" \/>\n<meta property=\"article:modified_time\" content=\"2023-08-01T12:59:18+00:00\" \/>\n<meta property=\"og:image\" content=\"https:\/\/www.smedemokrati.sk\/wp-content\/uploads\/2023\/04\/JN_1-3.jpg\" \/>\n\t<meta property=\"og:image:width\" content=\"2048\" \/>\n\t<meta property=\"og:image:height\" content=\"1365\" \/>\n\t<meta property=\"og:image:type\" content=\"image\/jpeg\" \/>\n<meta name=\"author\" content=\"Tom\u00e1\u0161 Koppl\" \/>\n<meta name=\"twitter:card\" content=\"summary_large_image\" \/>\n<meta name=\"twitter:label1\" content=\"Napsal(a)\" \/>\n\t<meta name=\"twitter:data1\" content=\"Tom\u00e1\u0161 Koppl\" \/>\n\t<meta name=\"twitter:label2\" content=\"Odhadovan\u00e1 doba \u010dten\u00ed\" \/>\n\t<meta name=\"twitter:data2\" content=\"2 minuty\" \/>\n<script type=\"application\/ld+json\" class=\"yoast-schema-graph\">{\"@context\":\"https:\/\/schema.org\",\"@graph\":[{\"@type\":\"Article\",\"@id\":\"https:\/\/www.smedemokrati.sk\/j-nadovi-sa-podaril-unikat-v-modernych-dejinach-ozbrojenych-sil\/#article\",\"isPartOf\":{\"@id\":\"https:\/\/www.smedemokrati.sk\/j-nadovi-sa-podaril-unikat-v-modernych-dejinach-ozbrojenych-sil\/\"},\"author\":{\"name\":\"Tom\u00e1\u0161 Koppl\",\"@id\":\"https:\/\/www.smedemokrati.sk\/#\/schema\/person\/c60720f4b9955b3c1ed222ebd1fbbc7c\"},\"headline\":\"J. Na\u010fovi sa podaril unik\u00e1t v modern\u00fdch dejin\u00e1ch ozbrojen\u00fdch s\u00edl\",\"datePublished\":\"2023-08-01T12:59:17+00:00\",\"dateModified\":\"2023-08-01T12:59:18+00:00\",\"mainEntityOfPage\":{\"@id\":\"https:\/\/www.smedemokrati.sk\/j-nadovi-sa-podaril-unikat-v-modernych-dejinach-ozbrojenych-sil\/\"},\"wordCount\":350,\"publisher\":{\"@id\":\"https:\/\/www.smedemokrati.sk\/#organization\"},\"image\":{\"@id\":\"https:\/\/www.smedemokrati.sk\/j-nadovi-sa-podaril-unikat-v-modernych-dejinach-ozbrojenych-sil\/#primaryimage\"},\"thumbnailUrl\":\"https:\/\/www.smedemokrati.sk\/wp-content\/uploads\/2023\/04\/JN_1-3.jpg\",\"articleSection\":[\"Tla\u010dov\u00e9 spr\u00e1vy\"],\"inLanguage\":\"cs-CZ\"},{\"@type\":\"WebPage\",\"@id\":\"https:\/\/www.smedemokrati.sk\/j-nadovi-sa-podaril-unikat-v-modernych-dejinach-ozbrojenych-sil\/\",\"url\":\"https:\/\/www.smedemokrati.sk\/j-nadovi-sa-podaril-unikat-v-modernych-dejinach-ozbrojenych-sil\/\",\"name\":\"J. Na\u010fovi sa podaril unik\u00e1t v modern\u00fdch dejin\u00e1ch ozbrojen\u00fdch s\u00edl - Smedemokrati.sk\",\"isPartOf\":{\"@id\":\"https:\/\/www.smedemokrati.sk\/#website\"},\"primaryImageOfPage\":{\"@id\":\"https:\/\/www.smedemokrati.sk\/j-nadovi-sa-podaril-unikat-v-modernych-dejinach-ozbrojenych-sil\/#primaryimage\"},\"image\":{\"@id\":\"https:\/\/www.smedemokrati.sk\/j-nadovi-sa-podaril-unikat-v-modernych-dejinach-ozbrojenych-sil\/#primaryimage\"},\"thumbnailUrl\":\"https:\/\/www.smedemokrati.sk\/wp-content\/uploads\/2023\/04\/JN_1-3.jpg\",\"datePublished\":\"2023-08-01T12:59:17+00:00\",\"dateModified\":\"2023-08-01T12:59:18+00:00\",\"breadcrumb\":{\"@id\":\"https:\/\/www.smedemokrati.sk\/j-nadovi-sa-podaril-unikat-v-modernych-dejinach-ozbrojenych-sil\/#breadcrumb\"},\"inLanguage\":\"cs-CZ\",\"potentialAction\":[{\"@type\":\"ReadAction\",\"target\":[\"https:\/\/www.smedemokrati.sk\/j-nadovi-sa-podaril-unikat-v-modernych-dejinach-ozbrojenych-sil\/\"]}]},{\"@type\":\"ImageObject\",\"inLanguage\":\"cs-CZ\",\"@id\":\"https:\/\/www.smedemokrati.sk\/j-nadovi-sa-podaril-unikat-v-modernych-dejinach-ozbrojenych-sil\/#primaryimage\",\"url\":\"https:\/\/www.smedemokrati.sk\/wp-content\/uploads\/2023\/04\/JN_1-3.jpg\",\"contentUrl\":\"https:\/\/www.smedemokrati.sk\/wp-content\/uploads\/2023\/04\/JN_1-3.jpg\",\"width\":2048,\"height\":1365},{\"@type\":\"BreadcrumbList\",\"@id\":\"https:\/\/www.smedemokrati.sk\/j-nadovi-sa-podaril-unikat-v-modernych-dejinach-ozbrojenych-sil\/#breadcrumb\",\"itemListElement\":[{\"@type\":\"ListItem\",\"position\":1,\"name\":\"Domovsk\u00e1 str\u00e1nka\",\"item\":\"https:\/\/www.smedemokrati.sk\/\"},{\"@type\":\"ListItem\",\"position\":2,\"name\":\"J. Na\u010fovi sa podaril unik\u00e1t v modern\u00fdch dejin\u00e1ch ozbrojen\u00fdch s\u00edl\"}]},{\"@type\":\"WebSite\",\"@id\":\"https:\/\/www.smedemokrati.sk\/#website\",\"url\":\"https:\/\/www.smedemokrati.sk\/\",\"name\":\"Smedemokrati.sk\",\"description\":\"Demokracia a slu\u0161nos\u0165 zv\u00ed\u0165az\u00ed\",\"publisher\":{\"@id\":\"https:\/\/www.smedemokrati.sk\/#organization\"},\"potentialAction\":[{\"@type\":\"SearchAction\",\"target\":{\"@type\":\"EntryPoint\",\"urlTemplate\":\"https:\/\/www.smedemokrati.sk\/?s={search_term_string}\"},\"query-input\":{\"@type\":\"PropertyValueSpecification\",\"valueRequired\":true,\"valueName\":\"search_term_string\"}}],\"inLanguage\":\"cs-CZ\"},{\"@type\":\"Organization\",\"@id\":\"https:\/\/www.smedemokrati.sk\/#organization\",\"name\":\"Smedemokrati.sk\",\"url\":\"https:\/\/www.smedemokrati.sk\/\",\"logo\":{\"@type\":\"ImageObject\",\"inLanguage\":\"cs-CZ\",\"@id\":\"https:\/\/www.smedemokrati.sk\/#\/schema\/logo\/image\/\",\"url\":\"https:\/\/www.smedemokrati.sk\/wp-content\/uploads\/2023\/04\/ff.002.jpeg\",\"contentUrl\":\"https:\/\/www.smedemokrati.sk\/wp-content\/uploads\/2023\/04\/ff.002.jpeg\",\"width\":640,\"height\":480,\"caption\":\"Smedemokrati.sk\"},\"image\":{\"@id\":\"https:\/\/www.smedemokrati.sk\/#\/schema\/logo\/image\/\"},\"sameAs\":[\"https:\/\/www.facebook.com\/smedemokrati2023\"]},{\"@type\":\"Person\",\"@id\":\"https:\/\/www.smedemokrati.sk\/#\/schema\/person\/c60720f4b9955b3c1ed222ebd1fbbc7c\",\"name\":\"Tom\u00e1\u0161 Koppl\",\"image\":{\"@type\":\"ImageObject\",\"inLanguage\":\"cs-CZ\",\"@id\":\"https:\/\/secure.gravatar.com\/avatar\/8dfa38373c5e39821baf74c8e867a6f12e12c6dab6559aa999d10703b0b1c4ce?s=96&d=mm&r=g\",\"url\":\"https:\/\/secure.gravatar.com\/avatar\/8dfa38373c5e39821baf74c8e867a6f12e12c6dab6559aa999d10703b0b1c4ce?s=96&d=mm&r=g\",\"contentUrl\":\"https:\/\/secure.gravatar.com\/avatar\/8dfa38373c5e39821baf74c8e867a6f12e12c6dab6559aa999d10703b0b1c4ce?s=96&d=mm&r=g\",\"caption\":\"Tom\u00e1\u0161 Koppl\"},\"url\":\"https:\/\/www.smedemokrati.sk\/cs\/author\/tomaskoppl\/\"}]}<\/script>\n<!-- \/ Yoast SEO plugin. -->","yoast_head_json":{"title":"J. Na\u010fovi sa podaril unik\u00e1t v modern\u00fdch dejin\u00e1ch ozbrojen\u00fdch s\u00edl - Smedemokrati.sk","robots":{"index":"index","follow":"follow","max-snippet":"max-snippet:-1","max-image-preview":"max-image-preview:large","max-video-preview":"max-video-preview:-1"},"canonical":"https:\/\/www.smedemokrati.sk\/cs\/j-nadovi-sa-podaril-unikat-v-modernych-dejinach-ozbrojenych-sil\/","og_locale":"cs_CZ","og_type":"article","og_title":"J. Na\u010fovi sa podaril unik\u00e1t v modern\u00fdch dejin\u00e1ch ozbrojen\u00fdch s\u00edl - Smedemokrati.sk","og_description":"Oddnes na Slovensko postupne prich\u00e1dza nemeck\u00fd syst\u00e9m protivzdu\u0161nej obrany MANTIS, ktor\u00e9ho darovanie vyrokoval b\u00fdval\u00fd minister obrany a kandid\u00e1t strany Demokrati vo vo\u013eb\u00e1ch do NR SR Jaroslav Na\u010f. Doposia\u013e podobn\u00fdm syst\u00e9mom slovensk\u00e9 ozbrojen\u00e9 sily nedisponovali, navy\u0161e, rezortu sa pod veden\u00edm J. Na\u010fa podarilo z\u00edska\u0165 tento prvok protivzdu\u0161nej obrany v hodnote vy\u0161e 200 mil. eur od Nemecka [&hellip;]","og_url":"https:\/\/www.smedemokrati.sk\/cs\/j-nadovi-sa-podaril-unikat-v-modernych-dejinach-ozbrojenych-sil\/","og_site_name":"Smedemokrati.sk","article_publisher":"https:\/\/www.facebook.com\/smedemokrati2023","article_published_time":"2023-08-01T12:59:17+00:00","article_modified_time":"2023-08-01T12:59:18+00:00","og_image":[{"width":2048,"height":1365,"url":"https:\/\/www.smedemokrati.sk\/wp-content\/uploads\/2023\/04\/JN_1-3.jpg","type":"image\/jpeg"}],"author":"Tom\u00e1\u0161 Koppl","twitter_card":"summary_large_image","twitter_misc":{"Napsal(a)":"Tom\u00e1\u0161 Koppl","Odhadovan\u00e1 doba \u010dten\u00ed":"2 minuty"},"schema":{"@context":"https:\/\/schema.org","@graph":[{"@type":"Article","@id":"https:\/\/www.smedemokrati.sk\/j-nadovi-sa-podaril-unikat-v-modernych-dejinach-ozbrojenych-sil\/#article","isPartOf":{"@id":"https:\/\/www.smedemokrati.sk\/j-nadovi-sa-podaril-unikat-v-modernych-dejinach-ozbrojenych-sil\/"},"author":{"name":"Tom\u00e1\u0161 Koppl","@id":"https:\/\/www.smedemokrati.sk\/#\/schema\/person\/c60720f4b9955b3c1ed222ebd1fbbc7c"},"headline":"J. Na\u010fovi sa podaril unik\u00e1t v modern\u00fdch dejin\u00e1ch ozbrojen\u00fdch s\u00edl","datePublished":"2023-08-01T12:59:17+00:00","dateModified":"2023-08-01T12:59:18+00:00","mainEntityOfPage":{"@id":"https:\/\/www.smedemokrati.sk\/j-nadovi-sa-podaril-unikat-v-modernych-dejinach-ozbrojenych-sil\/"},"wordCount":350,"publisher":{"@id":"https:\/\/www.smedemokrati.sk\/#organization"},"image":{"@id":"https:\/\/www.smedemokrati.sk\/j-nadovi-sa-podaril-unikat-v-modernych-dejinach-ozbrojenych-sil\/#primaryimage"},"thumbnailUrl":"https:\/\/www.smedemokrati.sk\/wp-content\/uploads\/2023\/04\/JN_1-3.jpg","articleSection":["Tla\u010dov\u00e9 spr\u00e1vy"],"inLanguage":"cs-CZ"},{"@type":"WebPage","@id":"https:\/\/www.smedemokrati.sk\/j-nadovi-sa-podaril-unikat-v-modernych-dejinach-ozbrojenych-sil\/","url":"https:\/\/www.smedemokrati.sk\/j-nadovi-sa-podaril-unikat-v-modernych-dejinach-ozbrojenych-sil\/","name":"J. Na\u010fovi sa podaril unik\u00e1t v modern\u00fdch dejin\u00e1ch ozbrojen\u00fdch s\u00edl - Smedemokrati.sk","isPartOf":{"@id":"https:\/\/www.smedemokrati.sk\/#website"},"primaryImageOfPage":{"@id":"https:\/\/www.smedemokrati.sk\/j-nadovi-sa-podaril-unikat-v-modernych-dejinach-ozbrojenych-sil\/#primaryimage"},"image":{"@id":"https:\/\/www.smedemokrati.sk\/j-nadovi-sa-podaril-unikat-v-modernych-dejinach-ozbrojenych-sil\/#primaryimage"},"thumbnailUrl":"https:\/\/www.smedemokrati.sk\/wp-content\/uploads\/2023\/04\/JN_1-3.jpg","datePublished":"2023-08-01T12:59:17+00:00","dateModified":"2023-08-01T12:59:18+00:00","breadcrumb":{"@id":"https:\/\/www.smedemokrati.sk\/j-nadovi-sa-podaril-unikat-v-modernych-dejinach-ozbrojenych-sil\/#breadcrumb"},"inLanguage":"cs-CZ","potentialAction":[{"@type":"ReadAction","target":["https:\/\/www.smedemokrati.sk\/j-nadovi-sa-podaril-unikat-v-modernych-dejinach-ozbrojenych-sil\/"]}]},{"@type":"ImageObject","inLanguage":"cs-CZ","@id":"https:\/\/www.smedemokrati.sk\/j-nadovi-sa-podaril-unikat-v-modernych-dejinach-ozbrojenych-sil\/#primaryimage","url":"https:\/\/www.smedemokrati.sk\/wp-content\/uploads\/2023\/04\/JN_1-3.jpg","contentUrl":"https:\/\/www.smedemokrati.sk\/wp-content\/uploads\/2023\/04\/JN_1-3.jpg","width":2048,"height":1365},{"@type":"BreadcrumbList","@id":"https:\/\/www.smedemokrati.sk\/j-nadovi-sa-podaril-unikat-v-modernych-dejinach-ozbrojenych-sil\/#breadcrumb","itemListElement":[{"@type":"ListItem","position":1,"name":"Domovsk\u00e1 str\u00e1nka","item":"https:\/\/www.smedemokrati.sk\/"},{"@type":"ListItem","position":2,"name":"J. Na\u010fovi sa podaril unik\u00e1t v modern\u00fdch dejin\u00e1ch ozbrojen\u00fdch s\u00edl"}]},{"@type":"WebSite","@id":"https:\/\/www.smedemokrati.sk\/#website","url":"https:\/\/www.smedemokrati.sk\/","name":"Smedemokrati.sk","description":"Demokracia a slu\u0161nos\u0165 zv\u00ed\u0165az\u00ed","publisher":{"@id":"https:\/\/www.smedemokrati.sk\/#organization"},"potentialAction":[{"@type":"SearchAction","target":{"@type":"EntryPoint","urlTemplate":"https:\/\/www.smedemokrati.sk\/?s={search_term_string}"},"query-input":{"@type":"PropertyValueSpecification","valueRequired":true,"valueName":"search_term_string"}}],"inLanguage":"cs-CZ"},{"@type":"Organization","@id":"https:\/\/www.smedemokrati.sk\/#organization","name":"Smedemokrati.sk","url":"https:\/\/www.smedemokrati.sk\/","logo":{"@type":"ImageObject","inLanguage":"cs-CZ","@id":"https:\/\/www.smedemokrati.sk\/#\/schema\/logo\/image\/","url":"https:\/\/www.smedemokrati.sk\/wp-content\/uploads\/2023\/04\/ff.002.jpeg","contentUrl":"https:\/\/www.smedemokrati.sk\/wp-content\/uploads\/2023\/04\/ff.002.jpeg","width":640,"height":480,"caption":"Smedemokrati.sk"},"image":{"@id":"https:\/\/www.smedemokrati.sk\/#\/schema\/logo\/image\/"},"sameAs":["https:\/\/www.facebook.com\/smedemokrati2023"]},{"@type":"Person","@id":"https:\/\/www.smedemokrati.sk\/#\/schema\/person\/c60720f4b9955b3c1ed222ebd1fbbc7c","name":"Tom\u00e1\u0161 Koppl","image":{"@type":"ImageObject","inLanguage":"cs-CZ","@id":"https:\/\/secure.gravatar.com\/avatar\/8dfa38373c5e39821baf74c8e867a6f12e12c6dab6559aa999d10703b0b1c4ce?s=96&d=mm&r=g","url":"https:\/\/secure.gravatar.com\/avatar\/8dfa38373c5e39821baf74c8e867a6f12e12c6dab6559aa999d10703b0b1c4ce?s=96&d=mm&r=g","contentUrl":"https:\/\/secure.gravatar.com\/avatar\/8dfa38373c5e39821baf74c8e867a6f12e12c6dab6559aa999d10703b0b1c4ce?s=96&d=mm&r=g","caption":"Tom\u00e1\u0161 Koppl"},"url":"https:\/\/www.smedemokrati.sk\/cs\/author\/tomaskoppl\/"}]}},"_links":{"self":[{"href":"https:\/\/www.smedemokrati.sk\/cs\/wp-json\/wp\/v2\/posts\/1614","targetHints":{"allow":["GET"]}}],"collection":[{"href":"https:\/\/www.smedemokrati.sk\/cs\/wp-json\/wp\/v2\/posts"}],"about":[{"href":"https:\/\/www.smedemokrati.sk\/cs\/wp-json\/wp\/v2\/types\/post"}],"author":[{"embeddable":true,"href":"https:\/\/www.smedemokrati.sk\/cs\/wp-json\/wp\/v2\/users\/7"}],"replies":[{"embeddable":true,"href":"https:\/\/www.smedemokrati.sk\/cs\/wp-json\/wp\/v2\/comments?post=1614"}],"version-history":[{"count":1,"href":"https:\/\/www.smedemokrati.sk\/cs\/wp-json\/wp\/v2\/posts\/1614\/revisions"}],"predecessor-version":[{"id":1615,"href":"https:\/\/www.smedemokrati.sk\/cs\/wp-json\/wp\/v2\/posts\/1614\/revisions\/1615"}],"wp:featuredmedia":[{"embeddable":true,"href":"https:\/\/www.smedemokrati.sk\/cs\/wp-json\/wp\/v2\/media\/413"}],"wp:attachment":[{"href":"https:\/\/www.smedemokrati.sk\/cs\/wp-json\/wp\/v2\/media?parent=1614"}],"wp:term":[{"taxonomy":"category","embeddable":true,"href":"https:\/\/www.smedemokrati.sk\/cs\/wp-json\/wp\/v2\/categories?post=1614"},{"taxonomy":"post_tag","embeddable":true,"href":"https:\/\/www.smedemokrati.sk\/cs\/wp-json\/wp\/v2\/tags?post=1614"}],"curies":[{"name":"wp","href":"https:\/\/api.w.org\/{rel}","templated":true}]}}