{"id":1578,"date":"2023-07-25T16:59:03","date_gmt":"2023-07-25T14:59:03","guid":{"rendered":"https:\/\/www.smedemokrati.sk\/?p=1578"},"modified":"2023-07-25T16:59:04","modified_gmt":"2023-07-25T14:59:04","slug":"reforma-opatrovnictva-je-nevyhnutna-demokrati-navrhuju-konkretne-riesenia","status":"publish","type":"post","link":"https:\/\/www.smedemokrati.sk\/cs\/reforma-opatrovnictva-je-nevyhnutna-demokrati-navrhuju-konkretne-riesenia\/","title":{"rendered":"Reforma opatrovn\u00edctva je nevyhnutn\u00e1, Demokrati navrhuj\u00fa konkr\u00e9tne rie\u0161enia"},"content":{"rendered":"<div id=\"fb-root\"><\/div>\n\n<p><strong>\u201eHoci sme sa zru\u0161en\u00edm \u00fapln\u00e9ho pozbavenia sp\u00f4sobilosti na pr\u00e1vne \u00fakony v roku 2016 pribl\u00ed\u017eili k \u0161tandardom v in\u00fdch krajin\u00e1ch, e\u0161te st\u00e1le nenap\u013a\u0148ame v\u0161etky na\u0161e z\u00e1v\u00e4zky na ochranu pr\u00e1v os\u00f4b s ment\u00e1lnym znev\u00fdhodnen\u00edm,\u201c<\/strong>\u00a0kon\u0161tatovala poslanky\u0148a NR SR Jana \u017dit\u0148ansk\u00e1 (Demokrati).\u00a0<strong>\u201ePr\u00e1ve preto podporujem v\u00fdzvu Komis\u00e1rky pre osoby so zdravotn\u00fdm postihnut\u00edm Zuzany Stavrovskej na reformu opatrovn\u00edctva,\u201c\u00a0<\/strong>doplnila.<\/p>\n\n\n\n<p>Pod\u013ea \u017dit\u0148anskej by zaveden\u00edm tzv. podporovan\u00e9ho rozhodovania u\u017e osoba s ment\u00e1lnym znev\u00fdhodnen\u00edm nebola a\u017e na krajn\u00e9 pr\u00edpady odk\u00e1zan\u00e1 na s\u00fadom stanoven\u00e9ho opatrovn\u00edka, ale mala by pri sebe tzv. podporcov.\u00a0<strong>\u201eRozhodovanie by zostalo v kone\u010dnom d\u00f4sledku na nej, podporcovia z radov rodiny, priate\u013eov \u010di soci\u00e1lnych pracovn\u00edkov by jej ale situ\u00e1ciu vysvetlili a pomohli pochopi\u0165, a t\u00fdm ju uchr\u00e1nili napr\u00edklad pred podpisom nev\u00fdhodn\u00fdch zml\u00fav,\u201c<\/strong>\u00a0povedala \u017dit\u0148ansk\u00e1.<strong>\u201eOdborn\u00edci u\u017e viac ako desa\u0165ro\u010die volaj\u00fa po reforme opatrovn\u00edctva. Je na\u010dase reformu uskuto\u010dni\u0165 a pr\u00e1ve preto bude podrobne rozpracovan\u00e1 vo volebnom programe strany Demokrati. Presad\u00edme prijatie z\u00e1kona o opatrovn\u00edkoch a podporcoch, ktor\u00fd zadefinuje ich pr\u00e1va a povinnosti, a tie\u017e vytvorenie siete profesion\u00e1lnych opatrovn\u00edkov a podporcov,\u201c<\/strong>\u00a0povedala Jana \u017dit\u0148ansk\u00e1.<\/p>\n","protected":false},"excerpt":{"rendered":"<p>\u201eHoci sme sa zru\u0161en\u00edm \u00fapln\u00e9ho pozbavenia sp\u00f4sobilosti na pr\u00e1vne \u00fakony v roku 2016 pribl\u00ed\u017eili k \u0161tandardom v in\u00fdch krajin\u00e1ch, e\u0161te st\u00e1le nenap\u013a\u0148ame v\u0161etky na\u0161e z\u00e1v\u00e4zky na ochranu pr\u00e1v os\u00f4b s ment\u00e1lnym znev\u00fdhodnen\u00edm,\u201c\u00a0kon\u0161tatovala poslanky\u0148a NR SR Jana \u017dit\u0148ansk\u00e1 (Demokrati).\u00a0\u201ePr\u00e1ve preto podporujem v\u00fdzvu Komis\u00e1rky pre osoby so zdravotn\u00fdm postihnut\u00edm Zuzany Stavrovskej na reformu opatrovn\u00edctva,\u201c\u00a0doplnila. Pod\u013ea \u017dit\u0148anskej by [&hellip;]<\/p>\n","protected":false},"author":7,"featured_media":969,"comment_status":"closed","ping_status":"closed","sticky":false,"template":"","format":"standard","meta":{"_acf_changed":false,"ngg_post_thumbnail":0,"footnotes":""},"categories":[4],"tags":[],"class_list":["post-1578","post","type-post","status-publish","format-standard","has-post-thumbnail","hentry","category-tlacove-spravy"],"acf":[],"yoast_head":"<!-- This site is optimized with the Yoast SEO plugin v27.2 - https:\/\/yoast.com\/product\/yoast-seo-wordpress\/ -->\n<title>Reforma opatrovn\u00edctva je nevyhnutn\u00e1, Demokrati navrhuj\u00fa konkr\u00e9tne rie\u0161enia - Smedemokrati.sk<\/title>\n<meta name=\"robots\" content=\"index, follow, max-snippet:-1, max-image-preview:large, max-video-preview:-1\" \/>\n<link rel=\"canonical\" href=\"https:\/\/www.smedemokrati.sk\/cs\/reforma-opatrovnictva-je-nevyhnutna-demokrati-navrhuju-konkretne-riesenia\/\" \/>\n<meta property=\"og:locale\" content=\"cs_CZ\" \/>\n<meta property=\"og:locale:alternate\" content=\"en_US\" \/>\n<meta property=\"og:locale:alternate\" content=\"hu_HU\" \/>\n<meta property=\"og:locale:alternate\" content=\"sk_SK\" \/>\n<meta property=\"og:locale:alternate\" content=\"sv_SE\" \/>\n<meta property=\"og:type\" content=\"article\" \/>\n<meta property=\"og:title\" content=\"Reforma opatrovn\u00edctva je nevyhnutn\u00e1, Demokrati navrhuj\u00fa konkr\u00e9tne rie\u0161enia - Smedemokrati.sk\" \/>\n<meta property=\"og:description\" content=\"\u201eHoci sme sa zru\u0161en\u00edm \u00fapln\u00e9ho pozbavenia sp\u00f4sobilosti na pr\u00e1vne \u00fakony v roku 2016 pribl\u00ed\u017eili k \u0161tandardom v in\u00fdch krajin\u00e1ch, e\u0161te st\u00e1le nenap\u013a\u0148ame v\u0161etky na\u0161e z\u00e1v\u00e4zky na ochranu pr\u00e1v os\u00f4b s ment\u00e1lnym znev\u00fdhodnen\u00edm,\u201c\u00a0kon\u0161tatovala poslanky\u0148a NR SR Jana \u017dit\u0148ansk\u00e1 (Demokrati).\u00a0\u201ePr\u00e1ve preto podporujem v\u00fdzvu Komis\u00e1rky pre osoby so zdravotn\u00fdm postihnut\u00edm Zuzany Stavrovskej na reformu opatrovn\u00edctva,\u201c\u00a0doplnila. Pod\u013ea \u017dit\u0148anskej by [&hellip;]\" \/>\n<meta property=\"og:url\" content=\"https:\/\/www.smedemokrati.sk\/cs\/reforma-opatrovnictva-je-nevyhnutna-demokrati-navrhuju-konkretne-riesenia\/\" \/>\n<meta property=\"og:site_name\" content=\"Smedemokrati.sk\" \/>\n<meta property=\"article:publisher\" content=\"https:\/\/www.facebook.com\/smedemokrati2023\" \/>\n<meta property=\"article:published_time\" content=\"2023-07-25T14:59:03+00:00\" \/>\n<meta property=\"article:modified_time\" content=\"2023-07-25T14:59:04+00:00\" \/>\n<meta property=\"og:image\" content=\"https:\/\/www.smedemokrati.sk\/wp-content\/uploads\/2023\/05\/JZ_modal.jpg\" \/>\n\t<meta property=\"og:image:width\" content=\"2048\" \/>\n\t<meta property=\"og:image:height\" content=\"1366\" \/>\n\t<meta property=\"og:image:type\" content=\"image\/jpeg\" \/>\n<meta name=\"author\" content=\"Tom\u00e1\u0161 Koppl\" \/>\n<meta name=\"twitter:card\" content=\"summary_large_image\" \/>\n<meta name=\"twitter:label1\" content=\"Napsal(a)\" \/>\n\t<meta name=\"twitter:data1\" content=\"Tom\u00e1\u0161 Koppl\" \/>\n\t<meta name=\"twitter:label2\" content=\"Odhadovan\u00e1 doba \u010dten\u00ed\" \/>\n\t<meta name=\"twitter:data2\" content=\"1 minuta\" \/>\n<script type=\"application\/ld+json\" class=\"yoast-schema-graph\">{\"@context\":\"https:\/\/schema.org\",\"@graph\":[{\"@type\":\"Article\",\"@id\":\"https:\/\/www.smedemokrati.sk\/reforma-opatrovnictva-je-nevyhnutna-demokrati-navrhuju-konkretne-riesenia\/#article\",\"isPartOf\":{\"@id\":\"https:\/\/www.smedemokrati.sk\/reforma-opatrovnictva-je-nevyhnutna-demokrati-navrhuju-konkretne-riesenia\/\"},\"author\":{\"name\":\"Tom\u00e1\u0161 Koppl\",\"@id\":\"https:\/\/www.smedemokrati.sk\/#\/schema\/person\/c60720f4b9955b3c1ed222ebd1fbbc7c\"},\"headline\":\"Reforma opatrovn\u00edctva je nevyhnutn\u00e1, Demokrati navrhuj\u00fa konkr\u00e9tne rie\u0161enia\",\"datePublished\":\"2023-07-25T14:59:03+00:00\",\"dateModified\":\"2023-07-25T14:59:04+00:00\",\"mainEntityOfPage\":{\"@id\":\"https:\/\/www.smedemokrati.sk\/reforma-opatrovnictva-je-nevyhnutna-demokrati-navrhuju-konkretne-riesenia\/\"},\"wordCount\":245,\"publisher\":{\"@id\":\"https:\/\/www.smedemokrati.sk\/#organization\"},\"image\":{\"@id\":\"https:\/\/www.smedemokrati.sk\/reforma-opatrovnictva-je-nevyhnutna-demokrati-navrhuju-konkretne-riesenia\/#primaryimage\"},\"thumbnailUrl\":\"https:\/\/www.smedemokrati.sk\/wp-content\/uploads\/2023\/05\/JZ_modal.jpg\",\"articleSection\":[\"Tla\u010dov\u00e9 spr\u00e1vy\"],\"inLanguage\":\"cs-CZ\"},{\"@type\":\"WebPage\",\"@id\":\"https:\/\/www.smedemokrati.sk\/reforma-opatrovnictva-je-nevyhnutna-demokrati-navrhuju-konkretne-riesenia\/\",\"url\":\"https:\/\/www.smedemokrati.sk\/reforma-opatrovnictva-je-nevyhnutna-demokrati-navrhuju-konkretne-riesenia\/\",\"name\":\"Reforma opatrovn\u00edctva je nevyhnutn\u00e1, Demokrati navrhuj\u00fa konkr\u00e9tne rie\u0161enia - Smedemokrati.sk\",\"isPartOf\":{\"@id\":\"https:\/\/www.smedemokrati.sk\/#website\"},\"primaryImageOfPage\":{\"@id\":\"https:\/\/www.smedemokrati.sk\/reforma-opatrovnictva-je-nevyhnutna-demokrati-navrhuju-konkretne-riesenia\/#primaryimage\"},\"image\":{\"@id\":\"https:\/\/www.smedemokrati.sk\/reforma-opatrovnictva-je-nevyhnutna-demokrati-navrhuju-konkretne-riesenia\/#primaryimage\"},\"thumbnailUrl\":\"https:\/\/www.smedemokrati.sk\/wp-content\/uploads\/2023\/05\/JZ_modal.jpg\",\"datePublished\":\"2023-07-25T14:59:03+00:00\",\"dateModified\":\"2023-07-25T14:59:04+00:00\",\"breadcrumb\":{\"@id\":\"https:\/\/www.smedemokrati.sk\/reforma-opatrovnictva-je-nevyhnutna-demokrati-navrhuju-konkretne-riesenia\/#breadcrumb\"},\"inLanguage\":\"cs-CZ\",\"potentialAction\":[{\"@type\":\"ReadAction\",\"target\":[\"https:\/\/www.smedemokrati.sk\/reforma-opatrovnictva-je-nevyhnutna-demokrati-navrhuju-konkretne-riesenia\/\"]}]},{\"@type\":\"ImageObject\",\"inLanguage\":\"cs-CZ\",\"@id\":\"https:\/\/www.smedemokrati.sk\/reforma-opatrovnictva-je-nevyhnutna-demokrati-navrhuju-konkretne-riesenia\/#primaryimage\",\"url\":\"https:\/\/www.smedemokrati.sk\/wp-content\/uploads\/2023\/05\/JZ_modal.jpg\",\"contentUrl\":\"https:\/\/www.smedemokrati.sk\/wp-content\/uploads\/2023\/05\/JZ_modal.jpg\",\"width\":2048,\"height\":1366},{\"@type\":\"BreadcrumbList\",\"@id\":\"https:\/\/www.smedemokrati.sk\/reforma-opatrovnictva-je-nevyhnutna-demokrati-navrhuju-konkretne-riesenia\/#breadcrumb\",\"itemListElement\":[{\"@type\":\"ListItem\",\"position\":1,\"name\":\"Domovsk\u00e1 str\u00e1nka\",\"item\":\"https:\/\/www.smedemokrati.sk\/\"},{\"@type\":\"ListItem\",\"position\":2,\"name\":\"Reforma opatrovn\u00edctva je nevyhnutn\u00e1, Demokrati navrhuj\u00fa konkr\u00e9tne rie\u0161enia\"}]},{\"@type\":\"WebSite\",\"@id\":\"https:\/\/www.smedemokrati.sk\/#website\",\"url\":\"https:\/\/www.smedemokrati.sk\/\",\"name\":\"Smedemokrati.sk\",\"description\":\"Demokracia a slu\u0161nos\u0165 zv\u00ed\u0165az\u00ed\",\"publisher\":{\"@id\":\"https:\/\/www.smedemokrati.sk\/#organization\"},\"potentialAction\":[{\"@type\":\"SearchAction\",\"target\":{\"@type\":\"EntryPoint\",\"urlTemplate\":\"https:\/\/www.smedemokrati.sk\/?s={search_term_string}\"},\"query-input\":{\"@type\":\"PropertyValueSpecification\",\"valueRequired\":true,\"valueName\":\"search_term_string\"}}],\"inLanguage\":\"cs-CZ\"},{\"@type\":\"Organization\",\"@id\":\"https:\/\/www.smedemokrati.sk\/#organization\",\"name\":\"Smedemokrati.sk\",\"url\":\"https:\/\/www.smedemokrati.sk\/\",\"logo\":{\"@type\":\"ImageObject\",\"inLanguage\":\"cs-CZ\",\"@id\":\"https:\/\/www.smedemokrati.sk\/#\/schema\/logo\/image\/\",\"url\":\"https:\/\/www.smedemokrati.sk\/wp-content\/uploads\/2023\/04\/ff.002.jpeg\",\"contentUrl\":\"https:\/\/www.smedemokrati.sk\/wp-content\/uploads\/2023\/04\/ff.002.jpeg\",\"width\":640,\"height\":480,\"caption\":\"Smedemokrati.sk\"},\"image\":{\"@id\":\"https:\/\/www.smedemokrati.sk\/#\/schema\/logo\/image\/\"},\"sameAs\":[\"https:\/\/www.facebook.com\/smedemokrati2023\"]},{\"@type\":\"Person\",\"@id\":\"https:\/\/www.smedemokrati.sk\/#\/schema\/person\/c60720f4b9955b3c1ed222ebd1fbbc7c\",\"name\":\"Tom\u00e1\u0161 Koppl\",\"image\":{\"@type\":\"ImageObject\",\"inLanguage\":\"cs-CZ\",\"@id\":\"https:\/\/secure.gravatar.com\/avatar\/8dfa38373c5e39821baf74c8e867a6f12e12c6dab6559aa999d10703b0b1c4ce?s=96&d=mm&r=g\",\"url\":\"https:\/\/secure.gravatar.com\/avatar\/8dfa38373c5e39821baf74c8e867a6f12e12c6dab6559aa999d10703b0b1c4ce?s=96&d=mm&r=g\",\"contentUrl\":\"https:\/\/secure.gravatar.com\/avatar\/8dfa38373c5e39821baf74c8e867a6f12e12c6dab6559aa999d10703b0b1c4ce?s=96&d=mm&r=g\",\"caption\":\"Tom\u00e1\u0161 Koppl\"},\"url\":\"https:\/\/www.smedemokrati.sk\/cs\/author\/tomaskoppl\/\"}]}<\/script>\n<!-- \/ Yoast SEO plugin. -->","yoast_head_json":{"title":"Reforma opatrovn\u00edctva je nevyhnutn\u00e1, Demokrati navrhuj\u00fa konkr\u00e9tne rie\u0161enia - Smedemokrati.sk","robots":{"index":"index","follow":"follow","max-snippet":"max-snippet:-1","max-image-preview":"max-image-preview:large","max-video-preview":"max-video-preview:-1"},"canonical":"https:\/\/www.smedemokrati.sk\/cs\/reforma-opatrovnictva-je-nevyhnutna-demokrati-navrhuju-konkretne-riesenia\/","og_locale":"cs_CZ","og_type":"article","og_title":"Reforma opatrovn\u00edctva je nevyhnutn\u00e1, Demokrati navrhuj\u00fa konkr\u00e9tne rie\u0161enia - Smedemokrati.sk","og_description":"\u201eHoci sme sa zru\u0161en\u00edm \u00fapln\u00e9ho pozbavenia sp\u00f4sobilosti na pr\u00e1vne \u00fakony v roku 2016 pribl\u00ed\u017eili k \u0161tandardom v in\u00fdch krajin\u00e1ch, e\u0161te st\u00e1le nenap\u013a\u0148ame v\u0161etky na\u0161e z\u00e1v\u00e4zky na ochranu pr\u00e1v os\u00f4b s ment\u00e1lnym znev\u00fdhodnen\u00edm,\u201c\u00a0kon\u0161tatovala poslanky\u0148a NR SR Jana \u017dit\u0148ansk\u00e1 (Demokrati).\u00a0\u201ePr\u00e1ve preto podporujem v\u00fdzvu Komis\u00e1rky pre osoby so zdravotn\u00fdm postihnut\u00edm Zuzany Stavrovskej na reformu opatrovn\u00edctva,\u201c\u00a0doplnila. Pod\u013ea \u017dit\u0148anskej by [&hellip;]","og_url":"https:\/\/www.smedemokrati.sk\/cs\/reforma-opatrovnictva-je-nevyhnutna-demokrati-navrhuju-konkretne-riesenia\/","og_site_name":"Smedemokrati.sk","article_publisher":"https:\/\/www.facebook.com\/smedemokrati2023","article_published_time":"2023-07-25T14:59:03+00:00","article_modified_time":"2023-07-25T14:59:04+00:00","og_image":[{"width":2048,"height":1366,"url":"https:\/\/www.smedemokrati.sk\/wp-content\/uploads\/2023\/05\/JZ_modal.jpg","type":"image\/jpeg"}],"author":"Tom\u00e1\u0161 Koppl","twitter_card":"summary_large_image","twitter_misc":{"Napsal(a)":"Tom\u00e1\u0161 Koppl","Odhadovan\u00e1 doba \u010dten\u00ed":"1 minuta"},"schema":{"@context":"https:\/\/schema.org","@graph":[{"@type":"Article","@id":"https:\/\/www.smedemokrati.sk\/reforma-opatrovnictva-je-nevyhnutna-demokrati-navrhuju-konkretne-riesenia\/#article","isPartOf":{"@id":"https:\/\/www.smedemokrati.sk\/reforma-opatrovnictva-je-nevyhnutna-demokrati-navrhuju-konkretne-riesenia\/"},"author":{"name":"Tom\u00e1\u0161 Koppl","@id":"https:\/\/www.smedemokrati.sk\/#\/schema\/person\/c60720f4b9955b3c1ed222ebd1fbbc7c"},"headline":"Reforma opatrovn\u00edctva je nevyhnutn\u00e1, Demokrati navrhuj\u00fa konkr\u00e9tne rie\u0161enia","datePublished":"2023-07-25T14:59:03+00:00","dateModified":"2023-07-25T14:59:04+00:00","mainEntityOfPage":{"@id":"https:\/\/www.smedemokrati.sk\/reforma-opatrovnictva-je-nevyhnutna-demokrati-navrhuju-konkretne-riesenia\/"},"wordCount":245,"publisher":{"@id":"https:\/\/www.smedemokrati.sk\/#organization"},"image":{"@id":"https:\/\/www.smedemokrati.sk\/reforma-opatrovnictva-je-nevyhnutna-demokrati-navrhuju-konkretne-riesenia\/#primaryimage"},"thumbnailUrl":"https:\/\/www.smedemokrati.sk\/wp-content\/uploads\/2023\/05\/JZ_modal.jpg","articleSection":["Tla\u010dov\u00e9 spr\u00e1vy"],"inLanguage":"cs-CZ"},{"@type":"WebPage","@id":"https:\/\/www.smedemokrati.sk\/reforma-opatrovnictva-je-nevyhnutna-demokrati-navrhuju-konkretne-riesenia\/","url":"https:\/\/www.smedemokrati.sk\/reforma-opatrovnictva-je-nevyhnutna-demokrati-navrhuju-konkretne-riesenia\/","name":"Reforma opatrovn\u00edctva je nevyhnutn\u00e1, Demokrati navrhuj\u00fa konkr\u00e9tne rie\u0161enia - Smedemokrati.sk","isPartOf":{"@id":"https:\/\/www.smedemokrati.sk\/#website"},"primaryImageOfPage":{"@id":"https:\/\/www.smedemokrati.sk\/reforma-opatrovnictva-je-nevyhnutna-demokrati-navrhuju-konkretne-riesenia\/#primaryimage"},"image":{"@id":"https:\/\/www.smedemokrati.sk\/reforma-opatrovnictva-je-nevyhnutna-demokrati-navrhuju-konkretne-riesenia\/#primaryimage"},"thumbnailUrl":"https:\/\/www.smedemokrati.sk\/wp-content\/uploads\/2023\/05\/JZ_modal.jpg","datePublished":"2023-07-25T14:59:03+00:00","dateModified":"2023-07-25T14:59:04+00:00","breadcrumb":{"@id":"https:\/\/www.smedemokrati.sk\/reforma-opatrovnictva-je-nevyhnutna-demokrati-navrhuju-konkretne-riesenia\/#breadcrumb"},"inLanguage":"cs-CZ","potentialAction":[{"@type":"ReadAction","target":["https:\/\/www.smedemokrati.sk\/reforma-opatrovnictva-je-nevyhnutna-demokrati-navrhuju-konkretne-riesenia\/"]}]},{"@type":"ImageObject","inLanguage":"cs-CZ","@id":"https:\/\/www.smedemokrati.sk\/reforma-opatrovnictva-je-nevyhnutna-demokrati-navrhuju-konkretne-riesenia\/#primaryimage","url":"https:\/\/www.smedemokrati.sk\/wp-content\/uploads\/2023\/05\/JZ_modal.jpg","contentUrl":"https:\/\/www.smedemokrati.sk\/wp-content\/uploads\/2023\/05\/JZ_modal.jpg","width":2048,"height":1366},{"@type":"BreadcrumbList","@id":"https:\/\/www.smedemokrati.sk\/reforma-opatrovnictva-je-nevyhnutna-demokrati-navrhuju-konkretne-riesenia\/#breadcrumb","itemListElement":[{"@type":"ListItem","position":1,"name":"Domovsk\u00e1 str\u00e1nka","item":"https:\/\/www.smedemokrati.sk\/"},{"@type":"ListItem","position":2,"name":"Reforma opatrovn\u00edctva je nevyhnutn\u00e1, Demokrati navrhuj\u00fa konkr\u00e9tne rie\u0161enia"}]},{"@type":"WebSite","@id":"https:\/\/www.smedemokrati.sk\/#website","url":"https:\/\/www.smedemokrati.sk\/","name":"Smedemokrati.sk","description":"Demokracia a slu\u0161nos\u0165 zv\u00ed\u0165az\u00ed","publisher":{"@id":"https:\/\/www.smedemokrati.sk\/#organization"},"potentialAction":[{"@type":"SearchAction","target":{"@type":"EntryPoint","urlTemplate":"https:\/\/www.smedemokrati.sk\/?s={search_term_string}"},"query-input":{"@type":"PropertyValueSpecification","valueRequired":true,"valueName":"search_term_string"}}],"inLanguage":"cs-CZ"},{"@type":"Organization","@id":"https:\/\/www.smedemokrati.sk\/#organization","name":"Smedemokrati.sk","url":"https:\/\/www.smedemokrati.sk\/","logo":{"@type":"ImageObject","inLanguage":"cs-CZ","@id":"https:\/\/www.smedemokrati.sk\/#\/schema\/logo\/image\/","url":"https:\/\/www.smedemokrati.sk\/wp-content\/uploads\/2023\/04\/ff.002.jpeg","contentUrl":"https:\/\/www.smedemokrati.sk\/wp-content\/uploads\/2023\/04\/ff.002.jpeg","width":640,"height":480,"caption":"Smedemokrati.sk"},"image":{"@id":"https:\/\/www.smedemokrati.sk\/#\/schema\/logo\/image\/"},"sameAs":["https:\/\/www.facebook.com\/smedemokrati2023"]},{"@type":"Person","@id":"https:\/\/www.smedemokrati.sk\/#\/schema\/person\/c60720f4b9955b3c1ed222ebd1fbbc7c","name":"Tom\u00e1\u0161 Koppl","image":{"@type":"ImageObject","inLanguage":"cs-CZ","@id":"https:\/\/secure.gravatar.com\/avatar\/8dfa38373c5e39821baf74c8e867a6f12e12c6dab6559aa999d10703b0b1c4ce?s=96&d=mm&r=g","url":"https:\/\/secure.gravatar.com\/avatar\/8dfa38373c5e39821baf74c8e867a6f12e12c6dab6559aa999d10703b0b1c4ce?s=96&d=mm&r=g","contentUrl":"https:\/\/secure.gravatar.com\/avatar\/8dfa38373c5e39821baf74c8e867a6f12e12c6dab6559aa999d10703b0b1c4ce?s=96&d=mm&r=g","caption":"Tom\u00e1\u0161 Koppl"},"url":"https:\/\/www.smedemokrati.sk\/cs\/author\/tomaskoppl\/"}]}},"_links":{"self":[{"href":"https:\/\/www.smedemokrati.sk\/cs\/wp-json\/wp\/v2\/posts\/1578","targetHints":{"allow":["GET"]}}],"collection":[{"href":"https:\/\/www.smedemokrati.sk\/cs\/wp-json\/wp\/v2\/posts"}],"about":[{"href":"https:\/\/www.smedemokrati.sk\/cs\/wp-json\/wp\/v2\/types\/post"}],"author":[{"embeddable":true,"href":"https:\/\/www.smedemokrati.sk\/cs\/wp-json\/wp\/v2\/users\/7"}],"replies":[{"embeddable":true,"href":"https:\/\/www.smedemokrati.sk\/cs\/wp-json\/wp\/v2\/comments?post=1578"}],"version-history":[{"count":1,"href":"https:\/\/www.smedemokrati.sk\/cs\/wp-json\/wp\/v2\/posts\/1578\/revisions"}],"predecessor-version":[{"id":1579,"href":"https:\/\/www.smedemokrati.sk\/cs\/wp-json\/wp\/v2\/posts\/1578\/revisions\/1579"}],"wp:featuredmedia":[{"embeddable":true,"href":"https:\/\/www.smedemokrati.sk\/cs\/wp-json\/wp\/v2\/media\/969"}],"wp:attachment":[{"href":"https:\/\/www.smedemokrati.sk\/cs\/wp-json\/wp\/v2\/media?parent=1578"}],"wp:term":[{"taxonomy":"category","embeddable":true,"href":"https:\/\/www.smedemokrati.sk\/cs\/wp-json\/wp\/v2\/categories?post=1578"},{"taxonomy":"post_tag","embeddable":true,"href":"https:\/\/www.smedemokrati.sk\/cs\/wp-json\/wp\/v2\/tags?post=1578"}],"curies":[{"name":"wp","href":"https:\/\/api.w.org\/{rel}","templated":true}]}}