{"id":1537,"date":"2023-07-20T13:04:58","date_gmt":"2023-07-20T11:04:58","guid":{"rendered":"https:\/\/www.smedemokrati.sk\/?p=1537"},"modified":"2023-07-20T13:04:59","modified_gmt":"2023-07-20T11:04:59","slug":"riesenie-hrozby-nedostatku-pediatrov","status":"publish","type":"post","link":"https:\/\/www.smedemokrati.sk\/cs\/riesenie-hrozby-nedostatku-pediatrov\/","title":{"rendered":"Rie\u0161enie hrozby nedostatku pediatrov"},"content":{"rendered":"<div id=\"fb-root\"><\/div>\n\n<p>Demokrati s\u00fa pripraven\u00ed poskytn\u00fa\u0165 15 poslaneck\u00fdch podpisov na zvolanie mimoriadnej sch\u00f4dze NR SR, na ktorej by sa mal rie\u0161i\u0165 probl\u00e9m s v\u00fdpove\u010fami pediatrov. V liste premi\u00e9rovi \u00d3dorovi spom\u00ednaj\u00fa, \u017ee pre stranu Demokrati je rie\u0161enie probl\u00e9mov v zdravotn\u00edctve prioritou a s\u00fa pripraven\u00ed kedyko\u013evek rokova\u0165 aj o rie\u0161en\u00ed hrozby nedostatku pediatrov.<\/p>\n\n\n\n<p><strong>\u201ePediatri bij\u00fa na poplach, bij\u00fa na poplach za na\u0161e deti. Dnes je takmer polovica z nich v d\u00f4chodkovom veku. Tretina pediatrov podala v\u00fdpovede z dobrovo\u013en\u00fdch pohotovostn\u00fdch slu\u017eieb, ktor\u00e9 s\u00fa pre nich finan\u010dne v\u00fdhodnej\u0161ie,\u201c<\/strong>\u00a0upozor\u0148uje Letanovsk\u00e1 s t\u00fdm, \u017ee pediatri bud\u00fa v\u0161ak sl\u00fa\u017ei\u0165 na\u010falej, no za menej pe\u0148az\u00ed.\u00a0<strong>\u201ePotrebovali vysla\u0165 siln\u00fd sign\u00e1l za na\u0161e deti, svojich pacientov. Ak nie\u010do neurob\u00edme r\u00fdchlo, tak 30 % det\u00ed ostane bez svojho pediatra, bez dennej starostlivosti, bez ambulancie, kam rodi\u010dia chodia s de\u0165mi, ke\u010f s\u00fa chor\u00e9,\u201c<\/strong>\u00a0doplnila.<\/p>\n\n\n\n<p>Pod\u013ea prim\u00e1rky ARO a volebnej l\u00edderky Demokratov Andrey Letanovskej je situ\u00e1cia s pediatrami v\u00e1\u017ena.\u00a0<strong>\u201eP\u00e1novi premi\u00e9rovi sme dnes ofici\u00e1lnym listom komunikovali, \u017ee sme pripraven\u00ed doda\u0165 na\u0161ich 15 poslaneck\u00fdch podpisov na zvolanie mimoriadnej sch\u00f4dze, na ktorej by sa rokovalo o vl\u00e1dnom rie\u0161en\u00ed probl\u00e9mov s\u00favisiacich s Ambulantn\u00fdmi pohotovostn\u00fdmi slu\u017ebami. Schv\u00e1lenie vl\u00e1dneho n\u00e1vrhu by stabilizovalo situ\u00e1ciu a to dnes ak\u00fatne potrebujeme,\u201c<\/strong>\u00a0informovala Letanovsk\u00e1.\u00a0<strong>\u201eJa ako dlhoro\u010dn\u00e1 lek\u00e1rka a z\u00e1chran\u00e1rka pon\u00fakam svoje sk\u00fasenosti a svoju slu\u017ebu, aby sme spolo\u010dne dok\u00e1zali n\u00e1js\u0165 rie\u0161enie.\u201c<\/strong><\/p>\n\n\n\n<p>Strana Demokrati m\u00e1 pod\u013ea Letanovskej siln\u00fd zdravotn\u00edcky program a jeho prioritou je rie\u0161enie hrozby nedostatku ambulanci\u00ed.\u00a0<strong>\u201ePodpor\u00edme v\u00fdstavbu 200 nov\u00fdch ambulanci\u00ed v regi\u00f3noch, kde ich je dnes nedostatok a dostupnos\u0165 zdravotnej starostlivosti je n\u00edzka,\u201c<\/strong>\u00a0povedala Letanovsk\u00e1 a pripomenula, \u017ee u\u017e vl\u00e1da Eduarda Hegera vy\u010dlenila financie na otvorenie 120 region\u00e1lnych ambulanci\u00ed.\u00a0<strong>\u201e\u010ealej potrebujeme zefekt\u00edvni\u0165 a e\u0161te viac sfunk\u010dni\u0165 rezidentsk\u00fd program, ktor\u00fd u\u013eah\u010d\u00ed mlad\u00fdm lek\u00e1rom absolvova\u0165 \u0161pecializ\u00e1ciu a nesk\u00f4r vykon\u00e1va\u0165 svoju slu\u017ebu v region\u00e1lnych ambulanci\u00e1ch,\u201c<\/strong>\u00a0povedala Letanovsk\u00e1.<\/p>\n\n\n\n<p><strong>\u201eT\u00fdmto listom chceme jasne poveda\u0165, \u017ee sme pripraven\u00ed rokova\u0165 o odborn\u00fdch rie\u0161eniach a p\u00e1n \u00d3dor m\u00e1 od strany Demokrati 15 poslaneck\u00fdch podpisov. Ako povedala pani Letanovsk\u00e1, v septembri u\u017e m\u00f4\u017ee by\u0165 neskoro a rie\u0161enie treba n\u00e1js\u0165 teraz,\u201c<\/strong>\u00a0povedal poslanec NR SR a \u010dlen predsedn\u00edctva Demokratov Juraj \u0160eliga.<\/p>\n\n\n\n<p><strong>\u201eDne\u0161n\u00fa situ\u00e1ciu okolo v\u00fdpoved\u00ed pediatrov pova\u017eujeme za mimoriadne v\u00e1\u017enu. Je tu re\u00e1lna hrozba, \u017ee 30 % det\u00ed pr\u00edde o svojho pediatra. My v strane Demokrati sme kedyko\u013evek pripraven\u00ed pr\u00eds\u0165 do pr\u00e1ce a na mimoriadnej sch\u00f4dzi t\u00fato ak\u00fatnu situ\u00e1ciu vyrie\u0161i\u0165. Nem\u00f4\u017eeme \u010daka\u0165 do septembra,\u201c\u00a0<\/strong>doplnila Letanovsk\u00e1.<\/p>\n\n\n\n<figure class=\"wp-block-image size-large\"><img decoding=\"async\" width=\"1024\" height=\"632\" src=\"https:\/\/www.smedemokrati.sk\/wp-content\/uploads\/2023\/07\/ambulancie-1024x632.jpg\" alt=\"\" class=\"wp-image-1538\" srcset=\"https:\/\/www.smedemokrati.sk\/wp-content\/uploads\/2023\/07\/ambulancie-1024x632.jpg 1024w, https:\/\/www.smedemokrati.sk\/wp-content\/uploads\/2023\/07\/ambulancie-300x185.jpg 300w, https:\/\/www.smedemokrati.sk\/wp-content\/uploads\/2023\/07\/ambulancie-768x474.jpg 768w, https:\/\/www.smedemokrati.sk\/wp-content\/uploads\/2023\/07\/ambulancie.jpg 1337w\" sizes=\"(max-width: 1024px) 100vw, 1024px\" \/><\/figure>\n","protected":false},"excerpt":{"rendered":"<p>Demokrati s\u00fa pripraven\u00ed poskytn\u00fa\u0165 15 poslaneck\u00fdch podpisov na zvolanie mimoriadnej sch\u00f4dze NR SR, na ktorej by sa mal rie\u0161i\u0165 probl\u00e9m s v\u00fdpove\u010fami pediatrov. V liste premi\u00e9rovi \u00d3dorovi spom\u00ednaj\u00fa, \u017ee pre stranu Demokrati je rie\u0161enie probl\u00e9mov v zdravotn\u00edctve prioritou a s\u00fa pripraven\u00ed kedyko\u013evek rokova\u0165 aj o rie\u0161en\u00ed hrozby nedostatku pediatrov. \u201ePediatri bij\u00fa na poplach, bij\u00fa na [&hellip;]<\/p>\n","protected":false},"author":7,"featured_media":1539,"comment_status":"closed","ping_status":"closed","sticky":false,"template":"","format":"standard","meta":{"_acf_changed":false,"ngg_post_thumbnail":0,"footnotes":""},"categories":[4],"tags":[],"class_list":["post-1537","post","type-post","status-publish","format-standard","has-post-thumbnail","hentry","category-tlacove-spravy"],"acf":[],"yoast_head":"<!-- This site is optimized with the Yoast SEO plugin v27.2 - https:\/\/yoast.com\/product\/yoast-seo-wordpress\/ -->\n<title>Rie\u0161enie hrozby nedostatku pediatrov - Smedemokrati.sk<\/title>\n<meta name=\"robots\" content=\"index, follow, max-snippet:-1, max-image-preview:large, max-video-preview:-1\" \/>\n<link rel=\"canonical\" href=\"https:\/\/www.smedemokrati.sk\/cs\/riesenie-hrozby-nedostatku-pediatrov\/\" \/>\n<meta property=\"og:locale\" content=\"cs_CZ\" \/>\n<meta property=\"og:locale:alternate\" content=\"en_US\" \/>\n<meta property=\"og:locale:alternate\" content=\"hu_HU\" \/>\n<meta property=\"og:locale:alternate\" content=\"sk_SK\" \/>\n<meta property=\"og:locale:alternate\" content=\"sv_SE\" \/>\n<meta property=\"og:type\" content=\"article\" \/>\n<meta property=\"og:title\" content=\"Rie\u0161enie hrozby nedostatku pediatrov - Smedemokrati.sk\" \/>\n<meta property=\"og:description\" content=\"Demokrati s\u00fa pripraven\u00ed poskytn\u00fa\u0165 15 poslaneck\u00fdch podpisov na zvolanie mimoriadnej sch\u00f4dze NR SR, na ktorej by sa mal rie\u0161i\u0165 probl\u00e9m s v\u00fdpove\u010fami pediatrov. V liste premi\u00e9rovi \u00d3dorovi spom\u00ednaj\u00fa, \u017ee pre stranu Demokrati je rie\u0161enie probl\u00e9mov v zdravotn\u00edctve prioritou a s\u00fa pripraven\u00ed kedyko\u013evek rokova\u0165 aj o rie\u0161en\u00ed hrozby nedostatku pediatrov. \u201ePediatri bij\u00fa na poplach, bij\u00fa na [&hellip;]\" \/>\n<meta property=\"og:url\" content=\"https:\/\/www.smedemokrati.sk\/cs\/riesenie-hrozby-nedostatku-pediatrov\/\" \/>\n<meta property=\"og:site_name\" content=\"Smedemokrati.sk\" \/>\n<meta property=\"article:publisher\" content=\"https:\/\/www.facebook.com\/smedemokrati2023\" \/>\n<meta property=\"article:published_time\" content=\"2023-07-20T11:04:58+00:00\" \/>\n<meta property=\"article:modified_time\" content=\"2023-07-20T11:04:59+00:00\" \/>\n<meta property=\"og:image\" content=\"https:\/\/www.smedemokrati.sk\/wp-content\/uploads\/2023\/07\/ambulancie-1.jpg\" \/>\n\t<meta property=\"og:image:width\" content=\"1337\" \/>\n\t<meta property=\"og:image:height\" content=\"825\" \/>\n\t<meta property=\"og:image:type\" content=\"image\/jpeg\" \/>\n<meta name=\"author\" content=\"Tom\u00e1\u0161 Koppl\" \/>\n<meta name=\"twitter:card\" content=\"summary_large_image\" \/>\n<meta name=\"twitter:label1\" content=\"Napsal(a)\" \/>\n\t<meta name=\"twitter:data1\" content=\"Tom\u00e1\u0161 Koppl\" \/>\n\t<meta name=\"twitter:label2\" content=\"Odhadovan\u00e1 doba \u010dten\u00ed\" \/>\n\t<meta name=\"twitter:data2\" content=\"3 minuty\" \/>\n<script type=\"application\/ld+json\" class=\"yoast-schema-graph\">{\"@context\":\"https:\/\/schema.org\",\"@graph\":[{\"@type\":\"Article\",\"@id\":\"https:\/\/www.smedemokrati.sk\/riesenie-hrozby-nedostatku-pediatrov\/#article\",\"isPartOf\":{\"@id\":\"https:\/\/www.smedemokrati.sk\/riesenie-hrozby-nedostatku-pediatrov\/\"},\"author\":{\"name\":\"Tom\u00e1\u0161 Koppl\",\"@id\":\"https:\/\/www.smedemokrati.sk\/#\/schema\/person\/c60720f4b9955b3c1ed222ebd1fbbc7c\"},\"headline\":\"Rie\u0161enie hrozby nedostatku pediatrov\",\"datePublished\":\"2023-07-20T11:04:58+00:00\",\"dateModified\":\"2023-07-20T11:04:59+00:00\",\"mainEntityOfPage\":{\"@id\":\"https:\/\/www.smedemokrati.sk\/riesenie-hrozby-nedostatku-pediatrov\/\"},\"wordCount\":490,\"publisher\":{\"@id\":\"https:\/\/www.smedemokrati.sk\/#organization\"},\"image\":{\"@id\":\"https:\/\/www.smedemokrati.sk\/riesenie-hrozby-nedostatku-pediatrov\/#primaryimage\"},\"thumbnailUrl\":\"https:\/\/www.smedemokrati.sk\/wp-content\/uploads\/2023\/07\/ambulancie-1.jpg\",\"articleSection\":[\"Tla\u010dov\u00e9 spr\u00e1vy\"],\"inLanguage\":\"cs-CZ\"},{\"@type\":\"WebPage\",\"@id\":\"https:\/\/www.smedemokrati.sk\/riesenie-hrozby-nedostatku-pediatrov\/\",\"url\":\"https:\/\/www.smedemokrati.sk\/riesenie-hrozby-nedostatku-pediatrov\/\",\"name\":\"Rie\u0161enie hrozby nedostatku pediatrov - Smedemokrati.sk\",\"isPartOf\":{\"@id\":\"https:\/\/www.smedemokrati.sk\/#website\"},\"primaryImageOfPage\":{\"@id\":\"https:\/\/www.smedemokrati.sk\/riesenie-hrozby-nedostatku-pediatrov\/#primaryimage\"},\"image\":{\"@id\":\"https:\/\/www.smedemokrati.sk\/riesenie-hrozby-nedostatku-pediatrov\/#primaryimage\"},\"thumbnailUrl\":\"https:\/\/www.smedemokrati.sk\/wp-content\/uploads\/2023\/07\/ambulancie-1.jpg\",\"datePublished\":\"2023-07-20T11:04:58+00:00\",\"dateModified\":\"2023-07-20T11:04:59+00:00\",\"breadcrumb\":{\"@id\":\"https:\/\/www.smedemokrati.sk\/riesenie-hrozby-nedostatku-pediatrov\/#breadcrumb\"},\"inLanguage\":\"cs-CZ\",\"potentialAction\":[{\"@type\":\"ReadAction\",\"target\":[\"https:\/\/www.smedemokrati.sk\/riesenie-hrozby-nedostatku-pediatrov\/\"]}]},{\"@type\":\"ImageObject\",\"inLanguage\":\"cs-CZ\",\"@id\":\"https:\/\/www.smedemokrati.sk\/riesenie-hrozby-nedostatku-pediatrov\/#primaryimage\",\"url\":\"https:\/\/www.smedemokrati.sk\/wp-content\/uploads\/2023\/07\/ambulancie-1.jpg\",\"contentUrl\":\"https:\/\/www.smedemokrati.sk\/wp-content\/uploads\/2023\/07\/ambulancie-1.jpg\",\"width\":1337,\"height\":825},{\"@type\":\"BreadcrumbList\",\"@id\":\"https:\/\/www.smedemokrati.sk\/riesenie-hrozby-nedostatku-pediatrov\/#breadcrumb\",\"itemListElement\":[{\"@type\":\"ListItem\",\"position\":1,\"name\":\"Domovsk\u00e1 str\u00e1nka\",\"item\":\"https:\/\/www.smedemokrati.sk\/\"},{\"@type\":\"ListItem\",\"position\":2,\"name\":\"Rie\u0161enie hrozby nedostatku pediatrov\"}]},{\"@type\":\"WebSite\",\"@id\":\"https:\/\/www.smedemokrati.sk\/#website\",\"url\":\"https:\/\/www.smedemokrati.sk\/\",\"name\":\"Smedemokrati.sk\",\"description\":\"Demokracia a slu\u0161nos\u0165 zv\u00ed\u0165az\u00ed\",\"publisher\":{\"@id\":\"https:\/\/www.smedemokrati.sk\/#organization\"},\"potentialAction\":[{\"@type\":\"SearchAction\",\"target\":{\"@type\":\"EntryPoint\",\"urlTemplate\":\"https:\/\/www.smedemokrati.sk\/?s={search_term_string}\"},\"query-input\":{\"@type\":\"PropertyValueSpecification\",\"valueRequired\":true,\"valueName\":\"search_term_string\"}}],\"inLanguage\":\"cs-CZ\"},{\"@type\":\"Organization\",\"@id\":\"https:\/\/www.smedemokrati.sk\/#organization\",\"name\":\"Smedemokrati.sk\",\"url\":\"https:\/\/www.smedemokrati.sk\/\",\"logo\":{\"@type\":\"ImageObject\",\"inLanguage\":\"cs-CZ\",\"@id\":\"https:\/\/www.smedemokrati.sk\/#\/schema\/logo\/image\/\",\"url\":\"https:\/\/www.smedemokrati.sk\/wp-content\/uploads\/2023\/04\/ff.002.jpeg\",\"contentUrl\":\"https:\/\/www.smedemokrati.sk\/wp-content\/uploads\/2023\/04\/ff.002.jpeg\",\"width\":640,\"height\":480,\"caption\":\"Smedemokrati.sk\"},\"image\":{\"@id\":\"https:\/\/www.smedemokrati.sk\/#\/schema\/logo\/image\/\"},\"sameAs\":[\"https:\/\/www.facebook.com\/smedemokrati2023\"]},{\"@type\":\"Person\",\"@id\":\"https:\/\/www.smedemokrati.sk\/#\/schema\/person\/c60720f4b9955b3c1ed222ebd1fbbc7c\",\"name\":\"Tom\u00e1\u0161 Koppl\",\"image\":{\"@type\":\"ImageObject\",\"inLanguage\":\"cs-CZ\",\"@id\":\"https:\/\/secure.gravatar.com\/avatar\/8dfa38373c5e39821baf74c8e867a6f12e12c6dab6559aa999d10703b0b1c4ce?s=96&d=mm&r=g\",\"url\":\"https:\/\/secure.gravatar.com\/avatar\/8dfa38373c5e39821baf74c8e867a6f12e12c6dab6559aa999d10703b0b1c4ce?s=96&d=mm&r=g\",\"contentUrl\":\"https:\/\/secure.gravatar.com\/avatar\/8dfa38373c5e39821baf74c8e867a6f12e12c6dab6559aa999d10703b0b1c4ce?s=96&d=mm&r=g\",\"caption\":\"Tom\u00e1\u0161 Koppl\"},\"url\":\"https:\/\/www.smedemokrati.sk\/cs\/author\/tomaskoppl\/\"}]}<\/script>\n<!-- \/ Yoast SEO plugin. -->","yoast_head_json":{"title":"Rie\u0161enie hrozby nedostatku pediatrov - Smedemokrati.sk","robots":{"index":"index","follow":"follow","max-snippet":"max-snippet:-1","max-image-preview":"max-image-preview:large","max-video-preview":"max-video-preview:-1"},"canonical":"https:\/\/www.smedemokrati.sk\/cs\/riesenie-hrozby-nedostatku-pediatrov\/","og_locale":"cs_CZ","og_type":"article","og_title":"Rie\u0161enie hrozby nedostatku pediatrov - Smedemokrati.sk","og_description":"Demokrati s\u00fa pripraven\u00ed poskytn\u00fa\u0165 15 poslaneck\u00fdch podpisov na zvolanie mimoriadnej sch\u00f4dze NR SR, na ktorej by sa mal rie\u0161i\u0165 probl\u00e9m s v\u00fdpove\u010fami pediatrov. V liste premi\u00e9rovi \u00d3dorovi spom\u00ednaj\u00fa, \u017ee pre stranu Demokrati je rie\u0161enie probl\u00e9mov v zdravotn\u00edctve prioritou a s\u00fa pripraven\u00ed kedyko\u013evek rokova\u0165 aj o rie\u0161en\u00ed hrozby nedostatku pediatrov. \u201ePediatri bij\u00fa na poplach, bij\u00fa na [&hellip;]","og_url":"https:\/\/www.smedemokrati.sk\/cs\/riesenie-hrozby-nedostatku-pediatrov\/","og_site_name":"Smedemokrati.sk","article_publisher":"https:\/\/www.facebook.com\/smedemokrati2023","article_published_time":"2023-07-20T11:04:58+00:00","article_modified_time":"2023-07-20T11:04:59+00:00","og_image":[{"width":1337,"height":825,"url":"https:\/\/www.smedemokrati.sk\/wp-content\/uploads\/2023\/07\/ambulancie-1.jpg","type":"image\/jpeg"}],"author":"Tom\u00e1\u0161 Koppl","twitter_card":"summary_large_image","twitter_misc":{"Napsal(a)":"Tom\u00e1\u0161 Koppl","Odhadovan\u00e1 doba \u010dten\u00ed":"3 minuty"},"schema":{"@context":"https:\/\/schema.org","@graph":[{"@type":"Article","@id":"https:\/\/www.smedemokrati.sk\/riesenie-hrozby-nedostatku-pediatrov\/#article","isPartOf":{"@id":"https:\/\/www.smedemokrati.sk\/riesenie-hrozby-nedostatku-pediatrov\/"},"author":{"name":"Tom\u00e1\u0161 Koppl","@id":"https:\/\/www.smedemokrati.sk\/#\/schema\/person\/c60720f4b9955b3c1ed222ebd1fbbc7c"},"headline":"Rie\u0161enie hrozby nedostatku pediatrov","datePublished":"2023-07-20T11:04:58+00:00","dateModified":"2023-07-20T11:04:59+00:00","mainEntityOfPage":{"@id":"https:\/\/www.smedemokrati.sk\/riesenie-hrozby-nedostatku-pediatrov\/"},"wordCount":490,"publisher":{"@id":"https:\/\/www.smedemokrati.sk\/#organization"},"image":{"@id":"https:\/\/www.smedemokrati.sk\/riesenie-hrozby-nedostatku-pediatrov\/#primaryimage"},"thumbnailUrl":"https:\/\/www.smedemokrati.sk\/wp-content\/uploads\/2023\/07\/ambulancie-1.jpg","articleSection":["Tla\u010dov\u00e9 spr\u00e1vy"],"inLanguage":"cs-CZ"},{"@type":"WebPage","@id":"https:\/\/www.smedemokrati.sk\/riesenie-hrozby-nedostatku-pediatrov\/","url":"https:\/\/www.smedemokrati.sk\/riesenie-hrozby-nedostatku-pediatrov\/","name":"Rie\u0161enie hrozby nedostatku pediatrov - Smedemokrati.sk","isPartOf":{"@id":"https:\/\/www.smedemokrati.sk\/#website"},"primaryImageOfPage":{"@id":"https:\/\/www.smedemokrati.sk\/riesenie-hrozby-nedostatku-pediatrov\/#primaryimage"},"image":{"@id":"https:\/\/www.smedemokrati.sk\/riesenie-hrozby-nedostatku-pediatrov\/#primaryimage"},"thumbnailUrl":"https:\/\/www.smedemokrati.sk\/wp-content\/uploads\/2023\/07\/ambulancie-1.jpg","datePublished":"2023-07-20T11:04:58+00:00","dateModified":"2023-07-20T11:04:59+00:00","breadcrumb":{"@id":"https:\/\/www.smedemokrati.sk\/riesenie-hrozby-nedostatku-pediatrov\/#breadcrumb"},"inLanguage":"cs-CZ","potentialAction":[{"@type":"ReadAction","target":["https:\/\/www.smedemokrati.sk\/riesenie-hrozby-nedostatku-pediatrov\/"]}]},{"@type":"ImageObject","inLanguage":"cs-CZ","@id":"https:\/\/www.smedemokrati.sk\/riesenie-hrozby-nedostatku-pediatrov\/#primaryimage","url":"https:\/\/www.smedemokrati.sk\/wp-content\/uploads\/2023\/07\/ambulancie-1.jpg","contentUrl":"https:\/\/www.smedemokrati.sk\/wp-content\/uploads\/2023\/07\/ambulancie-1.jpg","width":1337,"height":825},{"@type":"BreadcrumbList","@id":"https:\/\/www.smedemokrati.sk\/riesenie-hrozby-nedostatku-pediatrov\/#breadcrumb","itemListElement":[{"@type":"ListItem","position":1,"name":"Domovsk\u00e1 str\u00e1nka","item":"https:\/\/www.smedemokrati.sk\/"},{"@type":"ListItem","position":2,"name":"Rie\u0161enie hrozby nedostatku pediatrov"}]},{"@type":"WebSite","@id":"https:\/\/www.smedemokrati.sk\/#website","url":"https:\/\/www.smedemokrati.sk\/","name":"Smedemokrati.sk","description":"Demokracia a slu\u0161nos\u0165 zv\u00ed\u0165az\u00ed","publisher":{"@id":"https:\/\/www.smedemokrati.sk\/#organization"},"potentialAction":[{"@type":"SearchAction","target":{"@type":"EntryPoint","urlTemplate":"https:\/\/www.smedemokrati.sk\/?s={search_term_string}"},"query-input":{"@type":"PropertyValueSpecification","valueRequired":true,"valueName":"search_term_string"}}],"inLanguage":"cs-CZ"},{"@type":"Organization","@id":"https:\/\/www.smedemokrati.sk\/#organization","name":"Smedemokrati.sk","url":"https:\/\/www.smedemokrati.sk\/","logo":{"@type":"ImageObject","inLanguage":"cs-CZ","@id":"https:\/\/www.smedemokrati.sk\/#\/schema\/logo\/image\/","url":"https:\/\/www.smedemokrati.sk\/wp-content\/uploads\/2023\/04\/ff.002.jpeg","contentUrl":"https:\/\/www.smedemokrati.sk\/wp-content\/uploads\/2023\/04\/ff.002.jpeg","width":640,"height":480,"caption":"Smedemokrati.sk"},"image":{"@id":"https:\/\/www.smedemokrati.sk\/#\/schema\/logo\/image\/"},"sameAs":["https:\/\/www.facebook.com\/smedemokrati2023"]},{"@type":"Person","@id":"https:\/\/www.smedemokrati.sk\/#\/schema\/person\/c60720f4b9955b3c1ed222ebd1fbbc7c","name":"Tom\u00e1\u0161 Koppl","image":{"@type":"ImageObject","inLanguage":"cs-CZ","@id":"https:\/\/secure.gravatar.com\/avatar\/8dfa38373c5e39821baf74c8e867a6f12e12c6dab6559aa999d10703b0b1c4ce?s=96&d=mm&r=g","url":"https:\/\/secure.gravatar.com\/avatar\/8dfa38373c5e39821baf74c8e867a6f12e12c6dab6559aa999d10703b0b1c4ce?s=96&d=mm&r=g","contentUrl":"https:\/\/secure.gravatar.com\/avatar\/8dfa38373c5e39821baf74c8e867a6f12e12c6dab6559aa999d10703b0b1c4ce?s=96&d=mm&r=g","caption":"Tom\u00e1\u0161 Koppl"},"url":"https:\/\/www.smedemokrati.sk\/cs\/author\/tomaskoppl\/"}]}},"_links":{"self":[{"href":"https:\/\/www.smedemokrati.sk\/cs\/wp-json\/wp\/v2\/posts\/1537","targetHints":{"allow":["GET"]}}],"collection":[{"href":"https:\/\/www.smedemokrati.sk\/cs\/wp-json\/wp\/v2\/posts"}],"about":[{"href":"https:\/\/www.smedemokrati.sk\/cs\/wp-json\/wp\/v2\/types\/post"}],"author":[{"embeddable":true,"href":"https:\/\/www.smedemokrati.sk\/cs\/wp-json\/wp\/v2\/users\/7"}],"replies":[{"embeddable":true,"href":"https:\/\/www.smedemokrati.sk\/cs\/wp-json\/wp\/v2\/comments?post=1537"}],"version-history":[{"count":1,"href":"https:\/\/www.smedemokrati.sk\/cs\/wp-json\/wp\/v2\/posts\/1537\/revisions"}],"predecessor-version":[{"id":1540,"href":"https:\/\/www.smedemokrati.sk\/cs\/wp-json\/wp\/v2\/posts\/1537\/revisions\/1540"}],"wp:featuredmedia":[{"embeddable":true,"href":"https:\/\/www.smedemokrati.sk\/cs\/wp-json\/wp\/v2\/media\/1539"}],"wp:attachment":[{"href":"https:\/\/www.smedemokrati.sk\/cs\/wp-json\/wp\/v2\/media?parent=1537"}],"wp:term":[{"taxonomy":"category","embeddable":true,"href":"https:\/\/www.smedemokrati.sk\/cs\/wp-json\/wp\/v2\/categories?post=1537"},{"taxonomy":"post_tag","embeddable":true,"href":"https:\/\/www.smedemokrati.sk\/cs\/wp-json\/wp\/v2\/tags?post=1537"}],"curies":[{"name":"wp","href":"https:\/\/api.w.org\/{rel}","templated":true}]}}