{"id":1459,"date":"2023-07-11T11:27:25","date_gmt":"2023-07-11T09:27:25","guid":{"rendered":"https:\/\/www.smedemokrati.sk\/?p=1459"},"modified":"2023-07-11T11:27:26","modified_gmt":"2023-07-11T09:27:26","slug":"podarilo-sa-200-novych-pracovnych-miest-v-detve-je-realitou","status":"publish","type":"post","link":"https:\/\/www.smedemokrati.sk\/cs\/podarilo-sa-200-novych-pracovnych-miest-v-detve-je-realitou\/","title":{"rendered":"Podarilo sa! 200 nov\u00fdch pracovn\u00fdch miest v Detve je realitou"},"content":{"rendered":"<div id=\"fb-root\"><\/div>\n\n<p>Systematick\u00e1 pr\u00e1ca ministerstva hospod\u00e1rstva e\u0161te pod veden\u00edm b\u00fdval\u00e9ho ministra Karla Hirmana (Demokrati) priniesla v\u00fdsledok v podobe pr\u00edchodu nemeckej skupiny Br\u00fcckner Group do Detvy. Firma, ktor\u00e1 sa zaober\u00e1 predov\u0161etk\u00fdm mechanickou a elektrickou predmont\u00e1\u017eou, zamestn\u00e1 v Detve a okol\u00ed pribli\u017ene 200 zamestnancov<\/p>\n\n\n\n<p><strong>\u201eJednou z prior\u00edt, ktor\u00fa som ako minister hospod\u00e1rstva mal, bolo dosta\u0165 investorov do regi\u00f3nov, kde doteraz ch\u00fdbali kvalifikovan\u00e9 pracovn\u00e9 miesta,\u201c<\/strong>&nbsp;zhodnotil b\u00fdval\u00fd minister hospod\u00e1rstva Karel Hirman.&nbsp;<strong>\u201eSom r\u00e1d, \u017ee rokovania v spolupr\u00e1ci s mestom a \u017eupou, s firmou Br\u00fcckner Group sme na\u0161tartovali tak, \u017ee napokon do\u0161lo k fin\u00e1lnej dohode. Slovensko potrebuje viac invest\u00edci\u00ed v regi\u00f3noch odkia\u013e \u013eudia za pr\u00e1cou odch\u00e1dzaj\u00fa do Bratislavy, \u010di do zahrani\u010dia. Detva si nov\u00e9 pracovn\u00e9 miesta zasl\u00fa\u017ei,\u201c<\/strong>&nbsp;dodal.<\/p>\n\n\n\n<p>Podpora zamestnanosti na strednom, ale aj v\u00fdchodnom Slovensku je jednou z programov\u00fdch prior\u00edt strany Demokrati. Aj pr\u00edchod nemeck\u00e9ho investora do Detvy dokazuje, \u017ee odborn\u00edci strany Demokrati, predov\u0161etk\u00fdm Karel Hirman, maj\u00fa v tejto oblasti konkr\u00e9tne v\u00fdsledky<\/p>\n","protected":false},"excerpt":{"rendered":"<p>Systematick\u00e1 pr\u00e1ca ministerstva hospod\u00e1rstva e\u0161te pod veden\u00edm b\u00fdval\u00e9ho ministra Karla Hirmana (Demokrati) priniesla v\u00fdsledok v podobe pr\u00edchodu nemeckej skupiny Br\u00fcckner Group do Detvy. Firma, ktor\u00e1 sa zaober\u00e1 predov\u0161etk\u00fdm mechanickou a elektrickou predmont\u00e1\u017eou, zamestn\u00e1 v Detve a okol\u00ed pribli\u017ene 200 zamestnancov \u201eJednou z prior\u00edt, ktor\u00fa som ako minister hospod\u00e1rstva mal, bolo dosta\u0165 investorov do regi\u00f3nov, kde [&hellip;]<\/p>\n","protected":false},"author":7,"featured_media":394,"comment_status":"closed","ping_status":"closed","sticky":false,"template":"","format":"standard","meta":{"_acf_changed":false,"ngg_post_thumbnail":0,"footnotes":""},"categories":[4],"tags":[],"class_list":["post-1459","post","type-post","status-publish","format-standard","has-post-thumbnail","hentry","category-tlacove-spravy"],"acf":[],"yoast_head":"<!-- This site is optimized with the Yoast SEO plugin v27.2 - https:\/\/yoast.com\/product\/yoast-seo-wordpress\/ -->\n<title>Podarilo sa! 200 nov\u00fdch pracovn\u00fdch miest v Detve je realitou - Smedemokrati.sk<\/title>\n<meta name=\"robots\" content=\"index, follow, max-snippet:-1, max-image-preview:large, max-video-preview:-1\" \/>\n<link rel=\"canonical\" href=\"https:\/\/www.smedemokrati.sk\/cs\/podarilo-sa-200-novych-pracovnych-miest-v-detve-je-realitou\/\" \/>\n<meta property=\"og:locale\" content=\"cs_CZ\" \/>\n<meta property=\"og:locale:alternate\" content=\"en_US\" \/>\n<meta property=\"og:locale:alternate\" content=\"hu_HU\" \/>\n<meta property=\"og:locale:alternate\" content=\"sk_SK\" \/>\n<meta property=\"og:locale:alternate\" content=\"sv_SE\" \/>\n<meta property=\"og:type\" content=\"article\" \/>\n<meta property=\"og:title\" content=\"Podarilo sa! 200 nov\u00fdch pracovn\u00fdch miest v Detve je realitou - Smedemokrati.sk\" \/>\n<meta property=\"og:description\" content=\"Systematick\u00e1 pr\u00e1ca ministerstva hospod\u00e1rstva e\u0161te pod veden\u00edm b\u00fdval\u00e9ho ministra Karla Hirmana (Demokrati) priniesla v\u00fdsledok v podobe pr\u00edchodu nemeckej skupiny Br\u00fcckner Group do Detvy. Firma, ktor\u00e1 sa zaober\u00e1 predov\u0161etk\u00fdm mechanickou a elektrickou predmont\u00e1\u017eou, zamestn\u00e1 v Detve a okol\u00ed pribli\u017ene 200 zamestnancov \u201eJednou z prior\u00edt, ktor\u00fa som ako minister hospod\u00e1rstva mal, bolo dosta\u0165 investorov do regi\u00f3nov, kde [&hellip;]\" \/>\n<meta property=\"og:url\" content=\"https:\/\/www.smedemokrati.sk\/cs\/podarilo-sa-200-novych-pracovnych-miest-v-detve-je-realitou\/\" \/>\n<meta property=\"og:site_name\" content=\"Smedemokrati.sk\" \/>\n<meta property=\"article:publisher\" content=\"https:\/\/www.facebook.com\/smedemokrati2023\" \/>\n<meta property=\"article:published_time\" content=\"2023-07-11T09:27:25+00:00\" \/>\n<meta property=\"article:modified_time\" content=\"2023-07-11T09:27:26+00:00\" \/>\n<meta property=\"og:image\" content=\"https:\/\/www.smedemokrati.sk\/wp-content\/uploads\/2023\/03\/KH_web.jpeg\" \/>\n\t<meta property=\"og:image:width\" content=\"1520\" \/>\n\t<meta property=\"og:image:height\" content=\"1080\" \/>\n\t<meta property=\"og:image:type\" content=\"image\/jpeg\" \/>\n<meta name=\"author\" content=\"Tom\u00e1\u0161 Koppl\" \/>\n<meta name=\"twitter:card\" content=\"summary_large_image\" \/>\n<meta name=\"twitter:label1\" content=\"Napsal(a)\" \/>\n\t<meta name=\"twitter:data1\" content=\"Tom\u00e1\u0161 Koppl\" \/>\n\t<meta name=\"twitter:label2\" content=\"Odhadovan\u00e1 doba \u010dten\u00ed\" \/>\n\t<meta name=\"twitter:data2\" content=\"1 minuta\" \/>\n<script type=\"application\/ld+json\" class=\"yoast-schema-graph\">{\"@context\":\"https:\/\/schema.org\",\"@graph\":[{\"@type\":\"Article\",\"@id\":\"https:\/\/www.smedemokrati.sk\/podarilo-sa-200-novych-pracovnych-miest-v-detve-je-realitou\/#article\",\"isPartOf\":{\"@id\":\"https:\/\/www.smedemokrati.sk\/podarilo-sa-200-novych-pracovnych-miest-v-detve-je-realitou\/\"},\"author\":{\"name\":\"Tom\u00e1\u0161 Koppl\",\"@id\":\"https:\/\/www.smedemokrati.sk\/#\/schema\/person\/c60720f4b9955b3c1ed222ebd1fbbc7c\"},\"headline\":\"Podarilo sa! 200 nov\u00fdch pracovn\u00fdch miest v Detve je realitou\",\"datePublished\":\"2023-07-11T09:27:25+00:00\",\"dateModified\":\"2023-07-11T09:27:26+00:00\",\"mainEntityOfPage\":{\"@id\":\"https:\/\/www.smedemokrati.sk\/podarilo-sa-200-novych-pracovnych-miest-v-detve-je-realitou\/\"},\"wordCount\":201,\"publisher\":{\"@id\":\"https:\/\/www.smedemokrati.sk\/#organization\"},\"image\":{\"@id\":\"https:\/\/www.smedemokrati.sk\/podarilo-sa-200-novych-pracovnych-miest-v-detve-je-realitou\/#primaryimage\"},\"thumbnailUrl\":\"https:\/\/www.smedemokrati.sk\/wp-content\/uploads\/2023\/03\/KH_web.jpeg\",\"articleSection\":[\"Tla\u010dov\u00e9 spr\u00e1vy\"],\"inLanguage\":\"cs-CZ\"},{\"@type\":\"WebPage\",\"@id\":\"https:\/\/www.smedemokrati.sk\/podarilo-sa-200-novych-pracovnych-miest-v-detve-je-realitou\/\",\"url\":\"https:\/\/www.smedemokrati.sk\/podarilo-sa-200-novych-pracovnych-miest-v-detve-je-realitou\/\",\"name\":\"Podarilo sa! 200 nov\u00fdch pracovn\u00fdch miest v Detve je realitou - Smedemokrati.sk\",\"isPartOf\":{\"@id\":\"https:\/\/www.smedemokrati.sk\/#website\"},\"primaryImageOfPage\":{\"@id\":\"https:\/\/www.smedemokrati.sk\/podarilo-sa-200-novych-pracovnych-miest-v-detve-je-realitou\/#primaryimage\"},\"image\":{\"@id\":\"https:\/\/www.smedemokrati.sk\/podarilo-sa-200-novych-pracovnych-miest-v-detve-je-realitou\/#primaryimage\"},\"thumbnailUrl\":\"https:\/\/www.smedemokrati.sk\/wp-content\/uploads\/2023\/03\/KH_web.jpeg\",\"datePublished\":\"2023-07-11T09:27:25+00:00\",\"dateModified\":\"2023-07-11T09:27:26+00:00\",\"breadcrumb\":{\"@id\":\"https:\/\/www.smedemokrati.sk\/podarilo-sa-200-novych-pracovnych-miest-v-detve-je-realitou\/#breadcrumb\"},\"inLanguage\":\"cs-CZ\",\"potentialAction\":[{\"@type\":\"ReadAction\",\"target\":[\"https:\/\/www.smedemokrati.sk\/podarilo-sa-200-novych-pracovnych-miest-v-detve-je-realitou\/\"]}]},{\"@type\":\"ImageObject\",\"inLanguage\":\"cs-CZ\",\"@id\":\"https:\/\/www.smedemokrati.sk\/podarilo-sa-200-novych-pracovnych-miest-v-detve-je-realitou\/#primaryimage\",\"url\":\"https:\/\/www.smedemokrati.sk\/wp-content\/uploads\/2023\/03\/KH_web.jpeg\",\"contentUrl\":\"https:\/\/www.smedemokrati.sk\/wp-content\/uploads\/2023\/03\/KH_web.jpeg\",\"width\":1520,\"height\":1080},{\"@type\":\"BreadcrumbList\",\"@id\":\"https:\/\/www.smedemokrati.sk\/podarilo-sa-200-novych-pracovnych-miest-v-detve-je-realitou\/#breadcrumb\",\"itemListElement\":[{\"@type\":\"ListItem\",\"position\":1,\"name\":\"Domovsk\u00e1 str\u00e1nka\",\"item\":\"https:\/\/www.smedemokrati.sk\/\"},{\"@type\":\"ListItem\",\"position\":2,\"name\":\"Podarilo sa! 200 nov\u00fdch pracovn\u00fdch miest v Detve je realitou\"}]},{\"@type\":\"WebSite\",\"@id\":\"https:\/\/www.smedemokrati.sk\/#website\",\"url\":\"https:\/\/www.smedemokrati.sk\/\",\"name\":\"Smedemokrati.sk\",\"description\":\"Demokracia a slu\u0161nos\u0165 zv\u00ed\u0165az\u00ed\",\"publisher\":{\"@id\":\"https:\/\/www.smedemokrati.sk\/#organization\"},\"potentialAction\":[{\"@type\":\"SearchAction\",\"target\":{\"@type\":\"EntryPoint\",\"urlTemplate\":\"https:\/\/www.smedemokrati.sk\/?s={search_term_string}\"},\"query-input\":{\"@type\":\"PropertyValueSpecification\",\"valueRequired\":true,\"valueName\":\"search_term_string\"}}],\"inLanguage\":\"cs-CZ\"},{\"@type\":\"Organization\",\"@id\":\"https:\/\/www.smedemokrati.sk\/#organization\",\"name\":\"Smedemokrati.sk\",\"url\":\"https:\/\/www.smedemokrati.sk\/\",\"logo\":{\"@type\":\"ImageObject\",\"inLanguage\":\"cs-CZ\",\"@id\":\"https:\/\/www.smedemokrati.sk\/#\/schema\/logo\/image\/\",\"url\":\"https:\/\/www.smedemokrati.sk\/wp-content\/uploads\/2023\/04\/ff.002.jpeg\",\"contentUrl\":\"https:\/\/www.smedemokrati.sk\/wp-content\/uploads\/2023\/04\/ff.002.jpeg\",\"width\":640,\"height\":480,\"caption\":\"Smedemokrati.sk\"},\"image\":{\"@id\":\"https:\/\/www.smedemokrati.sk\/#\/schema\/logo\/image\/\"},\"sameAs\":[\"https:\/\/www.facebook.com\/smedemokrati2023\"]},{\"@type\":\"Person\",\"@id\":\"https:\/\/www.smedemokrati.sk\/#\/schema\/person\/c60720f4b9955b3c1ed222ebd1fbbc7c\",\"name\":\"Tom\u00e1\u0161 Koppl\",\"image\":{\"@type\":\"ImageObject\",\"inLanguage\":\"cs-CZ\",\"@id\":\"https:\/\/secure.gravatar.com\/avatar\/8dfa38373c5e39821baf74c8e867a6f12e12c6dab6559aa999d10703b0b1c4ce?s=96&d=mm&r=g\",\"url\":\"https:\/\/secure.gravatar.com\/avatar\/8dfa38373c5e39821baf74c8e867a6f12e12c6dab6559aa999d10703b0b1c4ce?s=96&d=mm&r=g\",\"contentUrl\":\"https:\/\/secure.gravatar.com\/avatar\/8dfa38373c5e39821baf74c8e867a6f12e12c6dab6559aa999d10703b0b1c4ce?s=96&d=mm&r=g\",\"caption\":\"Tom\u00e1\u0161 Koppl\"},\"url\":\"https:\/\/www.smedemokrati.sk\/cs\/author\/tomaskoppl\/\"}]}<\/script>\n<!-- \/ Yoast SEO plugin. -->","yoast_head_json":{"title":"Podarilo sa! 200 nov\u00fdch pracovn\u00fdch miest v Detve je realitou - Smedemokrati.sk","robots":{"index":"index","follow":"follow","max-snippet":"max-snippet:-1","max-image-preview":"max-image-preview:large","max-video-preview":"max-video-preview:-1"},"canonical":"https:\/\/www.smedemokrati.sk\/cs\/podarilo-sa-200-novych-pracovnych-miest-v-detve-je-realitou\/","og_locale":"cs_CZ","og_type":"article","og_title":"Podarilo sa! 200 nov\u00fdch pracovn\u00fdch miest v Detve je realitou - Smedemokrati.sk","og_description":"Systematick\u00e1 pr\u00e1ca ministerstva hospod\u00e1rstva e\u0161te pod veden\u00edm b\u00fdval\u00e9ho ministra Karla Hirmana (Demokrati) priniesla v\u00fdsledok v podobe pr\u00edchodu nemeckej skupiny Br\u00fcckner Group do Detvy. Firma, ktor\u00e1 sa zaober\u00e1 predov\u0161etk\u00fdm mechanickou a elektrickou predmont\u00e1\u017eou, zamestn\u00e1 v Detve a okol\u00ed pribli\u017ene 200 zamestnancov \u201eJednou z prior\u00edt, ktor\u00fa som ako minister hospod\u00e1rstva mal, bolo dosta\u0165 investorov do regi\u00f3nov, kde [&hellip;]","og_url":"https:\/\/www.smedemokrati.sk\/cs\/podarilo-sa-200-novych-pracovnych-miest-v-detve-je-realitou\/","og_site_name":"Smedemokrati.sk","article_publisher":"https:\/\/www.facebook.com\/smedemokrati2023","article_published_time":"2023-07-11T09:27:25+00:00","article_modified_time":"2023-07-11T09:27:26+00:00","og_image":[{"width":1520,"height":1080,"url":"https:\/\/www.smedemokrati.sk\/wp-content\/uploads\/2023\/03\/KH_web.jpeg","type":"image\/jpeg"}],"author":"Tom\u00e1\u0161 Koppl","twitter_card":"summary_large_image","twitter_misc":{"Napsal(a)":"Tom\u00e1\u0161 Koppl","Odhadovan\u00e1 doba \u010dten\u00ed":"1 minuta"},"schema":{"@context":"https:\/\/schema.org","@graph":[{"@type":"Article","@id":"https:\/\/www.smedemokrati.sk\/podarilo-sa-200-novych-pracovnych-miest-v-detve-je-realitou\/#article","isPartOf":{"@id":"https:\/\/www.smedemokrati.sk\/podarilo-sa-200-novych-pracovnych-miest-v-detve-je-realitou\/"},"author":{"name":"Tom\u00e1\u0161 Koppl","@id":"https:\/\/www.smedemokrati.sk\/#\/schema\/person\/c60720f4b9955b3c1ed222ebd1fbbc7c"},"headline":"Podarilo sa! 200 nov\u00fdch pracovn\u00fdch miest v Detve je realitou","datePublished":"2023-07-11T09:27:25+00:00","dateModified":"2023-07-11T09:27:26+00:00","mainEntityOfPage":{"@id":"https:\/\/www.smedemokrati.sk\/podarilo-sa-200-novych-pracovnych-miest-v-detve-je-realitou\/"},"wordCount":201,"publisher":{"@id":"https:\/\/www.smedemokrati.sk\/#organization"},"image":{"@id":"https:\/\/www.smedemokrati.sk\/podarilo-sa-200-novych-pracovnych-miest-v-detve-je-realitou\/#primaryimage"},"thumbnailUrl":"https:\/\/www.smedemokrati.sk\/wp-content\/uploads\/2023\/03\/KH_web.jpeg","articleSection":["Tla\u010dov\u00e9 spr\u00e1vy"],"inLanguage":"cs-CZ"},{"@type":"WebPage","@id":"https:\/\/www.smedemokrati.sk\/podarilo-sa-200-novych-pracovnych-miest-v-detve-je-realitou\/","url":"https:\/\/www.smedemokrati.sk\/podarilo-sa-200-novych-pracovnych-miest-v-detve-je-realitou\/","name":"Podarilo sa! 200 nov\u00fdch pracovn\u00fdch miest v Detve je realitou - Smedemokrati.sk","isPartOf":{"@id":"https:\/\/www.smedemokrati.sk\/#website"},"primaryImageOfPage":{"@id":"https:\/\/www.smedemokrati.sk\/podarilo-sa-200-novych-pracovnych-miest-v-detve-je-realitou\/#primaryimage"},"image":{"@id":"https:\/\/www.smedemokrati.sk\/podarilo-sa-200-novych-pracovnych-miest-v-detve-je-realitou\/#primaryimage"},"thumbnailUrl":"https:\/\/www.smedemokrati.sk\/wp-content\/uploads\/2023\/03\/KH_web.jpeg","datePublished":"2023-07-11T09:27:25+00:00","dateModified":"2023-07-11T09:27:26+00:00","breadcrumb":{"@id":"https:\/\/www.smedemokrati.sk\/podarilo-sa-200-novych-pracovnych-miest-v-detve-je-realitou\/#breadcrumb"},"inLanguage":"cs-CZ","potentialAction":[{"@type":"ReadAction","target":["https:\/\/www.smedemokrati.sk\/podarilo-sa-200-novych-pracovnych-miest-v-detve-je-realitou\/"]}]},{"@type":"ImageObject","inLanguage":"cs-CZ","@id":"https:\/\/www.smedemokrati.sk\/podarilo-sa-200-novych-pracovnych-miest-v-detve-je-realitou\/#primaryimage","url":"https:\/\/www.smedemokrati.sk\/wp-content\/uploads\/2023\/03\/KH_web.jpeg","contentUrl":"https:\/\/www.smedemokrati.sk\/wp-content\/uploads\/2023\/03\/KH_web.jpeg","width":1520,"height":1080},{"@type":"BreadcrumbList","@id":"https:\/\/www.smedemokrati.sk\/podarilo-sa-200-novych-pracovnych-miest-v-detve-je-realitou\/#breadcrumb","itemListElement":[{"@type":"ListItem","position":1,"name":"Domovsk\u00e1 str\u00e1nka","item":"https:\/\/www.smedemokrati.sk\/"},{"@type":"ListItem","position":2,"name":"Podarilo sa! 200 nov\u00fdch pracovn\u00fdch miest v Detve je realitou"}]},{"@type":"WebSite","@id":"https:\/\/www.smedemokrati.sk\/#website","url":"https:\/\/www.smedemokrati.sk\/","name":"Smedemokrati.sk","description":"Demokracia a slu\u0161nos\u0165 zv\u00ed\u0165az\u00ed","publisher":{"@id":"https:\/\/www.smedemokrati.sk\/#organization"},"potentialAction":[{"@type":"SearchAction","target":{"@type":"EntryPoint","urlTemplate":"https:\/\/www.smedemokrati.sk\/?s={search_term_string}"},"query-input":{"@type":"PropertyValueSpecification","valueRequired":true,"valueName":"search_term_string"}}],"inLanguage":"cs-CZ"},{"@type":"Organization","@id":"https:\/\/www.smedemokrati.sk\/#organization","name":"Smedemokrati.sk","url":"https:\/\/www.smedemokrati.sk\/","logo":{"@type":"ImageObject","inLanguage":"cs-CZ","@id":"https:\/\/www.smedemokrati.sk\/#\/schema\/logo\/image\/","url":"https:\/\/www.smedemokrati.sk\/wp-content\/uploads\/2023\/04\/ff.002.jpeg","contentUrl":"https:\/\/www.smedemokrati.sk\/wp-content\/uploads\/2023\/04\/ff.002.jpeg","width":640,"height":480,"caption":"Smedemokrati.sk"},"image":{"@id":"https:\/\/www.smedemokrati.sk\/#\/schema\/logo\/image\/"},"sameAs":["https:\/\/www.facebook.com\/smedemokrati2023"]},{"@type":"Person","@id":"https:\/\/www.smedemokrati.sk\/#\/schema\/person\/c60720f4b9955b3c1ed222ebd1fbbc7c","name":"Tom\u00e1\u0161 Koppl","image":{"@type":"ImageObject","inLanguage":"cs-CZ","@id":"https:\/\/secure.gravatar.com\/avatar\/8dfa38373c5e39821baf74c8e867a6f12e12c6dab6559aa999d10703b0b1c4ce?s=96&d=mm&r=g","url":"https:\/\/secure.gravatar.com\/avatar\/8dfa38373c5e39821baf74c8e867a6f12e12c6dab6559aa999d10703b0b1c4ce?s=96&d=mm&r=g","contentUrl":"https:\/\/secure.gravatar.com\/avatar\/8dfa38373c5e39821baf74c8e867a6f12e12c6dab6559aa999d10703b0b1c4ce?s=96&d=mm&r=g","caption":"Tom\u00e1\u0161 Koppl"},"url":"https:\/\/www.smedemokrati.sk\/cs\/author\/tomaskoppl\/"}]}},"_links":{"self":[{"href":"https:\/\/www.smedemokrati.sk\/cs\/wp-json\/wp\/v2\/posts\/1459","targetHints":{"allow":["GET"]}}],"collection":[{"href":"https:\/\/www.smedemokrati.sk\/cs\/wp-json\/wp\/v2\/posts"}],"about":[{"href":"https:\/\/www.smedemokrati.sk\/cs\/wp-json\/wp\/v2\/types\/post"}],"author":[{"embeddable":true,"href":"https:\/\/www.smedemokrati.sk\/cs\/wp-json\/wp\/v2\/users\/7"}],"replies":[{"embeddable":true,"href":"https:\/\/www.smedemokrati.sk\/cs\/wp-json\/wp\/v2\/comments?post=1459"}],"version-history":[{"count":1,"href":"https:\/\/www.smedemokrati.sk\/cs\/wp-json\/wp\/v2\/posts\/1459\/revisions"}],"predecessor-version":[{"id":1460,"href":"https:\/\/www.smedemokrati.sk\/cs\/wp-json\/wp\/v2\/posts\/1459\/revisions\/1460"}],"wp:featuredmedia":[{"embeddable":true,"href":"https:\/\/www.smedemokrati.sk\/cs\/wp-json\/wp\/v2\/media\/394"}],"wp:attachment":[{"href":"https:\/\/www.smedemokrati.sk\/cs\/wp-json\/wp\/v2\/media?parent=1459"}],"wp:term":[{"taxonomy":"category","embeddable":true,"href":"https:\/\/www.smedemokrati.sk\/cs\/wp-json\/wp\/v2\/categories?post=1459"},{"taxonomy":"post_tag","embeddable":true,"href":"https:\/\/www.smedemokrati.sk\/cs\/wp-json\/wp\/v2\/tags?post=1459"}],"curies":[{"name":"wp","href":"https:\/\/api.w.org\/{rel}","templated":true}]}}