{"id":1364,"date":"2023-06-30T14:12:08","date_gmt":"2023-06-30T12:12:08","guid":{"rendered":"https:\/\/www.smedemokrati.sk\/?p=1364"},"modified":"2023-06-30T14:12:09","modified_gmt":"2023-06-30T12:12:09","slug":"k-demokratom-sa-pridava-byvaly-poslanec-a-statny-tajomnik-ministerstva-skolstva-richard-nemec","status":"publish","type":"post","link":"https:\/\/www.smedemokrati.sk\/cs\/k-demokratom-sa-pridava-byvaly-poslanec-a-statny-tajomnik-ministerstva-skolstva-richard-nemec\/","title":{"rendered":"K\u00a0Demokratom sa prid\u00e1va b\u00fdval\u00fd poslanec a\u00a0\u0161t\u00e1tny tajomn\u00edk ministerstva \u0161kolstva Richard Nemec"},"content":{"rendered":"<div id=\"fb-root\"><\/div>\n\n<p>Za stranu Demokrati bude v&nbsp;septembrov\u00fdch vo\u013eb\u00e1ch kandidova\u0165 b\u00fdval\u00fd poslanec a&nbsp;\u0161t\u00e1tny tajomn\u00edk ministerstva \u0161kolstva, vedy, v\u00fdskumu a&nbsp;\u0161portu Richard Nemec, ktor\u00fd kandidoval za hnutie O\u013dANO. Nemec z\u00e1rove\u0148 po\u017eiadal vl\u00e1du o&nbsp;uvo\u013enenie z&nbsp;funkcie \u0161t\u00e1tneho tajomn\u00edka.<\/p>\n\n\n\n<p><strong>\u201e<\/strong><strong>Do strany Demokrati som vst\u00fapil, lebo je to proreformn\u00e1 strana, pracuje ako jeden t\u00edm. V<\/strong><strong>&nbsp;<\/strong><strong>strane Demokrati m\u00e1m super kolegov a<\/strong><strong>&nbsp;<\/strong><strong>priate\u013eov, ako Edo Heger a<\/strong><strong>&nbsp;<\/strong><strong>Jaro Na\u010f, ktor\u00fdch si v\u00e1\u017eim v prvom rade ako \u013eud\u00ed, ktor\u00ed maj\u00fa v<\/strong><strong>&nbsp;<\/strong><strong>sebe slu\u0161nos\u0165, pokoru a<\/strong><strong>&nbsp;<\/strong><strong>z\u00e1le\u017e\u00ed im kam bude Slovensko smerova\u0165. Je pre mna \u010des\u0165 s<\/strong><strong>&nbsp;<\/strong><strong>nimi spolupracova\u0165 a sl\u00fa\u017ei\u0165 \u013eu\u010fom,<\/strong><strong>\u201c<\/strong>&nbsp;povedal Richard Nemec, ktor\u00fd sa v&nbsp;strane Demokrati bude venova\u0165 oblasti \u0161portu a&nbsp;podpory mlad\u00fdch talentov.<strong>&nbsp;\u201e<\/strong><strong>Slovensko potrebuje syst\u00e9mov\u00e9 rie\u0161enia v<\/strong><strong>&nbsp;<\/strong><strong>\u0161porte,<\/strong><strong>\u201c<\/strong>dodal.<\/p>\n\n\n\n<p><strong>\u201e<\/strong><strong>V\u00edtam Ri\u0161a Nemca v<\/strong><strong>&nbsp;<\/strong><strong>strane Demokrati. Bude d\u00f4le\u017eitou posilou pre stranu aj pre programov\u00fa oblas\u0165 \u0161portu,<\/strong><strong>\u201c<\/strong>&nbsp;povedal predseda Demokratov E.&nbsp;Heger.<\/p>\n\n\n\n<p><strong>\u201eRi\u0161o Nemec je \u0161pi\u010dkov\u00fd \u0161portovec a<\/strong><strong>&nbsp;<\/strong><strong>tr\u00e9ner, ktor\u00e9ho si v\u00e1\u017eim po \u013eudskej a<\/strong><strong>&nbsp;<\/strong><strong>tie\u017e odbornej str\u00e1nke. Roky prispieva do oblasti \u0161portu a<\/strong><strong>&nbsp;<\/strong><strong>\u0161kolstva a<\/strong><strong>&nbsp;<\/strong><strong>mus\u00edm poveda\u0165, \u017ee projekty, ktor\u00e9 chce realizova\u0165, pom\u00f4\u017eu ako za\u010d\u00ednaj\u00facim, tak aj \u0161portovcom na najvy\u0161\u0161ej s\u00fa\u0165a\u017enej \u00farovni. M\u00e1 konkr\u00e9tnu v\u00edziu, vie \u010do robi\u0165 a<\/strong><strong>&nbsp;<\/strong><strong>som hrd\u00fd, \u017ee je s\u00fa\u010das\u0165ou t\u00edmu,<\/strong><strong>\u201c<\/strong>&nbsp;povedal podpredseda strany Demokrati Jaroslav Na\u010f.<\/p>\n\n\n\n<figure class=\"wp-block-image size-large\"><img decoding=\"async\" width=\"1024\" height=\"1024\" src=\"https:\/\/www.smedemokrati.sk\/wp-content\/uploads\/2023\/06\/Welcome_Nemec_6-1024x1024.jpg\" alt=\"\" class=\"wp-image-1366\" srcset=\"https:\/\/www.smedemokrati.sk\/wp-content\/uploads\/2023\/06\/Welcome_Nemec_6-1024x1024.jpg 1024w, https:\/\/www.smedemokrati.sk\/wp-content\/uploads\/2023\/06\/Welcome_Nemec_6-300x300.jpg 300w, https:\/\/www.smedemokrati.sk\/wp-content\/uploads\/2023\/06\/Welcome_Nemec_6-150x150.jpg 150w, https:\/\/www.smedemokrati.sk\/wp-content\/uploads\/2023\/06\/Welcome_Nemec_6-768x768.jpg 768w, https:\/\/www.smedemokrati.sk\/wp-content\/uploads\/2023\/06\/Welcome_Nemec_6-1536x1536.jpg 1536w, https:\/\/www.smedemokrati.sk\/wp-content\/uploads\/2023\/06\/Welcome_Nemec_6.jpg 1920w\" sizes=\"(max-width: 1024px) 100vw, 1024px\" \/><\/figure>\n","protected":false},"excerpt":{"rendered":"<p>Za stranu Demokrati bude v&nbsp;septembrov\u00fdch vo\u013eb\u00e1ch kandidova\u0165 b\u00fdval\u00fd poslanec a&nbsp;\u0161t\u00e1tny tajomn\u00edk ministerstva \u0161kolstva, vedy, v\u00fdskumu a&nbsp;\u0161portu Richard Nemec, ktor\u00fd kandidoval za hnutie O\u013dANO. Nemec z\u00e1rove\u0148 po\u017eiadal vl\u00e1du o&nbsp;uvo\u013enenie z&nbsp;funkcie \u0161t\u00e1tneho tajomn\u00edka. \u201eDo strany Demokrati som vst\u00fapil, lebo je to proreformn\u00e1 strana, pracuje ako jeden t\u00edm. V&nbsp;strane Demokrati m\u00e1m super kolegov a&nbsp;priate\u013eov, ako Edo Heger a&nbsp;Jaro [&hellip;]<\/p>\n","protected":false},"author":7,"featured_media":1367,"comment_status":"closed","ping_status":"closed","sticky":false,"template":"","format":"standard","meta":{"_acf_changed":false,"ngg_post_thumbnail":0,"footnotes":""},"categories":[4],"tags":[],"class_list":["post-1364","post","type-post","status-publish","format-standard","has-post-thumbnail","hentry","category-tlacove-spravy"],"acf":[],"yoast_head":"<!-- This site is optimized with the Yoast SEO plugin v27.2 - https:\/\/yoast.com\/product\/yoast-seo-wordpress\/ -->\n<title>K\u00a0Demokratom sa prid\u00e1va b\u00fdval\u00fd poslanec a\u00a0\u0161t\u00e1tny tajomn\u00edk ministerstva \u0161kolstva Richard Nemec - Smedemokrati.sk<\/title>\n<meta name=\"robots\" content=\"index, follow, max-snippet:-1, max-image-preview:large, max-video-preview:-1\" \/>\n<link rel=\"canonical\" href=\"https:\/\/www.smedemokrati.sk\/cs\/k-demokratom-sa-pridava-byvaly-poslanec-a-statny-tajomnik-ministerstva-skolstva-richard-nemec\/\" \/>\n<meta property=\"og:locale\" content=\"cs_CZ\" \/>\n<meta property=\"og:locale:alternate\" content=\"en_US\" \/>\n<meta property=\"og:locale:alternate\" content=\"hu_HU\" \/>\n<meta property=\"og:locale:alternate\" content=\"sk_SK\" \/>\n<meta property=\"og:locale:alternate\" content=\"sv_SE\" \/>\n<meta property=\"og:type\" content=\"article\" \/>\n<meta property=\"og:title\" content=\"K\u00a0Demokratom sa prid\u00e1va b\u00fdval\u00fd poslanec a\u00a0\u0161t\u00e1tny tajomn\u00edk ministerstva \u0161kolstva Richard Nemec - Smedemokrati.sk\" \/>\n<meta property=\"og:description\" content=\"Za stranu Demokrati bude v&nbsp;septembrov\u00fdch vo\u013eb\u00e1ch kandidova\u0165 b\u00fdval\u00fd poslanec a&nbsp;\u0161t\u00e1tny tajomn\u00edk ministerstva \u0161kolstva, vedy, v\u00fdskumu a&nbsp;\u0161portu Richard Nemec, ktor\u00fd kandidoval za hnutie O\u013dANO. Nemec z\u00e1rove\u0148 po\u017eiadal vl\u00e1du o&nbsp;uvo\u013enenie z&nbsp;funkcie \u0161t\u00e1tneho tajomn\u00edka. \u201eDo strany Demokrati som vst\u00fapil, lebo je to proreformn\u00e1 strana, pracuje ako jeden t\u00edm. V&nbsp;strane Demokrati m\u00e1m super kolegov a&nbsp;priate\u013eov, ako Edo Heger a&nbsp;Jaro [&hellip;]\" \/>\n<meta property=\"og:url\" content=\"https:\/\/www.smedemokrati.sk\/cs\/k-demokratom-sa-pridava-byvaly-poslanec-a-statny-tajomnik-ministerstva-skolstva-richard-nemec\/\" \/>\n<meta property=\"og:site_name\" content=\"Smedemokrati.sk\" \/>\n<meta property=\"article:publisher\" content=\"https:\/\/www.facebook.com\/smedemokrati2023\" \/>\n<meta property=\"article:published_time\" content=\"2023-06-30T12:12:08+00:00\" \/>\n<meta property=\"article:modified_time\" content=\"2023-06-30T12:12:09+00:00\" \/>\n<meta property=\"og:image\" content=\"https:\/\/www.smedemokrati.sk\/wp-content\/uploads\/2023\/06\/Welcome_Nemec_1.jpg\" \/>\n\t<meta property=\"og:image:width\" content=\"1200\" \/>\n\t<meta property=\"og:image:height\" content=\"1200\" \/>\n\t<meta property=\"og:image:type\" content=\"image\/jpeg\" \/>\n<meta name=\"author\" content=\"Tom\u00e1\u0161 Koppl\" \/>\n<meta name=\"twitter:card\" content=\"summary_large_image\" \/>\n<meta name=\"twitter:label1\" content=\"Napsal(a)\" \/>\n\t<meta name=\"twitter:data1\" content=\"Tom\u00e1\u0161 Koppl\" \/>\n\t<meta name=\"twitter:label2\" content=\"Odhadovan\u00e1 doba \u010dten\u00ed\" \/>\n\t<meta name=\"twitter:data2\" content=\"2 minuty\" \/>\n<script type=\"application\/ld+json\" class=\"yoast-schema-graph\">{\"@context\":\"https:\/\/schema.org\",\"@graph\":[{\"@type\":\"Article\",\"@id\":\"https:\/\/www.smedemokrati.sk\/k-demokratom-sa-pridava-byvaly-poslanec-a-statny-tajomnik-ministerstva-skolstva-richard-nemec\/#article\",\"isPartOf\":{\"@id\":\"https:\/\/www.smedemokrati.sk\/k-demokratom-sa-pridava-byvaly-poslanec-a-statny-tajomnik-ministerstva-skolstva-richard-nemec\/\"},\"author\":{\"name\":\"Tom\u00e1\u0161 Koppl\",\"@id\":\"https:\/\/www.smedemokrati.sk\/#\/schema\/person\/c60720f4b9955b3c1ed222ebd1fbbc7c\"},\"headline\":\"K\u00a0Demokratom sa prid\u00e1va b\u00fdval\u00fd poslanec a\u00a0\u0161t\u00e1tny tajomn\u00edk ministerstva \u0161kolstva Richard Nemec\",\"datePublished\":\"2023-06-30T12:12:08+00:00\",\"dateModified\":\"2023-06-30T12:12:09+00:00\",\"mainEntityOfPage\":{\"@id\":\"https:\/\/www.smedemokrati.sk\/k-demokratom-sa-pridava-byvaly-poslanec-a-statny-tajomnik-ministerstva-skolstva-richard-nemec\/\"},\"wordCount\":290,\"publisher\":{\"@id\":\"https:\/\/www.smedemokrati.sk\/#organization\"},\"image\":{\"@id\":\"https:\/\/www.smedemokrati.sk\/k-demokratom-sa-pridava-byvaly-poslanec-a-statny-tajomnik-ministerstva-skolstva-richard-nemec\/#primaryimage\"},\"thumbnailUrl\":\"https:\/\/www.smedemokrati.sk\/wp-content\/uploads\/2023\/06\/Welcome_Nemec_1.jpg\",\"articleSection\":[\"Tla\u010dov\u00e9 spr\u00e1vy\"],\"inLanguage\":\"cs-CZ\"},{\"@type\":\"WebPage\",\"@id\":\"https:\/\/www.smedemokrati.sk\/k-demokratom-sa-pridava-byvaly-poslanec-a-statny-tajomnik-ministerstva-skolstva-richard-nemec\/\",\"url\":\"https:\/\/www.smedemokrati.sk\/k-demokratom-sa-pridava-byvaly-poslanec-a-statny-tajomnik-ministerstva-skolstva-richard-nemec\/\",\"name\":\"K\u00a0Demokratom sa prid\u00e1va b\u00fdval\u00fd poslanec a\u00a0\u0161t\u00e1tny tajomn\u00edk ministerstva \u0161kolstva Richard Nemec - Smedemokrati.sk\",\"isPartOf\":{\"@id\":\"https:\/\/www.smedemokrati.sk\/#website\"},\"primaryImageOfPage\":{\"@id\":\"https:\/\/www.smedemokrati.sk\/k-demokratom-sa-pridava-byvaly-poslanec-a-statny-tajomnik-ministerstva-skolstva-richard-nemec\/#primaryimage\"},\"image\":{\"@id\":\"https:\/\/www.smedemokrati.sk\/k-demokratom-sa-pridava-byvaly-poslanec-a-statny-tajomnik-ministerstva-skolstva-richard-nemec\/#primaryimage\"},\"thumbnailUrl\":\"https:\/\/www.smedemokrati.sk\/wp-content\/uploads\/2023\/06\/Welcome_Nemec_1.jpg\",\"datePublished\":\"2023-06-30T12:12:08+00:00\",\"dateModified\":\"2023-06-30T12:12:09+00:00\",\"breadcrumb\":{\"@id\":\"https:\/\/www.smedemokrati.sk\/k-demokratom-sa-pridava-byvaly-poslanec-a-statny-tajomnik-ministerstva-skolstva-richard-nemec\/#breadcrumb\"},\"inLanguage\":\"cs-CZ\",\"potentialAction\":[{\"@type\":\"ReadAction\",\"target\":[\"https:\/\/www.smedemokrati.sk\/k-demokratom-sa-pridava-byvaly-poslanec-a-statny-tajomnik-ministerstva-skolstva-richard-nemec\/\"]}]},{\"@type\":\"ImageObject\",\"inLanguage\":\"cs-CZ\",\"@id\":\"https:\/\/www.smedemokrati.sk\/k-demokratom-sa-pridava-byvaly-poslanec-a-statny-tajomnik-ministerstva-skolstva-richard-nemec\/#primaryimage\",\"url\":\"https:\/\/www.smedemokrati.sk\/wp-content\/uploads\/2023\/06\/Welcome_Nemec_1.jpg\",\"contentUrl\":\"https:\/\/www.smedemokrati.sk\/wp-content\/uploads\/2023\/06\/Welcome_Nemec_1.jpg\",\"width\":1200,\"height\":1200},{\"@type\":\"BreadcrumbList\",\"@id\":\"https:\/\/www.smedemokrati.sk\/k-demokratom-sa-pridava-byvaly-poslanec-a-statny-tajomnik-ministerstva-skolstva-richard-nemec\/#breadcrumb\",\"itemListElement\":[{\"@type\":\"ListItem\",\"position\":1,\"name\":\"Domovsk\u00e1 str\u00e1nka\",\"item\":\"https:\/\/www.smedemokrati.sk\/\"},{\"@type\":\"ListItem\",\"position\":2,\"name\":\"K\u00a0Demokratom sa prid\u00e1va b\u00fdval\u00fd poslanec a\u00a0\u0161t\u00e1tny tajomn\u00edk ministerstva \u0161kolstva Richard Nemec\"}]},{\"@type\":\"WebSite\",\"@id\":\"https:\/\/www.smedemokrati.sk\/#website\",\"url\":\"https:\/\/www.smedemokrati.sk\/\",\"name\":\"Smedemokrati.sk\",\"description\":\"Demokracia a slu\u0161nos\u0165 zv\u00ed\u0165az\u00ed\",\"publisher\":{\"@id\":\"https:\/\/www.smedemokrati.sk\/#organization\"},\"potentialAction\":[{\"@type\":\"SearchAction\",\"target\":{\"@type\":\"EntryPoint\",\"urlTemplate\":\"https:\/\/www.smedemokrati.sk\/?s={search_term_string}\"},\"query-input\":{\"@type\":\"PropertyValueSpecification\",\"valueRequired\":true,\"valueName\":\"search_term_string\"}}],\"inLanguage\":\"cs-CZ\"},{\"@type\":\"Organization\",\"@id\":\"https:\/\/www.smedemokrati.sk\/#organization\",\"name\":\"Smedemokrati.sk\",\"url\":\"https:\/\/www.smedemokrati.sk\/\",\"logo\":{\"@type\":\"ImageObject\",\"inLanguage\":\"cs-CZ\",\"@id\":\"https:\/\/www.smedemokrati.sk\/#\/schema\/logo\/image\/\",\"url\":\"https:\/\/www.smedemokrati.sk\/wp-content\/uploads\/2023\/04\/ff.002.jpeg\",\"contentUrl\":\"https:\/\/www.smedemokrati.sk\/wp-content\/uploads\/2023\/04\/ff.002.jpeg\",\"width\":640,\"height\":480,\"caption\":\"Smedemokrati.sk\"},\"image\":{\"@id\":\"https:\/\/www.smedemokrati.sk\/#\/schema\/logo\/image\/\"},\"sameAs\":[\"https:\/\/www.facebook.com\/smedemokrati2023\"]},{\"@type\":\"Person\",\"@id\":\"https:\/\/www.smedemokrati.sk\/#\/schema\/person\/c60720f4b9955b3c1ed222ebd1fbbc7c\",\"name\":\"Tom\u00e1\u0161 Koppl\",\"image\":{\"@type\":\"ImageObject\",\"inLanguage\":\"cs-CZ\",\"@id\":\"https:\/\/secure.gravatar.com\/avatar\/8dfa38373c5e39821baf74c8e867a6f12e12c6dab6559aa999d10703b0b1c4ce?s=96&d=mm&r=g\",\"url\":\"https:\/\/secure.gravatar.com\/avatar\/8dfa38373c5e39821baf74c8e867a6f12e12c6dab6559aa999d10703b0b1c4ce?s=96&d=mm&r=g\",\"contentUrl\":\"https:\/\/secure.gravatar.com\/avatar\/8dfa38373c5e39821baf74c8e867a6f12e12c6dab6559aa999d10703b0b1c4ce?s=96&d=mm&r=g\",\"caption\":\"Tom\u00e1\u0161 Koppl\"},\"url\":\"https:\/\/www.smedemokrati.sk\/cs\/author\/tomaskoppl\/\"}]}<\/script>\n<!-- \/ Yoast SEO plugin. -->","yoast_head_json":{"title":"K\u00a0Demokratom sa prid\u00e1va b\u00fdval\u00fd poslanec a\u00a0\u0161t\u00e1tny tajomn\u00edk ministerstva \u0161kolstva Richard Nemec - Smedemokrati.sk","robots":{"index":"index","follow":"follow","max-snippet":"max-snippet:-1","max-image-preview":"max-image-preview:large","max-video-preview":"max-video-preview:-1"},"canonical":"https:\/\/www.smedemokrati.sk\/cs\/k-demokratom-sa-pridava-byvaly-poslanec-a-statny-tajomnik-ministerstva-skolstva-richard-nemec\/","og_locale":"cs_CZ","og_type":"article","og_title":"K\u00a0Demokratom sa prid\u00e1va b\u00fdval\u00fd poslanec a\u00a0\u0161t\u00e1tny tajomn\u00edk ministerstva \u0161kolstva Richard Nemec - Smedemokrati.sk","og_description":"Za stranu Demokrati bude v&nbsp;septembrov\u00fdch vo\u013eb\u00e1ch kandidova\u0165 b\u00fdval\u00fd poslanec a&nbsp;\u0161t\u00e1tny tajomn\u00edk ministerstva \u0161kolstva, vedy, v\u00fdskumu a&nbsp;\u0161portu Richard Nemec, ktor\u00fd kandidoval za hnutie O\u013dANO. Nemec z\u00e1rove\u0148 po\u017eiadal vl\u00e1du o&nbsp;uvo\u013enenie z&nbsp;funkcie \u0161t\u00e1tneho tajomn\u00edka. \u201eDo strany Demokrati som vst\u00fapil, lebo je to proreformn\u00e1 strana, pracuje ako jeden t\u00edm. V&nbsp;strane Demokrati m\u00e1m super kolegov a&nbsp;priate\u013eov, ako Edo Heger a&nbsp;Jaro [&hellip;]","og_url":"https:\/\/www.smedemokrati.sk\/cs\/k-demokratom-sa-pridava-byvaly-poslanec-a-statny-tajomnik-ministerstva-skolstva-richard-nemec\/","og_site_name":"Smedemokrati.sk","article_publisher":"https:\/\/www.facebook.com\/smedemokrati2023","article_published_time":"2023-06-30T12:12:08+00:00","article_modified_time":"2023-06-30T12:12:09+00:00","og_image":[{"width":1200,"height":1200,"url":"https:\/\/www.smedemokrati.sk\/wp-content\/uploads\/2023\/06\/Welcome_Nemec_1.jpg","type":"image\/jpeg"}],"author":"Tom\u00e1\u0161 Koppl","twitter_card":"summary_large_image","twitter_misc":{"Napsal(a)":"Tom\u00e1\u0161 Koppl","Odhadovan\u00e1 doba \u010dten\u00ed":"2 minuty"},"schema":{"@context":"https:\/\/schema.org","@graph":[{"@type":"Article","@id":"https:\/\/www.smedemokrati.sk\/k-demokratom-sa-pridava-byvaly-poslanec-a-statny-tajomnik-ministerstva-skolstva-richard-nemec\/#article","isPartOf":{"@id":"https:\/\/www.smedemokrati.sk\/k-demokratom-sa-pridava-byvaly-poslanec-a-statny-tajomnik-ministerstva-skolstva-richard-nemec\/"},"author":{"name":"Tom\u00e1\u0161 Koppl","@id":"https:\/\/www.smedemokrati.sk\/#\/schema\/person\/c60720f4b9955b3c1ed222ebd1fbbc7c"},"headline":"K\u00a0Demokratom sa prid\u00e1va b\u00fdval\u00fd poslanec a\u00a0\u0161t\u00e1tny tajomn\u00edk ministerstva \u0161kolstva Richard Nemec","datePublished":"2023-06-30T12:12:08+00:00","dateModified":"2023-06-30T12:12:09+00:00","mainEntityOfPage":{"@id":"https:\/\/www.smedemokrati.sk\/k-demokratom-sa-pridava-byvaly-poslanec-a-statny-tajomnik-ministerstva-skolstva-richard-nemec\/"},"wordCount":290,"publisher":{"@id":"https:\/\/www.smedemokrati.sk\/#organization"},"image":{"@id":"https:\/\/www.smedemokrati.sk\/k-demokratom-sa-pridava-byvaly-poslanec-a-statny-tajomnik-ministerstva-skolstva-richard-nemec\/#primaryimage"},"thumbnailUrl":"https:\/\/www.smedemokrati.sk\/wp-content\/uploads\/2023\/06\/Welcome_Nemec_1.jpg","articleSection":["Tla\u010dov\u00e9 spr\u00e1vy"],"inLanguage":"cs-CZ"},{"@type":"WebPage","@id":"https:\/\/www.smedemokrati.sk\/k-demokratom-sa-pridava-byvaly-poslanec-a-statny-tajomnik-ministerstva-skolstva-richard-nemec\/","url":"https:\/\/www.smedemokrati.sk\/k-demokratom-sa-pridava-byvaly-poslanec-a-statny-tajomnik-ministerstva-skolstva-richard-nemec\/","name":"K\u00a0Demokratom sa prid\u00e1va b\u00fdval\u00fd poslanec a\u00a0\u0161t\u00e1tny tajomn\u00edk ministerstva \u0161kolstva Richard Nemec - Smedemokrati.sk","isPartOf":{"@id":"https:\/\/www.smedemokrati.sk\/#website"},"primaryImageOfPage":{"@id":"https:\/\/www.smedemokrati.sk\/k-demokratom-sa-pridava-byvaly-poslanec-a-statny-tajomnik-ministerstva-skolstva-richard-nemec\/#primaryimage"},"image":{"@id":"https:\/\/www.smedemokrati.sk\/k-demokratom-sa-pridava-byvaly-poslanec-a-statny-tajomnik-ministerstva-skolstva-richard-nemec\/#primaryimage"},"thumbnailUrl":"https:\/\/www.smedemokrati.sk\/wp-content\/uploads\/2023\/06\/Welcome_Nemec_1.jpg","datePublished":"2023-06-30T12:12:08+00:00","dateModified":"2023-06-30T12:12:09+00:00","breadcrumb":{"@id":"https:\/\/www.smedemokrati.sk\/k-demokratom-sa-pridava-byvaly-poslanec-a-statny-tajomnik-ministerstva-skolstva-richard-nemec\/#breadcrumb"},"inLanguage":"cs-CZ","potentialAction":[{"@type":"ReadAction","target":["https:\/\/www.smedemokrati.sk\/k-demokratom-sa-pridava-byvaly-poslanec-a-statny-tajomnik-ministerstva-skolstva-richard-nemec\/"]}]},{"@type":"ImageObject","inLanguage":"cs-CZ","@id":"https:\/\/www.smedemokrati.sk\/k-demokratom-sa-pridava-byvaly-poslanec-a-statny-tajomnik-ministerstva-skolstva-richard-nemec\/#primaryimage","url":"https:\/\/www.smedemokrati.sk\/wp-content\/uploads\/2023\/06\/Welcome_Nemec_1.jpg","contentUrl":"https:\/\/www.smedemokrati.sk\/wp-content\/uploads\/2023\/06\/Welcome_Nemec_1.jpg","width":1200,"height":1200},{"@type":"BreadcrumbList","@id":"https:\/\/www.smedemokrati.sk\/k-demokratom-sa-pridava-byvaly-poslanec-a-statny-tajomnik-ministerstva-skolstva-richard-nemec\/#breadcrumb","itemListElement":[{"@type":"ListItem","position":1,"name":"Domovsk\u00e1 str\u00e1nka","item":"https:\/\/www.smedemokrati.sk\/"},{"@type":"ListItem","position":2,"name":"K\u00a0Demokratom sa prid\u00e1va b\u00fdval\u00fd poslanec a\u00a0\u0161t\u00e1tny tajomn\u00edk ministerstva \u0161kolstva Richard Nemec"}]},{"@type":"WebSite","@id":"https:\/\/www.smedemokrati.sk\/#website","url":"https:\/\/www.smedemokrati.sk\/","name":"Smedemokrati.sk","description":"Demokracia a slu\u0161nos\u0165 zv\u00ed\u0165az\u00ed","publisher":{"@id":"https:\/\/www.smedemokrati.sk\/#organization"},"potentialAction":[{"@type":"SearchAction","target":{"@type":"EntryPoint","urlTemplate":"https:\/\/www.smedemokrati.sk\/?s={search_term_string}"},"query-input":{"@type":"PropertyValueSpecification","valueRequired":true,"valueName":"search_term_string"}}],"inLanguage":"cs-CZ"},{"@type":"Organization","@id":"https:\/\/www.smedemokrati.sk\/#organization","name":"Smedemokrati.sk","url":"https:\/\/www.smedemokrati.sk\/","logo":{"@type":"ImageObject","inLanguage":"cs-CZ","@id":"https:\/\/www.smedemokrati.sk\/#\/schema\/logo\/image\/","url":"https:\/\/www.smedemokrati.sk\/wp-content\/uploads\/2023\/04\/ff.002.jpeg","contentUrl":"https:\/\/www.smedemokrati.sk\/wp-content\/uploads\/2023\/04\/ff.002.jpeg","width":640,"height":480,"caption":"Smedemokrati.sk"},"image":{"@id":"https:\/\/www.smedemokrati.sk\/#\/schema\/logo\/image\/"},"sameAs":["https:\/\/www.facebook.com\/smedemokrati2023"]},{"@type":"Person","@id":"https:\/\/www.smedemokrati.sk\/#\/schema\/person\/c60720f4b9955b3c1ed222ebd1fbbc7c","name":"Tom\u00e1\u0161 Koppl","image":{"@type":"ImageObject","inLanguage":"cs-CZ","@id":"https:\/\/secure.gravatar.com\/avatar\/8dfa38373c5e39821baf74c8e867a6f12e12c6dab6559aa999d10703b0b1c4ce?s=96&d=mm&r=g","url":"https:\/\/secure.gravatar.com\/avatar\/8dfa38373c5e39821baf74c8e867a6f12e12c6dab6559aa999d10703b0b1c4ce?s=96&d=mm&r=g","contentUrl":"https:\/\/secure.gravatar.com\/avatar\/8dfa38373c5e39821baf74c8e867a6f12e12c6dab6559aa999d10703b0b1c4ce?s=96&d=mm&r=g","caption":"Tom\u00e1\u0161 Koppl"},"url":"https:\/\/www.smedemokrati.sk\/cs\/author\/tomaskoppl\/"}]}},"_links":{"self":[{"href":"https:\/\/www.smedemokrati.sk\/cs\/wp-json\/wp\/v2\/posts\/1364","targetHints":{"allow":["GET"]}}],"collection":[{"href":"https:\/\/www.smedemokrati.sk\/cs\/wp-json\/wp\/v2\/posts"}],"about":[{"href":"https:\/\/www.smedemokrati.sk\/cs\/wp-json\/wp\/v2\/types\/post"}],"author":[{"embeddable":true,"href":"https:\/\/www.smedemokrati.sk\/cs\/wp-json\/wp\/v2\/users\/7"}],"replies":[{"embeddable":true,"href":"https:\/\/www.smedemokrati.sk\/cs\/wp-json\/wp\/v2\/comments?post=1364"}],"version-history":[{"count":2,"href":"https:\/\/www.smedemokrati.sk\/cs\/wp-json\/wp\/v2\/posts\/1364\/revisions"}],"predecessor-version":[{"id":1368,"href":"https:\/\/www.smedemokrati.sk\/cs\/wp-json\/wp\/v2\/posts\/1364\/revisions\/1368"}],"wp:featuredmedia":[{"embeddable":true,"href":"https:\/\/www.smedemokrati.sk\/cs\/wp-json\/wp\/v2\/media\/1367"}],"wp:attachment":[{"href":"https:\/\/www.smedemokrati.sk\/cs\/wp-json\/wp\/v2\/media?parent=1364"}],"wp:term":[{"taxonomy":"category","embeddable":true,"href":"https:\/\/www.smedemokrati.sk\/cs\/wp-json\/wp\/v2\/categories?post=1364"},{"taxonomy":"post_tag","embeddable":true,"href":"https:\/\/www.smedemokrati.sk\/cs\/wp-json\/wp\/v2\/tags?post=1364"}],"curies":[{"name":"wp","href":"https:\/\/api.w.org\/{rel}","templated":true}]}}