{"id":1180,"date":"2023-06-12T10:39:14","date_gmt":"2023-06-12T08:39:14","guid":{"rendered":"https:\/\/www.smedemokrati.sk\/?p=1180"},"modified":"2023-06-12T10:40:18","modified_gmt":"2023-06-12T08:40:18","slug":"miliony-eur-potrebuju-viac-pacienti-nez-sukromni-akcionari","status":"publish","type":"post","link":"https:\/\/www.smedemokrati.sk\/cs\/miliony-eur-potrebuju-viac-pacienti-nez-sukromni-akcionari\/","title":{"rendered":"Mili\u00f3ny eur potrebuj\u00fa viac pacienti ne\u017e s\u00fakromn\u00ed akcion\u00e1ri"},"content":{"rendered":"<div id=\"fb-root\"><\/div>\n\n<p>\u00darad pre doh\u013ead nad zdravotnou starostlivos\u0165ou vyzval poslancov, aby odmietli novelu z\u00e1kona o zdravotn\u00fdch pois\u0165ovniach. Ide o n\u00e1vrh z dielne SaS, pod\u013ea ktor\u00e9ho sa maj\u00fa zv\u00fd\u0161i\u0165 zisky zdravotn\u00fdch pois\u0165ovn\u00ed, a ktor\u00fd nebol prediskutovan\u00fd s odborn\u00edkmi. Strana Demokrati tento n\u00e1vrh v parlamente nepodpor\u00ed a u\u017e v sobotu vyzvala SaS, aby novelu stiahla.<\/p>\n\n\n\n<p>Sebeck\u00ed politici chc\u00fa pod\u013ea podpredsedn\u00ed\u010dky Demokratov A. Letanovskej zv\u00fd\u0161i\u0165 zisk s\u00fakromn\u00fdch akcion\u00e1rov zdravotn\u00fdch pois\u0165ovn\u00ed na \u00fakor pacientov.<strong>&nbsp;\u201eKa\u017ed\u00e9 jedno euro, ktor\u00e9 poistenci vlo\u017eia do zdravotn\u00edctva, mus\u00ed \u00eds\u0165 na skvalitnenie zdravotnej starostlivosti pre pacientov. Nie akcion\u00e1rom s\u00fakromn\u00fdch pois\u0165ovn\u00ed. Ako prim\u00e1rka ARO v N\u00e1rodnom onkologickom \u00fastave a dlhoro\u010dn\u00e1 z\u00e1chran\u00e1rka v\u00e1m m\u00f4\u017eem poveda\u0165, \u017ee namiesto zvy\u0161ovania zisku by sme peniaze mali investova\u0165 do ambulanci\u00ed v regi\u00f3noch, ohrozen\u00fdch povolan\u00ed v zdravotn\u00edctve, inovat\u00edvnej lie\u010dby, alebo do onkologick\u00fdch programov,\u201c<\/strong>&nbsp;povedala podpredsedn\u00ed\u010dka Demokratov Andrea Letanovsk\u00e1.<\/p>\n\n\n\n<p><strong>\u201eV \u010dase, ke\u010f rodi\u010dia det\u00ed so zdravotn\u00fdm znev\u00fdhodnen\u00edm musia vypisova\u0165 \u017eiadosti o r\u00f4zne granty, prosia o 2 % z dan\u00ed a niektor\u00ed e\u0161te st\u00e1le zbieraj\u00fa vrchn\u00e1\u010diky od flia\u0161, aby mohli svojim de\u0165om zaplati\u0165 terapie, rehabilit\u00e1cie \u010di zdravotn\u00e9 pom\u00f4cky, lebo zdravotn\u00e9 pois\u0165ovne sa tv\u00e1ria, \u017ee neexistuj\u00fa, kolegovia v parlamente s \u013eahkos\u0165ou posun\u00fa do druh\u00e9ho \u010d\u00edtania z\u00e1kon, ktor\u00fd umo\u017en\u00ed zdravotn\u00fdm pois\u0165ovniam dosahova\u0165 vy\u0161\u0161\u00ed zisk,\u201c<\/strong>&nbsp;kon\u0161tatovala poslanky\u0148a Jana \u017dit\u0148ansk\u00e1.<\/p>\n\n\n\n<p>SaS chce tento n\u00e1vrh schv\u00e1li\u0165 na poslednej sch\u00f4dzi pred vo\u013ebami.&nbsp;<strong>\u201eT\u00ed, ktor\u00ed kritizovali obch\u00e1dzanie \u0161tandardn\u00e9ho legislat\u00edvneho procesu, dnes navrhuj\u00fa zv\u00fd\u0161i\u0165 zisky s\u00fakromn\u00fdch akcion\u00e1rov zdravotn\u00fdch pois\u0165ovn\u00ed bez odbornej diskusie, bez vyjadrenia v\u0161etk\u00fdch dotknut\u00fdch str\u00e1n a navy\u0161e, cez poslaneck\u00fd n\u00e1vrh,<\/strong>\u201c&nbsp;povedal podpredseda strany Demokrati Jaroslav Na\u010f.<\/p>\n\n\n\n<p>Predseda strany Demokrati Eduard Heger upozornil, \u017ee za z\u00e1kon v prvom \u010d\u00edtan\u00ed hlasoval aj Smer, ktor\u00fd sa v minulosti bojoval proti zisku zdravotn\u00fdch pois\u0165ovn\u00ed.&nbsp;<strong>\u201eSmer chcel zdravotn\u00e9 pois\u0165ovne dokonca zo\u0161t\u00e1tni\u0165. Je to pokrytectvo hrub\u00e9ho zrna a ob\u010dania, zdravotn\u00edci a pacienti to vidia. Za jeho vl\u00e1d bolo zdravotn\u00edctvo vytunelovan\u00e9 a ohlodan\u00e9 pr\u00ed\u017eivn\u00edckymi firmami a\u017e na kos\u0165. Kv\u00f4li strane Smer sme stratili v zdravotn\u00edctve minim\u00e1lne 10 rokov rozvoja a invest\u00edci\u00ed,\u201c<\/strong>&nbsp;povedal.<\/p>\n\n\n\n<p><strong>\u201eVo\u013eby 30. septembra bud\u00fa aj o tom, \u010di n\u00e1m bud\u00fa vl\u00e1dnu\u0165 sebeck\u00ed politici, ktor\u00ed h\u013eadia len s na svoje z\u00e1ujmy, alebo nieto, komu skuto\u010dne z\u00e1le\u017e\u00ed na \u013eu\u010foch. My v strane Demokrati pon\u00fakame nesebeck\u00fa a pokojn\u00fa alternat\u00edvu \u013eud\u00ed, ktor\u00ed pracuj\u00fa na pomoci ob\u010danom,\u201c<\/strong>&nbsp;doplnila na z\u00e1ver Letanovsk\u00e1.&nbsp;<\/p>\n\n\n\n<figure class=\"wp-block-image size-large\"><img decoding=\"async\" width=\"1024\" height=\"580\" src=\"https:\/\/www.smedemokrati.sk\/wp-content\/uploads\/2023\/06\/andrea-1024x580.jpg\" alt=\"\" class=\"wp-image-1181\" srcset=\"https:\/\/www.smedemokrati.sk\/wp-content\/uploads\/2023\/06\/andrea-1024x580.jpg 1024w, https:\/\/www.smedemokrati.sk\/wp-content\/uploads\/2023\/06\/andrea-300x170.jpg 300w, https:\/\/www.smedemokrati.sk\/wp-content\/uploads\/2023\/06\/andrea-768x435.jpg 768w, https:\/\/www.smedemokrati.sk\/wp-content\/uploads\/2023\/06\/andrea-1536x870.jpg 1536w, https:\/\/www.smedemokrati.sk\/wp-content\/uploads\/2023\/06\/andrea-2048x1160.jpg 2048w\" sizes=\"(max-width: 1024px) 100vw, 1024px\" \/><\/figure>\n","protected":false},"excerpt":{"rendered":"<p>\u00darad pre doh\u013ead nad zdravotnou starostlivos\u0165ou vyzval poslancov, aby odmietli novelu z\u00e1kona o zdravotn\u00fdch pois\u0165ovniach. Ide o n\u00e1vrh z dielne SaS, pod\u013ea ktor\u00e9ho sa maj\u00fa zv\u00fd\u0161i\u0165 zisky zdravotn\u00fdch pois\u0165ovn\u00ed, a ktor\u00fd nebol prediskutovan\u00fd s odborn\u00edkmi. Strana Demokrati tento n\u00e1vrh v parlamente nepodpor\u00ed a u\u017e v sobotu vyzvala SaS, aby novelu stiahla. Sebeck\u00ed politici chc\u00fa pod\u013ea [&hellip;]<\/p>\n","protected":false},"author":7,"featured_media":171,"comment_status":"closed","ping_status":"closed","sticky":false,"template":"","format":"standard","meta":{"_acf_changed":false,"ngg_post_thumbnail":0,"footnotes":""},"categories":[4],"tags":[],"class_list":["post-1180","post","type-post","status-publish","format-standard","has-post-thumbnail","hentry","category-tlacove-spravy"],"acf":[],"yoast_head":"<!-- This site is optimized with the Yoast SEO plugin v27.2 - https:\/\/yoast.com\/product\/yoast-seo-wordpress\/ -->\n<title>Mili\u00f3ny eur potrebuj\u00fa viac pacienti ne\u017e s\u00fakromn\u00ed akcion\u00e1ri - Smedemokrati.sk<\/title>\n<meta name=\"robots\" content=\"index, follow, max-snippet:-1, max-image-preview:large, max-video-preview:-1\" \/>\n<link rel=\"canonical\" href=\"https:\/\/www.smedemokrati.sk\/cs\/miliony-eur-potrebuju-viac-pacienti-nez-sukromni-akcionari\/\" \/>\n<meta property=\"og:locale\" content=\"cs_CZ\" \/>\n<meta property=\"og:locale:alternate\" content=\"en_US\" \/>\n<meta property=\"og:locale:alternate\" content=\"hu_HU\" \/>\n<meta property=\"og:locale:alternate\" content=\"sk_SK\" \/>\n<meta property=\"og:locale:alternate\" content=\"sv_SE\" \/>\n<meta property=\"og:type\" content=\"article\" \/>\n<meta property=\"og:title\" content=\"Mili\u00f3ny eur potrebuj\u00fa viac pacienti ne\u017e s\u00fakromn\u00ed akcion\u00e1ri - Smedemokrati.sk\" \/>\n<meta property=\"og:description\" content=\"\u00darad pre doh\u013ead nad zdravotnou starostlivos\u0165ou vyzval poslancov, aby odmietli novelu z\u00e1kona o zdravotn\u00fdch pois\u0165ovniach. Ide o n\u00e1vrh z dielne SaS, pod\u013ea ktor\u00e9ho sa maj\u00fa zv\u00fd\u0161i\u0165 zisky zdravotn\u00fdch pois\u0165ovn\u00ed, a ktor\u00fd nebol prediskutovan\u00fd s odborn\u00edkmi. Strana Demokrati tento n\u00e1vrh v parlamente nepodpor\u00ed a u\u017e v sobotu vyzvala SaS, aby novelu stiahla. Sebeck\u00ed politici chc\u00fa pod\u013ea [&hellip;]\" \/>\n<meta property=\"og:url\" content=\"https:\/\/www.smedemokrati.sk\/cs\/miliony-eur-potrebuju-viac-pacienti-nez-sukromni-akcionari\/\" \/>\n<meta property=\"og:site_name\" content=\"Smedemokrati.sk\" \/>\n<meta property=\"article:publisher\" content=\"https:\/\/www.facebook.com\/smedemokrati2023\" \/>\n<meta property=\"article:published_time\" content=\"2023-06-12T08:39:14+00:00\" \/>\n<meta property=\"article:modified_time\" content=\"2023-06-12T08:40:18+00:00\" \/>\n<meta property=\"og:image\" content=\"https:\/\/www.smedemokrati.sk\/wp-content\/uploads\/2023\/03\/AL_1-min.jpg\" \/>\n\t<meta property=\"og:image:width\" content=\"1024\" \/>\n\t<meta property=\"og:image:height\" content=\"683\" \/>\n\t<meta property=\"og:image:type\" content=\"image\/jpeg\" \/>\n<meta name=\"author\" content=\"Tom\u00e1\u0161 Koppl\" \/>\n<meta name=\"twitter:card\" content=\"summary_large_image\" \/>\n<meta name=\"twitter:label1\" content=\"Napsal(a)\" \/>\n\t<meta name=\"twitter:data1\" content=\"Tom\u00e1\u0161 Koppl\" \/>\n\t<meta name=\"twitter:label2\" content=\"Odhadovan\u00e1 doba \u010dten\u00ed\" \/>\n\t<meta name=\"twitter:data2\" content=\"3 minuty\" \/>\n<script type=\"application\/ld+json\" class=\"yoast-schema-graph\">{\"@context\":\"https:\/\/schema.org\",\"@graph\":[{\"@type\":\"Article\",\"@id\":\"https:\/\/www.smedemokrati.sk\/miliony-eur-potrebuju-viac-pacienti-nez-sukromni-akcionari\/#article\",\"isPartOf\":{\"@id\":\"https:\/\/www.smedemokrati.sk\/miliony-eur-potrebuju-viac-pacienti-nez-sukromni-akcionari\/\"},\"author\":{\"name\":\"Tom\u00e1\u0161 Koppl\",\"@id\":\"https:\/\/www.smedemokrati.sk\/#\/schema\/person\/c60720f4b9955b3c1ed222ebd1fbbc7c\"},\"headline\":\"Mili\u00f3ny eur potrebuj\u00fa viac pacienti ne\u017e s\u00fakromn\u00ed akcion\u00e1ri\",\"datePublished\":\"2023-06-12T08:39:14+00:00\",\"dateModified\":\"2023-06-12T08:40:18+00:00\",\"mainEntityOfPage\":{\"@id\":\"https:\/\/www.smedemokrati.sk\/miliony-eur-potrebuju-viac-pacienti-nez-sukromni-akcionari\/\"},\"wordCount\":483,\"publisher\":{\"@id\":\"https:\/\/www.smedemokrati.sk\/#organization\"},\"image\":{\"@id\":\"https:\/\/www.smedemokrati.sk\/miliony-eur-potrebuju-viac-pacienti-nez-sukromni-akcionari\/#primaryimage\"},\"thumbnailUrl\":\"https:\/\/www.smedemokrati.sk\/wp-content\/uploads\/2023\/03\/AL_1-min.jpg\",\"articleSection\":[\"Tla\u010dov\u00e9 spr\u00e1vy\"],\"inLanguage\":\"cs-CZ\"},{\"@type\":\"WebPage\",\"@id\":\"https:\/\/www.smedemokrati.sk\/miliony-eur-potrebuju-viac-pacienti-nez-sukromni-akcionari\/\",\"url\":\"https:\/\/www.smedemokrati.sk\/miliony-eur-potrebuju-viac-pacienti-nez-sukromni-akcionari\/\",\"name\":\"Mili\u00f3ny eur potrebuj\u00fa viac pacienti ne\u017e s\u00fakromn\u00ed akcion\u00e1ri - Smedemokrati.sk\",\"isPartOf\":{\"@id\":\"https:\/\/www.smedemokrati.sk\/#website\"},\"primaryImageOfPage\":{\"@id\":\"https:\/\/www.smedemokrati.sk\/miliony-eur-potrebuju-viac-pacienti-nez-sukromni-akcionari\/#primaryimage\"},\"image\":{\"@id\":\"https:\/\/www.smedemokrati.sk\/miliony-eur-potrebuju-viac-pacienti-nez-sukromni-akcionari\/#primaryimage\"},\"thumbnailUrl\":\"https:\/\/www.smedemokrati.sk\/wp-content\/uploads\/2023\/03\/AL_1-min.jpg\",\"datePublished\":\"2023-06-12T08:39:14+00:00\",\"dateModified\":\"2023-06-12T08:40:18+00:00\",\"breadcrumb\":{\"@id\":\"https:\/\/www.smedemokrati.sk\/miliony-eur-potrebuju-viac-pacienti-nez-sukromni-akcionari\/#breadcrumb\"},\"inLanguage\":\"cs-CZ\",\"potentialAction\":[{\"@type\":\"ReadAction\",\"target\":[\"https:\/\/www.smedemokrati.sk\/miliony-eur-potrebuju-viac-pacienti-nez-sukromni-akcionari\/\"]}]},{\"@type\":\"ImageObject\",\"inLanguage\":\"cs-CZ\",\"@id\":\"https:\/\/www.smedemokrati.sk\/miliony-eur-potrebuju-viac-pacienti-nez-sukromni-akcionari\/#primaryimage\",\"url\":\"https:\/\/www.smedemokrati.sk\/wp-content\/uploads\/2023\/03\/AL_1-min.jpg\",\"contentUrl\":\"https:\/\/www.smedemokrati.sk\/wp-content\/uploads\/2023\/03\/AL_1-min.jpg\",\"width\":1024,\"height\":683},{\"@type\":\"BreadcrumbList\",\"@id\":\"https:\/\/www.smedemokrati.sk\/miliony-eur-potrebuju-viac-pacienti-nez-sukromni-akcionari\/#breadcrumb\",\"itemListElement\":[{\"@type\":\"ListItem\",\"position\":1,\"name\":\"Domovsk\u00e1 str\u00e1nka\",\"item\":\"https:\/\/www.smedemokrati.sk\/\"},{\"@type\":\"ListItem\",\"position\":2,\"name\":\"Mili\u00f3ny eur potrebuj\u00fa viac pacienti ne\u017e s\u00fakromn\u00ed akcion\u00e1ri\"}]},{\"@type\":\"WebSite\",\"@id\":\"https:\/\/www.smedemokrati.sk\/#website\",\"url\":\"https:\/\/www.smedemokrati.sk\/\",\"name\":\"Smedemokrati.sk\",\"description\":\"Demokracia a slu\u0161nos\u0165 zv\u00ed\u0165az\u00ed\",\"publisher\":{\"@id\":\"https:\/\/www.smedemokrati.sk\/#organization\"},\"potentialAction\":[{\"@type\":\"SearchAction\",\"target\":{\"@type\":\"EntryPoint\",\"urlTemplate\":\"https:\/\/www.smedemokrati.sk\/?s={search_term_string}\"},\"query-input\":{\"@type\":\"PropertyValueSpecification\",\"valueRequired\":true,\"valueName\":\"search_term_string\"}}],\"inLanguage\":\"cs-CZ\"},{\"@type\":\"Organization\",\"@id\":\"https:\/\/www.smedemokrati.sk\/#organization\",\"name\":\"Smedemokrati.sk\",\"url\":\"https:\/\/www.smedemokrati.sk\/\",\"logo\":{\"@type\":\"ImageObject\",\"inLanguage\":\"cs-CZ\",\"@id\":\"https:\/\/www.smedemokrati.sk\/#\/schema\/logo\/image\/\",\"url\":\"https:\/\/www.smedemokrati.sk\/wp-content\/uploads\/2023\/04\/ff.002.jpeg\",\"contentUrl\":\"https:\/\/www.smedemokrati.sk\/wp-content\/uploads\/2023\/04\/ff.002.jpeg\",\"width\":640,\"height\":480,\"caption\":\"Smedemokrati.sk\"},\"image\":{\"@id\":\"https:\/\/www.smedemokrati.sk\/#\/schema\/logo\/image\/\"},\"sameAs\":[\"https:\/\/www.facebook.com\/smedemokrati2023\"]},{\"@type\":\"Person\",\"@id\":\"https:\/\/www.smedemokrati.sk\/#\/schema\/person\/c60720f4b9955b3c1ed222ebd1fbbc7c\",\"name\":\"Tom\u00e1\u0161 Koppl\",\"image\":{\"@type\":\"ImageObject\",\"inLanguage\":\"cs-CZ\",\"@id\":\"https:\/\/secure.gravatar.com\/avatar\/8dfa38373c5e39821baf74c8e867a6f12e12c6dab6559aa999d10703b0b1c4ce?s=96&d=mm&r=g\",\"url\":\"https:\/\/secure.gravatar.com\/avatar\/8dfa38373c5e39821baf74c8e867a6f12e12c6dab6559aa999d10703b0b1c4ce?s=96&d=mm&r=g\",\"contentUrl\":\"https:\/\/secure.gravatar.com\/avatar\/8dfa38373c5e39821baf74c8e867a6f12e12c6dab6559aa999d10703b0b1c4ce?s=96&d=mm&r=g\",\"caption\":\"Tom\u00e1\u0161 Koppl\"},\"url\":\"https:\/\/www.smedemokrati.sk\/cs\/author\/tomaskoppl\/\"}]}<\/script>\n<!-- \/ Yoast SEO plugin. -->","yoast_head_json":{"title":"Mili\u00f3ny eur potrebuj\u00fa viac pacienti ne\u017e s\u00fakromn\u00ed akcion\u00e1ri - Smedemokrati.sk","robots":{"index":"index","follow":"follow","max-snippet":"max-snippet:-1","max-image-preview":"max-image-preview:large","max-video-preview":"max-video-preview:-1"},"canonical":"https:\/\/www.smedemokrati.sk\/cs\/miliony-eur-potrebuju-viac-pacienti-nez-sukromni-akcionari\/","og_locale":"cs_CZ","og_type":"article","og_title":"Mili\u00f3ny eur potrebuj\u00fa viac pacienti ne\u017e s\u00fakromn\u00ed akcion\u00e1ri - Smedemokrati.sk","og_description":"\u00darad pre doh\u013ead nad zdravotnou starostlivos\u0165ou vyzval poslancov, aby odmietli novelu z\u00e1kona o zdravotn\u00fdch pois\u0165ovniach. Ide o n\u00e1vrh z dielne SaS, pod\u013ea ktor\u00e9ho sa maj\u00fa zv\u00fd\u0161i\u0165 zisky zdravotn\u00fdch pois\u0165ovn\u00ed, a ktor\u00fd nebol prediskutovan\u00fd s odborn\u00edkmi. Strana Demokrati tento n\u00e1vrh v parlamente nepodpor\u00ed a u\u017e v sobotu vyzvala SaS, aby novelu stiahla. Sebeck\u00ed politici chc\u00fa pod\u013ea [&hellip;]","og_url":"https:\/\/www.smedemokrati.sk\/cs\/miliony-eur-potrebuju-viac-pacienti-nez-sukromni-akcionari\/","og_site_name":"Smedemokrati.sk","article_publisher":"https:\/\/www.facebook.com\/smedemokrati2023","article_published_time":"2023-06-12T08:39:14+00:00","article_modified_time":"2023-06-12T08:40:18+00:00","og_image":[{"width":1024,"height":683,"url":"https:\/\/www.smedemokrati.sk\/wp-content\/uploads\/2023\/03\/AL_1-min.jpg","type":"image\/jpeg"}],"author":"Tom\u00e1\u0161 Koppl","twitter_card":"summary_large_image","twitter_misc":{"Napsal(a)":"Tom\u00e1\u0161 Koppl","Odhadovan\u00e1 doba \u010dten\u00ed":"3 minuty"},"schema":{"@context":"https:\/\/schema.org","@graph":[{"@type":"Article","@id":"https:\/\/www.smedemokrati.sk\/miliony-eur-potrebuju-viac-pacienti-nez-sukromni-akcionari\/#article","isPartOf":{"@id":"https:\/\/www.smedemokrati.sk\/miliony-eur-potrebuju-viac-pacienti-nez-sukromni-akcionari\/"},"author":{"name":"Tom\u00e1\u0161 Koppl","@id":"https:\/\/www.smedemokrati.sk\/#\/schema\/person\/c60720f4b9955b3c1ed222ebd1fbbc7c"},"headline":"Mili\u00f3ny eur potrebuj\u00fa viac pacienti ne\u017e s\u00fakromn\u00ed akcion\u00e1ri","datePublished":"2023-06-12T08:39:14+00:00","dateModified":"2023-06-12T08:40:18+00:00","mainEntityOfPage":{"@id":"https:\/\/www.smedemokrati.sk\/miliony-eur-potrebuju-viac-pacienti-nez-sukromni-akcionari\/"},"wordCount":483,"publisher":{"@id":"https:\/\/www.smedemokrati.sk\/#organization"},"image":{"@id":"https:\/\/www.smedemokrati.sk\/miliony-eur-potrebuju-viac-pacienti-nez-sukromni-akcionari\/#primaryimage"},"thumbnailUrl":"https:\/\/www.smedemokrati.sk\/wp-content\/uploads\/2023\/03\/AL_1-min.jpg","articleSection":["Tla\u010dov\u00e9 spr\u00e1vy"],"inLanguage":"cs-CZ"},{"@type":"WebPage","@id":"https:\/\/www.smedemokrati.sk\/miliony-eur-potrebuju-viac-pacienti-nez-sukromni-akcionari\/","url":"https:\/\/www.smedemokrati.sk\/miliony-eur-potrebuju-viac-pacienti-nez-sukromni-akcionari\/","name":"Mili\u00f3ny eur potrebuj\u00fa viac pacienti ne\u017e s\u00fakromn\u00ed akcion\u00e1ri - Smedemokrati.sk","isPartOf":{"@id":"https:\/\/www.smedemokrati.sk\/#website"},"primaryImageOfPage":{"@id":"https:\/\/www.smedemokrati.sk\/miliony-eur-potrebuju-viac-pacienti-nez-sukromni-akcionari\/#primaryimage"},"image":{"@id":"https:\/\/www.smedemokrati.sk\/miliony-eur-potrebuju-viac-pacienti-nez-sukromni-akcionari\/#primaryimage"},"thumbnailUrl":"https:\/\/www.smedemokrati.sk\/wp-content\/uploads\/2023\/03\/AL_1-min.jpg","datePublished":"2023-06-12T08:39:14+00:00","dateModified":"2023-06-12T08:40:18+00:00","breadcrumb":{"@id":"https:\/\/www.smedemokrati.sk\/miliony-eur-potrebuju-viac-pacienti-nez-sukromni-akcionari\/#breadcrumb"},"inLanguage":"cs-CZ","potentialAction":[{"@type":"ReadAction","target":["https:\/\/www.smedemokrati.sk\/miliony-eur-potrebuju-viac-pacienti-nez-sukromni-akcionari\/"]}]},{"@type":"ImageObject","inLanguage":"cs-CZ","@id":"https:\/\/www.smedemokrati.sk\/miliony-eur-potrebuju-viac-pacienti-nez-sukromni-akcionari\/#primaryimage","url":"https:\/\/www.smedemokrati.sk\/wp-content\/uploads\/2023\/03\/AL_1-min.jpg","contentUrl":"https:\/\/www.smedemokrati.sk\/wp-content\/uploads\/2023\/03\/AL_1-min.jpg","width":1024,"height":683},{"@type":"BreadcrumbList","@id":"https:\/\/www.smedemokrati.sk\/miliony-eur-potrebuju-viac-pacienti-nez-sukromni-akcionari\/#breadcrumb","itemListElement":[{"@type":"ListItem","position":1,"name":"Domovsk\u00e1 str\u00e1nka","item":"https:\/\/www.smedemokrati.sk\/"},{"@type":"ListItem","position":2,"name":"Mili\u00f3ny eur potrebuj\u00fa viac pacienti ne\u017e s\u00fakromn\u00ed akcion\u00e1ri"}]},{"@type":"WebSite","@id":"https:\/\/www.smedemokrati.sk\/#website","url":"https:\/\/www.smedemokrati.sk\/","name":"Smedemokrati.sk","description":"Demokracia a slu\u0161nos\u0165 zv\u00ed\u0165az\u00ed","publisher":{"@id":"https:\/\/www.smedemokrati.sk\/#organization"},"potentialAction":[{"@type":"SearchAction","target":{"@type":"EntryPoint","urlTemplate":"https:\/\/www.smedemokrati.sk\/?s={search_term_string}"},"query-input":{"@type":"PropertyValueSpecification","valueRequired":true,"valueName":"search_term_string"}}],"inLanguage":"cs-CZ"},{"@type":"Organization","@id":"https:\/\/www.smedemokrati.sk\/#organization","name":"Smedemokrati.sk","url":"https:\/\/www.smedemokrati.sk\/","logo":{"@type":"ImageObject","inLanguage":"cs-CZ","@id":"https:\/\/www.smedemokrati.sk\/#\/schema\/logo\/image\/","url":"https:\/\/www.smedemokrati.sk\/wp-content\/uploads\/2023\/04\/ff.002.jpeg","contentUrl":"https:\/\/www.smedemokrati.sk\/wp-content\/uploads\/2023\/04\/ff.002.jpeg","width":640,"height":480,"caption":"Smedemokrati.sk"},"image":{"@id":"https:\/\/www.smedemokrati.sk\/#\/schema\/logo\/image\/"},"sameAs":["https:\/\/www.facebook.com\/smedemokrati2023"]},{"@type":"Person","@id":"https:\/\/www.smedemokrati.sk\/#\/schema\/person\/c60720f4b9955b3c1ed222ebd1fbbc7c","name":"Tom\u00e1\u0161 Koppl","image":{"@type":"ImageObject","inLanguage":"cs-CZ","@id":"https:\/\/secure.gravatar.com\/avatar\/8dfa38373c5e39821baf74c8e867a6f12e12c6dab6559aa999d10703b0b1c4ce?s=96&d=mm&r=g","url":"https:\/\/secure.gravatar.com\/avatar\/8dfa38373c5e39821baf74c8e867a6f12e12c6dab6559aa999d10703b0b1c4ce?s=96&d=mm&r=g","contentUrl":"https:\/\/secure.gravatar.com\/avatar\/8dfa38373c5e39821baf74c8e867a6f12e12c6dab6559aa999d10703b0b1c4ce?s=96&d=mm&r=g","caption":"Tom\u00e1\u0161 Koppl"},"url":"https:\/\/www.smedemokrati.sk\/cs\/author\/tomaskoppl\/"}]}},"_links":{"self":[{"href":"https:\/\/www.smedemokrati.sk\/cs\/wp-json\/wp\/v2\/posts\/1180","targetHints":{"allow":["GET"]}}],"collection":[{"href":"https:\/\/www.smedemokrati.sk\/cs\/wp-json\/wp\/v2\/posts"}],"about":[{"href":"https:\/\/www.smedemokrati.sk\/cs\/wp-json\/wp\/v2\/types\/post"}],"author":[{"embeddable":true,"href":"https:\/\/www.smedemokrati.sk\/cs\/wp-json\/wp\/v2\/users\/7"}],"replies":[{"embeddable":true,"href":"https:\/\/www.smedemokrati.sk\/cs\/wp-json\/wp\/v2\/comments?post=1180"}],"version-history":[{"count":2,"href":"https:\/\/www.smedemokrati.sk\/cs\/wp-json\/wp\/v2\/posts\/1180\/revisions"}],"predecessor-version":[{"id":1183,"href":"https:\/\/www.smedemokrati.sk\/cs\/wp-json\/wp\/v2\/posts\/1180\/revisions\/1183"}],"wp:featuredmedia":[{"embeddable":true,"href":"https:\/\/www.smedemokrati.sk\/cs\/wp-json\/wp\/v2\/media\/171"}],"wp:attachment":[{"href":"https:\/\/www.smedemokrati.sk\/cs\/wp-json\/wp\/v2\/media?parent=1180"}],"wp:term":[{"taxonomy":"category","embeddable":true,"href":"https:\/\/www.smedemokrati.sk\/cs\/wp-json\/wp\/v2\/categories?post=1180"},{"taxonomy":"post_tag","embeddable":true,"href":"https:\/\/www.smedemokrati.sk\/cs\/wp-json\/wp\/v2\/tags?post=1180"}],"curies":[{"name":"wp","href":"https:\/\/api.w.org\/{rel}","templated":true}]}}