{"id":1076,"date":"2023-06-01T16:26:27","date_gmt":"2023-06-01T14:26:27","guid":{"rendered":"https:\/\/www.smedemokrati.sk\/?p=1076"},"modified":"2023-06-05T13:06:49","modified_gmt":"2023-06-05T11:06:49","slug":"do-strany-demokrati-vstupuje-jadrovy-fyzik-branislav-sitar","status":"publish","type":"post","link":"https:\/\/www.smedemokrati.sk\/cs\/do-strany-demokrati-vstupuje-jadrovy-fyzik-branislav-sitar\/","title":{"rendered":"Do strany Demokrati vstupuje jadrov\u00fd fyzik Branislav Sit\u00e1r"},"content":{"rendered":"<div id=\"fb-root\"><\/div>\n\n<p><strong>Na \u0161tvrtkovej tla\u010dovej konferencii o tom informoval predseda strany Eduard Heger<\/strong><\/p>\n\n\n\n<figure class=\"wp-block-image size-large\"><img decoding=\"async\" width=\"1024\" height=\"682\" src=\"https:\/\/www.smedemokrati.sk\/wp-content\/uploads\/2023\/06\/02-1024x682.jpg\" alt=\"\" class=\"wp-image-1077\" srcset=\"https:\/\/www.smedemokrati.sk\/wp-content\/uploads\/2023\/06\/02-1024x682.jpg 1024w, https:\/\/www.smedemokrati.sk\/wp-content\/uploads\/2023\/06\/02-300x200.jpg 300w, https:\/\/www.smedemokrati.sk\/wp-content\/uploads\/2023\/06\/02-768x511.jpg 768w, https:\/\/www.smedemokrati.sk\/wp-content\/uploads\/2023\/06\/02-1536x1022.jpg 1536w, https:\/\/www.smedemokrati.sk\/wp-content\/uploads\/2023\/06\/02.jpg 1920w\" sizes=\"(max-width: 1024px) 100vw, 1024px\" \/><\/figure>\n\n\n\n<p><strong>\u201eJe to ve\u013emi siln\u00e1 posila pre Demokratov. Radi zu\u017eitkujeme v\u0161etky jeho odborn\u00e9 a medzin\u00e1rodn\u00e9 sk\u00fasenosti,\u201c<\/strong> uviedol Heger. Pouk\u00e1zal aj na Sit\u00e1rovo p\u00f4sobenie v CERN-e a \u010fal\u0161\u00edch vedeck\u00fdch organiz\u00e1ci\u00e1ch. Ver\u00ed, \u017ee bude posilou ich odborn\u00e9ho t\u00edmu. Ozna\u010dil ho za \u010dloveka, ktor\u00fd h\u013ead\u00e1 pravdu, je rozh\u013eaden\u00fd a odhodlan\u00fd meni\u0165 Slovensko na \u00faspe\u0161n\u00fa modern\u00fa krajinu. Spolo\u010dne pouk\u00e1zali napr\u00edklad na potrebu pril\u00e1ka\u0165 na\u0161ich \u0161tudentov a talenty sp\u00e4\u0165 na Slovensko.<\/p>\n\n\n\n<p class=\"has-text-align-left\">Sit\u00e1r skon\u0161tatoval, \u017ee do politiky vst\u00fapil preto, lebo nie je len vedec, ale hlavne ob\u010dan. <strong>\u201eB\u00fdvam tu, \u017eijem tu. Chceme to robi\u0165 kv\u00f4li svojim de\u0165om a vnu\u010dk\u00e1m,\u201c<\/strong> povedal. Demokratov si vybral, lebo pod\u013ea neho rozm\u00fd\u0161\u013eaj\u00fa ako on a maj\u00fa potenci\u00e1l urobi\u0165 zo Slovenska slu\u0161n\u00fa, pravdovravn\u00fa a dobr\u00fa krajinu. Nes\u00fahlas\u00ed s kritikou Hegerovej vl\u00e1dy a vyzdvihol pr\u00edpravu pl\u00e1nu obnovy \u010di presadenie reforiem zdravotn\u00edctva, n\u00e1rodn\u00fdch parkov \u010di s\u00fadnictva. Ocenil aj rie\u0161enia v kr\u00edzach. <strong>\u201eSlov\u00e1ci si skoro ani nev\u0161imli, \u017ee tu bola nejak\u00e1 energetick\u00e1 kr\u00edza,\u201c<\/strong> poznamenal. Apeloval na voli\u010dov, aby si uvedomili, kam chceme smerova\u0165. Ak je to Eur\u00f3pa, potrebn\u00e1 je pod\u013ea neho zmena.<br><\/p>\n\n\n\n<p class=\"has-text-align-right\">Zdroj: TASR<\/p>\n","protected":false},"excerpt":{"rendered":"<p>Na \u0161tvrtkovej tla\u010dovej konferencii o tom informoval predseda strany Eduard Heger \u201eJe to ve\u013emi siln\u00e1 posila pre Demokratov. Radi zu\u017eitkujeme v\u0161etky jeho odborn\u00e9 a medzin\u00e1rodn\u00e9 sk\u00fasenosti,\u201c uviedol Heger. Pouk\u00e1zal aj na Sit\u00e1rovo p\u00f4sobenie v CERN-e a \u010fal\u0161\u00edch vedeck\u00fdch organiz\u00e1ci\u00e1ch. Ver\u00ed, \u017ee bude posilou ich odborn\u00e9ho t\u00edmu. Ozna\u010dil ho za \u010dloveka, ktor\u00fd h\u013ead\u00e1 pravdu, je rozh\u013eaden\u00fd [&hellip;]<\/p>\n","protected":false},"author":7,"featured_media":1078,"comment_status":"closed","ping_status":"closed","sticky":false,"template":"","format":"standard","meta":{"_acf_changed":false,"ngg_post_thumbnail":0,"footnotes":""},"categories":[4],"tags":[],"class_list":["post-1076","post","type-post","status-publish","format-standard","has-post-thumbnail","hentry","category-tlacove-spravy"],"acf":[],"yoast_head":"<!-- This site is optimized with the Yoast SEO plugin v27.2 - https:\/\/yoast.com\/product\/yoast-seo-wordpress\/ -->\n<title>Do strany Demokrati vstupuje jadrov\u00fd fyzik Branislav Sit\u00e1r - Smedemokrati.sk<\/title>\n<meta name=\"robots\" content=\"index, follow, max-snippet:-1, max-image-preview:large, max-video-preview:-1\" \/>\n<link rel=\"canonical\" href=\"https:\/\/www.smedemokrati.sk\/cs\/do-strany-demokrati-vstupuje-jadrovy-fyzik-branislav-sitar\/\" \/>\n<meta property=\"og:locale\" content=\"cs_CZ\" \/>\n<meta property=\"og:locale:alternate\" content=\"en_US\" \/>\n<meta property=\"og:locale:alternate\" content=\"hu_HU\" \/>\n<meta property=\"og:locale:alternate\" content=\"sk_SK\" \/>\n<meta property=\"og:locale:alternate\" content=\"sv_SE\" \/>\n<meta property=\"og:type\" content=\"article\" \/>\n<meta property=\"og:title\" content=\"Do strany Demokrati vstupuje jadrov\u00fd fyzik Branislav Sit\u00e1r - Smedemokrati.sk\" \/>\n<meta property=\"og:description\" content=\"Na \u0161tvrtkovej tla\u010dovej konferencii o tom informoval predseda strany Eduard Heger \u201eJe to ve\u013emi siln\u00e1 posila pre Demokratov. Radi zu\u017eitkujeme v\u0161etky jeho odborn\u00e9 a medzin\u00e1rodn\u00e9 sk\u00fasenosti,\u201c uviedol Heger. Pouk\u00e1zal aj na Sit\u00e1rovo p\u00f4sobenie v CERN-e a \u010fal\u0161\u00edch vedeck\u00fdch organiz\u00e1ci\u00e1ch. Ver\u00ed, \u017ee bude posilou ich odborn\u00e9ho t\u00edmu. Ozna\u010dil ho za \u010dloveka, ktor\u00fd h\u013ead\u00e1 pravdu, je rozh\u013eaden\u00fd [&hellip;]\" \/>\n<meta property=\"og:url\" content=\"https:\/\/www.smedemokrati.sk\/cs\/do-strany-demokrati-vstupuje-jadrovy-fyzik-branislav-sitar\/\" \/>\n<meta property=\"og:site_name\" content=\"Smedemokrati.sk\" \/>\n<meta property=\"article:publisher\" content=\"https:\/\/www.facebook.com\/smedemokrati2023\" \/>\n<meta property=\"article:published_time\" content=\"2023-06-01T14:26:27+00:00\" \/>\n<meta property=\"article:modified_time\" content=\"2023-06-05T11:06:49+00:00\" \/>\n<meta property=\"og:image\" content=\"https:\/\/www.smedemokrati.sk\/wp-content\/uploads\/2023\/06\/01-1024x681.jpg\" \/>\n\t<meta property=\"og:image:width\" content=\"1024\" \/>\n\t<meta property=\"og:image:height\" content=\"681\" \/>\n\t<meta property=\"og:image:type\" content=\"image\/jpeg\" \/>\n<meta name=\"author\" content=\"Tom\u00e1\u0161 Koppl\" \/>\n<meta name=\"twitter:card\" content=\"summary_large_image\" \/>\n<meta name=\"twitter:label1\" content=\"Napsal(a)\" \/>\n\t<meta name=\"twitter:data1\" content=\"Tom\u00e1\u0161 Koppl\" \/>\n\t<meta name=\"twitter:label2\" content=\"Odhadovan\u00e1 doba \u010dten\u00ed\" \/>\n\t<meta name=\"twitter:data2\" content=\"2 minuty\" \/>\n<script type=\"application\/ld+json\" class=\"yoast-schema-graph\">{\"@context\":\"https:\/\/schema.org\",\"@graph\":[{\"@type\":\"Article\",\"@id\":\"https:\/\/www.smedemokrati.sk\/do-strany-demokrati-vstupuje-jadrovy-fyzik-branislav-sitar\/#article\",\"isPartOf\":{\"@id\":\"https:\/\/www.smedemokrati.sk\/do-strany-demokrati-vstupuje-jadrovy-fyzik-branislav-sitar\/\"},\"author\":{\"name\":\"Tom\u00e1\u0161 Koppl\",\"@id\":\"https:\/\/www.smedemokrati.sk\/#\/schema\/person\/c60720f4b9955b3c1ed222ebd1fbbc7c\"},\"headline\":\"Do strany Demokrati vstupuje jadrov\u00fd fyzik Branislav Sit\u00e1r\",\"datePublished\":\"2023-06-01T14:26:27+00:00\",\"dateModified\":\"2023-06-05T11:06:49+00:00\",\"mainEntityOfPage\":{\"@id\":\"https:\/\/www.smedemokrati.sk\/do-strany-demokrati-vstupuje-jadrovy-fyzik-branislav-sitar\/\"},\"wordCount\":241,\"publisher\":{\"@id\":\"https:\/\/www.smedemokrati.sk\/#organization\"},\"image\":{\"@id\":\"https:\/\/www.smedemokrati.sk\/do-strany-demokrati-vstupuje-jadrovy-fyzik-branislav-sitar\/#primaryimage\"},\"thumbnailUrl\":\"https:\/\/www.smedemokrati.sk\/wp-content\/uploads\/2023\/06\/01.jpg\",\"articleSection\":[\"Tla\u010dov\u00e9 spr\u00e1vy\"],\"inLanguage\":\"cs-CZ\"},{\"@type\":\"WebPage\",\"@id\":\"https:\/\/www.smedemokrati.sk\/do-strany-demokrati-vstupuje-jadrovy-fyzik-branislav-sitar\/\",\"url\":\"https:\/\/www.smedemokrati.sk\/do-strany-demokrati-vstupuje-jadrovy-fyzik-branislav-sitar\/\",\"name\":\"Do strany Demokrati vstupuje jadrov\u00fd fyzik Branislav Sit\u00e1r - Smedemokrati.sk\",\"isPartOf\":{\"@id\":\"https:\/\/www.smedemokrati.sk\/#website\"},\"primaryImageOfPage\":{\"@id\":\"https:\/\/www.smedemokrati.sk\/do-strany-demokrati-vstupuje-jadrovy-fyzik-branislav-sitar\/#primaryimage\"},\"image\":{\"@id\":\"https:\/\/www.smedemokrati.sk\/do-strany-demokrati-vstupuje-jadrovy-fyzik-branislav-sitar\/#primaryimage\"},\"thumbnailUrl\":\"https:\/\/www.smedemokrati.sk\/wp-content\/uploads\/2023\/06\/01.jpg\",\"datePublished\":\"2023-06-01T14:26:27+00:00\",\"dateModified\":\"2023-06-05T11:06:49+00:00\",\"breadcrumb\":{\"@id\":\"https:\/\/www.smedemokrati.sk\/do-strany-demokrati-vstupuje-jadrovy-fyzik-branislav-sitar\/#breadcrumb\"},\"inLanguage\":\"cs-CZ\",\"potentialAction\":[{\"@type\":\"ReadAction\",\"target\":[\"https:\/\/www.smedemokrati.sk\/do-strany-demokrati-vstupuje-jadrovy-fyzik-branislav-sitar\/\"]}]},{\"@type\":\"ImageObject\",\"inLanguage\":\"cs-CZ\",\"@id\":\"https:\/\/www.smedemokrati.sk\/do-strany-demokrati-vstupuje-jadrovy-fyzik-branislav-sitar\/#primaryimage\",\"url\":\"https:\/\/www.smedemokrati.sk\/wp-content\/uploads\/2023\/06\/01.jpg\",\"contentUrl\":\"https:\/\/www.smedemokrati.sk\/wp-content\/uploads\/2023\/06\/01.jpg\",\"width\":1920,\"height\":1277},{\"@type\":\"BreadcrumbList\",\"@id\":\"https:\/\/www.smedemokrati.sk\/do-strany-demokrati-vstupuje-jadrovy-fyzik-branislav-sitar\/#breadcrumb\",\"itemListElement\":[{\"@type\":\"ListItem\",\"position\":1,\"name\":\"Domovsk\u00e1 str\u00e1nka\",\"item\":\"https:\/\/www.smedemokrati.sk\/\"},{\"@type\":\"ListItem\",\"position\":2,\"name\":\"Do strany Demokrati vstupuje jadrov\u00fd fyzik Branislav Sit\u00e1r\"}]},{\"@type\":\"WebSite\",\"@id\":\"https:\/\/www.smedemokrati.sk\/#website\",\"url\":\"https:\/\/www.smedemokrati.sk\/\",\"name\":\"Smedemokrati.sk\",\"description\":\"Demokracia a slu\u0161nos\u0165 zv\u00ed\u0165az\u00ed\",\"publisher\":{\"@id\":\"https:\/\/www.smedemokrati.sk\/#organization\"},\"potentialAction\":[{\"@type\":\"SearchAction\",\"target\":{\"@type\":\"EntryPoint\",\"urlTemplate\":\"https:\/\/www.smedemokrati.sk\/?s={search_term_string}\"},\"query-input\":{\"@type\":\"PropertyValueSpecification\",\"valueRequired\":true,\"valueName\":\"search_term_string\"}}],\"inLanguage\":\"cs-CZ\"},{\"@type\":\"Organization\",\"@id\":\"https:\/\/www.smedemokrati.sk\/#organization\",\"name\":\"Smedemokrati.sk\",\"url\":\"https:\/\/www.smedemokrati.sk\/\",\"logo\":{\"@type\":\"ImageObject\",\"inLanguage\":\"cs-CZ\",\"@id\":\"https:\/\/www.smedemokrati.sk\/#\/schema\/logo\/image\/\",\"url\":\"https:\/\/www.smedemokrati.sk\/wp-content\/uploads\/2023\/04\/ff.002.jpeg\",\"contentUrl\":\"https:\/\/www.smedemokrati.sk\/wp-content\/uploads\/2023\/04\/ff.002.jpeg\",\"width\":640,\"height\":480,\"caption\":\"Smedemokrati.sk\"},\"image\":{\"@id\":\"https:\/\/www.smedemokrati.sk\/#\/schema\/logo\/image\/\"},\"sameAs\":[\"https:\/\/www.facebook.com\/smedemokrati2023\"]},{\"@type\":\"Person\",\"@id\":\"https:\/\/www.smedemokrati.sk\/#\/schema\/person\/c60720f4b9955b3c1ed222ebd1fbbc7c\",\"name\":\"Tom\u00e1\u0161 Koppl\",\"image\":{\"@type\":\"ImageObject\",\"inLanguage\":\"cs-CZ\",\"@id\":\"https:\/\/secure.gravatar.com\/avatar\/8dfa38373c5e39821baf74c8e867a6f12e12c6dab6559aa999d10703b0b1c4ce?s=96&d=mm&r=g\",\"url\":\"https:\/\/secure.gravatar.com\/avatar\/8dfa38373c5e39821baf74c8e867a6f12e12c6dab6559aa999d10703b0b1c4ce?s=96&d=mm&r=g\",\"contentUrl\":\"https:\/\/secure.gravatar.com\/avatar\/8dfa38373c5e39821baf74c8e867a6f12e12c6dab6559aa999d10703b0b1c4ce?s=96&d=mm&r=g\",\"caption\":\"Tom\u00e1\u0161 Koppl\"},\"url\":\"https:\/\/www.smedemokrati.sk\/cs\/author\/tomaskoppl\/\"}]}<\/script>\n<!-- \/ Yoast SEO plugin. -->","yoast_head_json":{"title":"Do strany Demokrati vstupuje jadrov\u00fd fyzik Branislav Sit\u00e1r - Smedemokrati.sk","robots":{"index":"index","follow":"follow","max-snippet":"max-snippet:-1","max-image-preview":"max-image-preview:large","max-video-preview":"max-video-preview:-1"},"canonical":"https:\/\/www.smedemokrati.sk\/cs\/do-strany-demokrati-vstupuje-jadrovy-fyzik-branislav-sitar\/","og_locale":"cs_CZ","og_type":"article","og_title":"Do strany Demokrati vstupuje jadrov\u00fd fyzik Branislav Sit\u00e1r - Smedemokrati.sk","og_description":"Na \u0161tvrtkovej tla\u010dovej konferencii o tom informoval predseda strany Eduard Heger \u201eJe to ve\u013emi siln\u00e1 posila pre Demokratov. Radi zu\u017eitkujeme v\u0161etky jeho odborn\u00e9 a medzin\u00e1rodn\u00e9 sk\u00fasenosti,\u201c uviedol Heger. Pouk\u00e1zal aj na Sit\u00e1rovo p\u00f4sobenie v CERN-e a \u010fal\u0161\u00edch vedeck\u00fdch organiz\u00e1ci\u00e1ch. Ver\u00ed, \u017ee bude posilou ich odborn\u00e9ho t\u00edmu. Ozna\u010dil ho za \u010dloveka, ktor\u00fd h\u013ead\u00e1 pravdu, je rozh\u013eaden\u00fd [&hellip;]","og_url":"https:\/\/www.smedemokrati.sk\/cs\/do-strany-demokrati-vstupuje-jadrovy-fyzik-branislav-sitar\/","og_site_name":"Smedemokrati.sk","article_publisher":"https:\/\/www.facebook.com\/smedemokrati2023","article_published_time":"2023-06-01T14:26:27+00:00","article_modified_time":"2023-06-05T11:06:49+00:00","og_image":[{"width":1024,"height":681,"url":"https:\/\/www.smedemokrati.sk\/wp-content\/uploads\/2023\/06\/01-1024x681.jpg","type":"image\/jpeg"}],"author":"Tom\u00e1\u0161 Koppl","twitter_card":"summary_large_image","twitter_misc":{"Napsal(a)":"Tom\u00e1\u0161 Koppl","Odhadovan\u00e1 doba \u010dten\u00ed":"2 minuty"},"schema":{"@context":"https:\/\/schema.org","@graph":[{"@type":"Article","@id":"https:\/\/www.smedemokrati.sk\/do-strany-demokrati-vstupuje-jadrovy-fyzik-branislav-sitar\/#article","isPartOf":{"@id":"https:\/\/www.smedemokrati.sk\/do-strany-demokrati-vstupuje-jadrovy-fyzik-branislav-sitar\/"},"author":{"name":"Tom\u00e1\u0161 Koppl","@id":"https:\/\/www.smedemokrati.sk\/#\/schema\/person\/c60720f4b9955b3c1ed222ebd1fbbc7c"},"headline":"Do strany Demokrati vstupuje jadrov\u00fd fyzik Branislav Sit\u00e1r","datePublished":"2023-06-01T14:26:27+00:00","dateModified":"2023-06-05T11:06:49+00:00","mainEntityOfPage":{"@id":"https:\/\/www.smedemokrati.sk\/do-strany-demokrati-vstupuje-jadrovy-fyzik-branislav-sitar\/"},"wordCount":241,"publisher":{"@id":"https:\/\/www.smedemokrati.sk\/#organization"},"image":{"@id":"https:\/\/www.smedemokrati.sk\/do-strany-demokrati-vstupuje-jadrovy-fyzik-branislav-sitar\/#primaryimage"},"thumbnailUrl":"https:\/\/www.smedemokrati.sk\/wp-content\/uploads\/2023\/06\/01.jpg","articleSection":["Tla\u010dov\u00e9 spr\u00e1vy"],"inLanguage":"cs-CZ"},{"@type":"WebPage","@id":"https:\/\/www.smedemokrati.sk\/do-strany-demokrati-vstupuje-jadrovy-fyzik-branislav-sitar\/","url":"https:\/\/www.smedemokrati.sk\/do-strany-demokrati-vstupuje-jadrovy-fyzik-branislav-sitar\/","name":"Do strany Demokrati vstupuje jadrov\u00fd fyzik Branislav Sit\u00e1r - Smedemokrati.sk","isPartOf":{"@id":"https:\/\/www.smedemokrati.sk\/#website"},"primaryImageOfPage":{"@id":"https:\/\/www.smedemokrati.sk\/do-strany-demokrati-vstupuje-jadrovy-fyzik-branislav-sitar\/#primaryimage"},"image":{"@id":"https:\/\/www.smedemokrati.sk\/do-strany-demokrati-vstupuje-jadrovy-fyzik-branislav-sitar\/#primaryimage"},"thumbnailUrl":"https:\/\/www.smedemokrati.sk\/wp-content\/uploads\/2023\/06\/01.jpg","datePublished":"2023-06-01T14:26:27+00:00","dateModified":"2023-06-05T11:06:49+00:00","breadcrumb":{"@id":"https:\/\/www.smedemokrati.sk\/do-strany-demokrati-vstupuje-jadrovy-fyzik-branislav-sitar\/#breadcrumb"},"inLanguage":"cs-CZ","potentialAction":[{"@type":"ReadAction","target":["https:\/\/www.smedemokrati.sk\/do-strany-demokrati-vstupuje-jadrovy-fyzik-branislav-sitar\/"]}]},{"@type":"ImageObject","inLanguage":"cs-CZ","@id":"https:\/\/www.smedemokrati.sk\/do-strany-demokrati-vstupuje-jadrovy-fyzik-branislav-sitar\/#primaryimage","url":"https:\/\/www.smedemokrati.sk\/wp-content\/uploads\/2023\/06\/01.jpg","contentUrl":"https:\/\/www.smedemokrati.sk\/wp-content\/uploads\/2023\/06\/01.jpg","width":1920,"height":1277},{"@type":"BreadcrumbList","@id":"https:\/\/www.smedemokrati.sk\/do-strany-demokrati-vstupuje-jadrovy-fyzik-branislav-sitar\/#breadcrumb","itemListElement":[{"@type":"ListItem","position":1,"name":"Domovsk\u00e1 str\u00e1nka","item":"https:\/\/www.smedemokrati.sk\/"},{"@type":"ListItem","position":2,"name":"Do strany Demokrati vstupuje jadrov\u00fd fyzik Branislav Sit\u00e1r"}]},{"@type":"WebSite","@id":"https:\/\/www.smedemokrati.sk\/#website","url":"https:\/\/www.smedemokrati.sk\/","name":"Smedemokrati.sk","description":"Demokracia a slu\u0161nos\u0165 zv\u00ed\u0165az\u00ed","publisher":{"@id":"https:\/\/www.smedemokrati.sk\/#organization"},"potentialAction":[{"@type":"SearchAction","target":{"@type":"EntryPoint","urlTemplate":"https:\/\/www.smedemokrati.sk\/?s={search_term_string}"},"query-input":{"@type":"PropertyValueSpecification","valueRequired":true,"valueName":"search_term_string"}}],"inLanguage":"cs-CZ"},{"@type":"Organization","@id":"https:\/\/www.smedemokrati.sk\/#organization","name":"Smedemokrati.sk","url":"https:\/\/www.smedemokrati.sk\/","logo":{"@type":"ImageObject","inLanguage":"cs-CZ","@id":"https:\/\/www.smedemokrati.sk\/#\/schema\/logo\/image\/","url":"https:\/\/www.smedemokrati.sk\/wp-content\/uploads\/2023\/04\/ff.002.jpeg","contentUrl":"https:\/\/www.smedemokrati.sk\/wp-content\/uploads\/2023\/04\/ff.002.jpeg","width":640,"height":480,"caption":"Smedemokrati.sk"},"image":{"@id":"https:\/\/www.smedemokrati.sk\/#\/schema\/logo\/image\/"},"sameAs":["https:\/\/www.facebook.com\/smedemokrati2023"]},{"@type":"Person","@id":"https:\/\/www.smedemokrati.sk\/#\/schema\/person\/c60720f4b9955b3c1ed222ebd1fbbc7c","name":"Tom\u00e1\u0161 Koppl","image":{"@type":"ImageObject","inLanguage":"cs-CZ","@id":"https:\/\/secure.gravatar.com\/avatar\/8dfa38373c5e39821baf74c8e867a6f12e12c6dab6559aa999d10703b0b1c4ce?s=96&d=mm&r=g","url":"https:\/\/secure.gravatar.com\/avatar\/8dfa38373c5e39821baf74c8e867a6f12e12c6dab6559aa999d10703b0b1c4ce?s=96&d=mm&r=g","contentUrl":"https:\/\/secure.gravatar.com\/avatar\/8dfa38373c5e39821baf74c8e867a6f12e12c6dab6559aa999d10703b0b1c4ce?s=96&d=mm&r=g","caption":"Tom\u00e1\u0161 Koppl"},"url":"https:\/\/www.smedemokrati.sk\/cs\/author\/tomaskoppl\/"}]}},"_links":{"self":[{"href":"https:\/\/www.smedemokrati.sk\/cs\/wp-json\/wp\/v2\/posts\/1076","targetHints":{"allow":["GET"]}}],"collection":[{"href":"https:\/\/www.smedemokrati.sk\/cs\/wp-json\/wp\/v2\/posts"}],"about":[{"href":"https:\/\/www.smedemokrati.sk\/cs\/wp-json\/wp\/v2\/types\/post"}],"author":[{"embeddable":true,"href":"https:\/\/www.smedemokrati.sk\/cs\/wp-json\/wp\/v2\/users\/7"}],"replies":[{"embeddable":true,"href":"https:\/\/www.smedemokrati.sk\/cs\/wp-json\/wp\/v2\/comments?post=1076"}],"version-history":[{"count":1,"href":"https:\/\/www.smedemokrati.sk\/cs\/wp-json\/wp\/v2\/posts\/1076\/revisions"}],"predecessor-version":[{"id":1079,"href":"https:\/\/www.smedemokrati.sk\/cs\/wp-json\/wp\/v2\/posts\/1076\/revisions\/1079"}],"wp:featuredmedia":[{"embeddable":true,"href":"https:\/\/www.smedemokrati.sk\/cs\/wp-json\/wp\/v2\/media\/1078"}],"wp:attachment":[{"href":"https:\/\/www.smedemokrati.sk\/cs\/wp-json\/wp\/v2\/media?parent=1076"}],"wp:term":[{"taxonomy":"category","embeddable":true,"href":"https:\/\/www.smedemokrati.sk\/cs\/wp-json\/wp\/v2\/categories?post=1076"},{"taxonomy":"post_tag","embeddable":true,"href":"https:\/\/www.smedemokrati.sk\/cs\/wp-json\/wp\/v2\/tags?post=1076"}],"curies":[{"name":"wp","href":"https:\/\/api.w.org\/{rel}","templated":true}]}}