{"id":1071,"date":"2023-05-31T18:25:47","date_gmt":"2023-05-31T16:25:47","guid":{"rendered":"https:\/\/www.smedemokrati.sk\/?p=1071"},"modified":"2023-05-31T18:25:48","modified_gmt":"2023-05-31T16:25:48","slug":"reformu-justicie-sme-presadili-aj-kvoli-vysokej-nedovere-v-sudnictvo","status":"publish","type":"post","link":"https:\/\/www.smedemokrati.sk\/cs\/reformu-justicie-sme-presadili-aj-kvoli-vysokej-nedovere-v-sudnictvo\/","title":{"rendered":"Reformu just\u00edcie sme presadili aj kv\u00f4li vysokej ned\u00f4vere v s\u00fadnictvo"},"content":{"rendered":"<div id=\"fb-root\"><\/div>\n\n<p>A\u017e \u00be obyvate\u013eov Slovenska ned\u00f4veruje s\u00fadnictvu. To bol jeden z impulzov, pre\u010do sa reforma s\u00fadnej mapy dostala do pl\u00e1nu obnovy, medzi najvy\u0161\u0161ie priority vl\u00e1dy Eduarda Hegera.&nbsp;<strong>\u201e<\/strong><strong>T\u00e1to reforma nie je n\u00e1plas\u0165ou na v\u0161etky boliestky slovensk\u00e9ho s\u00fadnictva, no je to z\u00e1sadn\u00fd krok vpred. Rozhodovanie s\u00fadov bude v\u010faka reforme kvalitnej\u0161ie a<\/strong><strong>&nbsp;<\/strong><strong>r\u00fdchlej\u0161ie kv\u00f4li \u0161pecializ\u00e1ci\u00ed rozhodovania. Nehovoriac o<\/strong><strong>&nbsp;<\/strong><strong>tom, \u017ee do s\u00fadnictva pote\u010d\u00fa mili\u00f3ny eur na rekon\u0161trukciu budov a<\/strong><strong>&nbsp;<\/strong><strong>digitaliz\u00e1ciu, \u010do umo\u017en\u00ed aj v\u00e4\u010d\u0161\u00ed vh\u013ead verejnosti do rozhodnut\u00ed s\u00fadov, \u010d\u00edm sa zv\u00fd\u0161i transparentnos\u0165,<\/strong><strong>\u201c<\/strong>&nbsp;vyhl\u00e1sil Eduard Heger.<strong><\/strong><\/p>\n\n\n\n<p><strong>\u201e<\/strong><strong>Napriek mnoh\u00fdm \u0165a\u017ekostiam, moja vl\u00e1da dok\u00e1zala presadi\u0165 reformu s\u00fadnictva. T\u00fato reformu som br\u00e1nil zo v\u0161etk\u00fdch s\u00edl napriek v\u00fdkrikom Borisa Koll\u00e1ra pred s\u00fadmi a<\/strong><strong>&nbsp;<\/strong><strong>napriek \u013eahostajnosti Igora Matovi\u010da a<\/strong><strong>&nbsp;<\/strong><strong>Richarda Sul\u00edka, ktor\u00ed rie\u0161ili iba sami seba. Bol som toti\u017e presved\u010den\u00fd, \u017ee t\u00fato reformu Slovensko potrebuje. Dnes moje presved\u010denie potvrdila aj vl\u00e1da odborn\u00edkov,<\/strong><strong>\u201c<\/strong>&nbsp;vyhl\u00e1sil Heger.<strong><\/strong><\/p>\n\n\n\n<p>Pod\u013ea Hegera je to za\u010diatok, a na posilnenie pr\u00e1vneho \u0161t\u00e1tu je potrebn\u00fdch omnoho viac zmien.&nbsp;<strong>\u201e<\/strong><strong>V prvom rade nesmieme po\u013eavi\u0165 v boji proti korupcii. Pred z\u00e1konom si mus\u00edme by\u0165 v\u0161etci rovn\u00ed a nem\u00f4\u017ee existova\u0165 syst\u00e9m nedotknute\u013en\u00fdch&nbsp;<em>na\u0161ich \u013eud\u00ed<\/em>, ako tomu bolo za vl\u00e1d Fica a Pellegriniho. A<\/strong><strong>&nbsp;<\/strong><strong>v<\/strong><strong>&nbsp;<\/strong><strong>neposlednom rade nesmieme dovoli\u0165, aby po vo\u013eb\u00e1ch \u0161t\u00e1t op\u00e4\u0165 uniesla mafia.<\/strong><strong>\u201c<\/strong><strong><\/strong><\/p>\n","protected":false},"excerpt":{"rendered":"<p>A\u017e \u00be obyvate\u013eov Slovenska ned\u00f4veruje s\u00fadnictvu. To bol jeden z impulzov, pre\u010do sa reforma s\u00fadnej mapy dostala do pl\u00e1nu obnovy, medzi najvy\u0161\u0161ie priority vl\u00e1dy Eduarda Hegera.&nbsp;\u201eT\u00e1to reforma nie je n\u00e1plas\u0165ou na v\u0161etky boliestky slovensk\u00e9ho s\u00fadnictva, no je to z\u00e1sadn\u00fd krok vpred. Rozhodovanie s\u00fadov bude v\u010faka reforme kvalitnej\u0161ie a&nbsp;r\u00fdchlej\u0161ie kv\u00f4li \u0161pecializ\u00e1ci\u00ed rozhodovania. Nehovoriac o&nbsp;tom, \u017ee do [&hellip;]<\/p>\n","protected":false},"author":7,"featured_media":977,"comment_status":"closed","ping_status":"closed","sticky":false,"template":"","format":"standard","meta":{"_acf_changed":false,"ngg_post_thumbnail":0,"footnotes":""},"categories":[4],"tags":[],"class_list":["post-1071","post","type-post","status-publish","format-standard","has-post-thumbnail","hentry","category-tlacove-spravy"],"acf":[],"yoast_head":"<!-- This site is optimized with the Yoast SEO plugin v27.2 - https:\/\/yoast.com\/product\/yoast-seo-wordpress\/ -->\n<title>Reformu just\u00edcie sme presadili aj kv\u00f4li vysokej ned\u00f4vere v s\u00fadnictvo - Smedemokrati.sk<\/title>\n<meta name=\"robots\" content=\"index, follow, max-snippet:-1, max-image-preview:large, max-video-preview:-1\" \/>\n<link rel=\"canonical\" href=\"https:\/\/www.smedemokrati.sk\/cs\/reformu-justicie-sme-presadili-aj-kvoli-vysokej-nedovere-v-sudnictvo\/\" \/>\n<meta property=\"og:locale\" content=\"cs_CZ\" \/>\n<meta property=\"og:locale:alternate\" content=\"en_US\" \/>\n<meta property=\"og:locale:alternate\" content=\"hu_HU\" \/>\n<meta property=\"og:locale:alternate\" content=\"sk_SK\" \/>\n<meta property=\"og:locale:alternate\" content=\"sv_SE\" \/>\n<meta property=\"og:type\" content=\"article\" \/>\n<meta property=\"og:title\" content=\"Reformu just\u00edcie sme presadili aj kv\u00f4li vysokej ned\u00f4vere v s\u00fadnictvo - Smedemokrati.sk\" \/>\n<meta property=\"og:description\" content=\"A\u017e \u00be obyvate\u013eov Slovenska ned\u00f4veruje s\u00fadnictvu. To bol jeden z impulzov, pre\u010do sa reforma s\u00fadnej mapy dostala do pl\u00e1nu obnovy, medzi najvy\u0161\u0161ie priority vl\u00e1dy Eduarda Hegera.&nbsp;\u201eT\u00e1to reforma nie je n\u00e1plas\u0165ou na v\u0161etky boliestky slovensk\u00e9ho s\u00fadnictva, no je to z\u00e1sadn\u00fd krok vpred. Rozhodovanie s\u00fadov bude v\u010faka reforme kvalitnej\u0161ie a&nbsp;r\u00fdchlej\u0161ie kv\u00f4li \u0161pecializ\u00e1ci\u00ed rozhodovania. Nehovoriac o&nbsp;tom, \u017ee do [&hellip;]\" \/>\n<meta property=\"og:url\" content=\"https:\/\/www.smedemokrati.sk\/cs\/reformu-justicie-sme-presadili-aj-kvoli-vysokej-nedovere-v-sudnictvo\/\" \/>\n<meta property=\"og:site_name\" content=\"Smedemokrati.sk\" \/>\n<meta property=\"article:publisher\" content=\"https:\/\/www.facebook.com\/smedemokrati2023\" \/>\n<meta property=\"article:published_time\" content=\"2023-05-31T16:25:47+00:00\" \/>\n<meta property=\"article:modified_time\" content=\"2023-05-31T16:25:48+00:00\" \/>\n<meta property=\"og:image\" content=\"https:\/\/www.smedemokrati.sk\/wp-content\/uploads\/2023\/05\/347389476_1392744451267095_3919071499713921655_n.jpg\" \/>\n\t<meta property=\"og:image:width\" content=\"1920\" \/>\n\t<meta property=\"og:image:height\" content=\"1277\" \/>\n\t<meta property=\"og:image:type\" content=\"image\/jpeg\" \/>\n<meta name=\"author\" content=\"Tom\u00e1\u0161 Koppl\" \/>\n<meta name=\"twitter:card\" content=\"summary_large_image\" \/>\n<meta name=\"twitter:label1\" content=\"Napsal(a)\" \/>\n\t<meta name=\"twitter:data1\" content=\"Tom\u00e1\u0161 Koppl\" \/>\n\t<meta name=\"twitter:label2\" content=\"Odhadovan\u00e1 doba \u010dten\u00ed\" \/>\n\t<meta name=\"twitter:data2\" content=\"2 minuty\" \/>\n<script type=\"application\/ld+json\" class=\"yoast-schema-graph\">{\"@context\":\"https:\/\/schema.org\",\"@graph\":[{\"@type\":\"Article\",\"@id\":\"https:\/\/www.smedemokrati.sk\/reformu-justicie-sme-presadili-aj-kvoli-vysokej-nedovere-v-sudnictvo\/#article\",\"isPartOf\":{\"@id\":\"https:\/\/www.smedemokrati.sk\/reformu-justicie-sme-presadili-aj-kvoli-vysokej-nedovere-v-sudnictvo\/\"},\"author\":{\"name\":\"Tom\u00e1\u0161 Koppl\",\"@id\":\"https:\/\/www.smedemokrati.sk\/#\/schema\/person\/c60720f4b9955b3c1ed222ebd1fbbc7c\"},\"headline\":\"Reformu just\u00edcie sme presadili aj kv\u00f4li vysokej ned\u00f4vere v s\u00fadnictvo\",\"datePublished\":\"2023-05-31T16:25:47+00:00\",\"dateModified\":\"2023-05-31T16:25:48+00:00\",\"mainEntityOfPage\":{\"@id\":\"https:\/\/www.smedemokrati.sk\/reformu-justicie-sme-presadili-aj-kvoli-vysokej-nedovere-v-sudnictvo\/\"},\"wordCount\":291,\"publisher\":{\"@id\":\"https:\/\/www.smedemokrati.sk\/#organization\"},\"image\":{\"@id\":\"https:\/\/www.smedemokrati.sk\/reformu-justicie-sme-presadili-aj-kvoli-vysokej-nedovere-v-sudnictvo\/#primaryimage\"},\"thumbnailUrl\":\"https:\/\/www.smedemokrati.sk\/wp-content\/uploads\/2023\/05\/347389476_1392744451267095_3919071499713921655_n.jpg\",\"articleSection\":[\"Tla\u010dov\u00e9 spr\u00e1vy\"],\"inLanguage\":\"cs-CZ\"},{\"@type\":\"WebPage\",\"@id\":\"https:\/\/www.smedemokrati.sk\/reformu-justicie-sme-presadili-aj-kvoli-vysokej-nedovere-v-sudnictvo\/\",\"url\":\"https:\/\/www.smedemokrati.sk\/reformu-justicie-sme-presadili-aj-kvoli-vysokej-nedovere-v-sudnictvo\/\",\"name\":\"Reformu just\u00edcie sme presadili aj kv\u00f4li vysokej ned\u00f4vere v s\u00fadnictvo - Smedemokrati.sk\",\"isPartOf\":{\"@id\":\"https:\/\/www.smedemokrati.sk\/#website\"},\"primaryImageOfPage\":{\"@id\":\"https:\/\/www.smedemokrati.sk\/reformu-justicie-sme-presadili-aj-kvoli-vysokej-nedovere-v-sudnictvo\/#primaryimage\"},\"image\":{\"@id\":\"https:\/\/www.smedemokrati.sk\/reformu-justicie-sme-presadili-aj-kvoli-vysokej-nedovere-v-sudnictvo\/#primaryimage\"},\"thumbnailUrl\":\"https:\/\/www.smedemokrati.sk\/wp-content\/uploads\/2023\/05\/347389476_1392744451267095_3919071499713921655_n.jpg\",\"datePublished\":\"2023-05-31T16:25:47+00:00\",\"dateModified\":\"2023-05-31T16:25:48+00:00\",\"breadcrumb\":{\"@id\":\"https:\/\/www.smedemokrati.sk\/reformu-justicie-sme-presadili-aj-kvoli-vysokej-nedovere-v-sudnictvo\/#breadcrumb\"},\"inLanguage\":\"cs-CZ\",\"potentialAction\":[{\"@type\":\"ReadAction\",\"target\":[\"https:\/\/www.smedemokrati.sk\/reformu-justicie-sme-presadili-aj-kvoli-vysokej-nedovere-v-sudnictvo\/\"]}]},{\"@type\":\"ImageObject\",\"inLanguage\":\"cs-CZ\",\"@id\":\"https:\/\/www.smedemokrati.sk\/reformu-justicie-sme-presadili-aj-kvoli-vysokej-nedovere-v-sudnictvo\/#primaryimage\",\"url\":\"https:\/\/www.smedemokrati.sk\/wp-content\/uploads\/2023\/05\/347389476_1392744451267095_3919071499713921655_n.jpg\",\"contentUrl\":\"https:\/\/www.smedemokrati.sk\/wp-content\/uploads\/2023\/05\/347389476_1392744451267095_3919071499713921655_n.jpg\",\"width\":1920,\"height\":1277},{\"@type\":\"BreadcrumbList\",\"@id\":\"https:\/\/www.smedemokrati.sk\/reformu-justicie-sme-presadili-aj-kvoli-vysokej-nedovere-v-sudnictvo\/#breadcrumb\",\"itemListElement\":[{\"@type\":\"ListItem\",\"position\":1,\"name\":\"Domovsk\u00e1 str\u00e1nka\",\"item\":\"https:\/\/www.smedemokrati.sk\/\"},{\"@type\":\"ListItem\",\"position\":2,\"name\":\"Reformu just\u00edcie sme presadili aj kv\u00f4li vysokej ned\u00f4vere v s\u00fadnictvo\"}]},{\"@type\":\"WebSite\",\"@id\":\"https:\/\/www.smedemokrati.sk\/#website\",\"url\":\"https:\/\/www.smedemokrati.sk\/\",\"name\":\"Smedemokrati.sk\",\"description\":\"Demokracia a slu\u0161nos\u0165 zv\u00ed\u0165az\u00ed\",\"publisher\":{\"@id\":\"https:\/\/www.smedemokrati.sk\/#organization\"},\"potentialAction\":[{\"@type\":\"SearchAction\",\"target\":{\"@type\":\"EntryPoint\",\"urlTemplate\":\"https:\/\/www.smedemokrati.sk\/?s={search_term_string}\"},\"query-input\":{\"@type\":\"PropertyValueSpecification\",\"valueRequired\":true,\"valueName\":\"search_term_string\"}}],\"inLanguage\":\"cs-CZ\"},{\"@type\":\"Organization\",\"@id\":\"https:\/\/www.smedemokrati.sk\/#organization\",\"name\":\"Smedemokrati.sk\",\"url\":\"https:\/\/www.smedemokrati.sk\/\",\"logo\":{\"@type\":\"ImageObject\",\"inLanguage\":\"cs-CZ\",\"@id\":\"https:\/\/www.smedemokrati.sk\/#\/schema\/logo\/image\/\",\"url\":\"https:\/\/www.smedemokrati.sk\/wp-content\/uploads\/2023\/04\/ff.002.jpeg\",\"contentUrl\":\"https:\/\/www.smedemokrati.sk\/wp-content\/uploads\/2023\/04\/ff.002.jpeg\",\"width\":640,\"height\":480,\"caption\":\"Smedemokrati.sk\"},\"image\":{\"@id\":\"https:\/\/www.smedemokrati.sk\/#\/schema\/logo\/image\/\"},\"sameAs\":[\"https:\/\/www.facebook.com\/smedemokrati2023\"]},{\"@type\":\"Person\",\"@id\":\"https:\/\/www.smedemokrati.sk\/#\/schema\/person\/c60720f4b9955b3c1ed222ebd1fbbc7c\",\"name\":\"Tom\u00e1\u0161 Koppl\",\"image\":{\"@type\":\"ImageObject\",\"inLanguage\":\"cs-CZ\",\"@id\":\"https:\/\/secure.gravatar.com\/avatar\/8dfa38373c5e39821baf74c8e867a6f12e12c6dab6559aa999d10703b0b1c4ce?s=96&d=mm&r=g\",\"url\":\"https:\/\/secure.gravatar.com\/avatar\/8dfa38373c5e39821baf74c8e867a6f12e12c6dab6559aa999d10703b0b1c4ce?s=96&d=mm&r=g\",\"contentUrl\":\"https:\/\/secure.gravatar.com\/avatar\/8dfa38373c5e39821baf74c8e867a6f12e12c6dab6559aa999d10703b0b1c4ce?s=96&d=mm&r=g\",\"caption\":\"Tom\u00e1\u0161 Koppl\"},\"url\":\"https:\/\/www.smedemokrati.sk\/cs\/author\/tomaskoppl\/\"}]}<\/script>\n<!-- \/ Yoast SEO plugin. -->","yoast_head_json":{"title":"Reformu just\u00edcie sme presadili aj kv\u00f4li vysokej ned\u00f4vere v s\u00fadnictvo - Smedemokrati.sk","robots":{"index":"index","follow":"follow","max-snippet":"max-snippet:-1","max-image-preview":"max-image-preview:large","max-video-preview":"max-video-preview:-1"},"canonical":"https:\/\/www.smedemokrati.sk\/cs\/reformu-justicie-sme-presadili-aj-kvoli-vysokej-nedovere-v-sudnictvo\/","og_locale":"cs_CZ","og_type":"article","og_title":"Reformu just\u00edcie sme presadili aj kv\u00f4li vysokej ned\u00f4vere v s\u00fadnictvo - Smedemokrati.sk","og_description":"A\u017e \u00be obyvate\u013eov Slovenska ned\u00f4veruje s\u00fadnictvu. To bol jeden z impulzov, pre\u010do sa reforma s\u00fadnej mapy dostala do pl\u00e1nu obnovy, medzi najvy\u0161\u0161ie priority vl\u00e1dy Eduarda Hegera.&nbsp;\u201eT\u00e1to reforma nie je n\u00e1plas\u0165ou na v\u0161etky boliestky slovensk\u00e9ho s\u00fadnictva, no je to z\u00e1sadn\u00fd krok vpred. Rozhodovanie s\u00fadov bude v\u010faka reforme kvalitnej\u0161ie a&nbsp;r\u00fdchlej\u0161ie kv\u00f4li \u0161pecializ\u00e1ci\u00ed rozhodovania. Nehovoriac o&nbsp;tom, \u017ee do [&hellip;]","og_url":"https:\/\/www.smedemokrati.sk\/cs\/reformu-justicie-sme-presadili-aj-kvoli-vysokej-nedovere-v-sudnictvo\/","og_site_name":"Smedemokrati.sk","article_publisher":"https:\/\/www.facebook.com\/smedemokrati2023","article_published_time":"2023-05-31T16:25:47+00:00","article_modified_time":"2023-05-31T16:25:48+00:00","og_image":[{"width":1920,"height":1277,"url":"https:\/\/www.smedemokrati.sk\/wp-content\/uploads\/2023\/05\/347389476_1392744451267095_3919071499713921655_n.jpg","type":"image\/jpeg"}],"author":"Tom\u00e1\u0161 Koppl","twitter_card":"summary_large_image","twitter_misc":{"Napsal(a)":"Tom\u00e1\u0161 Koppl","Odhadovan\u00e1 doba \u010dten\u00ed":"2 minuty"},"schema":{"@context":"https:\/\/schema.org","@graph":[{"@type":"Article","@id":"https:\/\/www.smedemokrati.sk\/reformu-justicie-sme-presadili-aj-kvoli-vysokej-nedovere-v-sudnictvo\/#article","isPartOf":{"@id":"https:\/\/www.smedemokrati.sk\/reformu-justicie-sme-presadili-aj-kvoli-vysokej-nedovere-v-sudnictvo\/"},"author":{"name":"Tom\u00e1\u0161 Koppl","@id":"https:\/\/www.smedemokrati.sk\/#\/schema\/person\/c60720f4b9955b3c1ed222ebd1fbbc7c"},"headline":"Reformu just\u00edcie sme presadili aj kv\u00f4li vysokej ned\u00f4vere v s\u00fadnictvo","datePublished":"2023-05-31T16:25:47+00:00","dateModified":"2023-05-31T16:25:48+00:00","mainEntityOfPage":{"@id":"https:\/\/www.smedemokrati.sk\/reformu-justicie-sme-presadili-aj-kvoli-vysokej-nedovere-v-sudnictvo\/"},"wordCount":291,"publisher":{"@id":"https:\/\/www.smedemokrati.sk\/#organization"},"image":{"@id":"https:\/\/www.smedemokrati.sk\/reformu-justicie-sme-presadili-aj-kvoli-vysokej-nedovere-v-sudnictvo\/#primaryimage"},"thumbnailUrl":"https:\/\/www.smedemokrati.sk\/wp-content\/uploads\/2023\/05\/347389476_1392744451267095_3919071499713921655_n.jpg","articleSection":["Tla\u010dov\u00e9 spr\u00e1vy"],"inLanguage":"cs-CZ"},{"@type":"WebPage","@id":"https:\/\/www.smedemokrati.sk\/reformu-justicie-sme-presadili-aj-kvoli-vysokej-nedovere-v-sudnictvo\/","url":"https:\/\/www.smedemokrati.sk\/reformu-justicie-sme-presadili-aj-kvoli-vysokej-nedovere-v-sudnictvo\/","name":"Reformu just\u00edcie sme presadili aj kv\u00f4li vysokej ned\u00f4vere v s\u00fadnictvo - Smedemokrati.sk","isPartOf":{"@id":"https:\/\/www.smedemokrati.sk\/#website"},"primaryImageOfPage":{"@id":"https:\/\/www.smedemokrati.sk\/reformu-justicie-sme-presadili-aj-kvoli-vysokej-nedovere-v-sudnictvo\/#primaryimage"},"image":{"@id":"https:\/\/www.smedemokrati.sk\/reformu-justicie-sme-presadili-aj-kvoli-vysokej-nedovere-v-sudnictvo\/#primaryimage"},"thumbnailUrl":"https:\/\/www.smedemokrati.sk\/wp-content\/uploads\/2023\/05\/347389476_1392744451267095_3919071499713921655_n.jpg","datePublished":"2023-05-31T16:25:47+00:00","dateModified":"2023-05-31T16:25:48+00:00","breadcrumb":{"@id":"https:\/\/www.smedemokrati.sk\/reformu-justicie-sme-presadili-aj-kvoli-vysokej-nedovere-v-sudnictvo\/#breadcrumb"},"inLanguage":"cs-CZ","potentialAction":[{"@type":"ReadAction","target":["https:\/\/www.smedemokrati.sk\/reformu-justicie-sme-presadili-aj-kvoli-vysokej-nedovere-v-sudnictvo\/"]}]},{"@type":"ImageObject","inLanguage":"cs-CZ","@id":"https:\/\/www.smedemokrati.sk\/reformu-justicie-sme-presadili-aj-kvoli-vysokej-nedovere-v-sudnictvo\/#primaryimage","url":"https:\/\/www.smedemokrati.sk\/wp-content\/uploads\/2023\/05\/347389476_1392744451267095_3919071499713921655_n.jpg","contentUrl":"https:\/\/www.smedemokrati.sk\/wp-content\/uploads\/2023\/05\/347389476_1392744451267095_3919071499713921655_n.jpg","width":1920,"height":1277},{"@type":"BreadcrumbList","@id":"https:\/\/www.smedemokrati.sk\/reformu-justicie-sme-presadili-aj-kvoli-vysokej-nedovere-v-sudnictvo\/#breadcrumb","itemListElement":[{"@type":"ListItem","position":1,"name":"Domovsk\u00e1 str\u00e1nka","item":"https:\/\/www.smedemokrati.sk\/"},{"@type":"ListItem","position":2,"name":"Reformu just\u00edcie sme presadili aj kv\u00f4li vysokej ned\u00f4vere v s\u00fadnictvo"}]},{"@type":"WebSite","@id":"https:\/\/www.smedemokrati.sk\/#website","url":"https:\/\/www.smedemokrati.sk\/","name":"Smedemokrati.sk","description":"Demokracia a slu\u0161nos\u0165 zv\u00ed\u0165az\u00ed","publisher":{"@id":"https:\/\/www.smedemokrati.sk\/#organization"},"potentialAction":[{"@type":"SearchAction","target":{"@type":"EntryPoint","urlTemplate":"https:\/\/www.smedemokrati.sk\/?s={search_term_string}"},"query-input":{"@type":"PropertyValueSpecification","valueRequired":true,"valueName":"search_term_string"}}],"inLanguage":"cs-CZ"},{"@type":"Organization","@id":"https:\/\/www.smedemokrati.sk\/#organization","name":"Smedemokrati.sk","url":"https:\/\/www.smedemokrati.sk\/","logo":{"@type":"ImageObject","inLanguage":"cs-CZ","@id":"https:\/\/www.smedemokrati.sk\/#\/schema\/logo\/image\/","url":"https:\/\/www.smedemokrati.sk\/wp-content\/uploads\/2023\/04\/ff.002.jpeg","contentUrl":"https:\/\/www.smedemokrati.sk\/wp-content\/uploads\/2023\/04\/ff.002.jpeg","width":640,"height":480,"caption":"Smedemokrati.sk"},"image":{"@id":"https:\/\/www.smedemokrati.sk\/#\/schema\/logo\/image\/"},"sameAs":["https:\/\/www.facebook.com\/smedemokrati2023"]},{"@type":"Person","@id":"https:\/\/www.smedemokrati.sk\/#\/schema\/person\/c60720f4b9955b3c1ed222ebd1fbbc7c","name":"Tom\u00e1\u0161 Koppl","image":{"@type":"ImageObject","inLanguage":"cs-CZ","@id":"https:\/\/secure.gravatar.com\/avatar\/8dfa38373c5e39821baf74c8e867a6f12e12c6dab6559aa999d10703b0b1c4ce?s=96&d=mm&r=g","url":"https:\/\/secure.gravatar.com\/avatar\/8dfa38373c5e39821baf74c8e867a6f12e12c6dab6559aa999d10703b0b1c4ce?s=96&d=mm&r=g","contentUrl":"https:\/\/secure.gravatar.com\/avatar\/8dfa38373c5e39821baf74c8e867a6f12e12c6dab6559aa999d10703b0b1c4ce?s=96&d=mm&r=g","caption":"Tom\u00e1\u0161 Koppl"},"url":"https:\/\/www.smedemokrati.sk\/cs\/author\/tomaskoppl\/"}]}},"_links":{"self":[{"href":"https:\/\/www.smedemokrati.sk\/cs\/wp-json\/wp\/v2\/posts\/1071","targetHints":{"allow":["GET"]}}],"collection":[{"href":"https:\/\/www.smedemokrati.sk\/cs\/wp-json\/wp\/v2\/posts"}],"about":[{"href":"https:\/\/www.smedemokrati.sk\/cs\/wp-json\/wp\/v2\/types\/post"}],"author":[{"embeddable":true,"href":"https:\/\/www.smedemokrati.sk\/cs\/wp-json\/wp\/v2\/users\/7"}],"replies":[{"embeddable":true,"href":"https:\/\/www.smedemokrati.sk\/cs\/wp-json\/wp\/v2\/comments?post=1071"}],"version-history":[{"count":1,"href":"https:\/\/www.smedemokrati.sk\/cs\/wp-json\/wp\/v2\/posts\/1071\/revisions"}],"predecessor-version":[{"id":1072,"href":"https:\/\/www.smedemokrati.sk\/cs\/wp-json\/wp\/v2\/posts\/1071\/revisions\/1072"}],"wp:featuredmedia":[{"embeddable":true,"href":"https:\/\/www.smedemokrati.sk\/cs\/wp-json\/wp\/v2\/media\/977"}],"wp:attachment":[{"href":"https:\/\/www.smedemokrati.sk\/cs\/wp-json\/wp\/v2\/media?parent=1071"}],"wp:term":[{"taxonomy":"category","embeddable":true,"href":"https:\/\/www.smedemokrati.sk\/cs\/wp-json\/wp\/v2\/categories?post=1071"},{"taxonomy":"post_tag","embeddable":true,"href":"https:\/\/www.smedemokrati.sk\/cs\/wp-json\/wp\/v2\/tags?post=1071"}],"curies":[{"name":"wp","href":"https:\/\/api.w.org\/{rel}","templated":true}]}}