{"id":10018,"date":"2026-09-03T07:36:02","date_gmt":"2026-09-03T06:36:02","guid":{"rendered":"https:\/\/www.smedemokrati.sk\/?p=10018"},"modified":"2026-09-03T07:36:03","modified_gmt":"2026-09-03T06:36:03","slug":"demokrati-podporuju-vstup-tisza-do-epp-madarsko-ukazalo-ze-zmena-je-mozna-da-sa-to-aj-na-slovensku","status":"publish","type":"post","link":"https:\/\/www.smedemokrati.sk\/cs\/demokrati-podporuju-vstup-tisza-do-epp-madarsko-ukazalo-ze-zmena-je-mozna-da-sa-to-aj-na-slovensku\/","title":{"rendered":"Demokrati podporuj\u00fa vstup TISZA do EPP: Ma\u010farsko uk\u00e1zalo, \u017ee zmena je mo\u017en\u00e1. D\u00e1 sa to aj na Slovensku"},"content":{"rendered":"<div id=\"fb-root\"><\/div>\n\n<p class=\"wp-block-paragraph\"><strong>Predstavite\u013eka strany Demokrati Monika Podhor\u00e1ny Masarikov\u00e1 sa v\u010dera (2. septembra) v Budape\u0161ti z\u00fa\u010dastnila fact-finding misie Eur\u00f3pskej \u013eudovej strany v strane TISZA, ktor\u00e1 sa uch\u00e1dza o vstup do politickej rodiny EPP. Demokrati jej vstup podporuj\u00fa. Z\u00e1rove\u0148 boli jedinou politickou stranou zo Slovenska, ktor\u00e1 sa na misii z\u00fa\u010dastnila.<\/strong><\/p>\n\n\n\n<p class=\"wp-block-paragraph\"><em>\u201eSom rada, \u017ee som mohla osobne hovori\u0165 i s premi\u00e9rom Petrom Magyarom, ktor\u00fd sa stal symbolom politickej zmeny v Ma\u010farsku. Jeho \u00faspech je povzbuden\u00edm aj pre n\u00e1s na Slovensku. V mene Demokratov som mu preto op\u00e4tovne a \u00faprimne zablaho\u017eelala k volebn\u00e9mu v\u00ed\u0165azstvu,\u201c&nbsp;<\/em>uviedla Monika Podhor\u00e1ny Masarikov\u00e1.<\/p>\n\n\n\n<p class=\"wp-block-paragraph\">Pod\u013ea Demokratov nie je podpora vstupu TISZA do EPP iba ot\u00e1zkou pr\u00edslu\u0161nosti k rovnakej eur\u00f3pskej politickej rodine. Medzi oboma stranami existuje v\u00fdrazn\u00fd programov\u00fd a hodnotov\u00fd s\u00fazvuk \u2013 v d\u00f4raze na demokratick\u00fd charakter \u0161t\u00e1tu, funguj\u00faci pr\u00e1vny \u0161t\u00e1t, jasn\u00fa orient\u00e1ciu na Eur\u00f3psku \u00faniu a NATO, bezpe\u010dnos\u0165, ekonomick\u00fd rozvoj a politiku, ktor\u00e1 m\u00e1 v prvom rade zlep\u0161ova\u0165 ka\u017edodenn\u00fd \u017eivot \u013eud\u00ed.<\/p>\n\n\n\n<p class=\"wp-block-paragraph\"><em>\u201eS TISZA n\u00e1s sp\u00e1ja presved\u010denie, \u017ee politika nemus\u00ed by\u0165 zalo\u017een\u00e1 na permanentnom konflikte, rozde\u013eovan\u00ed spolo\u010dnosti a h\u013eadan\u00ed nepriate\u013eov. Naopak, m\u00e1 by\u0165 o slu\u017ebe \u013eu\u010fom, funk\u010dnom \u0161t\u00e1te, bezpe\u010dnosti, ekonomickej prosperite a jasnom ukotven\u00ed na\u0161ich kraj\u00edn v demokratickej Eur\u00f3pe. Aj preto pova\u017eujeme stranu TISZA za prirodzen\u00e9ho partnera Demokratov v na\u0161om regi\u00f3ne a podporujeme jej vstup do EPP,\u201c<\/em>&nbsp;zd\u00f4raznila Masarikov\u00e1.<\/p>\n\n\n\n<p class=\"wp-block-paragraph\">Peter Magyar a TISZA pod\u013ea Demokratov z\u00e1rove\u0148 uk\u00e1zali, \u017ee ani dlhoro\u010dn\u00e1 vl\u00e1da postaven\u00e1 na koncentr\u00e1cii moci a rozde\u013eovan\u00ed spolo\u010dnosti nemus\u00ed by\u0165 neporazite\u013en\u00e1.<\/p>\n\n\n\n<p class=\"wp-block-paragraph\"><em>\u201eMa\u010farsko je d\u00f4kazom, \u017ee n\u00e1dej, odvaha a vytrvalos\u0165 maj\u00fa zmysel. Ke\u010f sa spoja \u013eudia, ktor\u00ed veria v demokratick\u00fa zmenu a lep\u0161iu bud\u00facnos\u0165 svojej krajiny, dok\u00e1\u017eu porazi\u0165 aj dlhoro\u010dn\u00fd orb\u00e1novsk\u00fd re\u017eim. A dok\u00e1\u017eu to demokraticky \u2013 vo vo\u013eb\u00e1ch. Ver\u00edme, \u017ee podobn\u00fd pr\u00edbeh m\u00f4\u017eeme v bud\u00facoro\u010dn\u00fdch vo\u013eb\u00e1ch nap\u00edsa\u0165 aj na Slovensku. Zmena je mo\u017en\u00e1 a Ma\u010farsko uk\u00e1zalo, \u017ee sa to d\u00e1,\u201c&nbsp;<\/em>dodala Masarikov\u00e1.<\/p>\n\n\n\n<p class=\"wp-block-paragraph\">Demokrati z\u00e1rove\u0148 zd\u00f4raz\u0148uj\u00fa v\u00fdznam intenz\u00edvnej spolupr\u00e1ce demokratick\u00fdch s\u00edl v strednej Eur\u00f3pe. Slovensko a Ma\u010farsko s\u00fa susedia a sp\u00e1jaj\u00fa ich hospod\u00e1rske, bezpe\u010dnostn\u00e9 aj spolo\u010densk\u00e9 z\u00e1ujmy. O to d\u00f4le\u017eitej\u0161ie je pod\u013ea strany budova\u0165 dobr\u00e9 vz\u0165ahy s partnermi, ktor\u00ed chc\u00fa svoje krajiny pos\u00fava\u0165 dopredu a nie ich izolova\u0165 od Eur\u00f3py.<\/p>\n\n\n\n<p class=\"wp-block-paragraph\"><em>\u201eChceme siln\u00fa, stabiln\u00fa a jednotn\u00fa Eur\u00f3psku \u00faniu. Nie Eur\u00f3pu, ktor\u00fa zvn\u00fatra oslabuj\u00fa politici, ako to roky robil Viktor Orb\u00e1n a ako to dnes, \u017eia\u013e, rob\u00ed Robert Fico. Slovensko patr\u00ed do Eur\u00f3pskej \u00fanie a NATO a na\u0161\u00edm z\u00e1ujmom mus\u00ed by\u0165 budovanie spojenectiev, nie v\u00fdroba \u010fal\u0161\u00edch nepriate\u013eov. Demokrati preto chc\u00fa rozv\u00edja\u0165 vz\u0165ahy s TISZA aj s \u010fal\u0161\u00edmi demokratick\u00fdmi partnermi v regi\u00f3ne a v celej Eur\u00f3pe,\u201c<\/em>&nbsp;uzavrela Monika Podhor\u00e1ny Masarikov\u00e1.<\/p>\n\n\n\n<p class=\"wp-block-paragraph\">\u00da\u010das\u0165 Demokratov ako jedinej slovenskej politickej strany na misii EPP v Budape\u0161ti je pod\u013ea strany potvrden\u00edm, \u017ee jej z\u00e1le\u017e\u00ed na medzin\u00e1rodn\u00fdch vz\u0165ahoch Slovenska a na akt\u00edvnom budovan\u00ed partnerstiev s politick\u00fdmi silami, s ktor\u00fdmi zdie\u013ea spolo\u010dn\u00e9 hodnoty aj predstavu o bud\u00facnosti Eur\u00f3py.<\/p>\n","protected":false},"excerpt":{"rendered":"<p>Predstavite\u013eka strany Demokrati Monika Podhor\u00e1ny Masarikov\u00e1 sa v\u010dera (2. septembra) v Budape\u0161ti z\u00fa\u010dastnila fact-finding misie Eur\u00f3pskej \u013eudovej strany v strane TISZA, ktor\u00e1 sa uch\u00e1dza o vstup do politickej rodiny EPP. Demokrati jej vstup podporuj\u00fa. Z\u00e1rove\u0148 boli jedinou politickou stranou zo Slovenska, ktor\u00e1 sa na misii z\u00fa\u010dastnila. \u201eSom rada, \u017ee som mohla osobne hovori\u0165 i s [&hellip;]<\/p>\n","protected":false},"author":13,"featured_media":10019,"comment_status":"closed","ping_status":"closed","sticky":false,"template":"","format":"standard","meta":{"_acf_changed":false,"ngg_post_thumbnail":0,"footnotes":""},"categories":[4],"tags":[],"class_list":["post-10018","post","type-post","status-publish","format-standard","has-post-thumbnail","hentry","category-tlacove-spravy"],"acf":[],"yoast_head":"<!-- This site is optimized with the Yoast SEO plugin v28.4 - https:\/\/yoast.com\/product\/yoast-seo-wordpress\/ -->\n<title>Demokrati podporuj\u00fa vstup TISZA do EPP: Ma\u010farsko uk\u00e1zalo, \u017ee zmena je mo\u017en\u00e1. D\u00e1 sa to aj na Slovensku<\/title>\n<meta name=\"robots\" content=\"index, follow, max-snippet:-1, max-image-preview:large, max-video-preview:-1\" \/>\n<link rel=\"canonical\" href=\"https:\/\/www.smedemokrati.sk\/cs\/demokrati-podporuju-vstup-tisza-do-epp-madarsko-ukazalo-ze-zmena-je-mozna-da-sa-to-aj-na-slovensku\/\" \/>\n<meta property=\"og:locale\" content=\"cs_CZ\" \/>\n<meta property=\"og:locale:alternate\" content=\"en_US\" \/>\n<meta property=\"og:locale:alternate\" content=\"hu_HU\" \/>\n<meta property=\"og:locale:alternate\" content=\"sk_SK\" \/>\n<meta property=\"og:locale:alternate\" content=\"sv_SE\" \/>\n<meta property=\"og:type\" content=\"article\" \/>\n<meta property=\"og:title\" content=\"Demokrati podporuj\u00fa vstup TISZA do EPP: Ma\u010farsko uk\u00e1zalo, \u017ee zmena je mo\u017en\u00e1. D\u00e1 sa to aj na Slovensku\" \/>\n<meta property=\"og:description\" content=\"Predstavite\u013eka strany Demokrati Monika Podhor\u00e1ny Masarikov\u00e1 sa v\u010dera (2. septembra) v Budape\u0161ti z\u00fa\u010dastnila fact-finding misie Eur\u00f3pskej \u013eudovej strany v strane TISZA, ktor\u00e1 sa uch\u00e1dza o vstup do politickej rodiny EPP. Demokrati jej vstup podporuj\u00fa. Z\u00e1rove\u0148 boli jedinou politickou stranou zo Slovenska, ktor\u00e1 sa na misii z\u00fa\u010dastnila. \u201eSom rada, \u017ee som mohla osobne hovori\u0165 i s [&hellip;]\" \/>\n<meta property=\"og:url\" content=\"https:\/\/www.smedemokrati.sk\/cs\/demokrati-podporuju-vstup-tisza-do-epp-madarsko-ukazalo-ze-zmena-je-mozna-da-sa-to-aj-na-slovensku\/\" \/>\n<meta property=\"og:site_name\" content=\"Smedemokrati.sk\" \/>\n<meta property=\"article:publisher\" content=\"https:\/\/www.facebook.com\/smedemokrati2023\" \/>\n<meta property=\"article:published_time\" content=\"2026-09-03T06:36:02+00:00\" \/>\n<meta property=\"article:modified_time\" content=\"2026-09-03T06:36:03+00:00\" \/>\n<meta property=\"og:image\" content=\"https:\/\/www.smedemokrati.sk\/wp-content\/uploads\/2026\/09\/magyar_masarikova-scaled.jpg\" \/>\n\t<meta property=\"og:image:width\" content=\"2560\" \/>\n\t<meta property=\"og:image:height\" content=\"2036\" \/>\n\t<meta property=\"og:image:type\" content=\"image\/jpeg\" \/>\n<meta name=\"author\" content=\"miro.sopko\" \/>\n<meta name=\"twitter:card\" content=\"summary_large_image\" \/>\n<meta name=\"twitter:label1\" content=\"Napsal(a)\" \/>\n\t<meta name=\"twitter:data1\" content=\"miro.sopko\" \/>\n\t<meta name=\"twitter:label2\" content=\"Odhadovan\u00e1 doba \u010dten\u00ed\" \/>\n\t<meta name=\"twitter:data2\" content=\"3 minuty\" \/>\n<script type=\"application\/ld+json\" class=\"yoast-schema-graph\">{\"@context\":\"https:\\\/\\\/schema.org\",\"@graph\":[{\"@type\":\"Article\",\"@id\":\"https:\\\/\\\/www.smedemokrati.sk\\\/demokrati-podporuju-vstup-tisza-do-epp-madarsko-ukazalo-ze-zmena-je-mozna-da-sa-to-aj-na-slovensku\\\/#article\",\"isPartOf\":{\"@id\":\"https:\\\/\\\/www.smedemokrati.sk\\\/demokrati-podporuju-vstup-tisza-do-epp-madarsko-ukazalo-ze-zmena-je-mozna-da-sa-to-aj-na-slovensku\\\/\"},\"author\":{\"name\":\"miro.sopko\",\"@id\":\"https:\\\/\\\/www.smedemokrati.sk\\\/#\\\/schema\\\/person\\\/21f147c88d605aa7ded900e1e7c344ba\"},\"headline\":\"Demokrati podporuj\u00fa vstup TISZA do EPP: Ma\u010farsko uk\u00e1zalo, \u017ee zmena je mo\u017en\u00e1. D\u00e1 sa to aj na Slovensku\",\"datePublished\":\"2026-09-03T06:36:02+00:00\",\"dateModified\":\"2026-09-03T06:36:03+00:00\",\"mainEntityOfPage\":{\"@id\":\"https:\\\/\\\/www.smedemokrati.sk\\\/demokrati-podporuju-vstup-tisza-do-epp-madarsko-ukazalo-ze-zmena-je-mozna-da-sa-to-aj-na-slovensku\\\/\"},\"wordCount\":610,\"publisher\":{\"@id\":\"https:\\\/\\\/www.smedemokrati.sk\\\/#organization\"},\"image\":{\"@id\":\"https:\\\/\\\/www.smedemokrati.sk\\\/demokrati-podporuju-vstup-tisza-do-epp-madarsko-ukazalo-ze-zmena-je-mozna-da-sa-to-aj-na-slovensku\\\/#primaryimage\"},\"thumbnailUrl\":\"https:\\\/\\\/www.smedemokrati.sk\\\/wp-content\\\/uploads\\\/2026\\\/09\\\/magyar_masarikova-scaled.jpg\",\"articleSection\":[\"Tla\u010dov\u00e9 spr\u00e1vy\"],\"inLanguage\":\"cs-CZ\"},{\"@type\":\"WebPage\",\"@id\":\"https:\\\/\\\/www.smedemokrati.sk\\\/demokrati-podporuju-vstup-tisza-do-epp-madarsko-ukazalo-ze-zmena-je-mozna-da-sa-to-aj-na-slovensku\\\/\",\"url\":\"https:\\\/\\\/www.smedemokrati.sk\\\/demokrati-podporuju-vstup-tisza-do-epp-madarsko-ukazalo-ze-zmena-je-mozna-da-sa-to-aj-na-slovensku\\\/\",\"name\":\"Demokrati podporuj\u00fa vstup TISZA do EPP: Ma\u010farsko uk\u00e1zalo, \u017ee zmena je mo\u017en\u00e1. D\u00e1 sa to aj na Slovensku\",\"isPartOf\":{\"@id\":\"https:\\\/\\\/www.smedemokrati.sk\\\/#website\"},\"primaryImageOfPage\":{\"@id\":\"https:\\\/\\\/www.smedemokrati.sk\\\/demokrati-podporuju-vstup-tisza-do-epp-madarsko-ukazalo-ze-zmena-je-mozna-da-sa-to-aj-na-slovensku\\\/#primaryimage\"},\"image\":{\"@id\":\"https:\\\/\\\/www.smedemokrati.sk\\\/demokrati-podporuju-vstup-tisza-do-epp-madarsko-ukazalo-ze-zmena-je-mozna-da-sa-to-aj-na-slovensku\\\/#primaryimage\"},\"thumbnailUrl\":\"https:\\\/\\\/www.smedemokrati.sk\\\/wp-content\\\/uploads\\\/2026\\\/09\\\/magyar_masarikova-scaled.jpg\",\"datePublished\":\"2026-09-03T06:36:02+00:00\",\"dateModified\":\"2026-09-03T06:36:03+00:00\",\"breadcrumb\":{\"@id\":\"https:\\\/\\\/www.smedemokrati.sk\\\/demokrati-podporuju-vstup-tisza-do-epp-madarsko-ukazalo-ze-zmena-je-mozna-da-sa-to-aj-na-slovensku\\\/#breadcrumb\"},\"inLanguage\":\"cs-CZ\",\"potentialAction\":[{\"@type\":\"ReadAction\",\"target\":[\"https:\\\/\\\/www.smedemokrati.sk\\\/demokrati-podporuju-vstup-tisza-do-epp-madarsko-ukazalo-ze-zmena-je-mozna-da-sa-to-aj-na-slovensku\\\/\"]}]},{\"@type\":\"ImageObject\",\"inLanguage\":\"cs-CZ\",\"@id\":\"https:\\\/\\\/www.smedemokrati.sk\\\/demokrati-podporuju-vstup-tisza-do-epp-madarsko-ukazalo-ze-zmena-je-mozna-da-sa-to-aj-na-slovensku\\\/#primaryimage\",\"url\":\"https:\\\/\\\/www.smedemokrati.sk\\\/wp-content\\\/uploads\\\/2026\\\/09\\\/magyar_masarikova-scaled.jpg\",\"contentUrl\":\"https:\\\/\\\/www.smedemokrati.sk\\\/wp-content\\\/uploads\\\/2026\\\/09\\\/magyar_masarikova-scaled.jpg\",\"width\":2560,\"height\":2036},{\"@type\":\"BreadcrumbList\",\"@id\":\"https:\\\/\\\/www.smedemokrati.sk\\\/demokrati-podporuju-vstup-tisza-do-epp-madarsko-ukazalo-ze-zmena-je-mozna-da-sa-to-aj-na-slovensku\\\/#breadcrumb\",\"itemListElement\":[{\"@type\":\"ListItem\",\"position\":1,\"name\":\"Domovsk\u00e1 str\u00e1nka\",\"item\":\"https:\\\/\\\/www.smedemokrati.sk\\\/\"},{\"@type\":\"ListItem\",\"position\":2,\"name\":\"Demokrati podporuj\u00fa vstup TISZA do EPP: Ma\u010farsko uk\u00e1zalo, \u017ee zmena je mo\u017en\u00e1. D\u00e1 sa to aj na Slovensku\"}]},{\"@type\":\"WebSite\",\"@id\":\"https:\\\/\\\/www.smedemokrati.sk\\\/#website\",\"url\":\"https:\\\/\\\/www.smedemokrati.sk\\\/\",\"name\":\"Smedemokrati.sk\",\"description\":\"Demokracia a slu\u0161nos\u0165 zv\u00ed\u0165az\u00ed\",\"publisher\":{\"@id\":\"https:\\\/\\\/www.smedemokrati.sk\\\/#organization\"},\"potentialAction\":[{\"@type\":\"SearchAction\",\"target\":{\"@type\":\"EntryPoint\",\"urlTemplate\":\"https:\\\/\\\/www.smedemokrati.sk\\\/?s={search_term_string}\"},\"query-input\":{\"@type\":\"PropertyValueSpecification\",\"valueRequired\":true,\"valueName\":\"search_term_string\"}}],\"inLanguage\":\"cs-CZ\"},{\"@type\":\"Organization\",\"@id\":\"https:\\\/\\\/www.smedemokrati.sk\\\/#organization\",\"name\":\"Smedemokrati.sk\",\"url\":\"https:\\\/\\\/www.smedemokrati.sk\\\/\",\"logo\":{\"@type\":\"ImageObject\",\"inLanguage\":\"cs-CZ\",\"@id\":\"https:\\\/\\\/www.smedemokrati.sk\\\/#\\\/schema\\\/logo\\\/image\\\/\",\"url\":\"https:\\\/\\\/www.smedemokrati.sk\\\/wp-content\\\/uploads\\\/2023\\\/04\\\/ff.002.jpeg\",\"contentUrl\":\"https:\\\/\\\/www.smedemokrati.sk\\\/wp-content\\\/uploads\\\/2023\\\/04\\\/ff.002.jpeg\",\"width\":640,\"height\":480,\"caption\":\"Smedemokrati.sk\"},\"image\":{\"@id\":\"https:\\\/\\\/www.smedemokrati.sk\\\/#\\\/schema\\\/logo\\\/image\\\/\"},\"sameAs\":[\"https:\\\/\\\/www.facebook.com\\\/smedemokrati2023\"]},{\"@type\":\"Person\",\"@id\":\"https:\\\/\\\/www.smedemokrati.sk\\\/#\\\/schema\\\/person\\\/21f147c88d605aa7ded900e1e7c344ba\",\"name\":\"miro.sopko\",\"image\":{\"@type\":\"ImageObject\",\"inLanguage\":\"cs-CZ\",\"@id\":\"https:\\\/\\\/secure.gravatar.com\\\/avatar\\\/267e4a36f704376c109afe3a78740c1f5dd8675a2180a908699e7863c9247606?s=96&d=mm&r=g\",\"url\":\"https:\\\/\\\/secure.gravatar.com\\\/avatar\\\/267e4a36f704376c109afe3a78740c1f5dd8675a2180a908699e7863c9247606?s=96&d=mm&r=g\",\"contentUrl\":\"https:\\\/\\\/secure.gravatar.com\\\/avatar\\\/267e4a36f704376c109afe3a78740c1f5dd8675a2180a908699e7863c9247606?s=96&d=mm&r=g\",\"caption\":\"miro.sopko\"},\"url\":\"https:\\\/\\\/www.smedemokrati.sk\\\/cs\\\/author\\\/miro-sopko\\\/\"}]}<\/script>\n<!-- \/ Yoast SEO plugin. -->","yoast_head_json":{"title":"Demokrati podporuj\u00fa vstup TISZA do EPP: Ma\u010farsko uk\u00e1zalo, \u017ee zmena je mo\u017en\u00e1. D\u00e1 sa to aj na Slovensku","robots":{"index":"index","follow":"follow","max-snippet":"max-snippet:-1","max-image-preview":"max-image-preview:large","max-video-preview":"max-video-preview:-1"},"canonical":"https:\/\/www.smedemokrati.sk\/cs\/demokrati-podporuju-vstup-tisza-do-epp-madarsko-ukazalo-ze-zmena-je-mozna-da-sa-to-aj-na-slovensku\/","og_locale":"cs_CZ","og_type":"article","og_title":"[:sk]Demokrati podporuj\u00fa vstup TISZA do EPP: Ma\u010farsko uk\u00e1zalo, \u017ee zmena je mo\u017en\u00e1. D\u00e1 sa to aj na Slovensku[:] - Smedemokrati.sk","og_description":"Predstavite\u013eka strany Demokrati Monika Podhor\u00e1ny Masarikov\u00e1 sa v\u010dera (2. septembra) v Budape\u0161ti z\u00fa\u010dastnila fact-finding misie Eur\u00f3pskej \u013eudovej strany v strane TISZA, ktor\u00e1 sa uch\u00e1dza o vstup do politickej rodiny EPP. Demokrati jej vstup podporuj\u00fa. Z\u00e1rove\u0148 boli jedinou politickou stranou zo Slovenska, ktor\u00e1 sa na misii z\u00fa\u010dastnila. \u201eSom rada, \u017ee som mohla osobne hovori\u0165 i s [&hellip;]","og_url":"https:\/\/www.smedemokrati.sk\/cs\/demokrati-podporuju-vstup-tisza-do-epp-madarsko-ukazalo-ze-zmena-je-mozna-da-sa-to-aj-na-slovensku\/","og_site_name":"Smedemokrati.sk","article_publisher":"https:\/\/www.facebook.com\/smedemokrati2023","article_published_time":"2026-09-03T06:36:02+00:00","article_modified_time":"2026-09-03T06:36:03+00:00","og_image":[{"width":2560,"height":2036,"url":"https:\/\/www.smedemokrati.sk\/wp-content\/uploads\/2026\/09\/magyar_masarikova-scaled.jpg","type":"image\/jpeg"}],"author":"miro.sopko","twitter_card":"summary_large_image","twitter_misc":{"Napsal(a)":"miro.sopko","Odhadovan\u00e1 doba \u010dten\u00ed":"3 minuty"},"schema":{"@context":"https:\/\/schema.org","@graph":[{"@type":"Article","@id":"https:\/\/www.smedemokrati.sk\/demokrati-podporuju-vstup-tisza-do-epp-madarsko-ukazalo-ze-zmena-je-mozna-da-sa-to-aj-na-slovensku\/#article","isPartOf":{"@id":"https:\/\/www.smedemokrati.sk\/demokrati-podporuju-vstup-tisza-do-epp-madarsko-ukazalo-ze-zmena-je-mozna-da-sa-to-aj-na-slovensku\/"},"author":{"name":"miro.sopko","@id":"https:\/\/www.smedemokrati.sk\/#\/schema\/person\/21f147c88d605aa7ded900e1e7c344ba"},"headline":"Demokrati podporuj\u00fa vstup TISZA do EPP: Ma\u010farsko uk\u00e1zalo, \u017ee zmena je mo\u017en\u00e1. D\u00e1 sa to aj na Slovensku","datePublished":"2026-09-03T06:36:02+00:00","dateModified":"2026-09-03T06:36:03+00:00","mainEntityOfPage":{"@id":"https:\/\/www.smedemokrati.sk\/demokrati-podporuju-vstup-tisza-do-epp-madarsko-ukazalo-ze-zmena-je-mozna-da-sa-to-aj-na-slovensku\/"},"wordCount":610,"publisher":{"@id":"https:\/\/www.smedemokrati.sk\/#organization"},"image":{"@id":"https:\/\/www.smedemokrati.sk\/demokrati-podporuju-vstup-tisza-do-epp-madarsko-ukazalo-ze-zmena-je-mozna-da-sa-to-aj-na-slovensku\/#primaryimage"},"thumbnailUrl":"https:\/\/www.smedemokrati.sk\/wp-content\/uploads\/2026\/09\/magyar_masarikova-scaled.jpg","articleSection":["Tla\u010dov\u00e9 spr\u00e1vy"],"inLanguage":"cs-CZ"},{"@type":"WebPage","@id":"https:\/\/www.smedemokrati.sk\/demokrati-podporuju-vstup-tisza-do-epp-madarsko-ukazalo-ze-zmena-je-mozna-da-sa-to-aj-na-slovensku\/","url":"https:\/\/www.smedemokrati.sk\/demokrati-podporuju-vstup-tisza-do-epp-madarsko-ukazalo-ze-zmena-je-mozna-da-sa-to-aj-na-slovensku\/","name":"Demokrati podporuj\u00fa vstup TISZA do EPP: Ma\u010farsko uk\u00e1zalo, \u017ee zmena je mo\u017en\u00e1. D\u00e1 sa to aj na Slovensku","isPartOf":{"@id":"https:\/\/www.smedemokrati.sk\/#website"},"primaryImageOfPage":{"@id":"https:\/\/www.smedemokrati.sk\/demokrati-podporuju-vstup-tisza-do-epp-madarsko-ukazalo-ze-zmena-je-mozna-da-sa-to-aj-na-slovensku\/#primaryimage"},"image":{"@id":"https:\/\/www.smedemokrati.sk\/demokrati-podporuju-vstup-tisza-do-epp-madarsko-ukazalo-ze-zmena-je-mozna-da-sa-to-aj-na-slovensku\/#primaryimage"},"thumbnailUrl":"https:\/\/www.smedemokrati.sk\/wp-content\/uploads\/2026\/09\/magyar_masarikova-scaled.jpg","datePublished":"2026-09-03T06:36:02+00:00","dateModified":"2026-09-03T06:36:03+00:00","breadcrumb":{"@id":"https:\/\/www.smedemokrati.sk\/demokrati-podporuju-vstup-tisza-do-epp-madarsko-ukazalo-ze-zmena-je-mozna-da-sa-to-aj-na-slovensku\/#breadcrumb"},"inLanguage":"cs-CZ","potentialAction":[{"@type":"ReadAction","target":["https:\/\/www.smedemokrati.sk\/demokrati-podporuju-vstup-tisza-do-epp-madarsko-ukazalo-ze-zmena-je-mozna-da-sa-to-aj-na-slovensku\/"]}]},{"@type":"ImageObject","inLanguage":"cs-CZ","@id":"https:\/\/www.smedemokrati.sk\/demokrati-podporuju-vstup-tisza-do-epp-madarsko-ukazalo-ze-zmena-je-mozna-da-sa-to-aj-na-slovensku\/#primaryimage","url":"https:\/\/www.smedemokrati.sk\/wp-content\/uploads\/2026\/09\/magyar_masarikova-scaled.jpg","contentUrl":"https:\/\/www.smedemokrati.sk\/wp-content\/uploads\/2026\/09\/magyar_masarikova-scaled.jpg","width":2560,"height":2036},{"@type":"BreadcrumbList","@id":"https:\/\/www.smedemokrati.sk\/demokrati-podporuju-vstup-tisza-do-epp-madarsko-ukazalo-ze-zmena-je-mozna-da-sa-to-aj-na-slovensku\/#breadcrumb","itemListElement":[{"@type":"ListItem","position":1,"name":"Domovsk\u00e1 str\u00e1nka","item":"https:\/\/www.smedemokrati.sk\/"},{"@type":"ListItem","position":2,"name":"Demokrati podporuj\u00fa vstup TISZA do EPP: Ma\u010farsko uk\u00e1zalo, \u017ee zmena je mo\u017en\u00e1. D\u00e1 sa to aj na Slovensku"}]},{"@type":"WebSite","@id":"https:\/\/www.smedemokrati.sk\/#website","url":"https:\/\/www.smedemokrati.sk\/","name":"Smedemokrati.sk","description":"Demokracia a slu\u0161nos\u0165 zv\u00ed\u0165az\u00ed","publisher":{"@id":"https:\/\/www.smedemokrati.sk\/#organization"},"potentialAction":[{"@type":"SearchAction","target":{"@type":"EntryPoint","urlTemplate":"https:\/\/www.smedemokrati.sk\/?s={search_term_string}"},"query-input":{"@type":"PropertyValueSpecification","valueRequired":true,"valueName":"search_term_string"}}],"inLanguage":"cs-CZ"},{"@type":"Organization","@id":"https:\/\/www.smedemokrati.sk\/#organization","name":"Smedemokrati.sk","url":"https:\/\/www.smedemokrati.sk\/","logo":{"@type":"ImageObject","inLanguage":"cs-CZ","@id":"https:\/\/www.smedemokrati.sk\/#\/schema\/logo\/image\/","url":"https:\/\/www.smedemokrati.sk\/wp-content\/uploads\/2023\/04\/ff.002.jpeg","contentUrl":"https:\/\/www.smedemokrati.sk\/wp-content\/uploads\/2023\/04\/ff.002.jpeg","width":640,"height":480,"caption":"Smedemokrati.sk"},"image":{"@id":"https:\/\/www.smedemokrati.sk\/#\/schema\/logo\/image\/"},"sameAs":["https:\/\/www.facebook.com\/smedemokrati2023"]},{"@type":"Person","@id":"https:\/\/www.smedemokrati.sk\/#\/schema\/person\/21f147c88d605aa7ded900e1e7c344ba","name":"miro.sopko","image":{"@type":"ImageObject","inLanguage":"cs-CZ","@id":"https:\/\/secure.gravatar.com\/avatar\/267e4a36f704376c109afe3a78740c1f5dd8675a2180a908699e7863c9247606?s=96&d=mm&r=g","url":"https:\/\/secure.gravatar.com\/avatar\/267e4a36f704376c109afe3a78740c1f5dd8675a2180a908699e7863c9247606?s=96&d=mm&r=g","contentUrl":"https:\/\/secure.gravatar.com\/avatar\/267e4a36f704376c109afe3a78740c1f5dd8675a2180a908699e7863c9247606?s=96&d=mm&r=g","caption":"miro.sopko"},"url":"https:\/\/www.smedemokrati.sk\/cs\/author\/miro-sopko\/"}]}},"_links":{"self":[{"href":"https:\/\/www.smedemokrati.sk\/cs\/wp-json\/wp\/v2\/posts\/10018","targetHints":{"allow":["GET"]}}],"collection":[{"href":"https:\/\/www.smedemokrati.sk\/cs\/wp-json\/wp\/v2\/posts"}],"about":[{"href":"https:\/\/www.smedemokrati.sk\/cs\/wp-json\/wp\/v2\/types\/post"}],"author":[{"embeddable":true,"href":"https:\/\/www.smedemokrati.sk\/cs\/wp-json\/wp\/v2\/users\/13"}],"replies":[{"embeddable":true,"href":"https:\/\/www.smedemokrati.sk\/cs\/wp-json\/wp\/v2\/comments?post=10018"}],"version-history":[{"count":1,"href":"https:\/\/www.smedemokrati.sk\/cs\/wp-json\/wp\/v2\/posts\/10018\/revisions"}],"predecessor-version":[{"id":10020,"href":"https:\/\/www.smedemokrati.sk\/cs\/wp-json\/wp\/v2\/posts\/10018\/revisions\/10020"}],"wp:featuredmedia":[{"embeddable":true,"href":"https:\/\/www.smedemokrati.sk\/cs\/wp-json\/wp\/v2\/media\/10019"}],"wp:attachment":[{"href":"https:\/\/www.smedemokrati.sk\/cs\/wp-json\/wp\/v2\/media?parent=10018"}],"wp:term":[{"taxonomy":"category","embeddable":true,"href":"https:\/\/www.smedemokrati.sk\/cs\/wp-json\/wp\/v2\/categories?post=10018"},{"taxonomy":"post_tag","embeddable":true,"href":"https:\/\/www.smedemokrati.sk\/cs\/wp-json\/wp\/v2\/tags?post=10018"}],"curies":[{"name":"wp","href":"https:\/\/api.w.org\/{rel}","templated":true}]}}