{"id":10015,"date":"2026-09-02T11:16:57","date_gmt":"2026-09-02T10:16:57","guid":{"rendered":"https:\/\/www.smedemokrati.sk\/?p=10015"},"modified":"2026-09-02T11:16:58","modified_gmt":"2026-09-02T10:16:58","slug":"kolko-este-budeme-cakat-na-bezpecnostnu-radu-sr-rusko-utoci-v-nemecku-a-pri-presove-sme-len-tesne-zabranili-sabotazi","status":"publish","type":"post","link":"https:\/\/www.smedemokrati.sk\/cs\/kolko-este-budeme-cakat-na-bezpecnostnu-radu-sr-rusko-utoci-v-nemecku-a-pri-presove-sme-len-tesne-zabranili-sabotazi\/","title":{"rendered":"Ko\u013eko e\u0161te budeme \u010daka\u0165 na Bezpe\u010dnostn\u00fa radu SR? Rusko \u00fato\u010d\u00ed v Nemecku a pri Pre\u0161ove sme len tesne zabr\u00e1nili sabot\u00e1\u017ei"},"content":{"rendered":"<div id=\"fb-root\"><\/div>\n\n<p class=\"wp-block-paragraph\"><strong>Nemeck\u00e1 vl\u00e1da ozna\u010dila Rusko za zodpovedn\u00e9 za zmaren\u00fd \u00fatok dronom s v\u00fdbu\u0161ninou na letisku Leipzig\/Halle. Len pred nieko\u013ek\u00fdmi d\u0148ami pritom slovensk\u00e9 bezpe\u010dnostn\u00e9 zlo\u017eky prekazili pripravovan\u00fd podpa\u013ea\u010dsk\u00fd \u00fatok na z\u00e1vod vyr\u00e1baj\u00faci bezpilotn\u00e9 syst\u00e9my pri Pre\u0161ove. Demokrati sa p\u00fdtaj\u00fa premi\u00e9ra Roberta Fica: Na \u010do e\u0161te \u010dak\u00e1te so zvolan\u00edm Bezpe\u010dnostnej rady SR?<\/strong><\/p>\n\n\n\n<p class=\"wp-block-paragraph\"><em>\u201e<\/em>Demokrati v\u00edtaj\u00fa, \u017ee Ministerstvo zahrani\u010dn\u00fdch vec\u00ed SR rusk\u00fd \u00fatok v Nemecku ods\u00fadilo a vyjadrilo solidaritu n\u00e1\u0161mu spojencovi. Pod\u013ea strany v\u0161ak u\u017e nesta\u010d\u00ed vyda\u0165 stanovisko. Slovensko potrebuje vedie\u0165, \u010di je pripraven\u00e9 \u010deli\u0165 podobn\u00fdm hybridn\u00fdm oper\u00e1ci\u00e1m.<\/p>\n\n\n\n<p class=\"wp-block-paragraph\"><em>\u201eNemecko hovor\u00ed jasne: za pokusom o \u00fatok v\u00fdbu\u0161n\u00fdm dronom na letisku Leipzig\/Halle je Rusko. Pred p\u00e1r d\u0148ami na\u0161e bezpe\u010dnostn\u00e9 zlo\u017eky zabr\u00e1nili podpa\u013ea\u010dsk\u00e9mu \u00fatoku na fabriku pri Pre\u0161ove, kde mohlo by\u0165 pribli\u017ene 70 \u013eud\u00ed. \u00datok bol pod\u013ea pol\u00edcie pripravovan\u00fd na objedn\u00e1vku. Ko\u013eko varovn\u00fdch sign\u00e1lov e\u0161te Robert Fico potrebuje, aby zvolal Bezpe\u010dnostn\u00fa radu \u0161t\u00e1tu a naozaj situ\u00e1ciu rie\u0161il?\u201c&nbsp;<\/em>p\u00fdta sa podpredseda Demokratov a b\u00fdval\u00fd minister obrany Jaroslav Na\u010f.<\/p>\n\n\n\n<p class=\"wp-block-paragraph\">V pr\u00edpade z\u00e1vodu pri Pre\u0161ove slovensk\u00e9 org\u00e1ny zatia\u013e ofici\u00e1lne nepotvrdili, kto si \u00fatok objednal. Pod\u013ea Demokratov je v\u0161ak vzh\u013eadom na charakter pr\u00edpadu, jeho cie\u013e a aktu\u00e1lne bezpe\u010dnostn\u00e9 dianie v Eur\u00f3pe nevyhnutn\u00e9 preveri\u0165 aj mo\u017en\u00e9 prepojenie na rusk\u00e9 hybridn\u00e9 oper\u00e1cie.<\/p>\n\n\n\n<p class=\"wp-block-paragraph\"><em>\u201eNechceme od vl\u00e1dy kon\u0161pir\u00e1cie ani pred\u010dasn\u00e9 rozsudky. Chceme inform\u00e1cie. Kto si \u00fatok pri Pre\u0161ove objednal? Presne na toto m\u00e1me Bezpe\u010dnostn\u00fa radu SR,\u201c<\/em>&nbsp;uviedol Juraj \u0160eliga.<\/p>\n\n\n\n<p class=\"wp-block-paragraph\">Pod\u013ea Demokratov p\u00f4sob\u00ed o to absurdnej\u0161ie, \u017ee vl\u00e1da dok\u00e1zala zvol\u00e1va\u0165 Bezpe\u010dnostn\u00fa radu a hovori\u0165 o bezpe\u010dnostn\u00fdch hrozb\u00e1ch v s\u00favislosti s politick\u00fdmi protestmi a dla\u017eobn\u00fdmi kockami, no po re\u00e1lnom pripravovanom \u00fatoku na strategick\u00fa v\u00fdrobu na Slovensku st\u00e1le nevid\u00edme zasadnutie najvy\u0161\u0161ieho bezpe\u010dnostn\u00e9ho org\u00e1nu \u0161t\u00e1tu.<\/p>\n\n\n\n<p class=\"wp-block-paragraph\"><em>\u201eKv\u00f4li dla\u017eobn\u00fdm kock\u00e1m, psom a ma\u010dk\u00e1m vedeli robi\u0165 bezpe\u010dnostn\u00e9 divadlo. Teraz m\u00e1me prekazen\u00fd \u00fatok pri Pre\u0161ove a n\u00e1\u0161 najv\u00e4\u010d\u0161\u00ed eur\u00f3psky spojenec hovor\u00ed o ruskom \u00fatoku v\u00fdbu\u0161n\u00fdm dronom na svojom \u00fazem\u00ed. A Bezpe\u010dnostn\u00e1 rada SR st\u00e1le ni\u010d. Na \u010do \u010dak\u00e1me? K\u00fdm sa niekomu \u00fatok na Slovensku naozaj podar\u00ed?\u201c<\/em>&nbsp;p\u00fdta sa \u0160eliga.<\/p>\n\n\n\n<p class=\"wp-block-paragraph\">Demokrati \u017eiadaj\u00fa premi\u00e9ra Roberta Fica o bezodkladn\u00e9 zvolanie Bezpe\u010dnostnej rady SR. Jej t\u00e9mou m\u00e1 by\u0165 nielen pr\u00edpad pri Pre\u0161ove, ale aj vyhodnotenie aktu\u00e1lnych rusk\u00fdch hybridn\u00fdch oper\u00e1ci\u00ed v Eur\u00f3pe, pripravenos\u0165 slovensk\u00fdch bezpe\u010dnostn\u00fdch zlo\u017eiek a ochrana kritickej infra\u0161trukt\u00fary, let\u00edsk, energetick\u00fdch objektov a strategick\u00fdch podnikov.<\/p>\n\n\n\n<p class=\"wp-block-paragraph\"><em>\u201eRusko sk\u00fa\u0161a odolnos\u0165 Eur\u00f3py. Sabot\u00e1\u017ee, drony, kybernetick\u00e9 \u00fatoky a oper\u00e1cie cez nastr\u010den\u00fdch \u013eud\u00ed nie s\u00fa filmov\u00fd scen\u00e1r. Je to bezpe\u010dnostn\u00e1 realita Eur\u00f3py roku 2026. A Slovensko sa nem\u00f4\u017ee tv\u00e1ri\u0165, \u017ee n\u00e1s sa to net\u00fdka,\u201c<\/em>&nbsp;zd\u00f4raznil Na\u010f.<\/p>\n\n\n\n<p class=\"wp-block-paragraph\"><em>\u201eMy chceme, aby Slovensko bolo pevnou s\u00fa\u010das\u0165ou E\u00da a NATO. Chceme \u0161t\u00e1t, ktor\u00fd chr\u00e1ni svojich ob\u010danov a stoj\u00ed pri svojich spojencoch. Nie krajinu, ktor\u00e1 sa postupne men\u00ed na rusk\u00fd pr\u00edvesok uprostred Eur\u00f3py. Robert Fico si m\u00f4\u017ee vybera\u0165 svojich politick\u00fdch priate\u013eov. Slovensko si v\u0161ak nem\u00f4\u017ee vybera\u0165 svoju bezpe\u010dnostn\u00fa realitu,\u201c<\/em>&nbsp;uzavrel \u0160eliga.<\/p>\n","protected":false},"excerpt":{"rendered":"<p>Nemeck\u00e1 vl\u00e1da ozna\u010dila Rusko za zodpovedn\u00e9 za zmaren\u00fd \u00fatok dronom s v\u00fdbu\u0161ninou na letisku Leipzig\/Halle. Len pred nieko\u013ek\u00fdmi d\u0148ami pritom slovensk\u00e9 bezpe\u010dnostn\u00e9 zlo\u017eky prekazili pripravovan\u00fd podpa\u013ea\u010dsk\u00fd \u00fatok na z\u00e1vod vyr\u00e1baj\u00faci bezpilotn\u00e9 syst\u00e9my pri Pre\u0161ove. Demokrati sa p\u00fdtaj\u00fa premi\u00e9ra Roberta Fica: Na \u010do e\u0161te \u010dak\u00e1te so zvolan\u00edm Bezpe\u010dnostnej rady SR? \u201eDemokrati v\u00edtaj\u00fa, \u017ee Ministerstvo zahrani\u010dn\u00fdch vec\u00ed [&hellip;]<\/p>\n","protected":false},"author":13,"featured_media":8825,"comment_status":"closed","ping_status":"closed","sticky":false,"template":"","format":"standard","meta":{"_acf_changed":false,"ngg_post_thumbnail":0,"footnotes":""},"categories":[4],"tags":[],"class_list":["post-10015","post","type-post","status-publish","format-standard","has-post-thumbnail","hentry","category-tlacove-spravy"],"acf":[],"yoast_head":"<!-- This site is optimized with the Yoast SEO plugin v28.4 - https:\/\/yoast.com\/product\/yoast-seo-wordpress\/ -->\n<title>Ko\u013eko e\u0161te budeme \u010daka\u0165 na Bezpe\u010dnostn\u00fa radu SR?<\/title>\n<meta name=\"description\" content=\"Nemeck\u00e1 vl\u00e1da ozna\u010dila Rusko za zodpovedn\u00e9 za zmaren\u00fd \u00fatok dronom s v\u00fdbu\u0161ninou na letisku Leipzig\/Halle. Len pred nieko\u013ek\u00fdmi d\u0148ami pritom slovensk\u00e9 bezpe\u010dnostn\u00e9 zlo\u017eky prekazili pripravovan\u00fd podpa\u013ea\u010dsk\u00fd \u00fatok na z\u00e1vod vyr\u00e1baj\u00faci bezpilotn\u00e9 syst\u00e9my pri Pre\u0161ove. Demokrati sa p\u00fdtaj\u00fa premi\u00e9ra Roberta Fica: Na \u010do e\u0161te \u010dak\u00e1te so zvolan\u00edm Bezpe\u010dnostnej rady SR?\" \/>\n<meta name=\"robots\" content=\"index, follow, max-snippet:-1, max-image-preview:large, max-video-preview:-1\" \/>\n<link rel=\"canonical\" href=\"https:\/\/www.smedemokrati.sk\/cs\/kolko-este-budeme-cakat-na-bezpecnostnu-radu-sr-rusko-utoci-v-nemecku-a-pri-presove-sme-len-tesne-zabranili-sabotazi\/\" \/>\n<meta property=\"og:locale\" content=\"cs_CZ\" \/>\n<meta property=\"og:locale:alternate\" content=\"en_US\" \/>\n<meta property=\"og:locale:alternate\" content=\"hu_HU\" \/>\n<meta property=\"og:locale:alternate\" content=\"sk_SK\" \/>\n<meta property=\"og:locale:alternate\" content=\"sv_SE\" \/>\n<meta property=\"og:type\" content=\"article\" \/>\n<meta property=\"og:title\" content=\"Ko\u013eko e\u0161te budeme \u010daka\u0165 na Bezpe\u010dnostn\u00fa radu SR?\" \/>\n<meta property=\"og:description\" content=\"Nemeck\u00e1 vl\u00e1da ozna\u010dila Rusko za zodpovedn\u00e9 za zmaren\u00fd \u00fatok dronom s v\u00fdbu\u0161ninou na letisku Leipzig\/Halle. Len pred nieko\u013ek\u00fdmi d\u0148ami pritom slovensk\u00e9 bezpe\u010dnostn\u00e9 zlo\u017eky prekazili pripravovan\u00fd podpa\u013ea\u010dsk\u00fd \u00fatok na z\u00e1vod vyr\u00e1baj\u00faci bezpilotn\u00e9 syst\u00e9my pri Pre\u0161ove. Demokrati sa p\u00fdtaj\u00fa premi\u00e9ra Roberta Fica: Na \u010do e\u0161te \u010dak\u00e1te so zvolan\u00edm Bezpe\u010dnostnej rady SR?\" \/>\n<meta property=\"og:url\" content=\"https:\/\/www.smedemokrati.sk\/cs\/kolko-este-budeme-cakat-na-bezpecnostnu-radu-sr-rusko-utoci-v-nemecku-a-pri-presove-sme-len-tesne-zabranili-sabotazi\/\" \/>\n<meta property=\"og:site_name\" content=\"Smedemokrati.sk\" \/>\n<meta property=\"article:publisher\" content=\"https:\/\/www.facebook.com\/smedemokrati2023\" \/>\n<meta property=\"article:published_time\" content=\"2026-09-02T10:16:57+00:00\" \/>\n<meta property=\"article:modified_time\" content=\"2026-09-02T10:16:58+00:00\" \/>\n<meta property=\"og:image\" content=\"https:\/\/www.smedemokrati.sk\/wp-content\/uploads\/2026\/02\/jaro-nad-reaguje.jpg\" \/>\n\t<meta property=\"og:image:width\" content=\"1280\" \/>\n\t<meta property=\"og:image:height\" content=\"720\" \/>\n\t<meta property=\"og:image:type\" content=\"image\/jpeg\" \/>\n<meta name=\"author\" content=\"miro.sopko\" \/>\n<meta name=\"twitter:card\" content=\"summary_large_image\" \/>\n<meta name=\"twitter:label1\" content=\"Napsal(a)\" \/>\n\t<meta name=\"twitter:data1\" content=\"miro.sopko\" \/>\n\t<meta name=\"twitter:label2\" content=\"Odhadovan\u00e1 doba \u010dten\u00ed\" \/>\n\t<meta name=\"twitter:data2\" content=\"3 minuty\" \/>\n<script type=\"application\/ld+json\" class=\"yoast-schema-graph\">{\"@context\":\"https:\\\/\\\/schema.org\",\"@graph\":[{\"@type\":\"Article\",\"@id\":\"https:\\\/\\\/www.smedemokrati.sk\\\/kolko-este-budeme-cakat-na-bezpecnostnu-radu-sr-rusko-utoci-v-nemecku-a-pri-presove-sme-len-tesne-zabranili-sabotazi\\\/#article\",\"isPartOf\":{\"@id\":\"https:\\\/\\\/www.smedemokrati.sk\\\/kolko-este-budeme-cakat-na-bezpecnostnu-radu-sr-rusko-utoci-v-nemecku-a-pri-presove-sme-len-tesne-zabranili-sabotazi\\\/\"},\"author\":{\"name\":\"miro.sopko\",\"@id\":\"https:\\\/\\\/www.smedemokrati.sk\\\/#\\\/schema\\\/person\\\/21f147c88d605aa7ded900e1e7c344ba\"},\"headline\":\"Ko\u013eko e\u0161te budeme \u010daka\u0165 na Bezpe\u010dnostn\u00fa radu SR? Rusko \u00fato\u010d\u00ed v Nemecku a pri Pre\u0161ove sme len tesne zabr\u00e1nili sabot\u00e1\u017ei\",\"datePublished\":\"2026-09-02T10:16:57+00:00\",\"dateModified\":\"2026-09-02T10:16:58+00:00\",\"mainEntityOfPage\":{\"@id\":\"https:\\\/\\\/www.smedemokrati.sk\\\/kolko-este-budeme-cakat-na-bezpecnostnu-radu-sr-rusko-utoci-v-nemecku-a-pri-presove-sme-len-tesne-zabranili-sabotazi\\\/\"},\"wordCount\":635,\"publisher\":{\"@id\":\"https:\\\/\\\/www.smedemokrati.sk\\\/#organization\"},\"image\":{\"@id\":\"https:\\\/\\\/www.smedemokrati.sk\\\/kolko-este-budeme-cakat-na-bezpecnostnu-radu-sr-rusko-utoci-v-nemecku-a-pri-presove-sme-len-tesne-zabranili-sabotazi\\\/#primaryimage\"},\"thumbnailUrl\":\"https:\\\/\\\/www.smedemokrati.sk\\\/wp-content\\\/uploads\\\/2026\\\/02\\\/jaro-nad-reaguje.jpg\",\"articleSection\":[\"Tla\u010dov\u00e9 spr\u00e1vy\"],\"inLanguage\":\"cs-CZ\"},{\"@type\":\"WebPage\",\"@id\":\"https:\\\/\\\/www.smedemokrati.sk\\\/kolko-este-budeme-cakat-na-bezpecnostnu-radu-sr-rusko-utoci-v-nemecku-a-pri-presove-sme-len-tesne-zabranili-sabotazi\\\/\",\"url\":\"https:\\\/\\\/www.smedemokrati.sk\\\/kolko-este-budeme-cakat-na-bezpecnostnu-radu-sr-rusko-utoci-v-nemecku-a-pri-presove-sme-len-tesne-zabranili-sabotazi\\\/\",\"name\":\"Ko\u013eko e\u0161te budeme \u010daka\u0165 na Bezpe\u010dnostn\u00fa radu SR?\",\"isPartOf\":{\"@id\":\"https:\\\/\\\/www.smedemokrati.sk\\\/#website\"},\"primaryImageOfPage\":{\"@id\":\"https:\\\/\\\/www.smedemokrati.sk\\\/kolko-este-budeme-cakat-na-bezpecnostnu-radu-sr-rusko-utoci-v-nemecku-a-pri-presove-sme-len-tesne-zabranili-sabotazi\\\/#primaryimage\"},\"image\":{\"@id\":\"https:\\\/\\\/www.smedemokrati.sk\\\/kolko-este-budeme-cakat-na-bezpecnostnu-radu-sr-rusko-utoci-v-nemecku-a-pri-presove-sme-len-tesne-zabranili-sabotazi\\\/#primaryimage\"},\"thumbnailUrl\":\"https:\\\/\\\/www.smedemokrati.sk\\\/wp-content\\\/uploads\\\/2026\\\/02\\\/jaro-nad-reaguje.jpg\",\"datePublished\":\"2026-09-02T10:16:57+00:00\",\"dateModified\":\"2026-09-02T10:16:58+00:00\",\"description\":\"Nemeck\u00e1 vl\u00e1da ozna\u010dila Rusko za zodpovedn\u00e9 za zmaren\u00fd \u00fatok dronom s v\u00fdbu\u0161ninou na letisku Leipzig\\\/Halle. Len pred nieko\u013ek\u00fdmi d\u0148ami pritom slovensk\u00e9 bezpe\u010dnostn\u00e9 zlo\u017eky prekazili pripravovan\u00fd podpa\u013ea\u010dsk\u00fd \u00fatok na z\u00e1vod vyr\u00e1baj\u00faci bezpilotn\u00e9 syst\u00e9my pri Pre\u0161ove. Demokrati sa p\u00fdtaj\u00fa premi\u00e9ra Roberta Fica: Na \u010do e\u0161te \u010dak\u00e1te so zvolan\u00edm Bezpe\u010dnostnej rady SR?\",\"breadcrumb\":{\"@id\":\"https:\\\/\\\/www.smedemokrati.sk\\\/kolko-este-budeme-cakat-na-bezpecnostnu-radu-sr-rusko-utoci-v-nemecku-a-pri-presove-sme-len-tesne-zabranili-sabotazi\\\/#breadcrumb\"},\"inLanguage\":\"cs-CZ\",\"potentialAction\":[{\"@type\":\"ReadAction\",\"target\":[\"https:\\\/\\\/www.smedemokrati.sk\\\/kolko-este-budeme-cakat-na-bezpecnostnu-radu-sr-rusko-utoci-v-nemecku-a-pri-presove-sme-len-tesne-zabranili-sabotazi\\\/\"]}]},{\"@type\":\"ImageObject\",\"inLanguage\":\"cs-CZ\",\"@id\":\"https:\\\/\\\/www.smedemokrati.sk\\\/kolko-este-budeme-cakat-na-bezpecnostnu-radu-sr-rusko-utoci-v-nemecku-a-pri-presove-sme-len-tesne-zabranili-sabotazi\\\/#primaryimage\",\"url\":\"https:\\\/\\\/www.smedemokrati.sk\\\/wp-content\\\/uploads\\\/2026\\\/02\\\/jaro-nad-reaguje.jpg\",\"contentUrl\":\"https:\\\/\\\/www.smedemokrati.sk\\\/wp-content\\\/uploads\\\/2026\\\/02\\\/jaro-nad-reaguje.jpg\",\"width\":1280,\"height\":720},{\"@type\":\"BreadcrumbList\",\"@id\":\"https:\\\/\\\/www.smedemokrati.sk\\\/kolko-este-budeme-cakat-na-bezpecnostnu-radu-sr-rusko-utoci-v-nemecku-a-pri-presove-sme-len-tesne-zabranili-sabotazi\\\/#breadcrumb\",\"itemListElement\":[{\"@type\":\"ListItem\",\"position\":1,\"name\":\"Domovsk\u00e1 str\u00e1nka\",\"item\":\"https:\\\/\\\/www.smedemokrati.sk\\\/\"},{\"@type\":\"ListItem\",\"position\":2,\"name\":\"Ko\u013eko e\u0161te budeme \u010daka\u0165 na Bezpe\u010dnostn\u00fa radu SR? Rusko \u00fato\u010d\u00ed v Nemecku a pri Pre\u0161ove sme len tesne zabr\u00e1nili sabot\u00e1\u017ei\"}]},{\"@type\":\"WebSite\",\"@id\":\"https:\\\/\\\/www.smedemokrati.sk\\\/#website\",\"url\":\"https:\\\/\\\/www.smedemokrati.sk\\\/\",\"name\":\"Smedemokrati.sk\",\"description\":\"Demokracia a slu\u0161nos\u0165 zv\u00ed\u0165az\u00ed\",\"publisher\":{\"@id\":\"https:\\\/\\\/www.smedemokrati.sk\\\/#organization\"},\"potentialAction\":[{\"@type\":\"SearchAction\",\"target\":{\"@type\":\"EntryPoint\",\"urlTemplate\":\"https:\\\/\\\/www.smedemokrati.sk\\\/?s={search_term_string}\"},\"query-input\":{\"@type\":\"PropertyValueSpecification\",\"valueRequired\":true,\"valueName\":\"search_term_string\"}}],\"inLanguage\":\"cs-CZ\"},{\"@type\":\"Organization\",\"@id\":\"https:\\\/\\\/www.smedemokrati.sk\\\/#organization\",\"name\":\"Smedemokrati.sk\",\"url\":\"https:\\\/\\\/www.smedemokrati.sk\\\/\",\"logo\":{\"@type\":\"ImageObject\",\"inLanguage\":\"cs-CZ\",\"@id\":\"https:\\\/\\\/www.smedemokrati.sk\\\/#\\\/schema\\\/logo\\\/image\\\/\",\"url\":\"https:\\\/\\\/www.smedemokrati.sk\\\/wp-content\\\/uploads\\\/2023\\\/04\\\/ff.002.jpeg\",\"contentUrl\":\"https:\\\/\\\/www.smedemokrati.sk\\\/wp-content\\\/uploads\\\/2023\\\/04\\\/ff.002.jpeg\",\"width\":640,\"height\":480,\"caption\":\"Smedemokrati.sk\"},\"image\":{\"@id\":\"https:\\\/\\\/www.smedemokrati.sk\\\/#\\\/schema\\\/logo\\\/image\\\/\"},\"sameAs\":[\"https:\\\/\\\/www.facebook.com\\\/smedemokrati2023\"]},{\"@type\":\"Person\",\"@id\":\"https:\\\/\\\/www.smedemokrati.sk\\\/#\\\/schema\\\/person\\\/21f147c88d605aa7ded900e1e7c344ba\",\"name\":\"miro.sopko\",\"image\":{\"@type\":\"ImageObject\",\"inLanguage\":\"cs-CZ\",\"@id\":\"https:\\\/\\\/secure.gravatar.com\\\/avatar\\\/267e4a36f704376c109afe3a78740c1f5dd8675a2180a908699e7863c9247606?s=96&d=mm&r=g\",\"url\":\"https:\\\/\\\/secure.gravatar.com\\\/avatar\\\/267e4a36f704376c109afe3a78740c1f5dd8675a2180a908699e7863c9247606?s=96&d=mm&r=g\",\"contentUrl\":\"https:\\\/\\\/secure.gravatar.com\\\/avatar\\\/267e4a36f704376c109afe3a78740c1f5dd8675a2180a908699e7863c9247606?s=96&d=mm&r=g\",\"caption\":\"miro.sopko\"},\"url\":\"https:\\\/\\\/www.smedemokrati.sk\\\/cs\\\/author\\\/miro-sopko\\\/\"}]}<\/script>\n<!-- \/ Yoast SEO plugin. -->","yoast_head_json":{"title":"Ko\u013eko e\u0161te budeme \u010daka\u0165 na Bezpe\u010dnostn\u00fa radu SR?","description":"Nemeck\u00e1 vl\u00e1da ozna\u010dila Rusko za zodpovedn\u00e9 za zmaren\u00fd \u00fatok dronom s v\u00fdbu\u0161ninou na letisku Leipzig\/Halle. Len pred nieko\u013ek\u00fdmi d\u0148ami pritom slovensk\u00e9 bezpe\u010dnostn\u00e9 zlo\u017eky prekazili pripravovan\u00fd podpa\u013ea\u010dsk\u00fd \u00fatok na z\u00e1vod vyr\u00e1baj\u00faci bezpilotn\u00e9 syst\u00e9my pri Pre\u0161ove. Demokrati sa p\u00fdtaj\u00fa premi\u00e9ra Roberta Fica: Na \u010do e\u0161te \u010dak\u00e1te so zvolan\u00edm Bezpe\u010dnostnej rady SR?","robots":{"index":"index","follow":"follow","max-snippet":"max-snippet:-1","max-image-preview":"max-image-preview:large","max-video-preview":"max-video-preview:-1"},"canonical":"https:\/\/www.smedemokrati.sk\/cs\/kolko-este-budeme-cakat-na-bezpecnostnu-radu-sr-rusko-utoci-v-nemecku-a-pri-presove-sme-len-tesne-zabranili-sabotazi\/","og_locale":"cs_CZ","og_type":"article","og_title":"[:sk]Ko\u013eko e\u0161te budeme \u010daka\u0165 na Bezpe\u010dnostn\u00fa radu SR?[:]","og_description":"[:sk]Nemeck\u00e1 vl\u00e1da ozna\u010dila Rusko za zodpovedn\u00e9 za zmaren\u00fd \u00fatok dronom s v\u00fdbu\u0161ninou na letisku Leipzig\/Halle. Len pred nieko\u013ek\u00fdmi d\u0148ami pritom slovensk\u00e9 bezpe\u010dnostn\u00e9 zlo\u017eky prekazili pripravovan\u00fd podpa\u013ea\u010dsk\u00fd \u00fatok na z\u00e1vod vyr\u00e1baj\u00faci bezpilotn\u00e9 syst\u00e9my pri Pre\u0161ove. Demokrati sa p\u00fdtaj\u00fa premi\u00e9ra Roberta Fica: Na \u010do e\u0161te \u010dak\u00e1te so zvolan\u00edm Bezpe\u010dnostnej rady SR?[:]","og_url":"https:\/\/www.smedemokrati.sk\/cs\/kolko-este-budeme-cakat-na-bezpecnostnu-radu-sr-rusko-utoci-v-nemecku-a-pri-presove-sme-len-tesne-zabranili-sabotazi\/","og_site_name":"Smedemokrati.sk","article_publisher":"https:\/\/www.facebook.com\/smedemokrati2023","article_published_time":"2026-09-02T10:16:57+00:00","article_modified_time":"2026-09-02T10:16:58+00:00","og_image":[{"width":1280,"height":720,"url":"https:\/\/www.smedemokrati.sk\/wp-content\/uploads\/2026\/02\/jaro-nad-reaguje.jpg","type":"image\/jpeg"}],"author":"miro.sopko","twitter_card":"summary_large_image","twitter_misc":{"Napsal(a)":"miro.sopko","Odhadovan\u00e1 doba \u010dten\u00ed":"3 minuty"},"schema":{"@context":"https:\/\/schema.org","@graph":[{"@type":"Article","@id":"https:\/\/www.smedemokrati.sk\/kolko-este-budeme-cakat-na-bezpecnostnu-radu-sr-rusko-utoci-v-nemecku-a-pri-presove-sme-len-tesne-zabranili-sabotazi\/#article","isPartOf":{"@id":"https:\/\/www.smedemokrati.sk\/kolko-este-budeme-cakat-na-bezpecnostnu-radu-sr-rusko-utoci-v-nemecku-a-pri-presove-sme-len-tesne-zabranili-sabotazi\/"},"author":{"name":"miro.sopko","@id":"https:\/\/www.smedemokrati.sk\/#\/schema\/person\/21f147c88d605aa7ded900e1e7c344ba"},"headline":"Ko\u013eko e\u0161te budeme \u010daka\u0165 na Bezpe\u010dnostn\u00fa radu SR? Rusko \u00fato\u010d\u00ed v Nemecku a pri Pre\u0161ove sme len tesne zabr\u00e1nili sabot\u00e1\u017ei","datePublished":"2026-09-02T10:16:57+00:00","dateModified":"2026-09-02T10:16:58+00:00","mainEntityOfPage":{"@id":"https:\/\/www.smedemokrati.sk\/kolko-este-budeme-cakat-na-bezpecnostnu-radu-sr-rusko-utoci-v-nemecku-a-pri-presove-sme-len-tesne-zabranili-sabotazi\/"},"wordCount":635,"publisher":{"@id":"https:\/\/www.smedemokrati.sk\/#organization"},"image":{"@id":"https:\/\/www.smedemokrati.sk\/kolko-este-budeme-cakat-na-bezpecnostnu-radu-sr-rusko-utoci-v-nemecku-a-pri-presove-sme-len-tesne-zabranili-sabotazi\/#primaryimage"},"thumbnailUrl":"https:\/\/www.smedemokrati.sk\/wp-content\/uploads\/2026\/02\/jaro-nad-reaguje.jpg","articleSection":["Tla\u010dov\u00e9 spr\u00e1vy"],"inLanguage":"cs-CZ"},{"@type":"WebPage","@id":"https:\/\/www.smedemokrati.sk\/kolko-este-budeme-cakat-na-bezpecnostnu-radu-sr-rusko-utoci-v-nemecku-a-pri-presove-sme-len-tesne-zabranili-sabotazi\/","url":"https:\/\/www.smedemokrati.sk\/kolko-este-budeme-cakat-na-bezpecnostnu-radu-sr-rusko-utoci-v-nemecku-a-pri-presove-sme-len-tesne-zabranili-sabotazi\/","name":"Ko\u013eko e\u0161te budeme \u010daka\u0165 na Bezpe\u010dnostn\u00fa radu SR?","isPartOf":{"@id":"https:\/\/www.smedemokrati.sk\/#website"},"primaryImageOfPage":{"@id":"https:\/\/www.smedemokrati.sk\/kolko-este-budeme-cakat-na-bezpecnostnu-radu-sr-rusko-utoci-v-nemecku-a-pri-presove-sme-len-tesne-zabranili-sabotazi\/#primaryimage"},"image":{"@id":"https:\/\/www.smedemokrati.sk\/kolko-este-budeme-cakat-na-bezpecnostnu-radu-sr-rusko-utoci-v-nemecku-a-pri-presove-sme-len-tesne-zabranili-sabotazi\/#primaryimage"},"thumbnailUrl":"https:\/\/www.smedemokrati.sk\/wp-content\/uploads\/2026\/02\/jaro-nad-reaguje.jpg","datePublished":"2026-09-02T10:16:57+00:00","dateModified":"2026-09-02T10:16:58+00:00","description":"Nemeck\u00e1 vl\u00e1da ozna\u010dila Rusko za zodpovedn\u00e9 za zmaren\u00fd \u00fatok dronom s v\u00fdbu\u0161ninou na letisku Leipzig\/Halle. Len pred nieko\u013ek\u00fdmi d\u0148ami pritom slovensk\u00e9 bezpe\u010dnostn\u00e9 zlo\u017eky prekazili pripravovan\u00fd podpa\u013ea\u010dsk\u00fd \u00fatok na z\u00e1vod vyr\u00e1baj\u00faci bezpilotn\u00e9 syst\u00e9my pri Pre\u0161ove. Demokrati sa p\u00fdtaj\u00fa premi\u00e9ra Roberta Fica: Na \u010do e\u0161te \u010dak\u00e1te so zvolan\u00edm Bezpe\u010dnostnej rady SR?","breadcrumb":{"@id":"https:\/\/www.smedemokrati.sk\/kolko-este-budeme-cakat-na-bezpecnostnu-radu-sr-rusko-utoci-v-nemecku-a-pri-presove-sme-len-tesne-zabranili-sabotazi\/#breadcrumb"},"inLanguage":"cs-CZ","potentialAction":[{"@type":"ReadAction","target":["https:\/\/www.smedemokrati.sk\/kolko-este-budeme-cakat-na-bezpecnostnu-radu-sr-rusko-utoci-v-nemecku-a-pri-presove-sme-len-tesne-zabranili-sabotazi\/"]}]},{"@type":"ImageObject","inLanguage":"cs-CZ","@id":"https:\/\/www.smedemokrati.sk\/kolko-este-budeme-cakat-na-bezpecnostnu-radu-sr-rusko-utoci-v-nemecku-a-pri-presove-sme-len-tesne-zabranili-sabotazi\/#primaryimage","url":"https:\/\/www.smedemokrati.sk\/wp-content\/uploads\/2026\/02\/jaro-nad-reaguje.jpg","contentUrl":"https:\/\/www.smedemokrati.sk\/wp-content\/uploads\/2026\/02\/jaro-nad-reaguje.jpg","width":1280,"height":720},{"@type":"BreadcrumbList","@id":"https:\/\/www.smedemokrati.sk\/kolko-este-budeme-cakat-na-bezpecnostnu-radu-sr-rusko-utoci-v-nemecku-a-pri-presove-sme-len-tesne-zabranili-sabotazi\/#breadcrumb","itemListElement":[{"@type":"ListItem","position":1,"name":"Domovsk\u00e1 str\u00e1nka","item":"https:\/\/www.smedemokrati.sk\/"},{"@type":"ListItem","position":2,"name":"Ko\u013eko e\u0161te budeme \u010daka\u0165 na Bezpe\u010dnostn\u00fa radu SR? Rusko \u00fato\u010d\u00ed v Nemecku a pri Pre\u0161ove sme len tesne zabr\u00e1nili sabot\u00e1\u017ei"}]},{"@type":"WebSite","@id":"https:\/\/www.smedemokrati.sk\/#website","url":"https:\/\/www.smedemokrati.sk\/","name":"Smedemokrati.sk","description":"Demokracia a slu\u0161nos\u0165 zv\u00ed\u0165az\u00ed","publisher":{"@id":"https:\/\/www.smedemokrati.sk\/#organization"},"potentialAction":[{"@type":"SearchAction","target":{"@type":"EntryPoint","urlTemplate":"https:\/\/www.smedemokrati.sk\/?s={search_term_string}"},"query-input":{"@type":"PropertyValueSpecification","valueRequired":true,"valueName":"search_term_string"}}],"inLanguage":"cs-CZ"},{"@type":"Organization","@id":"https:\/\/www.smedemokrati.sk\/#organization","name":"Smedemokrati.sk","url":"https:\/\/www.smedemokrati.sk\/","logo":{"@type":"ImageObject","inLanguage":"cs-CZ","@id":"https:\/\/www.smedemokrati.sk\/#\/schema\/logo\/image\/","url":"https:\/\/www.smedemokrati.sk\/wp-content\/uploads\/2023\/04\/ff.002.jpeg","contentUrl":"https:\/\/www.smedemokrati.sk\/wp-content\/uploads\/2023\/04\/ff.002.jpeg","width":640,"height":480,"caption":"Smedemokrati.sk"},"image":{"@id":"https:\/\/www.smedemokrati.sk\/#\/schema\/logo\/image\/"},"sameAs":["https:\/\/www.facebook.com\/smedemokrati2023"]},{"@type":"Person","@id":"https:\/\/www.smedemokrati.sk\/#\/schema\/person\/21f147c88d605aa7ded900e1e7c344ba","name":"miro.sopko","image":{"@type":"ImageObject","inLanguage":"cs-CZ","@id":"https:\/\/secure.gravatar.com\/avatar\/267e4a36f704376c109afe3a78740c1f5dd8675a2180a908699e7863c9247606?s=96&d=mm&r=g","url":"https:\/\/secure.gravatar.com\/avatar\/267e4a36f704376c109afe3a78740c1f5dd8675a2180a908699e7863c9247606?s=96&d=mm&r=g","contentUrl":"https:\/\/secure.gravatar.com\/avatar\/267e4a36f704376c109afe3a78740c1f5dd8675a2180a908699e7863c9247606?s=96&d=mm&r=g","caption":"miro.sopko"},"url":"https:\/\/www.smedemokrati.sk\/cs\/author\/miro-sopko\/"}]}},"_links":{"self":[{"href":"https:\/\/www.smedemokrati.sk\/cs\/wp-json\/wp\/v2\/posts\/10015","targetHints":{"allow":["GET"]}}],"collection":[{"href":"https:\/\/www.smedemokrati.sk\/cs\/wp-json\/wp\/v2\/posts"}],"about":[{"href":"https:\/\/www.smedemokrati.sk\/cs\/wp-json\/wp\/v2\/types\/post"}],"author":[{"embeddable":true,"href":"https:\/\/www.smedemokrati.sk\/cs\/wp-json\/wp\/v2\/users\/13"}],"replies":[{"embeddable":true,"href":"https:\/\/www.smedemokrati.sk\/cs\/wp-json\/wp\/v2\/comments?post=10015"}],"version-history":[{"count":1,"href":"https:\/\/www.smedemokrati.sk\/cs\/wp-json\/wp\/v2\/posts\/10015\/revisions"}],"predecessor-version":[{"id":10016,"href":"https:\/\/www.smedemokrati.sk\/cs\/wp-json\/wp\/v2\/posts\/10015\/revisions\/10016"}],"wp:featuredmedia":[{"embeddable":true,"href":"https:\/\/www.smedemokrati.sk\/cs\/wp-json\/wp\/v2\/media\/8825"}],"wp:attachment":[{"href":"https:\/\/www.smedemokrati.sk\/cs\/wp-json\/wp\/v2\/media?parent=10015"}],"wp:term":[{"taxonomy":"category","embeddable":true,"href":"https:\/\/www.smedemokrati.sk\/cs\/wp-json\/wp\/v2\/categories?post=10015"},{"taxonomy":"post_tag","embeddable":true,"href":"https:\/\/www.smedemokrati.sk\/cs\/wp-json\/wp\/v2\/tags?post=10015"}],"curies":[{"name":"wp","href":"https:\/\/api.w.org\/{rel}","templated":true}]}}