{"id":10011,"date":"2026-09-01T16:33:15","date_gmt":"2026-09-01T15:33:15","guid":{"rendered":"https:\/\/www.smedemokrati.sk\/?p=10011"},"modified":"2026-09-01T16:33:16","modified_gmt":"2026-09-01T15:33:16","slug":"fico-cuvol-pri-jess-tarabovi-stupa-cena-za-gabcikovo-obcania-maju-platit-no-vlada-taji-za-co","status":"publish","type":"post","link":"https:\/\/www.smedemokrati.sk\/cs\/fico-cuvol-pri-jess-tarabovi-stupa-cena-za-gabcikovo-obcania-maju-platit-no-vlada-taji-za-co\/","title":{"rendered":"Fico c\u00favol pri JESS, Tarabovi st\u00fapa cena za Gab\u010d\u00edkovo. Ob\u010dania maj\u00fa plati\u0165, no vl\u00e1da taj\u00ed za \u010do"},"content":{"rendered":"<div id=\"fb-root\"><\/div>\n\n<p class=\"wp-block-paragraph\"><strong>N\u00e1\u0161 tlak mal zmysel. Fico musel pri JESS c\u00favnu\u0165 a necha\u0165 preveri\u0165 cenu podielu \u010cEZ, za ktor\u00fd chce \u0161t\u00e1t zaplati\u0165 pribli\u017ene 190 mili\u00f3nov eur. Medzit\u00fdm Tarabovi Gab\u010d\u00edkovo zdra\u017eelo na 572 mili\u00f3nov eur (s DPH) a zmluva zost\u00e1va v d\u00f4le\u017eit\u00fdch \u010dastiach za\u010diernen\u00e1. Dve strategick\u00e9 energetick\u00e9 z\u00e1kazky, stovky mili\u00f3nov eur z verejn\u00fdch pe\u0148az\u00ed a rovnak\u00fd probl\u00e9m: vl\u00e1da chce, aby ob\u010dania zaplatili, no nechce im poveda\u0165, pre\u010do pr\u00e1ve to\u013eko.<\/strong><\/p>\n\n\n\n<p class=\"wp-block-paragraph\">Robert Fico ust\u00fapil a pri odk\u00fapen\u00ed podielu \u010cEZ v spolo\u010dnosti JESS u\u017e s\u00fahlas\u00ed s preverovan\u00edm ocenenia. Posudok EY stanovil hodnotu podielu na pribli\u017ene 190 mili\u00f3nov eur, pri\u010dom \u00fa\u010dtovn\u00e1 hodnota podielu je v\u00fdrazne ni\u017e\u0161ia. Rozdiel predstavuje pribli\u017ene 100 mili\u00f3nov eur. Ak m\u00e1 \u0161t\u00e1t za podiel zaplati\u0165 tak\u00fato sumu, mus\u00ed by\u0165 jasn\u00e9, z \u010doho cena vych\u00e1dza.<\/p>\n\n\n\n<p class=\"wp-block-paragraph\"><em>\u201eMesiace sme upozor\u0148ovali, \u017ee pri JESS sa nem\u00f4\u017eeme tv\u00e1ri\u0165, \u017ee jeden posudok automaticky znamen\u00e1 spr\u00e1vnu cenu. Dnes u\u017e aj Robert Fico s\u00fahlas\u00ed s t\u00fdm, \u017ee posudok treba preveri\u0165. N\u00e1\u0161 tlak teda mal zmysel. Teraz v\u0161ak nesta\u010d\u00ed poveda\u0165, \u017ee sa urob\u00ed kontroln\u00fd posudok. Chceme vedie\u0165, kto ho bude robi\u0165, pre\u010do bol vybran\u00fd pr\u00e1ve tento subjekt a \u010di bude ma\u0165 pr\u00edstup ku v\u0161etk\u00fdm potrebn\u00fdm d\u00e1tam,\u201c&nbsp;<\/em>hovor\u00ed Juraj \u0160eliga.<\/p>\n\n\n\n<p class=\"wp-block-paragraph\">Pr\u00e1ve okolo d\u00e1t vznikol \u010fal\u0161\u00ed chaos. Ministerstvo hospod\u00e1rstva tvrdilo, \u017ee JESS odmieta spr\u00edstupni\u0165 potrebn\u00e9 podklady. Akcion\u00e1ri JESS \u2013 \u010cEZ a JAVYS \u2013 v\u0161ak napokon s\u00fahlasili s ich spr\u00edstupnen\u00edm na \u00fa\u010dely kontroly posudku.<\/p>\n\n\n\n<p class=\"wp-block-paragraph\"><em>\u201eAk ministerka hospod\u00e1rstva nevie zabezpe\u010di\u0165 pr\u00edstup k d\u00e1tam v spolo\u010dnosti, ktor\u00fa m\u00e1 \u0161t\u00e1t pod kontrolou, je to v\u00e1\u017eny probl\u00e9m. Bu\u010f ministerka nevie, \u010do sa v jej vlastnom rezorte deje, alebo n\u00e1m niekto nehovoril pravdu. Pri projekte za stovky mili\u00f3nov eur je oboje neprijate\u013en\u00e9. \u017diadame preto zverejnenie posudku EY aj jasn\u00e9 vysvetlenie, ako bola vybran\u00e1 firma, ktor\u00e1 ho m\u00e1 preveri\u0165,\u201c<\/em>&nbsp;dod\u00e1va \u0160eliga.<\/p>\n\n\n\n<p class=\"wp-block-paragraph\">Pod\u013ea Demokratov sa podobn\u00fd vzorec ukazuje aj pri Gab\u010d\u00edkove. Moderniz\u00e1cia turb\u00edn m\u00e1 st\u00e1\u0165 u\u017e pribli\u017ene 572 mili\u00f3nov eur (s DPH), hoci e\u0161te na za\u010diatku volebn\u00e9ho obdobia Taraba hovoril o sume okolo 230 mili\u00f3nov eur. Zmluva na projekt za takmer pol miliardy eur navy\u0161e obsahuje rozsiahle za\u010diernen\u00e9 pas\u00e1\u017ee pr\u00e1ve v k\u013e\u00fa\u010dov\u00fdch \u010dastiach.<\/p>\n\n\n\n<p class=\"wp-block-paragraph\"><em>\u201ePri JESS m\u00e1me ot\u00e1zniky nad cenou, pri Gab\u010d\u00edkove u\u017e pozn\u00e1me cenu 572 mili\u00f3nov eur ale nevid\u00edme cel\u00fa zmluvu. Vl\u00e1da od \u013eud\u00ed \u017eiada, aby jej verili, no z\u00e1rove\u0148 im zatajuje inform\u00e1cie. Toto nie je transparentn\u00e9 hospod\u00e1renie s verejn\u00fdmi peniazmi. Ak m\u00e1 \u0161t\u00e1t min\u00fa\u0165 takmer viac ako miliardu eur, ob\u010dania musia vedie\u0165, za \u010do presne platia,\u201c<\/em>&nbsp;hovor\u00ed podpredseda Demokratov Michal Ki\u010da.<\/p>\n\n\n\n<p class=\"wp-block-paragraph\">Demokrati z\u00e1rove\u0148 upozor\u0148uj\u00fa na person\u00e1lne a obchodn\u00e9 prepojenia okolo strategick\u00fdch energetick\u00fdch projektov. V\u00daJE je s\u00fa\u010das\u0165ou konzorcia pri moderniz\u00e1cii Gab\u010d\u00edkova a z\u00e1rove\u0148 sa spom\u00edna aj v s\u00favislosti s pripravovanou v\u00fdstavbou novej jadrovej elektr\u00e1rne. Splnomocnencom vl\u00e1dy pre jadrov\u00fa energetiku je pritom b\u00fdval\u00fd vysokopostaven\u00fd zamestnanec V\u00daJE a poradca Roberta Fica.<\/p>\n\n\n\n<p class=\"wp-block-paragraph\"><em>\u201eAk sa pri strategick\u00fdch projektoch za stovky mili\u00f3nov a miliardy eur opakovane stret\u00e1vaj\u00fa rovnak\u00e9 firmy a \u013eudia, vl\u00e1da mus\u00ed by\u0165 o to transparentnej\u0161ia. Verejnos\u0165 m\u00e1 pr\u00e1vo pozna\u0165 v\u0161etky relevantn\u00e9 v\u00e4zby a rozhodnutia. Obzvl\u00e1\u0161\u0165 vtedy, ke\u010f sa p\u00f4vodn\u00e9 odhady n\u00e1kladov v\u00fdrazne zvy\u0161uj\u00fa. Nem\u00f4\u017eeme ma\u0165 syst\u00e9m, v ktorom sa verejn\u00e9 peniaze m\u00ed\u0148aj\u00fa za zatvoren\u00fdmi dverami a ob\u010dan sa o v\u00fdslednej cene dozvie a\u017e na konci,\u201c<\/em>&nbsp;upozor\u0148uje Karel Hirman, \u010dlen predsedn\u00edctva Demokratov.<\/p>\n\n\n\n<p class=\"wp-block-paragraph\">Demokrati preto \u017eiadaj\u00fa zverejnenie posudku EY, transparentn\u00e9 vysvetlenie v\u00fdberu spolo\u010dnosti, ktor\u00e1 m\u00e1 jeho ocenenie preveri\u0165, spr\u00edstupnenie v\u0161etk\u00fdch podkladov pre kontrolu a zverejnenie celej zmluvy na moderniz\u00e1ciu Gab\u010d\u00edkova.<\/p>\n\n\n\n<p class=\"wp-block-paragraph\"><em>\u201eAk vl\u00e1da tvrd\u00ed, \u017ee pri JESS aj Gab\u010d\u00edkove je v\u0161etko v poriadku, nech to uk\u00e1\u017ee. Pri stovk\u00e1ch mili\u00f3nov eur nem\u00f4\u017ee by\u0165 transparentnos\u0165 probl\u00e9mom. Probl\u00e9mom je, ke\u010f vl\u00e1da chce od ob\u010danov peniaze, ale nechce im uk\u00e1za\u0165, za \u010do ich m\u00ed\u0148a,\u201c<\/em>&nbsp;uzatv\u00e1raj\u00fa Demokrati.<\/p>\n\n\n<div id=\"fb-root\"><\/div><script async defer crossorigin=\"anonymous\" src=\"https:\/\/connect.facebook.net\/sk_SK\/sdk.js#xfbml=1&version=v18.0\"><\/script><div class=\"fb-video\" data-href=\"https:\/\/fb.watch\/JmnVIFUzYw\" data-width=\"560\" data-show-text=\"false\"><blockquote cite=\"https:\/\/fb.watch\/JmnVIFUzYw\" class=\"fb-xfbml-parse-ignore\"><a href=\"https:\/\/fb.watch\/JmnVIFUzYw\">Video<\/a><\/blockquote><\/div>\n","protected":false},"excerpt":{"rendered":"<p>N\u00e1\u0161 tlak mal zmysel. Fico musel pri JESS c\u00favnu\u0165 a necha\u0165 preveri\u0165 cenu podielu \u010cEZ, za ktor\u00fd chce \u0161t\u00e1t zaplati\u0165 pribli\u017ene 190 mili\u00f3nov eur. Medzit\u00fdm Tarabovi Gab\u010d\u00edkovo zdra\u017eelo na 572 mili\u00f3nov eur (s DPH) a zmluva zost\u00e1va v d\u00f4le\u017eit\u00fdch \u010dastiach za\u010diernen\u00e1. Dve strategick\u00e9 energetick\u00e9 z\u00e1kazky, stovky mili\u00f3nov eur z verejn\u00fdch pe\u0148az\u00ed a rovnak\u00fd probl\u00e9m: vl\u00e1da [&hellip;]<\/p>\n","protected":false},"author":13,"featured_media":10012,"comment_status":"closed","ping_status":"closed","sticky":false,"template":"","format":"standard","meta":{"_acf_changed":false,"ngg_post_thumbnail":0,"footnotes":""},"categories":[4],"tags":[],"class_list":["post-10011","post","type-post","status-publish","format-standard","has-post-thumbnail","hentry","category-tlacove-spravy"],"acf":[],"yoast_head":"<!-- This site is optimized with the Yoast SEO plugin v28.4 - https:\/\/yoast.com\/product\/yoast-seo-wordpress\/ -->\n<title>Fico c\u00favol pri JESS, Tarabovi st\u00fapa cena za Gab\u010d\u00edkovo. Ob\u010dania maj\u00fa plati\u0165, no vl\u00e1da taj\u00ed za \u010do<\/title>\n<meta name=\"robots\" content=\"index, follow, max-snippet:-1, max-image-preview:large, max-video-preview:-1\" \/>\n<link rel=\"canonical\" href=\"https:\/\/www.smedemokrati.sk\/cs\/fico-cuvol-pri-jess-tarabovi-stupa-cena-za-gabcikovo-obcania-maju-platit-no-vlada-taji-za-co\/\" \/>\n<meta property=\"og:locale\" content=\"cs_CZ\" \/>\n<meta property=\"og:locale:alternate\" content=\"en_US\" \/>\n<meta property=\"og:locale:alternate\" content=\"hu_HU\" \/>\n<meta property=\"og:locale:alternate\" content=\"sk_SK\" \/>\n<meta property=\"og:locale:alternate\" content=\"sv_SE\" \/>\n<meta property=\"og:type\" content=\"article\" \/>\n<meta property=\"og:title\" content=\"Fico c\u00favol pri JESS, Tarabovi st\u00fapa cena za Gab\u010d\u00edkovo. Ob\u010dania maj\u00fa plati\u0165, no vl\u00e1da taj\u00ed za \u010do\" \/>\n<meta property=\"og:description\" content=\"N\u00e1\u0161 tlak mal zmysel. Fico musel pri JESS c\u00favnu\u0165 a necha\u0165 preveri\u0165 cenu podielu \u010cEZ, za ktor\u00fd chce \u0161t\u00e1t zaplati\u0165 pribli\u017ene 190 mili\u00f3nov eur. Medzit\u00fdm Tarabovi Gab\u010d\u00edkovo zdra\u017eelo na 572 mili\u00f3nov eur (s DPH) a zmluva zost\u00e1va v d\u00f4le\u017eit\u00fdch \u010dastiach za\u010diernen\u00e1. Dve strategick\u00e9 energetick\u00e9 z\u00e1kazky, stovky mili\u00f3nov eur z verejn\u00fdch pe\u0148az\u00ed a rovnak\u00fd probl\u00e9m: vl\u00e1da [&hellip;]\" \/>\n<meta property=\"og:url\" content=\"https:\/\/www.smedemokrati.sk\/cs\/fico-cuvol-pri-jess-tarabovi-stupa-cena-za-gabcikovo-obcania-maju-platit-no-vlada-taji-za-co\/\" \/>\n<meta property=\"og:site_name\" content=\"Smedemokrati.sk\" \/>\n<meta property=\"article:publisher\" content=\"https:\/\/www.facebook.com\/smedemokrati2023\" \/>\n<meta property=\"article:published_time\" content=\"2026-09-01T15:33:15+00:00\" \/>\n<meta property=\"article:modified_time\" content=\"2026-09-01T15:33:16+00:00\" \/>\n<meta property=\"og:image\" content=\"https:\/\/www.smedemokrati.sk\/wp-content\/uploads\/2026\/09\/fico-cuvol.jpg\" \/>\n\t<meta property=\"og:image:width\" content=\"960\" \/>\n\t<meta property=\"og:image:height\" content=\"540\" \/>\n\t<meta property=\"og:image:type\" content=\"image\/jpeg\" \/>\n<meta name=\"author\" content=\"miro.sopko\" \/>\n<meta name=\"twitter:card\" content=\"summary_large_image\" \/>\n<meta name=\"twitter:label1\" content=\"Napsal(a)\" \/>\n\t<meta name=\"twitter:data1\" content=\"miro.sopko\" \/>\n\t<meta name=\"twitter:label2\" content=\"Odhadovan\u00e1 doba \u010dten\u00ed\" \/>\n\t<meta name=\"twitter:data2\" content=\"4 minuty\" \/>\n<script type=\"application\/ld+json\" class=\"yoast-schema-graph\">{\"@context\":\"https:\\\/\\\/schema.org\",\"@graph\":[{\"@type\":\"Article\",\"@id\":\"https:\\\/\\\/www.smedemokrati.sk\\\/fico-cuvol-pri-jess-tarabovi-stupa-cena-za-gabcikovo-obcania-maju-platit-no-vlada-taji-za-co\\\/#article\",\"isPartOf\":{\"@id\":\"https:\\\/\\\/www.smedemokrati.sk\\\/fico-cuvol-pri-jess-tarabovi-stupa-cena-za-gabcikovo-obcania-maju-platit-no-vlada-taji-za-co\\\/\"},\"author\":{\"name\":\"miro.sopko\",\"@id\":\"https:\\\/\\\/www.smedemokrati.sk\\\/#\\\/schema\\\/person\\\/21f147c88d605aa7ded900e1e7c344ba\"},\"headline\":\"Fico c\u00favol pri JESS, Tarabovi st\u00fapa cena za Gab\u010d\u00edkovo. Ob\u010dania maj\u00fa plati\u0165, no vl\u00e1da taj\u00ed za \u010do\",\"datePublished\":\"2026-09-01T15:33:15+00:00\",\"dateModified\":\"2026-09-01T15:33:16+00:00\",\"mainEntityOfPage\":{\"@id\":\"https:\\\/\\\/www.smedemokrati.sk\\\/fico-cuvol-pri-jess-tarabovi-stupa-cena-za-gabcikovo-obcania-maju-platit-no-vlada-taji-za-co\\\/\"},\"wordCount\":761,\"publisher\":{\"@id\":\"https:\\\/\\\/www.smedemokrati.sk\\\/#organization\"},\"image\":{\"@id\":\"https:\\\/\\\/www.smedemokrati.sk\\\/fico-cuvol-pri-jess-tarabovi-stupa-cena-za-gabcikovo-obcania-maju-platit-no-vlada-taji-za-co\\\/#primaryimage\"},\"thumbnailUrl\":\"https:\\\/\\\/www.smedemokrati.sk\\\/wp-content\\\/uploads\\\/2026\\\/09\\\/fico-cuvol.jpg\",\"articleSection\":[\"Tla\u010dov\u00e9 spr\u00e1vy\"],\"inLanguage\":\"cs-CZ\"},{\"@type\":\"WebPage\",\"@id\":\"https:\\\/\\\/www.smedemokrati.sk\\\/fico-cuvol-pri-jess-tarabovi-stupa-cena-za-gabcikovo-obcania-maju-platit-no-vlada-taji-za-co\\\/\",\"url\":\"https:\\\/\\\/www.smedemokrati.sk\\\/fico-cuvol-pri-jess-tarabovi-stupa-cena-za-gabcikovo-obcania-maju-platit-no-vlada-taji-za-co\\\/\",\"name\":\"Fico c\u00favol pri JESS, Tarabovi st\u00fapa cena za Gab\u010d\u00edkovo. Ob\u010dania maj\u00fa plati\u0165, no vl\u00e1da taj\u00ed za \u010do\",\"isPartOf\":{\"@id\":\"https:\\\/\\\/www.smedemokrati.sk\\\/#website\"},\"primaryImageOfPage\":{\"@id\":\"https:\\\/\\\/www.smedemokrati.sk\\\/fico-cuvol-pri-jess-tarabovi-stupa-cena-za-gabcikovo-obcania-maju-platit-no-vlada-taji-za-co\\\/#primaryimage\"},\"image\":{\"@id\":\"https:\\\/\\\/www.smedemokrati.sk\\\/fico-cuvol-pri-jess-tarabovi-stupa-cena-za-gabcikovo-obcania-maju-platit-no-vlada-taji-za-co\\\/#primaryimage\"},\"thumbnailUrl\":\"https:\\\/\\\/www.smedemokrati.sk\\\/wp-content\\\/uploads\\\/2026\\\/09\\\/fico-cuvol.jpg\",\"datePublished\":\"2026-09-01T15:33:15+00:00\",\"dateModified\":\"2026-09-01T15:33:16+00:00\",\"breadcrumb\":{\"@id\":\"https:\\\/\\\/www.smedemokrati.sk\\\/fico-cuvol-pri-jess-tarabovi-stupa-cena-za-gabcikovo-obcania-maju-platit-no-vlada-taji-za-co\\\/#breadcrumb\"},\"inLanguage\":\"cs-CZ\",\"potentialAction\":[{\"@type\":\"ReadAction\",\"target\":[\"https:\\\/\\\/www.smedemokrati.sk\\\/fico-cuvol-pri-jess-tarabovi-stupa-cena-za-gabcikovo-obcania-maju-platit-no-vlada-taji-za-co\\\/\"]}]},{\"@type\":\"ImageObject\",\"inLanguage\":\"cs-CZ\",\"@id\":\"https:\\\/\\\/www.smedemokrati.sk\\\/fico-cuvol-pri-jess-tarabovi-stupa-cena-za-gabcikovo-obcania-maju-platit-no-vlada-taji-za-co\\\/#primaryimage\",\"url\":\"https:\\\/\\\/www.smedemokrati.sk\\\/wp-content\\\/uploads\\\/2026\\\/09\\\/fico-cuvol.jpg\",\"contentUrl\":\"https:\\\/\\\/www.smedemokrati.sk\\\/wp-content\\\/uploads\\\/2026\\\/09\\\/fico-cuvol.jpg\",\"width\":960,\"height\":540},{\"@type\":\"BreadcrumbList\",\"@id\":\"https:\\\/\\\/www.smedemokrati.sk\\\/fico-cuvol-pri-jess-tarabovi-stupa-cena-za-gabcikovo-obcania-maju-platit-no-vlada-taji-za-co\\\/#breadcrumb\",\"itemListElement\":[{\"@type\":\"ListItem\",\"position\":1,\"name\":\"Domovsk\u00e1 str\u00e1nka\",\"item\":\"https:\\\/\\\/www.smedemokrati.sk\\\/\"},{\"@type\":\"ListItem\",\"position\":2,\"name\":\"Fico c\u00favol pri JESS, Tarabovi st\u00fapa cena za Gab\u010d\u00edkovo. Ob\u010dania maj\u00fa plati\u0165, no vl\u00e1da taj\u00ed za \u010do\"}]},{\"@type\":\"WebSite\",\"@id\":\"https:\\\/\\\/www.smedemokrati.sk\\\/#website\",\"url\":\"https:\\\/\\\/www.smedemokrati.sk\\\/\",\"name\":\"Smedemokrati.sk\",\"description\":\"Demokracia a slu\u0161nos\u0165 zv\u00ed\u0165az\u00ed\",\"publisher\":{\"@id\":\"https:\\\/\\\/www.smedemokrati.sk\\\/#organization\"},\"potentialAction\":[{\"@type\":\"SearchAction\",\"target\":{\"@type\":\"EntryPoint\",\"urlTemplate\":\"https:\\\/\\\/www.smedemokrati.sk\\\/?s={search_term_string}\"},\"query-input\":{\"@type\":\"PropertyValueSpecification\",\"valueRequired\":true,\"valueName\":\"search_term_string\"}}],\"inLanguage\":\"cs-CZ\"},{\"@type\":\"Organization\",\"@id\":\"https:\\\/\\\/www.smedemokrati.sk\\\/#organization\",\"name\":\"Smedemokrati.sk\",\"url\":\"https:\\\/\\\/www.smedemokrati.sk\\\/\",\"logo\":{\"@type\":\"ImageObject\",\"inLanguage\":\"cs-CZ\",\"@id\":\"https:\\\/\\\/www.smedemokrati.sk\\\/#\\\/schema\\\/logo\\\/image\\\/\",\"url\":\"https:\\\/\\\/www.smedemokrati.sk\\\/wp-content\\\/uploads\\\/2023\\\/04\\\/ff.002.jpeg\",\"contentUrl\":\"https:\\\/\\\/www.smedemokrati.sk\\\/wp-content\\\/uploads\\\/2023\\\/04\\\/ff.002.jpeg\",\"width\":640,\"height\":480,\"caption\":\"Smedemokrati.sk\"},\"image\":{\"@id\":\"https:\\\/\\\/www.smedemokrati.sk\\\/#\\\/schema\\\/logo\\\/image\\\/\"},\"sameAs\":[\"https:\\\/\\\/www.facebook.com\\\/smedemokrati2023\"]},{\"@type\":\"Person\",\"@id\":\"https:\\\/\\\/www.smedemokrati.sk\\\/#\\\/schema\\\/person\\\/21f147c88d605aa7ded900e1e7c344ba\",\"name\":\"miro.sopko\",\"image\":{\"@type\":\"ImageObject\",\"inLanguage\":\"cs-CZ\",\"@id\":\"https:\\\/\\\/secure.gravatar.com\\\/avatar\\\/267e4a36f704376c109afe3a78740c1f5dd8675a2180a908699e7863c9247606?s=96&d=mm&r=g\",\"url\":\"https:\\\/\\\/secure.gravatar.com\\\/avatar\\\/267e4a36f704376c109afe3a78740c1f5dd8675a2180a908699e7863c9247606?s=96&d=mm&r=g\",\"contentUrl\":\"https:\\\/\\\/secure.gravatar.com\\\/avatar\\\/267e4a36f704376c109afe3a78740c1f5dd8675a2180a908699e7863c9247606?s=96&d=mm&r=g\",\"caption\":\"miro.sopko\"},\"url\":\"https:\\\/\\\/www.smedemokrati.sk\\\/cs\\\/author\\\/miro-sopko\\\/\"}]}<\/script>\n<!-- \/ Yoast SEO plugin. -->","yoast_head_json":{"title":"Fico c\u00favol pri JESS, Tarabovi st\u00fapa cena za Gab\u010d\u00edkovo. Ob\u010dania maj\u00fa plati\u0165, no vl\u00e1da taj\u00ed za \u010do","robots":{"index":"index","follow":"follow","max-snippet":"max-snippet:-1","max-image-preview":"max-image-preview:large","max-video-preview":"max-video-preview:-1"},"canonical":"https:\/\/www.smedemokrati.sk\/cs\/fico-cuvol-pri-jess-tarabovi-stupa-cena-za-gabcikovo-obcania-maju-platit-no-vlada-taji-za-co\/","og_locale":"cs_CZ","og_type":"article","og_title":"[:sk]Fico c\u00favol pri JESS, Tarabovi st\u00fapa cena za Gab\u010d\u00edkovo. Ob\u010dania maj\u00fa plati\u0165, no vl\u00e1da taj\u00ed za \u010do[:] - Smedemokrati.sk","og_description":"N\u00e1\u0161 tlak mal zmysel. Fico musel pri JESS c\u00favnu\u0165 a necha\u0165 preveri\u0165 cenu podielu \u010cEZ, za ktor\u00fd chce \u0161t\u00e1t zaplati\u0165 pribli\u017ene 190 mili\u00f3nov eur. Medzit\u00fdm Tarabovi Gab\u010d\u00edkovo zdra\u017eelo na 572 mili\u00f3nov eur (s DPH) a zmluva zost\u00e1va v d\u00f4le\u017eit\u00fdch \u010dastiach za\u010diernen\u00e1. Dve strategick\u00e9 energetick\u00e9 z\u00e1kazky, stovky mili\u00f3nov eur z verejn\u00fdch pe\u0148az\u00ed a rovnak\u00fd probl\u00e9m: vl\u00e1da [&hellip;]","og_url":"https:\/\/www.smedemokrati.sk\/cs\/fico-cuvol-pri-jess-tarabovi-stupa-cena-za-gabcikovo-obcania-maju-platit-no-vlada-taji-za-co\/","og_site_name":"Smedemokrati.sk","article_publisher":"https:\/\/www.facebook.com\/smedemokrati2023","article_published_time":"2026-09-01T15:33:15+00:00","article_modified_time":"2026-09-01T15:33:16+00:00","og_image":[{"width":960,"height":540,"url":"https:\/\/www.smedemokrati.sk\/wp-content\/uploads\/2026\/09\/fico-cuvol.jpg","type":"image\/jpeg"}],"author":"miro.sopko","twitter_card":"summary_large_image","twitter_misc":{"Napsal(a)":"miro.sopko","Odhadovan\u00e1 doba \u010dten\u00ed":"4 minuty"},"schema":{"@context":"https:\/\/schema.org","@graph":[{"@type":"Article","@id":"https:\/\/www.smedemokrati.sk\/fico-cuvol-pri-jess-tarabovi-stupa-cena-za-gabcikovo-obcania-maju-platit-no-vlada-taji-za-co\/#article","isPartOf":{"@id":"https:\/\/www.smedemokrati.sk\/fico-cuvol-pri-jess-tarabovi-stupa-cena-za-gabcikovo-obcania-maju-platit-no-vlada-taji-za-co\/"},"author":{"name":"miro.sopko","@id":"https:\/\/www.smedemokrati.sk\/#\/schema\/person\/21f147c88d605aa7ded900e1e7c344ba"},"headline":"Fico c\u00favol pri JESS, Tarabovi st\u00fapa cena za Gab\u010d\u00edkovo. Ob\u010dania maj\u00fa plati\u0165, no vl\u00e1da taj\u00ed za \u010do","datePublished":"2026-09-01T15:33:15+00:00","dateModified":"2026-09-01T15:33:16+00:00","mainEntityOfPage":{"@id":"https:\/\/www.smedemokrati.sk\/fico-cuvol-pri-jess-tarabovi-stupa-cena-za-gabcikovo-obcania-maju-platit-no-vlada-taji-za-co\/"},"wordCount":761,"publisher":{"@id":"https:\/\/www.smedemokrati.sk\/#organization"},"image":{"@id":"https:\/\/www.smedemokrati.sk\/fico-cuvol-pri-jess-tarabovi-stupa-cena-za-gabcikovo-obcania-maju-platit-no-vlada-taji-za-co\/#primaryimage"},"thumbnailUrl":"https:\/\/www.smedemokrati.sk\/wp-content\/uploads\/2026\/09\/fico-cuvol.jpg","articleSection":["Tla\u010dov\u00e9 spr\u00e1vy"],"inLanguage":"cs-CZ"},{"@type":"WebPage","@id":"https:\/\/www.smedemokrati.sk\/fico-cuvol-pri-jess-tarabovi-stupa-cena-za-gabcikovo-obcania-maju-platit-no-vlada-taji-za-co\/","url":"https:\/\/www.smedemokrati.sk\/fico-cuvol-pri-jess-tarabovi-stupa-cena-za-gabcikovo-obcania-maju-platit-no-vlada-taji-za-co\/","name":"Fico c\u00favol pri JESS, Tarabovi st\u00fapa cena za Gab\u010d\u00edkovo. Ob\u010dania maj\u00fa plati\u0165, no vl\u00e1da taj\u00ed za \u010do","isPartOf":{"@id":"https:\/\/www.smedemokrati.sk\/#website"},"primaryImageOfPage":{"@id":"https:\/\/www.smedemokrati.sk\/fico-cuvol-pri-jess-tarabovi-stupa-cena-za-gabcikovo-obcania-maju-platit-no-vlada-taji-za-co\/#primaryimage"},"image":{"@id":"https:\/\/www.smedemokrati.sk\/fico-cuvol-pri-jess-tarabovi-stupa-cena-za-gabcikovo-obcania-maju-platit-no-vlada-taji-za-co\/#primaryimage"},"thumbnailUrl":"https:\/\/www.smedemokrati.sk\/wp-content\/uploads\/2026\/09\/fico-cuvol.jpg","datePublished":"2026-09-01T15:33:15+00:00","dateModified":"2026-09-01T15:33:16+00:00","breadcrumb":{"@id":"https:\/\/www.smedemokrati.sk\/fico-cuvol-pri-jess-tarabovi-stupa-cena-za-gabcikovo-obcania-maju-platit-no-vlada-taji-za-co\/#breadcrumb"},"inLanguage":"cs-CZ","potentialAction":[{"@type":"ReadAction","target":["https:\/\/www.smedemokrati.sk\/fico-cuvol-pri-jess-tarabovi-stupa-cena-za-gabcikovo-obcania-maju-platit-no-vlada-taji-za-co\/"]}]},{"@type":"ImageObject","inLanguage":"cs-CZ","@id":"https:\/\/www.smedemokrati.sk\/fico-cuvol-pri-jess-tarabovi-stupa-cena-za-gabcikovo-obcania-maju-platit-no-vlada-taji-za-co\/#primaryimage","url":"https:\/\/www.smedemokrati.sk\/wp-content\/uploads\/2026\/09\/fico-cuvol.jpg","contentUrl":"https:\/\/www.smedemokrati.sk\/wp-content\/uploads\/2026\/09\/fico-cuvol.jpg","width":960,"height":540},{"@type":"BreadcrumbList","@id":"https:\/\/www.smedemokrati.sk\/fico-cuvol-pri-jess-tarabovi-stupa-cena-za-gabcikovo-obcania-maju-platit-no-vlada-taji-za-co\/#breadcrumb","itemListElement":[{"@type":"ListItem","position":1,"name":"Domovsk\u00e1 str\u00e1nka","item":"https:\/\/www.smedemokrati.sk\/"},{"@type":"ListItem","position":2,"name":"Fico c\u00favol pri JESS, Tarabovi st\u00fapa cena za Gab\u010d\u00edkovo. Ob\u010dania maj\u00fa plati\u0165, no vl\u00e1da taj\u00ed za \u010do"}]},{"@type":"WebSite","@id":"https:\/\/www.smedemokrati.sk\/#website","url":"https:\/\/www.smedemokrati.sk\/","name":"Smedemokrati.sk","description":"Demokracia a slu\u0161nos\u0165 zv\u00ed\u0165az\u00ed","publisher":{"@id":"https:\/\/www.smedemokrati.sk\/#organization"},"potentialAction":[{"@type":"SearchAction","target":{"@type":"EntryPoint","urlTemplate":"https:\/\/www.smedemokrati.sk\/?s={search_term_string}"},"query-input":{"@type":"PropertyValueSpecification","valueRequired":true,"valueName":"search_term_string"}}],"inLanguage":"cs-CZ"},{"@type":"Organization","@id":"https:\/\/www.smedemokrati.sk\/#organization","name":"Smedemokrati.sk","url":"https:\/\/www.smedemokrati.sk\/","logo":{"@type":"ImageObject","inLanguage":"cs-CZ","@id":"https:\/\/www.smedemokrati.sk\/#\/schema\/logo\/image\/","url":"https:\/\/www.smedemokrati.sk\/wp-content\/uploads\/2023\/04\/ff.002.jpeg","contentUrl":"https:\/\/www.smedemokrati.sk\/wp-content\/uploads\/2023\/04\/ff.002.jpeg","width":640,"height":480,"caption":"Smedemokrati.sk"},"image":{"@id":"https:\/\/www.smedemokrati.sk\/#\/schema\/logo\/image\/"},"sameAs":["https:\/\/www.facebook.com\/smedemokrati2023"]},{"@type":"Person","@id":"https:\/\/www.smedemokrati.sk\/#\/schema\/person\/21f147c88d605aa7ded900e1e7c344ba","name":"miro.sopko","image":{"@type":"ImageObject","inLanguage":"cs-CZ","@id":"https:\/\/secure.gravatar.com\/avatar\/267e4a36f704376c109afe3a78740c1f5dd8675a2180a908699e7863c9247606?s=96&d=mm&r=g","url":"https:\/\/secure.gravatar.com\/avatar\/267e4a36f704376c109afe3a78740c1f5dd8675a2180a908699e7863c9247606?s=96&d=mm&r=g","contentUrl":"https:\/\/secure.gravatar.com\/avatar\/267e4a36f704376c109afe3a78740c1f5dd8675a2180a908699e7863c9247606?s=96&d=mm&r=g","caption":"miro.sopko"},"url":"https:\/\/www.smedemokrati.sk\/cs\/author\/miro-sopko\/"}]}},"_links":{"self":[{"href":"https:\/\/www.smedemokrati.sk\/cs\/wp-json\/wp\/v2\/posts\/10011","targetHints":{"allow":["GET"]}}],"collection":[{"href":"https:\/\/www.smedemokrati.sk\/cs\/wp-json\/wp\/v2\/posts"}],"about":[{"href":"https:\/\/www.smedemokrati.sk\/cs\/wp-json\/wp\/v2\/types\/post"}],"author":[{"embeddable":true,"href":"https:\/\/www.smedemokrati.sk\/cs\/wp-json\/wp\/v2\/users\/13"}],"replies":[{"embeddable":true,"href":"https:\/\/www.smedemokrati.sk\/cs\/wp-json\/wp\/v2\/comments?post=10011"}],"version-history":[{"count":1,"href":"https:\/\/www.smedemokrati.sk\/cs\/wp-json\/wp\/v2\/posts\/10011\/revisions"}],"predecessor-version":[{"id":10013,"href":"https:\/\/www.smedemokrati.sk\/cs\/wp-json\/wp\/v2\/posts\/10011\/revisions\/10013"}],"wp:featuredmedia":[{"embeddable":true,"href":"https:\/\/www.smedemokrati.sk\/cs\/wp-json\/wp\/v2\/media\/10012"}],"wp:attachment":[{"href":"https:\/\/www.smedemokrati.sk\/cs\/wp-json\/wp\/v2\/media?parent=10011"}],"wp:term":[{"taxonomy":"category","embeddable":true,"href":"https:\/\/www.smedemokrati.sk\/cs\/wp-json\/wp\/v2\/categories?post=10011"},{"taxonomy":"post_tag","embeddable":true,"href":"https:\/\/www.smedemokrati.sk\/cs\/wp-json\/wp\/v2\/tags?post=10011"}],"curies":[{"name":"wp","href":"https:\/\/api.w.org\/{rel}","templated":true}]}}