{"id":10003,"date":"2026-08-31T16:19:21","date_gmt":"2026-08-31T15:19:21","guid":{"rendered":"https:\/\/www.smedemokrati.sk\/?p=10003"},"modified":"2026-08-31T16:19:22","modified_gmt":"2026-08-31T15:19:22","slug":"eustream-chce-opat-zvysit-tarify-ucet-zaplatia-domacnosti-aj-firmy","status":"publish","type":"post","link":"https:\/\/www.smedemokrati.sk\/cs\/eustream-chce-opat-zvysit-tarify-ucet-zaplatia-domacnosti-aj-firmy\/","title":{"rendered":"Eustream chce op\u00e4\u0165 zv\u00fd\u0161i\u0165 tarify, \u00fa\u010det zaplatia dom\u00e1cnosti aj firmy"},"content":{"rendered":"<div id=\"fb-root\"><\/div>\n\n<p class=\"wp-block-paragraph\"><strong>Eustream sa op\u00e4\u0165 pok\u00fa\u0161a zv\u00fd\u0161i\u0165 tarify za prepravu plynu. Ak regula\u010dn\u00fd \u00farad n\u00e1vrhu vyhovie, tarify m\u00f4\u017eu v bud\u00facom roku vzr\u00e1s\u0165 o 55 a\u017e 62 percent. Demokrati upozor\u0148uj\u00fa, \u017ee zv\u00fd\u0161en\u00e9 tarify sa premietnu do cien plynu pre dom\u00e1cnosti, firmy aj priemysel. Strana upozor\u0148uje, \u017ee Eustream s podobn\u00fdm n\u00e1vrhom prich\u00e1dza po roku opakovane, napriek v\u00fdhrad\u00e1m eur\u00f3pskeho regul\u00e1tora ACER k transparentnosti a opodstatnenosti nastavovania tar\u00edf, ktor\u00e9 vzniesol u\u017e pri minulom n\u00e1vrhu Eustreamu.<\/strong><\/p>\n\n\n\n<p class=\"wp-block-paragraph\"><em>\u201eTak\u00e9to drastick\u00e9 zv\u00fd\u0161enie tar\u00edf by malo bezprostredn\u00fd vplyv na dom\u00e1cnosti, firmy aj fabriky. To, \u017ee Eustream op\u00e4\u0165 bez osobitn\u00fdch prev\u00e1dzkov\u00fdch opatren\u00ed, op\u00e4\u0165 dosiahne st\u00e1mili\u00f3nov\u00e9 v\u00fdnosy, nakoniec zaplatia spotrebitelia v koncov\u00fdch cen\u00e1ch plynu. Navy\u0161e m\u00f4\u017eu \u010falej zni\u017eova\u0165 atraktivitu slovenskej tranzitnej trasy a objem medzin\u00e1rodnej prepravy plynu,\u201c<\/em>&nbsp;uviedol Karel Hirman, \u010dlen predsedn\u00edctva Demokratov a exminister hospod\u00e1rstva.<\/p>\n\n\n\n<p class=\"wp-block-paragraph\">ACER u\u017e pri predch\u00e1dzaj\u00facom minuloro\u010dnom podobnom n\u00e1vrhu Eustreamu, upozornil na z\u00e1sadn\u00e9 probl\u00e9my metodiky v\u00fdpo\u010dtu tar\u00edf. \u00daRSO n\u00e1sledne n\u00e1vrh Eustreamu neprijal. Eustream v\u0161ak s rovnak\u00fdm n\u00e1vrhom prich\u00e1dza op\u00e4\u0165.<\/p>\n\n\n\n<p class=\"wp-block-paragraph\"><em>\u201eEustream pod veden\u00edm Energetick\u00e9ho a pr\u016fmyslov\u00e9ho holdingu sk\u00fa\u0161a, \u010do si m\u00f4\u017ee dovoli\u0165 a kam a\u017e m\u00f4\u017ee z\u00e1js\u0165. Je na vl\u00e1de, ktor\u00e1 je 51 percentn\u00fdm akcion\u00e1rom, aby zaujala jasn\u00e9 stanovisko. Inak si v\u0161etci m\u00f4\u017eeme za\u010da\u0165 odklada\u0165 peniaze na to, aby sme od 1. janu\u00e1ra bud\u00faceho roka platili ove\u013ea viac za plyn ako doteraz,\u201c&nbsp;<\/em>povedal Hirman. Navy\u0161e tento n\u00e1vrh na drastick\u00e9 zv\u00fd\u0161enie tar\u00edf prich\u00e1dza v \u010dase, ke\u010f s\u00fa ceny samotn\u00e9ho plynu, kv\u00f4li kr\u00edze v Perzskom z\u00e1live a Putinovej vojne na Ukrajine, extr\u00e9mne vysok\u00e9.<\/p>\n\n\n\n<p class=\"wp-block-paragraph\">Pod\u013ea Demokratov je neprijate\u013en\u00e9 aj to, aby \u0161t\u00e1t najsk\u00f4r pripustil rast n\u00e1kladov a n\u00e1sledne ich kompenzoval z verejn\u00fdch pe\u0148az\u00ed cez energopomoc dom\u00e1cnostiam a energeticky n\u00e1ro\u010dn\u00fdm podnikom.<\/p>\n\n\n\n<p class=\"wp-block-paragraph\"><em>\u201e\u0160t\u00e1t m\u00e1 v Eustream-e majoritn\u00fd podiel a nem\u00f4\u017ee sa tv\u00e1ri\u0165, \u017ee sa ho to net\u00fdka. Ak si spolo\u010dnos\u0165 zv\u00fd\u0161i tarify a \u00fa\u010det n\u00e1sledne zaplat\u00edme z energopomoci, je to absurdn\u00fd model, ktor\u00e9mu vo svete hovoria \u201ctunel\u201d. Zv\u00fd\u0161ia si tarify a my to zaplat\u00edme. To je neprijate\u013en\u00e9,\u201c&nbsp;<\/em>uviedol Juraj \u0160eliga, podpredseda Demokratov.<\/p>\n\n\n\n<p class=\"wp-block-paragraph\"><em>\u201eChceme vedie\u0165, komu m\u00e1 toto zv\u00fd\u0161enie sl\u00fa\u017ei\u0165. M\u00e1 slovensk\u00fd da\u0148ovn\u00edk plati\u0165 vy\u0161\u0161ie n\u00e1klady preto, aby sa naplnili vreck\u00e1 napr\u00edklad podnikate\u013eov z \u010ceskej republiky? Vl\u00e1da mus\u00ed jasne poveda\u0165, \u010di chr\u00e1ni slovensk\u00fdch spotrebite\u013eov a priemysel, alebo nech\u00e1 \u00fa\u010det za cudzie podnikate\u013esk\u00e9 z\u00e1ujmy zaplati\u0165 \u013eu\u010fom,\u201c&nbsp;<\/em>dodal \u0160eliga.<\/p>\n\n\n\n<p class=\"wp-block-paragraph\">Demokrati vyz\u00fdvaj\u00fa vl\u00e1du aby k t\u00e9me zaujala jasn\u00e9 stanovisko a aby nepripustila \u00fa\u010delov\u00e9, netransparentn\u00e9 a zbyto\u010dn\u00e9 zvy\u0161ovanie cien plynu pre slovensk\u00fdch spotrebite\u013eov.<\/p>\n\n\n<div id=\"fb-root\"><\/div><script async defer crossorigin=\"anonymous\" src=\"https:\/\/connect.facebook.net\/sk_SK\/sdk.js#xfbml=1&version=v18.0\"><\/script><div class=\"fb-video\" data-href=\"https:\/\/fb.watch\/Jl2CQZRCF4\" data-width=\"560\" data-show-text=\"false\"><blockquote cite=\"https:\/\/fb.watch\/Jl2CQZRCF4\" class=\"fb-xfbml-parse-ignore\"><a href=\"https:\/\/fb.watch\/Jl2CQZRCF4\">Video<\/a><\/blockquote><\/div>\n","protected":false},"excerpt":{"rendered":"<p>Eustream sa op\u00e4\u0165 pok\u00fa\u0161a zv\u00fd\u0161i\u0165 tarify za prepravu plynu. Ak regula\u010dn\u00fd \u00farad n\u00e1vrhu vyhovie, tarify m\u00f4\u017eu v bud\u00facom roku vzr\u00e1s\u0165 o 55 a\u017e 62 percent. Demokrati upozor\u0148uj\u00fa, \u017ee zv\u00fd\u0161en\u00e9 tarify sa premietnu do cien plynu pre dom\u00e1cnosti, firmy aj priemysel. Strana upozor\u0148uje, \u017ee Eustream s podobn\u00fdm n\u00e1vrhom prich\u00e1dza po roku opakovane, napriek v\u00fdhrad\u00e1m eur\u00f3pskeho regul\u00e1tora [&hellip;]<\/p>\n","protected":false},"author":13,"featured_media":10004,"comment_status":"closed","ping_status":"closed","sticky":false,"template":"","format":"standard","meta":{"_acf_changed":false,"ngg_post_thumbnail":0,"footnotes":""},"categories":[4],"tags":[],"class_list":["post-10003","post","type-post","status-publish","format-standard","has-post-thumbnail","hentry","category-tlacove-spravy"],"acf":[],"yoast_head":"<!-- This site is optimized with the Yoast SEO plugin v28.4 - https:\/\/yoast.com\/product\/yoast-seo-wordpress\/ -->\n<title>Eustream chce op\u00e4\u0165 zv\u00fd\u0161i\u0165 tarify, \u00fa\u010det zaplatia dom\u00e1cnosti aj firmy<\/title>\n<meta name=\"description\" content=\"Eustream sa op\u00e4\u0165 pok\u00fa\u0161a zv\u00fd\u0161i\u0165 tarify za prepravu plynu. Ak regula\u010dn\u00fd \u00farad n\u00e1vrhu vyhovie, tarify m\u00f4\u017eu v bud\u00facom roku vzr\u00e1s\u0165 o 55 a\u017e 62 percent.\" \/>\n<meta name=\"robots\" content=\"index, follow, max-snippet:-1, max-image-preview:large, max-video-preview:-1\" \/>\n<link rel=\"canonical\" href=\"https:\/\/www.smedemokrati.sk\/cs\/eustream-chce-opat-zvysit-tarify-ucet-zaplatia-domacnosti-aj-firmy\/\" \/>\n<meta property=\"og:locale\" content=\"cs_CZ\" \/>\n<meta property=\"og:locale:alternate\" content=\"en_US\" \/>\n<meta property=\"og:locale:alternate\" content=\"hu_HU\" \/>\n<meta property=\"og:locale:alternate\" content=\"sk_SK\" \/>\n<meta property=\"og:locale:alternate\" content=\"sv_SE\" \/>\n<meta property=\"og:type\" content=\"article\" \/>\n<meta property=\"og:title\" content=\"Eustream chce op\u00e4\u0165 zv\u00fd\u0161i\u0165 tarify, \u00fa\u010det zaplatia dom\u00e1cnosti aj firmy\" \/>\n<meta property=\"og:description\" content=\"Eustream sa op\u00e4\u0165 pok\u00fa\u0161a zv\u00fd\u0161i\u0165 tarify za prepravu plynu. Ak regula\u010dn\u00fd \u00farad n\u00e1vrhu vyhovie, tarify m\u00f4\u017eu v bud\u00facom roku vzr\u00e1s\u0165 o 55 a\u017e 62 percent.\" \/>\n<meta property=\"og:url\" content=\"https:\/\/www.smedemokrati.sk\/cs\/eustream-chce-opat-zvysit-tarify-ucet-zaplatia-domacnosti-aj-firmy\/\" \/>\n<meta property=\"og:site_name\" content=\"Smedemokrati.sk\" \/>\n<meta property=\"article:publisher\" content=\"https:\/\/www.facebook.com\/smedemokrati2023\" \/>\n<meta property=\"article:published_time\" content=\"2026-08-31T15:19:21+00:00\" \/>\n<meta property=\"article:modified_time\" content=\"2026-08-31T15:19:22+00:00\" \/>\n<meta property=\"og:image\" content=\"https:\/\/www.smedemokrati.sk\/wp-content\/uploads\/2026\/08\/eusteam.jpg\" \/>\n\t<meta property=\"og:image:width\" content=\"960\" \/>\n\t<meta property=\"og:image:height\" content=\"540\" \/>\n\t<meta property=\"og:image:type\" content=\"image\/jpeg\" \/>\n<meta name=\"author\" content=\"miro.sopko\" \/>\n<meta name=\"twitter:card\" content=\"summary_large_image\" \/>\n<meta name=\"twitter:label1\" content=\"Napsal(a)\" \/>\n\t<meta name=\"twitter:data1\" content=\"miro.sopko\" \/>\n\t<meta name=\"twitter:label2\" content=\"Odhadovan\u00e1 doba \u010dten\u00ed\" \/>\n\t<meta name=\"twitter:data2\" content=\"3 minuty\" \/>\n<script type=\"application\/ld+json\" class=\"yoast-schema-graph\">{\"@context\":\"https:\\\/\\\/schema.org\",\"@graph\":[{\"@type\":\"Article\",\"@id\":\"https:\\\/\\\/www.smedemokrati.sk\\\/eustream-chce-opat-zvysit-tarify-ucet-zaplatia-domacnosti-aj-firmy\\\/#article\",\"isPartOf\":{\"@id\":\"https:\\\/\\\/www.smedemokrati.sk\\\/eustream-chce-opat-zvysit-tarify-ucet-zaplatia-domacnosti-aj-firmy\\\/\"},\"author\":{\"name\":\"miro.sopko\",\"@id\":\"https:\\\/\\\/www.smedemokrati.sk\\\/#\\\/schema\\\/person\\\/21f147c88d605aa7ded900e1e7c344ba\"},\"headline\":\"Eustream chce op\u00e4\u0165 zv\u00fd\u0161i\u0165 tarify, \u00fa\u010det zaplatia dom\u00e1cnosti aj firmy\",\"datePublished\":\"2026-08-31T15:19:21+00:00\",\"dateModified\":\"2026-08-31T15:19:22+00:00\",\"mainEntityOfPage\":{\"@id\":\"https:\\\/\\\/www.smedemokrati.sk\\\/eustream-chce-opat-zvysit-tarify-ucet-zaplatia-domacnosti-aj-firmy\\\/\"},\"wordCount\":520,\"publisher\":{\"@id\":\"https:\\\/\\\/www.smedemokrati.sk\\\/#organization\"},\"image\":{\"@id\":\"https:\\\/\\\/www.smedemokrati.sk\\\/eustream-chce-opat-zvysit-tarify-ucet-zaplatia-domacnosti-aj-firmy\\\/#primaryimage\"},\"thumbnailUrl\":\"https:\\\/\\\/www.smedemokrati.sk\\\/wp-content\\\/uploads\\\/2026\\\/08\\\/eusteam.jpg\",\"articleSection\":[\"Tla\u010dov\u00e9 spr\u00e1vy\"],\"inLanguage\":\"cs-CZ\"},{\"@type\":\"WebPage\",\"@id\":\"https:\\\/\\\/www.smedemokrati.sk\\\/eustream-chce-opat-zvysit-tarify-ucet-zaplatia-domacnosti-aj-firmy\\\/\",\"url\":\"https:\\\/\\\/www.smedemokrati.sk\\\/eustream-chce-opat-zvysit-tarify-ucet-zaplatia-domacnosti-aj-firmy\\\/\",\"name\":\"Eustream chce op\u00e4\u0165 zv\u00fd\u0161i\u0165 tarify, \u00fa\u010det zaplatia dom\u00e1cnosti aj firmy\",\"isPartOf\":{\"@id\":\"https:\\\/\\\/www.smedemokrati.sk\\\/#website\"},\"primaryImageOfPage\":{\"@id\":\"https:\\\/\\\/www.smedemokrati.sk\\\/eustream-chce-opat-zvysit-tarify-ucet-zaplatia-domacnosti-aj-firmy\\\/#primaryimage\"},\"image\":{\"@id\":\"https:\\\/\\\/www.smedemokrati.sk\\\/eustream-chce-opat-zvysit-tarify-ucet-zaplatia-domacnosti-aj-firmy\\\/#primaryimage\"},\"thumbnailUrl\":\"https:\\\/\\\/www.smedemokrati.sk\\\/wp-content\\\/uploads\\\/2026\\\/08\\\/eusteam.jpg\",\"datePublished\":\"2026-08-31T15:19:21+00:00\",\"dateModified\":\"2026-08-31T15:19:22+00:00\",\"description\":\"Eustream sa op\u00e4\u0165 pok\u00fa\u0161a zv\u00fd\u0161i\u0165 tarify za prepravu plynu. Ak regula\u010dn\u00fd \u00farad n\u00e1vrhu vyhovie, tarify m\u00f4\u017eu v bud\u00facom roku vzr\u00e1s\u0165 o 55 a\u017e 62 percent.\",\"breadcrumb\":{\"@id\":\"https:\\\/\\\/www.smedemokrati.sk\\\/eustream-chce-opat-zvysit-tarify-ucet-zaplatia-domacnosti-aj-firmy\\\/#breadcrumb\"},\"inLanguage\":\"cs-CZ\",\"potentialAction\":[{\"@type\":\"ReadAction\",\"target\":[\"https:\\\/\\\/www.smedemokrati.sk\\\/eustream-chce-opat-zvysit-tarify-ucet-zaplatia-domacnosti-aj-firmy\\\/\"]}]},{\"@type\":\"ImageObject\",\"inLanguage\":\"cs-CZ\",\"@id\":\"https:\\\/\\\/www.smedemokrati.sk\\\/eustream-chce-opat-zvysit-tarify-ucet-zaplatia-domacnosti-aj-firmy\\\/#primaryimage\",\"url\":\"https:\\\/\\\/www.smedemokrati.sk\\\/wp-content\\\/uploads\\\/2026\\\/08\\\/eusteam.jpg\",\"contentUrl\":\"https:\\\/\\\/www.smedemokrati.sk\\\/wp-content\\\/uploads\\\/2026\\\/08\\\/eusteam.jpg\",\"width\":960,\"height\":540},{\"@type\":\"BreadcrumbList\",\"@id\":\"https:\\\/\\\/www.smedemokrati.sk\\\/eustream-chce-opat-zvysit-tarify-ucet-zaplatia-domacnosti-aj-firmy\\\/#breadcrumb\",\"itemListElement\":[{\"@type\":\"ListItem\",\"position\":1,\"name\":\"Domovsk\u00e1 str\u00e1nka\",\"item\":\"https:\\\/\\\/www.smedemokrati.sk\\\/\"},{\"@type\":\"ListItem\",\"position\":2,\"name\":\"Eustream chce op\u00e4\u0165 zv\u00fd\u0161i\u0165 tarify, \u00fa\u010det zaplatia dom\u00e1cnosti aj firmy\"}]},{\"@type\":\"WebSite\",\"@id\":\"https:\\\/\\\/www.smedemokrati.sk\\\/#website\",\"url\":\"https:\\\/\\\/www.smedemokrati.sk\\\/\",\"name\":\"Smedemokrati.sk\",\"description\":\"Demokracia a slu\u0161nos\u0165 zv\u00ed\u0165az\u00ed\",\"publisher\":{\"@id\":\"https:\\\/\\\/www.smedemokrati.sk\\\/#organization\"},\"potentialAction\":[{\"@type\":\"SearchAction\",\"target\":{\"@type\":\"EntryPoint\",\"urlTemplate\":\"https:\\\/\\\/www.smedemokrati.sk\\\/?s={search_term_string}\"},\"query-input\":{\"@type\":\"PropertyValueSpecification\",\"valueRequired\":true,\"valueName\":\"search_term_string\"}}],\"inLanguage\":\"cs-CZ\"},{\"@type\":\"Organization\",\"@id\":\"https:\\\/\\\/www.smedemokrati.sk\\\/#organization\",\"name\":\"Smedemokrati.sk\",\"url\":\"https:\\\/\\\/www.smedemokrati.sk\\\/\",\"logo\":{\"@type\":\"ImageObject\",\"inLanguage\":\"cs-CZ\",\"@id\":\"https:\\\/\\\/www.smedemokrati.sk\\\/#\\\/schema\\\/logo\\\/image\\\/\",\"url\":\"https:\\\/\\\/www.smedemokrati.sk\\\/wp-content\\\/uploads\\\/2023\\\/04\\\/ff.002.jpeg\",\"contentUrl\":\"https:\\\/\\\/www.smedemokrati.sk\\\/wp-content\\\/uploads\\\/2023\\\/04\\\/ff.002.jpeg\",\"width\":640,\"height\":480,\"caption\":\"Smedemokrati.sk\"},\"image\":{\"@id\":\"https:\\\/\\\/www.smedemokrati.sk\\\/#\\\/schema\\\/logo\\\/image\\\/\"},\"sameAs\":[\"https:\\\/\\\/www.facebook.com\\\/smedemokrati2023\"]},{\"@type\":\"Person\",\"@id\":\"https:\\\/\\\/www.smedemokrati.sk\\\/#\\\/schema\\\/person\\\/21f147c88d605aa7ded900e1e7c344ba\",\"name\":\"miro.sopko\",\"image\":{\"@type\":\"ImageObject\",\"inLanguage\":\"cs-CZ\",\"@id\":\"https:\\\/\\\/secure.gravatar.com\\\/avatar\\\/267e4a36f704376c109afe3a78740c1f5dd8675a2180a908699e7863c9247606?s=96&d=mm&r=g\",\"url\":\"https:\\\/\\\/secure.gravatar.com\\\/avatar\\\/267e4a36f704376c109afe3a78740c1f5dd8675a2180a908699e7863c9247606?s=96&d=mm&r=g\",\"contentUrl\":\"https:\\\/\\\/secure.gravatar.com\\\/avatar\\\/267e4a36f704376c109afe3a78740c1f5dd8675a2180a908699e7863c9247606?s=96&d=mm&r=g\",\"caption\":\"miro.sopko\"},\"url\":\"https:\\\/\\\/www.smedemokrati.sk\\\/cs\\\/author\\\/miro-sopko\\\/\"}]}<\/script>\n<!-- \/ Yoast SEO plugin. -->","yoast_head_json":{"title":"Eustream chce op\u00e4\u0165 zv\u00fd\u0161i\u0165 tarify, \u00fa\u010det zaplatia dom\u00e1cnosti aj firmy","description":"Eustream sa op\u00e4\u0165 pok\u00fa\u0161a zv\u00fd\u0161i\u0165 tarify za prepravu plynu. Ak regula\u010dn\u00fd \u00farad n\u00e1vrhu vyhovie, tarify m\u00f4\u017eu v bud\u00facom roku vzr\u00e1s\u0165 o 55 a\u017e 62 percent.","robots":{"index":"index","follow":"follow","max-snippet":"max-snippet:-1","max-image-preview":"max-image-preview:large","max-video-preview":"max-video-preview:-1"},"canonical":"https:\/\/www.smedemokrati.sk\/cs\/eustream-chce-opat-zvysit-tarify-ucet-zaplatia-domacnosti-aj-firmy\/","og_locale":"cs_CZ","og_type":"article","og_title":"[:sk]Eustream chce op\u00e4\u0165 zv\u00fd\u0161i\u0165 tarify, \u00fa\u010det zaplatia dom\u00e1cnosti aj firmy[:]","og_description":"[:sk]Eustream sa op\u00e4\u0165 pok\u00fa\u0161a zv\u00fd\u0161i\u0165 tarify za prepravu plynu. Ak regula\u010dn\u00fd \u00farad n\u00e1vrhu vyhovie, tarify m\u00f4\u017eu v bud\u00facom roku vzr\u00e1s\u0165 o 55 a\u017e 62 percent.[:]","og_url":"https:\/\/www.smedemokrati.sk\/cs\/eustream-chce-opat-zvysit-tarify-ucet-zaplatia-domacnosti-aj-firmy\/","og_site_name":"Smedemokrati.sk","article_publisher":"https:\/\/www.facebook.com\/smedemokrati2023","article_published_time":"2026-08-31T15:19:21+00:00","article_modified_time":"2026-08-31T15:19:22+00:00","og_image":[{"width":960,"height":540,"url":"https:\/\/www.smedemokrati.sk\/wp-content\/uploads\/2026\/08\/eusteam.jpg","type":"image\/jpeg"}],"author":"miro.sopko","twitter_card":"summary_large_image","twitter_misc":{"Napsal(a)":"miro.sopko","Odhadovan\u00e1 doba \u010dten\u00ed":"3 minuty"},"schema":{"@context":"https:\/\/schema.org","@graph":[{"@type":"Article","@id":"https:\/\/www.smedemokrati.sk\/eustream-chce-opat-zvysit-tarify-ucet-zaplatia-domacnosti-aj-firmy\/#article","isPartOf":{"@id":"https:\/\/www.smedemokrati.sk\/eustream-chce-opat-zvysit-tarify-ucet-zaplatia-domacnosti-aj-firmy\/"},"author":{"name":"miro.sopko","@id":"https:\/\/www.smedemokrati.sk\/#\/schema\/person\/21f147c88d605aa7ded900e1e7c344ba"},"headline":"Eustream chce op\u00e4\u0165 zv\u00fd\u0161i\u0165 tarify, \u00fa\u010det zaplatia dom\u00e1cnosti aj firmy","datePublished":"2026-08-31T15:19:21+00:00","dateModified":"2026-08-31T15:19:22+00:00","mainEntityOfPage":{"@id":"https:\/\/www.smedemokrati.sk\/eustream-chce-opat-zvysit-tarify-ucet-zaplatia-domacnosti-aj-firmy\/"},"wordCount":520,"publisher":{"@id":"https:\/\/www.smedemokrati.sk\/#organization"},"image":{"@id":"https:\/\/www.smedemokrati.sk\/eustream-chce-opat-zvysit-tarify-ucet-zaplatia-domacnosti-aj-firmy\/#primaryimage"},"thumbnailUrl":"https:\/\/www.smedemokrati.sk\/wp-content\/uploads\/2026\/08\/eusteam.jpg","articleSection":["Tla\u010dov\u00e9 spr\u00e1vy"],"inLanguage":"cs-CZ"},{"@type":"WebPage","@id":"https:\/\/www.smedemokrati.sk\/eustream-chce-opat-zvysit-tarify-ucet-zaplatia-domacnosti-aj-firmy\/","url":"https:\/\/www.smedemokrati.sk\/eustream-chce-opat-zvysit-tarify-ucet-zaplatia-domacnosti-aj-firmy\/","name":"Eustream chce op\u00e4\u0165 zv\u00fd\u0161i\u0165 tarify, \u00fa\u010det zaplatia dom\u00e1cnosti aj firmy","isPartOf":{"@id":"https:\/\/www.smedemokrati.sk\/#website"},"primaryImageOfPage":{"@id":"https:\/\/www.smedemokrati.sk\/eustream-chce-opat-zvysit-tarify-ucet-zaplatia-domacnosti-aj-firmy\/#primaryimage"},"image":{"@id":"https:\/\/www.smedemokrati.sk\/eustream-chce-opat-zvysit-tarify-ucet-zaplatia-domacnosti-aj-firmy\/#primaryimage"},"thumbnailUrl":"https:\/\/www.smedemokrati.sk\/wp-content\/uploads\/2026\/08\/eusteam.jpg","datePublished":"2026-08-31T15:19:21+00:00","dateModified":"2026-08-31T15:19:22+00:00","description":"Eustream sa op\u00e4\u0165 pok\u00fa\u0161a zv\u00fd\u0161i\u0165 tarify za prepravu plynu. Ak regula\u010dn\u00fd \u00farad n\u00e1vrhu vyhovie, tarify m\u00f4\u017eu v bud\u00facom roku vzr\u00e1s\u0165 o 55 a\u017e 62 percent.","breadcrumb":{"@id":"https:\/\/www.smedemokrati.sk\/eustream-chce-opat-zvysit-tarify-ucet-zaplatia-domacnosti-aj-firmy\/#breadcrumb"},"inLanguage":"cs-CZ","potentialAction":[{"@type":"ReadAction","target":["https:\/\/www.smedemokrati.sk\/eustream-chce-opat-zvysit-tarify-ucet-zaplatia-domacnosti-aj-firmy\/"]}]},{"@type":"ImageObject","inLanguage":"cs-CZ","@id":"https:\/\/www.smedemokrati.sk\/eustream-chce-opat-zvysit-tarify-ucet-zaplatia-domacnosti-aj-firmy\/#primaryimage","url":"https:\/\/www.smedemokrati.sk\/wp-content\/uploads\/2026\/08\/eusteam.jpg","contentUrl":"https:\/\/www.smedemokrati.sk\/wp-content\/uploads\/2026\/08\/eusteam.jpg","width":960,"height":540},{"@type":"BreadcrumbList","@id":"https:\/\/www.smedemokrati.sk\/eustream-chce-opat-zvysit-tarify-ucet-zaplatia-domacnosti-aj-firmy\/#breadcrumb","itemListElement":[{"@type":"ListItem","position":1,"name":"Domovsk\u00e1 str\u00e1nka","item":"https:\/\/www.smedemokrati.sk\/"},{"@type":"ListItem","position":2,"name":"Eustream chce op\u00e4\u0165 zv\u00fd\u0161i\u0165 tarify, \u00fa\u010det zaplatia dom\u00e1cnosti aj firmy"}]},{"@type":"WebSite","@id":"https:\/\/www.smedemokrati.sk\/#website","url":"https:\/\/www.smedemokrati.sk\/","name":"Smedemokrati.sk","description":"Demokracia a slu\u0161nos\u0165 zv\u00ed\u0165az\u00ed","publisher":{"@id":"https:\/\/www.smedemokrati.sk\/#organization"},"potentialAction":[{"@type":"SearchAction","target":{"@type":"EntryPoint","urlTemplate":"https:\/\/www.smedemokrati.sk\/?s={search_term_string}"},"query-input":{"@type":"PropertyValueSpecification","valueRequired":true,"valueName":"search_term_string"}}],"inLanguage":"cs-CZ"},{"@type":"Organization","@id":"https:\/\/www.smedemokrati.sk\/#organization","name":"Smedemokrati.sk","url":"https:\/\/www.smedemokrati.sk\/","logo":{"@type":"ImageObject","inLanguage":"cs-CZ","@id":"https:\/\/www.smedemokrati.sk\/#\/schema\/logo\/image\/","url":"https:\/\/www.smedemokrati.sk\/wp-content\/uploads\/2023\/04\/ff.002.jpeg","contentUrl":"https:\/\/www.smedemokrati.sk\/wp-content\/uploads\/2023\/04\/ff.002.jpeg","width":640,"height":480,"caption":"Smedemokrati.sk"},"image":{"@id":"https:\/\/www.smedemokrati.sk\/#\/schema\/logo\/image\/"},"sameAs":["https:\/\/www.facebook.com\/smedemokrati2023"]},{"@type":"Person","@id":"https:\/\/www.smedemokrati.sk\/#\/schema\/person\/21f147c88d605aa7ded900e1e7c344ba","name":"miro.sopko","image":{"@type":"ImageObject","inLanguage":"cs-CZ","@id":"https:\/\/secure.gravatar.com\/avatar\/267e4a36f704376c109afe3a78740c1f5dd8675a2180a908699e7863c9247606?s=96&d=mm&r=g","url":"https:\/\/secure.gravatar.com\/avatar\/267e4a36f704376c109afe3a78740c1f5dd8675a2180a908699e7863c9247606?s=96&d=mm&r=g","contentUrl":"https:\/\/secure.gravatar.com\/avatar\/267e4a36f704376c109afe3a78740c1f5dd8675a2180a908699e7863c9247606?s=96&d=mm&r=g","caption":"miro.sopko"},"url":"https:\/\/www.smedemokrati.sk\/cs\/author\/miro-sopko\/"}]}},"_links":{"self":[{"href":"https:\/\/www.smedemokrati.sk\/cs\/wp-json\/wp\/v2\/posts\/10003","targetHints":{"allow":["GET"]}}],"collection":[{"href":"https:\/\/www.smedemokrati.sk\/cs\/wp-json\/wp\/v2\/posts"}],"about":[{"href":"https:\/\/www.smedemokrati.sk\/cs\/wp-json\/wp\/v2\/types\/post"}],"author":[{"embeddable":true,"href":"https:\/\/www.smedemokrati.sk\/cs\/wp-json\/wp\/v2\/users\/13"}],"replies":[{"embeddable":true,"href":"https:\/\/www.smedemokrati.sk\/cs\/wp-json\/wp\/v2\/comments?post=10003"}],"version-history":[{"count":1,"href":"https:\/\/www.smedemokrati.sk\/cs\/wp-json\/wp\/v2\/posts\/10003\/revisions"}],"predecessor-version":[{"id":10005,"href":"https:\/\/www.smedemokrati.sk\/cs\/wp-json\/wp\/v2\/posts\/10003\/revisions\/10005"}],"wp:featuredmedia":[{"embeddable":true,"href":"https:\/\/www.smedemokrati.sk\/cs\/wp-json\/wp\/v2\/media\/10004"}],"wp:attachment":[{"href":"https:\/\/www.smedemokrati.sk\/cs\/wp-json\/wp\/v2\/media?parent=10003"}],"wp:term":[{"taxonomy":"category","embeddable":true,"href":"https:\/\/www.smedemokrati.sk\/cs\/wp-json\/wp\/v2\/categories?post=10003"},{"taxonomy":"post_tag","embeddable":true,"href":"https:\/\/www.smedemokrati.sk\/cs\/wp-json\/wp\/v2\/tags?post=10003"}],"curies":[{"name":"wp","href":"https:\/\/api.w.org\/{rel}","templated":true}]}}